{"id":90520,"date":"2023-07-17T11:09:27","date_gmt":"2023-07-17T11:09:27","guid":{"rendered":"https:\/\/www.noticiasradioreflejos.com.ar\/2021\/?p=90520"},"modified":"2023-07-17T11:09:27","modified_gmt":"2023-07-17T11:09:27","slug":"ipod-de-junio-la-brecha-de-precios-entre-campo-y-gondola-se-mantuvo-en-35-veces","status":"publish","type":"post","link":"https:\/\/www.noticiasradioreflejos.com.ar\/2021\/ipod-de-junio-la-brecha-de-precios-entre-campo-y-gondola-se-mantuvo-en-35-veces\/","title":{"rendered":"IPOD de junio: la brecha de precios entre campo y g\u00f3ndola se mantuvo en 3,5 veces"},"content":{"rendered":"<p align=\"justify\"><span lang=\"ES-AR\">Seg\u00fan el \u00cdndice de Precios en Origen y Destino (IPOD) elaborado por el sector de Econom\u00edas Regionales de la Confederaci\u00f3n Argentina de la Mediana Empresa (CAME), en junio los precios de los agroalimentos se multiplicaron por 3,5 veces del campo (origen) a la g\u00f3ndola (destino). Es decir, al igual que durante el mes de mayo, el consumidor pag\u00f3 $3,5 por cada $1 que recibi\u00f3 el productor.<\/span><\/p>\n<p align=\"justify\"><!--more--><\/p>\n<p><span lang=\"ES-AR\">En promedio, la participaci\u00f3n del productor explic\u00f3 el 25,2% de los precios de venta final. La mayor participaci\u00f3n la tuvieron los productores de\u00a0<strong>huevo<\/strong>\u00a0(50,5%), mientras que la menor fue para los de\u00a0<strong>lim\u00f3n<\/strong>\u00a0(8,3%).<\/span><\/p>\n<p>&nbsp;<\/p>\n<p align=\"center\"><img loading=\"lazy\" decoding=\"async\" class=\"CToWUd a6T\" tabindex=\"0\" src=\"https:\/\/ci4.googleusercontent.com\/proxy\/MTgIedpf9Q4zv7dBD_dROdemZjjUM4hEvFAU-EYYcIxSqNm1vDRQybo-UxSJ5pn684UIHOWY--9G5bqACBGFvIGX7ug1RELuOhfbE-wbUMVgbNumbipSfcbRSBgE6PUa3x_YW0Aw89OoeOZ8LmeemmaCxICQ7DF8AlB0lVH1GOWXzYfxkSl0CZTnQPG_B3lBUPPV7g=s0-d-e1-ft#https:\/\/mailprensa.came.org.ar\/data\/1899c60d3e88c767f20949a98d5003460b14bf85\/media_files\/358\/original\/image-20230716104037-2.png\" width=\"1472\" height=\"828\" data-bit=\"iit\" \/><\/p>\n<p align=\"center\"><b><span lang=\"ES-AR\">La brecha en los productos frutihort\u00edcolas y en los ganaderos<\/span><\/b><\/p>\n<p align=\"justify\"><b><span lang=\"ES-AR\">IPOD frutihort\u00edcola:<\/span><\/b><span lang=\"ES-AR\">\u00a0del campo a la g\u00f3ndola, los precios de las 19 frutas y hortalizas que integran la canasta IPOD se multiplicaron por\u00a0<\/span><b><span lang=\"ES-AR\">5,1 veces en junio.<\/span><\/b><br \/>\n<b><span lang=\"ES-AR\">IPOD ganadero:<\/span><\/b><span lang=\"ES-AR\">\u00a0por los 5 productos y subproductos ganaderos que componen la canasta IPOD, el consumidor abon\u00f3\u00a0<b>3 veces<\/b>\u00a0m\u00e1s de lo que recibi\u00f3 el productor.<\/span><br \/>\n<span lang=\"ES-AR\">Tanto el IPOD frutihort\u00edcola como el ganadero se mantuvieron relativamente estables con respecto al mes de mayo.<\/span><\/p>\n<p align=\"center\"><b><span lang=\"ES-AR\">Mayores y menores brechas IPOD de junio<\/span><\/b><\/p>\n<p align=\"justify\"><b><span lang=\"ES-AR\">1.\u00a0Productos con mayores brechas IPOD mensuales<\/span><\/b><\/p>\n<p><span lang=\"ES-AR\">El\u00a0<strong>lim\u00f3n<\/strong>\u00a0(12,1 veces), el\u00a0<strong>zapallito<\/strong>\u00a0(8,1), la\u00a0<strong>manzana roja<\/strong>\u00a0(7,2), la\u00a0<strong>naranja<\/strong>\u00a0(7,1) y la\u00a0<strong>zanahoria<\/strong>\u00a0(6,8), fueron los cinco productos que presentaron mayor diferencia entre los precios de origen y destino.<\/span><br \/>\n<span lang=\"ES-AR\">Por tercer mes consecutivo, el\u00a0<strong>lim\u00f3n<\/strong>\u00a0fue el alimento con mayor brecha entre el productor y el consumidor. Sus precios aumentaron 6,3% en origen y disminuyeron 10% en destino. Es decir, a pesar de que la diferencia campo-g\u00f3ndola contin\u00faa en descenso (de 14,8 veces en mayo a 12,1 en junio), sigue siendo el producto con mayor disparidad.<\/span><br \/>\n<span lang=\"ES-AR\">Con respecto al\u00a0<b>zapallito<\/b>, sus precios subieron tanto al productor (2,1%) como al consumidor (32%). Lo mismo sucedi\u00f3 en la\u00a0<b>zanahoria<\/b>, producto que present\u00f3 un aumento del 2,1% en origen y 2% en g\u00f3ndola. \u00a0<\/span><br \/>\n<span lang=\"ES-AR\">Otro fue el comportamiento de la\u00a0<b>manzana roja<\/b>, donde se observ\u00f3 una baja mensual del 12,2% en origen \u2014por las heladas tard\u00edas y la sequ\u00eda, inclemencias clim\u00e1ticas que afectaron al Alto Valle y disminuyeron la calidad de la fruta\u2014 y 1% en destino; y de la\u00a0<b>naranja<\/b>, con una disminuci\u00f3n de precios del 0,1% en origen y 19% en g\u00f3ndola.<\/span><\/p>\n<p align=\"center\"><img loading=\"lazy\" decoding=\"async\" class=\"CToWUd a6T\" tabindex=\"0\" src=\"https:\/\/ci3.googleusercontent.com\/proxy\/vkCgMw5knshHL_9HCUzHFG9w7ydBml3YP2xT74KjhkhTX0KsqLSPLGao6eWrNdj6SXibX_H2RcXjXPNLmeV_rP2TW_nuyDQSpqaSKFyjzn-HDfodcpiRdLPEPsbNJnGMM1XUpLcR4JN31SbdI29lfQ0t_jcPZjKQTm6U93XiiBMgyHY9Rgxx1AqKt4R6NiTM0K5w9Q=s0-d-e1-ft#https:\/\/mailprensa.came.org.ar\/data\/1899c60d3e88c767f20949a98d5003460b14bf85\/media_files\/355\/original\/image-20230716104037-3.png\" width=\"1509\" height=\"849\" data-bit=\"iit\" \/><\/p>\n<p><b><span lang=\"ES-AR\">2. Productos con menores brechas IPOD mensuales<\/span><\/b><\/p>\n<p align=\"justify\"><span lang=\"ES-AR\">Entre los productos que presentaron menor diferencia entre el precio que recibi\u00f3 el productor y el que pag\u00f3 el consumidor se encuentran dos de origen animal y tres hortalizas.<\/span><br \/>\n<span lang=\"ES-AR\">En el caso de los\u00a0<b>huevos\u00a0<\/b>(2 veces), producto con la brecha m\u00e1s baja por tercer mes consecutivo, y el\u00a0<\/span><b><span lang=\"ES-AR\">pollo<\/span><\/b><span lang=\"ES-AR\">\u00a0(2,9), por lo general tienen sistemas de producci\u00f3n integrados, lo que significa que todos los actores de sus respectivas cadenas de valor son parte del riesgo del negocio. Mientras los huevos registraron una baja del 0,5% en origen y 4% en destino, los precios del pollo disminuyeron 32% al productor \u2014debido a la suspensi\u00f3n de las exportaciones por los casos de gripe aviar, que llev\u00f3 a volcar toda la producci\u00f3n al mercado interno y gener\u00f3 un exceso de oferta\u2014 y 5% al consumidor.<\/span><br \/>\n<span lang=\"ES-AR\">El\u00a0<\/span><b><span lang=\"ES-AR\">pimiento<\/span><\/b><span lang=\"ES-AR\">, por su parte, registr\u00f3 un aumento en origen del 37,4%, impulsado principalmente por un aumento de demanda y calidad, mientras que en destino se observ\u00f3 una baja del 24%. Esta disminuci\u00f3n en g\u00f3ndola responde a que el consumidor no convalida precios altos.<\/span><br \/>\n<span lang=\"ES-AR\">Con respecto a la\u00a0<\/span><b><span lang=\"ES-AR\">papa<\/span><\/b><span lang=\"ES-AR\">, producto que representa el 32% del volumen de hortalizas que se consume en nuestro pa\u00eds, los precios\u00a0<\/span><span lang=\"ES-AR\">se incrementaron en ambos extremos de la cadena: 12,5% al productor \u2013fruto de un reacomodamiento de precios con respecto al mes anterior, en que hab\u00edan bajado porque las lluvias ocurridas en zonas productoras del sudeste bonaerense impidieron cosechar\u2013, y 14% al consumidor.<\/span><br \/>\n<span lang=\"ES-AR\">Para finalizar, los precios de la\u00a0<\/span><b><span lang=\"ES-AR\">calabaza<\/span><\/b><span lang=\"ES-AR\">, otro de los productos hort\u00edcolas, disminuyeron 1,2% en origen y subieron 3,5% en destino.<\/span><\/p>\n<p align=\"center\"><img loading=\"lazy\" decoding=\"async\" class=\"CToWUd a6T\" tabindex=\"0\" src=\"https:\/\/ci6.googleusercontent.com\/proxy\/Uw0J3pRW_TfdoNICksVDOvon6pnXqTeI8OyQAp98Ny2ZQEC0G127MCT-kJa8-aAfjzTU2ePOQPov1V8j4wU75Xxvn3zgWizUHVqRtv7nCOVaSUa4Nm8oZqYxp9YrS8J747lr0m0bfnA6YmuFC-eqern2s3A6xjKtdH9QzSxEIv5laD27ame3BAgipzs6Sn7sMjo77A=s0-d-e1-ft#https:\/\/mailprensa.came.org.ar\/data\/1899c60d3e88c767f20949a98d5003460b14bf85\/media_files\/356\/original\/image-20230716104037-4.png\" width=\"1482\" height=\"834\" data-bit=\"iit\" \/><\/p>\n<p><img loading=\"lazy\" decoding=\"async\" class=\"CToWUd a6T\" tabindex=\"0\" src=\"https:\/\/ci3.googleusercontent.com\/proxy\/Zc0lbYAaa6frJ3VEjfrqNFm6GL3qhYlLk3vETCcVVFLrzo3vX_RuC2-bDt4hpBbUFK_howY1LnpdSss8ZFPi1oUjfWHJwHKXFbeA9gwGDWcR0RFo4jLWHMTnGKOtpC748D6z4WEI59Iq6tQTgo3ySPDiCy3lzUWf5C1JeksNDy_zRVzZGGVQC_Pg6xDWBtzatenE8A=s0-d-e1-ft#https:\/\/mailprensa.came.org.ar\/data\/1899c60d3e88c767f20949a98d5003460b14bf85\/media_files\/357\/original\/image-20230716104037-5.png\" width=\"1134\" height=\"1035\" data-bit=\"iit\" \/><\/p>\n<p align=\"justify\"><span lang=\"ES-AR\">Para acceder al\u00a0<\/span><b><span lang=\"ES-AR\">informe t\u00e9cnico\u00a0<\/span><\/b><span lang=\"ES-AR\">y la\u00a0<\/span><b><span lang=\"ES-AR\">metodolog\u00eda<\/span><\/b><span lang=\"ES-AR\">,\u00a0<\/span><a href=\"https:\/\/mailprensa.came.org.ar\/c\/8432k1\/grvrzjqx\/wrni8gkjfg0\" target=\"_blank\" rel=\"noopener\" data-saferedirecturl=\"https:\/\/www.google.com\/url?q=https:\/\/mailprensa.came.org.ar\/c\/8432k1\/grvrzjqx\/wrni8gkjfg0&amp;source=gmail&amp;ust=1689676906726000&amp;usg=AOvVaw3pom7HvDtjttbGg3KzW1JS\">clic aqu\u00ed.<\/a><br \/>\n<span lang=\"ES-AR\">Tabla con la brecha IPOD de los 24 agroalimentos\u00a0<a href=\"https:\/\/mailprensa.came.org.ar\/c\/8432k1\/grvrzjqx\/qmt93txye18\" target=\"_blank\" rel=\"noopener\" data-saferedirecturl=\"https:\/\/www.google.com\/url?q=https:\/\/mailprensa.came.org.ar\/c\/8432k1\/grvrzjqx\/qmt93txye18&amp;source=gmail&amp;ust=1689676906726000&amp;usg=AOvVaw3xn_LAYGms8hZh47J31r6D\">clic aqu\u00ed.<\/a><\/span><br \/>\n<span lang=\"ES-AR\">Cuadro mayores brechas\u00a0<a href=\"https:\/\/mailprensa.came.org.ar\/c\/8432k1\/grvrzjqx\/9o15bafpngy\" target=\"_blank\" rel=\"noopener\" data-saferedirecturl=\"https:\/\/www.google.com\/url?q=https:\/\/mailprensa.came.org.ar\/c\/8432k1\/grvrzjqx\/9o15bafpngy&amp;source=gmail&amp;ust=1689676906726000&amp;usg=AOvVaw0HqMg9qcjQwGLUMa7UAoJP\">clic aqu\u00ed.<\/a><\/span><br \/>\n<span lang=\"ES-AR\">Cuadro menores brechas\u00a0<a href=\"https:\/\/mailprensa.came.org.ar\/c\/8432k1\/grvrzjqx\/ceh9gyeclvc\" target=\"_blank\" rel=\"noopener\" data-saferedirecturl=\"https:\/\/www.google.com\/url?q=https:\/\/mailprensa.came.org.ar\/c\/8432k1\/grvrzjqx\/ceh9gyeclvc&amp;source=gmail&amp;ust=1689676906726000&amp;usg=AOvVaw0Zem6cCzLI5PX32tafdCW-\">clic aqu\u00ed.<\/a><\/span><br \/>\n<span lang=\"ES-AR\">Participaci\u00f3n del productor\u00a0<a href=\"https:\/\/mailprensa.came.org.ar\/c\/8432k1\/grvrzjqx\/n6egntsqci8\" target=\"_blank\" rel=\"noopener\" data-saferedirecturl=\"https:\/\/www.google.com\/url?q=https:\/\/mailprensa.came.org.ar\/c\/8432k1\/grvrzjqx\/n6egntsqci8&amp;source=gmail&amp;ust=1689676906726000&amp;usg=AOvVaw1ET7R1Iosww33dnfDccwCK\">clic aqu\u00ed.<\/a><\/span><\/p>\n","protected":false},"excerpt":{"rendered":"<p>Seg\u00fan el \u00cdndice de Precios en Origen y Destino (IPOD) elaborado por el sector de Econom\u00edas Regionales de la Confederaci\u00f3n Argentina de la Mediana Empresa (CAME), en junio los precios de los agroalimentos se multiplicaron por 3,5 veces del campo (origen) a la g\u00f3ndola (destino). Es decir, al igual que durante el mes de mayo, [&hellip;]<\/p>\n","protected":false},"author":3,"featured_media":0,"comment_status":"closed","ping_status":"closed","sticky":false,"template":"","format":"standard","meta":{"footnotes":""},"categories":[36],"tags":[],"class_list":["post-90520","post","type-post","status-publish","format-standard","hentry","category-economia"],"yoast_head":"<!-- This site is optimized with the Yoast SEO plugin v25.9 - https:\/\/yoast.com\/wordpress\/plugins\/seo\/ -->\n<title>IPOD de junio: la brecha de precios entre campo y g\u00f3ndola se mantuvo en 3,5 veces - Noticias Radio Reflejos<\/title>\n<meta name=\"robots\" content=\"index, follow, max-snippet:-1, max-image-preview:large, max-video-preview:-1\" \/>\n<link rel=\"canonical\" href=\"https:\/\/www.noticiasradioreflejos.com.ar\/2021\/ipod-de-junio-la-brecha-de-precios-entre-campo-y-gondola-se-mantuvo-en-35-veces\/\" \/>\n<meta property=\"og:locale\" content=\"es_ES\" \/>\n<meta property=\"og:type\" content=\"article\" \/>\n<meta property=\"og:title\" content=\"IPOD de junio: la brecha de precios entre campo y g\u00f3ndola se mantuvo en 3,5 veces - Noticias Radio Reflejos\" \/>\n<meta property=\"og:description\" content=\"Seg\u00fan el \u00cdndice de Precios en Origen y Destino (IPOD) elaborado por el sector de Econom\u00edas Regionales de la Confederaci\u00f3n Argentina de la Mediana Empresa (CAME), en junio los precios de los agroalimentos se multiplicaron por 3,5 veces del campo (origen) a la g\u00f3ndola (destino). Es decir, al igual que durante el mes de mayo, [&hellip;]\" \/>\n<meta property=\"og:url\" content=\"https:\/\/www.noticiasradioreflejos.com.ar\/2021\/ipod-de-junio-la-brecha-de-precios-entre-campo-y-gondola-se-mantuvo-en-35-veces\/\" \/>\n<meta property=\"og:site_name\" content=\"Noticias Radio Reflejos\" \/>\n<meta property=\"article:published_time\" content=\"2023-07-17T11:09:27+00:00\" \/>\n<meta property=\"og:image\" content=\"https:\/\/ci4.googleusercontent.com\/proxy\/MTgIedpf9Q4zv7dBD_dROdemZjjUM4hEvFAU-EYYcIxSqNm1vDRQybo-UxSJ5pn684UIHOWY--9G5bqACBGFvIGX7ug1RELuOhfbE-wbUMVgbNumbipSfcbRSBgE6PUa3x_YW0Aw89OoeOZ8LmeemmaCxICQ7DF8AlB0lVH1GOWXzYfxkSl0CZTnQPG_B3lBUPPV7g=s0-d-e1-ft#https:\/\/mailprensa.came.org.ar\/data\/1899c60d3e88c767f20949a98d5003460b14bf85\/media_files\/358\/original\/image-20230716104037-2.png\" \/>\n<meta name=\"author\" content=\"Arnaldo Botto\" \/>\n<meta name=\"twitter:card\" content=\"summary_large_image\" \/>\n<script type=\"application\/ld+json\" class=\"yoast-schema-graph\">{\"@context\":\"https:\/\/schema.org\",\"@graph\":[{\"@type\":\"WebPage\",\"@id\":\"https:\/\/www.noticiasradioreflejos.com.ar\/2021\/ipod-de-junio-la-brecha-de-precios-entre-campo-y-gondola-se-mantuvo-en-35-veces\/\",\"url\":\"https:\/\/www.noticiasradioreflejos.com.ar\/2021\/ipod-de-junio-la-brecha-de-precios-entre-campo-y-gondola-se-mantuvo-en-35-veces\/\",\"name\":\"IPOD de junio: la brecha de precios entre campo y g\u00f3ndola se mantuvo en 3,5 veces - Noticias Radio Reflejos\",\"isPartOf\":{\"@id\":\"https:\/\/www.noticiasradioreflejos.com.ar\/2021\/#website\"},\"primaryImageOfPage\":{\"@id\":\"https:\/\/www.noticiasradioreflejos.com.ar\/2021\/ipod-de-junio-la-brecha-de-precios-entre-campo-y-gondola-se-mantuvo-en-35-veces\/#primaryimage\"},\"image\":{\"@id\":\"https:\/\/www.noticiasradioreflejos.com.ar\/2021\/ipod-de-junio-la-brecha-de-precios-entre-campo-y-gondola-se-mantuvo-en-35-veces\/#primaryimage\"},\"thumbnailUrl\":\"https:\/\/ci4.googleusercontent.com\/proxy\/MTgIedpf9Q4zv7dBD_dROdemZjjUM4hEvFAU-EYYcIxSqNm1vDRQybo-UxSJ5pn684UIHOWY--9G5bqACBGFvIGX7ug1RELuOhfbE-wbUMVgbNumbipSfcbRSBgE6PUa3x_YW0Aw89OoeOZ8LmeemmaCxICQ7DF8AlB0lVH1GOWXzYfxkSl0CZTnQPG_B3lBUPPV7g=s0-d-e1-ft#https:\/\/mailprensa.came.org.ar\/data\/1899c60d3e88c767f20949a98d5003460b14bf85\/media_files\/358\/original\/image-20230716104037-2.png\",\"datePublished\":\"2023-07-17T11:09:27+00:00\",\"author\":{\"@id\":\"https:\/\/www.noticiasradioreflejos.com.ar\/2021\/#\/schema\/person\/ad82545263dcc5ec0996818884fd5fb1\"},\"breadcrumb\":{\"@id\":\"https:\/\/www.noticiasradioreflejos.com.ar\/2021\/ipod-de-junio-la-brecha-de-precios-entre-campo-y-gondola-se-mantuvo-en-35-veces\/#breadcrumb\"},\"inLanguage\":\"es\",\"potentialAction\":[{\"@type\":\"ReadAction\",\"target\":[\"https:\/\/www.noticiasradioreflejos.com.ar\/2021\/ipod-de-junio-la-brecha-de-precios-entre-campo-y-gondola-se-mantuvo-en-35-veces\/\"]}]},{\"@type\":\"ImageObject\",\"inLanguage\":\"es\",\"@id\":\"https:\/\/www.noticiasradioreflejos.com.ar\/2021\/ipod-de-junio-la-brecha-de-precios-entre-campo-y-gondola-se-mantuvo-en-35-veces\/#primaryimage\",\"url\":\"https:\/\/ci4.googleusercontent.com\/proxy\/MTgIedpf9Q4zv7dBD_dROdemZjjUM4hEvFAU-EYYcIxSqNm1vDRQybo-UxSJ5pn684UIHOWY--9G5bqACBGFvIGX7ug1RELuOhfbE-wbUMVgbNumbipSfcbRSBgE6PUa3x_YW0Aw89OoeOZ8LmeemmaCxICQ7DF8AlB0lVH1GOWXzYfxkSl0CZTnQPG_B3lBUPPV7g=s0-d-e1-ft#https:\/\/mailprensa.came.org.ar\/data\/1899c60d3e88c767f20949a98d5003460b14bf85\/media_files\/358\/original\/image-20230716104037-2.png\",\"contentUrl\":\"https:\/\/ci4.googleusercontent.com\/proxy\/MTgIedpf9Q4zv7dBD_dROdemZjjUM4hEvFAU-EYYcIxSqNm1vDRQybo-UxSJ5pn684UIHOWY--9G5bqACBGFvIGX7ug1RELuOhfbE-wbUMVgbNumbipSfcbRSBgE6PUa3x_YW0Aw89OoeOZ8LmeemmaCxICQ7DF8AlB0lVH1GOWXzYfxkSl0CZTnQPG_B3lBUPPV7g=s0-d-e1-ft#https:\/\/mailprensa.came.org.ar\/data\/1899c60d3e88c767f20949a98d5003460b14bf85\/media_files\/358\/original\/image-20230716104037-2.png\"},{\"@type\":\"BreadcrumbList\",\"@id\":\"https:\/\/www.noticiasradioreflejos.com.ar\/2021\/ipod-de-junio-la-brecha-de-precios-entre-campo-y-gondola-se-mantuvo-en-35-veces\/#breadcrumb\",\"itemListElement\":[{\"@type\":\"ListItem\",\"position\":1,\"name\":\"Portada\",\"item\":\"https:\/\/www.noticiasradioreflejos.com.ar\/2021\/\"},{\"@type\":\"ListItem\",\"position\":2,\"name\":\"IPOD de junio: la brecha de precios entre campo y g\u00f3ndola se mantuvo en 3,5 veces\"}]},{\"@type\":\"WebSite\",\"@id\":\"https:\/\/www.noticiasradioreflejos.com.ar\/2021\/#website\",\"url\":\"https:\/\/www.noticiasradioreflejos.com.ar\/2021\/\",\"name\":\"Noticias Radio Reflejos\",\"description\":\"Las noticias de mi comarca\",\"potentialAction\":[{\"@type\":\"SearchAction\",\"target\":{\"@type\":\"EntryPoint\",\"urlTemplate\":\"https:\/\/www.noticiasradioreflejos.com.ar\/2021\/?s={search_term_string}\"},\"query-input\":{\"@type\":\"PropertyValueSpecification\",\"valueRequired\":true,\"valueName\":\"search_term_string\"}}],\"inLanguage\":\"es\"},{\"@type\":\"Person\",\"@id\":\"https:\/\/www.noticiasradioreflejos.com.ar\/2021\/#\/schema\/person\/ad82545263dcc5ec0996818884fd5fb1\",\"name\":\"Arnaldo Botto\",\"image\":{\"@type\":\"ImageObject\",\"inLanguage\":\"es\",\"@id\":\"https:\/\/www.noticiasradioreflejos.com.ar\/2021\/#\/schema\/person\/image\/\",\"url\":\"https:\/\/secure.gravatar.com\/avatar\/55cb5e37c1efa326397366e6974cb338056df65cb50e7d64d1cf314e87504837?s=96&d=mm&r=g\",\"contentUrl\":\"https:\/\/secure.gravatar.com\/avatar\/55cb5e37c1efa326397366e6974cb338056df65cb50e7d64d1cf314e87504837?s=96&d=mm&r=g\",\"caption\":\"Arnaldo Botto\"},\"url\":\"https:\/\/www.noticiasradioreflejos.com.ar\/2021\/author\/arnaldo\/\"}]}<\/script>\n<!-- \/ Yoast SEO plugin. -->","yoast_head_json":{"title":"IPOD de junio: la brecha de precios entre campo y g\u00f3ndola se mantuvo en 3,5 veces - Noticias Radio Reflejos","robots":{"index":"index","follow":"follow","max-snippet":"max-snippet:-1","max-image-preview":"max-image-preview:large","max-video-preview":"max-video-preview:-1"},"canonical":"https:\/\/www.noticiasradioreflejos.com.ar\/2021\/ipod-de-junio-la-brecha-de-precios-entre-campo-y-gondola-se-mantuvo-en-35-veces\/","og_locale":"es_ES","og_type":"article","og_title":"IPOD de junio: la brecha de precios entre campo y g\u00f3ndola se mantuvo en 3,5 veces - Noticias Radio Reflejos","og_description":"Seg\u00fan el \u00cdndice de Precios en Origen y Destino (IPOD) elaborado por el sector de Econom\u00edas Regionales de la Confederaci\u00f3n Argentina de la Mediana Empresa (CAME), en junio los precios de los agroalimentos se multiplicaron por 3,5 veces del campo (origen) a la g\u00f3ndola (destino). Es decir, al igual que durante el mes de mayo, [&hellip;]","og_url":"https:\/\/www.noticiasradioreflejos.com.ar\/2021\/ipod-de-junio-la-brecha-de-precios-entre-campo-y-gondola-se-mantuvo-en-35-veces\/","og_site_name":"Noticias Radio Reflejos","article_published_time":"2023-07-17T11:09:27+00:00","og_image":[{"url":"https:\/\/ci4.googleusercontent.com\/proxy\/MTgIedpf9Q4zv7dBD_dROdemZjjUM4hEvFAU-EYYcIxSqNm1vDRQybo-UxSJ5pn684UIHOWY--9G5bqACBGFvIGX7ug1RELuOhfbE-wbUMVgbNumbipSfcbRSBgE6PUa3x_YW0Aw89OoeOZ8LmeemmaCxICQ7DF8AlB0lVH1GOWXzYfxkSl0CZTnQPG_B3lBUPPV7g=s0-d-e1-ft#https:\/\/mailprensa.came.org.ar\/data\/1899c60d3e88c767f20949a98d5003460b14bf85\/media_files\/358\/original\/image-20230716104037-2.png","type":"","width":"","height":""}],"author":"Arnaldo Botto","twitter_card":"summary_large_image","schema":{"@context":"https:\/\/schema.org","@graph":[{"@type":"WebPage","@id":"https:\/\/www.noticiasradioreflejos.com.ar\/2021\/ipod-de-junio-la-brecha-de-precios-entre-campo-y-gondola-se-mantuvo-en-35-veces\/","url":"https:\/\/www.noticiasradioreflejos.com.ar\/2021\/ipod-de-junio-la-brecha-de-precios-entre-campo-y-gondola-se-mantuvo-en-35-veces\/","name":"IPOD de junio: la brecha de precios entre campo y g\u00f3ndola se mantuvo en 3,5 veces - Noticias Radio Reflejos","isPartOf":{"@id":"https:\/\/www.noticiasradioreflejos.com.ar\/2021\/#website"},"primaryImageOfPage":{"@id":"https:\/\/www.noticiasradioreflejos.com.ar\/2021\/ipod-de-junio-la-brecha-de-precios-entre-campo-y-gondola-se-mantuvo-en-35-veces\/#primaryimage"},"image":{"@id":"https:\/\/www.noticiasradioreflejos.com.ar\/2021\/ipod-de-junio-la-brecha-de-precios-entre-campo-y-gondola-se-mantuvo-en-35-veces\/#primaryimage"},"thumbnailUrl":"https:\/\/ci4.googleusercontent.com\/proxy\/MTgIedpf9Q4zv7dBD_dROdemZjjUM4hEvFAU-EYYcIxSqNm1vDRQybo-UxSJ5pn684UIHOWY--9G5bqACBGFvIGX7ug1RELuOhfbE-wbUMVgbNumbipSfcbRSBgE6PUa3x_YW0Aw89OoeOZ8LmeemmaCxICQ7DF8AlB0lVH1GOWXzYfxkSl0CZTnQPG_B3lBUPPV7g=s0-d-e1-ft#https:\/\/mailprensa.came.org.ar\/data\/1899c60d3e88c767f20949a98d5003460b14bf85\/media_files\/358\/original\/image-20230716104037-2.png","datePublished":"2023-07-17T11:09:27+00:00","author":{"@id":"https:\/\/www.noticiasradioreflejos.com.ar\/2021\/#\/schema\/person\/ad82545263dcc5ec0996818884fd5fb1"},"breadcrumb":{"@id":"https:\/\/www.noticiasradioreflejos.com.ar\/2021\/ipod-de-junio-la-brecha-de-precios-entre-campo-y-gondola-se-mantuvo-en-35-veces\/#breadcrumb"},"inLanguage":"es","potentialAction":[{"@type":"ReadAction","target":["https:\/\/www.noticiasradioreflejos.com.ar\/2021\/ipod-de-junio-la-brecha-de-precios-entre-campo-y-gondola-se-mantuvo-en-35-veces\/"]}]},{"@type":"ImageObject","inLanguage":"es","@id":"https:\/\/www.noticiasradioreflejos.com.ar\/2021\/ipod-de-junio-la-brecha-de-precios-entre-campo-y-gondola-se-mantuvo-en-35-veces\/#primaryimage","url":"https:\/\/ci4.googleusercontent.com\/proxy\/MTgIedpf9Q4zv7dBD_dROdemZjjUM4hEvFAU-EYYcIxSqNm1vDRQybo-UxSJ5pn684UIHOWY--9G5bqACBGFvIGX7ug1RELuOhfbE-wbUMVgbNumbipSfcbRSBgE6PUa3x_YW0Aw89OoeOZ8LmeemmaCxICQ7DF8AlB0lVH1GOWXzYfxkSl0CZTnQPG_B3lBUPPV7g=s0-d-e1-ft#https:\/\/mailprensa.came.org.ar\/data\/1899c60d3e88c767f20949a98d5003460b14bf85\/media_files\/358\/original\/image-20230716104037-2.png","contentUrl":"https:\/\/ci4.googleusercontent.com\/proxy\/MTgIedpf9Q4zv7dBD_dROdemZjjUM4hEvFAU-EYYcIxSqNm1vDRQybo-UxSJ5pn684UIHOWY--9G5bqACBGFvIGX7ug1RELuOhfbE-wbUMVgbNumbipSfcbRSBgE6PUa3x_YW0Aw89OoeOZ8LmeemmaCxICQ7DF8AlB0lVH1GOWXzYfxkSl0CZTnQPG_B3lBUPPV7g=s0-d-e1-ft#https:\/\/mailprensa.came.org.ar\/data\/1899c60d3e88c767f20949a98d5003460b14bf85\/media_files\/358\/original\/image-20230716104037-2.png"},{"@type":"BreadcrumbList","@id":"https:\/\/www.noticiasradioreflejos.com.ar\/2021\/ipod-de-junio-la-brecha-de-precios-entre-campo-y-gondola-se-mantuvo-en-35-veces\/#breadcrumb","itemListElement":[{"@type":"ListItem","position":1,"name":"Portada","item":"https:\/\/www.noticiasradioreflejos.com.ar\/2021\/"},{"@type":"ListItem","position":2,"name":"IPOD de junio: la brecha de precios entre campo y g\u00f3ndola se mantuvo en 3,5 veces"}]},{"@type":"WebSite","@id":"https:\/\/www.noticiasradioreflejos.com.ar\/2021\/#website","url":"https:\/\/www.noticiasradioreflejos.com.ar\/2021\/","name":"Noticias Radio Reflejos","description":"Las noticias de mi comarca","potentialAction":[{"@type":"SearchAction","target":{"@type":"EntryPoint","urlTemplate":"https:\/\/www.noticiasradioreflejos.com.ar\/2021\/?s={search_term_string}"},"query-input":{"@type":"PropertyValueSpecification","valueRequired":true,"valueName":"search_term_string"}}],"inLanguage":"es"},{"@type":"Person","@id":"https:\/\/www.noticiasradioreflejos.com.ar\/2021\/#\/schema\/person\/ad82545263dcc5ec0996818884fd5fb1","name":"Arnaldo Botto","image":{"@type":"ImageObject","inLanguage":"es","@id":"https:\/\/www.noticiasradioreflejos.com.ar\/2021\/#\/schema\/person\/image\/","url":"https:\/\/secure.gravatar.com\/avatar\/55cb5e37c1efa326397366e6974cb338056df65cb50e7d64d1cf314e87504837?s=96&d=mm&r=g","contentUrl":"https:\/\/secure.gravatar.com\/avatar\/55cb5e37c1efa326397366e6974cb338056df65cb50e7d64d1cf314e87504837?s=96&d=mm&r=g","caption":"Arnaldo Botto"},"url":"https:\/\/www.noticiasradioreflejos.com.ar\/2021\/author\/arnaldo\/"}]}},"_links":{"self":[{"href":"https:\/\/www.noticiasradioreflejos.com.ar\/2021\/wp-json\/wp\/v2\/posts\/90520","targetHints":{"allow":["GET"]}}],"collection":[{"href":"https:\/\/www.noticiasradioreflejos.com.ar\/2021\/wp-json\/wp\/v2\/posts"}],"about":[{"href":"https:\/\/www.noticiasradioreflejos.com.ar\/2021\/wp-json\/wp\/v2\/types\/post"}],"author":[{"embeddable":true,"href":"https:\/\/www.noticiasradioreflejos.com.ar\/2021\/wp-json\/wp\/v2\/users\/3"}],"replies":[{"embeddable":true,"href":"https:\/\/www.noticiasradioreflejos.com.ar\/2021\/wp-json\/wp\/v2\/comments?post=90520"}],"version-history":[{"count":1,"href":"https:\/\/www.noticiasradioreflejos.com.ar\/2021\/wp-json\/wp\/v2\/posts\/90520\/revisions"}],"predecessor-version":[{"id":90522,"href":"https:\/\/www.noticiasradioreflejos.com.ar\/2021\/wp-json\/wp\/v2\/posts\/90520\/revisions\/90522"}],"wp:attachment":[{"href":"https:\/\/www.noticiasradioreflejos.com.ar\/2021\/wp-json\/wp\/v2\/media?parent=90520"}],"wp:term":[{"taxonomy":"category","embeddable":true,"href":"https:\/\/www.noticiasradioreflejos.com.ar\/2021\/wp-json\/wp\/v2\/categories?post=90520"},{"taxonomy":"post_tag","embeddable":true,"href":"https:\/\/www.noticiasradioreflejos.com.ar\/2021\/wp-json\/wp\/v2\/tags?post=90520"}],"curies":[{"name":"wp","href":"https:\/\/api.w.org\/{rel}","templated":true}]}}