{"id":90513,"date":"2023-07-17T10:55:42","date_gmt":"2023-07-17T10:55:42","guid":{"rendered":"https:\/\/www.noticiasradioreflejos.com.ar\/2021\/?p=90513"},"modified":"2023-07-17T10:55:42","modified_gmt":"2023-07-17T10:55:42","slug":"la-provincia-ofrece-nuevas-capacitaciones-para-trabajadores-de-ambitos-culturales","status":"publish","type":"post","link":"https:\/\/www.noticiasradioreflejos.com.ar\/2021\/la-provincia-ofrece-nuevas-capacitaciones-para-trabajadores-de-ambitos-culturales\/","title":{"rendered":"La Provincia ofrece nuevas capacitaciones para trabajadores de \u00e1mbitos culturales"},"content":{"rendered":"<p dir=\"ltr\">Como parte de los talleres formativos que viene desarrollando el Instituto Cultural se presentar\u00e1n en julio cuatro nuevas opciones:\u00a0 \u201cDise\u00f1o y armado de proyectos para circuitos culturales\u201d , \u201cKit Comunicacional para Espacios Culturales\u201d, \u201cGesti\u00f3n Cultural y Formaci\u00f3n para organizaci\u00f3n de Ferias\u201d y \u201cVideomapping y Visuales Esc\u00e9nicas\u201d. <!--more--><\/p>\n<p>&nbsp;<\/p>\n<p dir=\"ltr\">El Instituto Cultural de la Provincia de Buenos Aires, en el marco del Plan de Fortalecimiento a la Cultura Comunitaria, contin\u00faa brindando una serie de capacitaciones virtuales, a trav\u00e9s de la plataforma Zoom, que buscan acercar conocimientos de relevancia para desarrollos culturales.<\/p>\n<p dir=\"ltr\">Desde la Direcci\u00f3n Provincial de Promoci\u00f3n y Producci\u00f3n Cultural en Territorios de la Subsecretar\u00eda de Industrias Creativas e Innovaci\u00f3n Cultural, se acercan tres propuestas. Una de ellas ser\u00e1 \u201cDise\u00f1o y armado de proyectos para circuitos culturales\u201d con el objetivo de facilitar herramientas para la construcci\u00f3n colaborativa de proyectos entre diferentes actores de circuitos culturales. Se realizar\u00e1 los martes 18 y 25 de julio y 1 y 8 de agosto, de 18 a 20 hs., y sus coordinadores ser\u00e1n Sof\u00eda Bou\u00e9 y Guido Schiano, especializados en gesti\u00f3n cultural.\u00a0 Para inscribirte es en este <a href=\"https:\/\/forms.gle\/EyXd5G6wAjBAadL47\" target=\"_blank\" rel=\"noopener\" data-saferedirecturl=\"https:\/\/www.google.com\/url?q=https:\/\/forms.gle\/EyXd5G6wAjBAadL47&amp;source=gmail&amp;ust=1689676861592000&amp;usg=AOvVaw02gGn79XgoEpnHDxkwuH0D\">formulario<\/a>, y por dudas o consultas enviar un mail a <a href=\"mailto:sembrarcultura@ic.gba.gob.ar\" target=\"_blank\" rel=\"noopener\">sembrarcultura@ic.gba.gob.ar<\/a><\/p>\n<p dir=\"ltr\">Por otra parte, tambi\u00e9n se brindar\u00e1 el curso \u201cKit Comunicacional para Espacios Culturales\u201d, cuyos\u00a0 objetivos son: visibilizar los circuitos culturales barriales en sus territorios, consensuar rasgos de identidad, invitar a los vecinos y agentes culturales del barrio a participar activamente en la configuraci\u00f3n simb\u00f3lica y brindar herramientas para la autogesti\u00f3n de procesos comunicacionales. Se realizar\u00e1 los jueves 20 y 27 de julio y 3 y 10 de agosto, de 18 a 20 hs.,y su coordinadora ser\u00e1 Roc\u00edo Berg\u00e9, comunicadora y gestora cultural. \u00a0Para participar, te ten\u00e9s que inscribir en este <a href=\"https:\/\/docs.google.com\/forms\/d\/e\/1FAIpQLScWuJbL5puq9zKqNqmpeRRt_NjVhWvCShlatjk1HkhQyhQfWg\/viewform\" target=\"_blank\" rel=\"noopener\" data-saferedirecturl=\"https:\/\/www.google.com\/url?q=https:\/\/docs.google.com\/forms\/d\/e\/1FAIpQLScWuJbL5puq9zKqNqmpeRRt_NjVhWvCShlatjk1HkhQyhQfWg\/viewform&amp;source=gmail&amp;ust=1689676861592000&amp;usg=AOvVaw1YQVj2BVkmg9znH0OzMOkt\">formulario<\/a>, y por dudas o consultas enviar un mail a <a href=\"mailto:sembrarcultura@ic.gba.gob.ar\" target=\"_blank\" rel=\"noopener\">sembrarcultura@ic.gba.gob.ar<\/a><\/p>\n<p dir=\"ltr\">Adem\u00e1s habr\u00e1 una capacitaci\u00f3n de \u201cGesti\u00f3n Cultural y Formaci\u00f3n para organizaci\u00f3n de Ferias\u201d, que tiene como eje compartir la experiencia y replicar el conocimiento sobre econom\u00edas autogestivas, comercio justo y regional, difusi\u00f3n, promoci\u00f3n y venta, relaciones institucionales y pol\u00edtica p\u00fablicas, entre otros. Se realizar\u00e1 los viernes 21 y 28 de julio y 4 y 11 de agosto , de 18 a 20 hs., y sus coordinadoras ser\u00e1n Sabrina Montoya, gestora cultural, y Andrea Iriart, coordinadora de talleres de arte y cultura. Para participar, te ten\u00e9s que inscribir en este <a href=\"https:\/\/docs.google.com\/forms\/d\/e\/1FAIpQLSeD_d1r53zOfXXkxVuv5T_XdwcXeLaarSvqssd8wkD0FCBk7Q\/viewform\" target=\"_blank\" rel=\"noopener\" data-saferedirecturl=\"https:\/\/www.google.com\/url?q=https:\/\/docs.google.com\/forms\/d\/e\/1FAIpQLSeD_d1r53zOfXXkxVuv5T_XdwcXeLaarSvqssd8wkD0FCBk7Q\/viewform&amp;source=gmail&amp;ust=1689676861592000&amp;usg=AOvVaw1gBQ1Gww_O2wstafcxzN-n\">formulario<\/a>, y por dudas o consultas enviar un mail a <a href=\"mailto:sembrarcultura@ic.gba.gob.ar\" target=\"_blank\" rel=\"noopener\">sembrarcultura@ic.gba.gob.ar<\/a><\/p>\n<p dir=\"ltr\">Por otro lado, la Direcci\u00f3n de Innovaci\u00f3n y Tecnolog\u00edas Culturales brindar\u00e1 el taller de \u201cVideomapping y Visuales Esc\u00e9nicas\u201d, con el objetivo de aproximar a los asistentes a los conceptos del lenguaje de esta t\u00e9cnica y de las visuales en general. Se realizar\u00e1 los mi\u00e9rcoles 26 de julio y 2, 9 y 16 de agosto, de 18 a 20 hs., y su coordinador ser\u00e1 Lisandro Peralta, artista multimedial. Para participar, te ten\u00e9s que inscribir en este <a href=\"https:\/\/forms.gle\/zyCbyjmBWhNpWsZF8\" target=\"_blank\" rel=\"noopener\" data-saferedirecturl=\"https:\/\/www.google.com\/url?q=https:\/\/forms.gle\/zyCbyjmBWhNpWsZF8&amp;source=gmail&amp;ust=1689676861592000&amp;usg=AOvVaw070kPZVF41qF0RY9QtEQ7h\">formulario<\/a>, y por dudas o consultas enviar un mail a <a href=\"mailto:culturainmersiva@ic.gba.gov.ar\" target=\"_blank\" rel=\"noopener\">culturainmersiva@ic.gba.gov.ar<\/a><wbr \/><\/p>\n","protected":false},"excerpt":{"rendered":"<p>Como parte de los talleres formativos que viene desarrollando el Instituto Cultural se presentar\u00e1n en julio cuatro nuevas opciones:\u00a0 \u201cDise\u00f1o y armado de proyectos para circuitos culturales\u201d , \u201cKit Comunicacional para Espacios Culturales\u201d, \u201cGesti\u00f3n Cultural y Formaci\u00f3n para organizaci\u00f3n de Ferias\u201d y \u201cVideomapping y Visuales Esc\u00e9nicas\u201d.<\/p>\n","protected":false},"author":3,"featured_media":0,"comment_status":"closed","ping_status":"closed","sticky":false,"template":"","format":"standard","meta":{"footnotes":""},"categories":[35],"tags":[],"class_list":["post-90513","post","type-post","status-publish","format-standard","hentry","category-cultura"],"yoast_head":"<!-- This site is optimized with the Yoast SEO plugin v25.9 - https:\/\/yoast.com\/wordpress\/plugins\/seo\/ -->\n<title>La Provincia ofrece nuevas capacitaciones para trabajadores de \u00e1mbitos culturales - Noticias Radio Reflejos<\/title>\n<meta name=\"robots\" content=\"index, follow, max-snippet:-1, max-image-preview:large, max-video-preview:-1\" \/>\n<link rel=\"canonical\" href=\"https:\/\/www.noticiasradioreflejos.com.ar\/2021\/la-provincia-ofrece-nuevas-capacitaciones-para-trabajadores-de-ambitos-culturales\/\" \/>\n<meta property=\"og:locale\" content=\"es_ES\" \/>\n<meta property=\"og:type\" content=\"article\" \/>\n<meta property=\"og:title\" content=\"La Provincia ofrece nuevas capacitaciones para trabajadores de \u00e1mbitos culturales - Noticias Radio Reflejos\" \/>\n<meta property=\"og:description\" content=\"Como parte de los talleres formativos que viene desarrollando el Instituto Cultural se presentar\u00e1n en julio cuatro nuevas opciones:\u00a0 \u201cDise\u00f1o y armado de proyectos para circuitos culturales\u201d , \u201cKit Comunicacional para Espacios Culturales\u201d, \u201cGesti\u00f3n Cultural y Formaci\u00f3n para organizaci\u00f3n de Ferias\u201d y \u201cVideomapping y Visuales Esc\u00e9nicas\u201d.\" \/>\n<meta property=\"og:url\" content=\"https:\/\/www.noticiasradioreflejos.com.ar\/2021\/la-provincia-ofrece-nuevas-capacitaciones-para-trabajadores-de-ambitos-culturales\/\" \/>\n<meta property=\"og:site_name\" content=\"Noticias Radio Reflejos\" \/>\n<meta property=\"article:published_time\" content=\"2023-07-17T10:55:42+00:00\" \/>\n<meta property=\"og:image\" content=\"https:\/\/www.noticiasradioreflejos.com.ar\/2021\/wp-content\/uploads\/2021\/07\/logosol300x200.png\" \/>\n\t<meta property=\"og:image:width\" content=\"300\" \/>\n\t<meta property=\"og:image:height\" content=\"200\" \/>\n\t<meta property=\"og:image:type\" content=\"image\/png\" \/>\n<meta name=\"author\" content=\"Arnaldo Botto\" \/>\n<meta name=\"twitter:card\" content=\"summary_large_image\" \/>\n<script type=\"application\/ld+json\" class=\"yoast-schema-graph\">{\"@context\":\"https:\/\/schema.org\",\"@graph\":[{\"@type\":\"WebPage\",\"@id\":\"https:\/\/www.noticiasradioreflejos.com.ar\/2021\/la-provincia-ofrece-nuevas-capacitaciones-para-trabajadores-de-ambitos-culturales\/\",\"url\":\"https:\/\/www.noticiasradioreflejos.com.ar\/2021\/la-provincia-ofrece-nuevas-capacitaciones-para-trabajadores-de-ambitos-culturales\/\",\"name\":\"La Provincia ofrece nuevas capacitaciones para trabajadores de \u00e1mbitos culturales - Noticias Radio Reflejos\",\"isPartOf\":{\"@id\":\"https:\/\/www.noticiasradioreflejos.com.ar\/2021\/#website\"},\"datePublished\":\"2023-07-17T10:55:42+00:00\",\"author\":{\"@id\":\"https:\/\/www.noticiasradioreflejos.com.ar\/2021\/#\/schema\/person\/ad82545263dcc5ec0996818884fd5fb1\"},\"breadcrumb\":{\"@id\":\"https:\/\/www.noticiasradioreflejos.com.ar\/2021\/la-provincia-ofrece-nuevas-capacitaciones-para-trabajadores-de-ambitos-culturales\/#breadcrumb\"},\"inLanguage\":\"es\",\"potentialAction\":[{\"@type\":\"ReadAction\",\"target\":[\"https:\/\/www.noticiasradioreflejos.com.ar\/2021\/la-provincia-ofrece-nuevas-capacitaciones-para-trabajadores-de-ambitos-culturales\/\"]}]},{\"@type\":\"BreadcrumbList\",\"@id\":\"https:\/\/www.noticiasradioreflejos.com.ar\/2021\/la-provincia-ofrece-nuevas-capacitaciones-para-trabajadores-de-ambitos-culturales\/#breadcrumb\",\"itemListElement\":[{\"@type\":\"ListItem\",\"position\":1,\"name\":\"Portada\",\"item\":\"https:\/\/www.noticiasradioreflejos.com.ar\/2021\/\"},{\"@type\":\"ListItem\",\"position\":2,\"name\":\"La Provincia ofrece nuevas capacitaciones para trabajadores de \u00e1mbitos culturales\"}]},{\"@type\":\"WebSite\",\"@id\":\"https:\/\/www.noticiasradioreflejos.com.ar\/2021\/#website\",\"url\":\"https:\/\/www.noticiasradioreflejos.com.ar\/2021\/\",\"name\":\"Noticias Radio Reflejos\",\"description\":\"Las noticias de mi comarca\",\"potentialAction\":[{\"@type\":\"SearchAction\",\"target\":{\"@type\":\"EntryPoint\",\"urlTemplate\":\"https:\/\/www.noticiasradioreflejos.com.ar\/2021\/?s={search_term_string}\"},\"query-input\":{\"@type\":\"PropertyValueSpecification\",\"valueRequired\":true,\"valueName\":\"search_term_string\"}}],\"inLanguage\":\"es\"},{\"@type\":\"Person\",\"@id\":\"https:\/\/www.noticiasradioreflejos.com.ar\/2021\/#\/schema\/person\/ad82545263dcc5ec0996818884fd5fb1\",\"name\":\"Arnaldo Botto\",\"image\":{\"@type\":\"ImageObject\",\"inLanguage\":\"es\",\"@id\":\"https:\/\/www.noticiasradioreflejos.com.ar\/2021\/#\/schema\/person\/image\/\",\"url\":\"https:\/\/secure.gravatar.com\/avatar\/55cb5e37c1efa326397366e6974cb338056df65cb50e7d64d1cf314e87504837?s=96&d=mm&r=g\",\"contentUrl\":\"https:\/\/secure.gravatar.com\/avatar\/55cb5e37c1efa326397366e6974cb338056df65cb50e7d64d1cf314e87504837?s=96&d=mm&r=g\",\"caption\":\"Arnaldo Botto\"},\"url\":\"https:\/\/www.noticiasradioreflejos.com.ar\/2021\/author\/arnaldo\/\"}]}<\/script>\n<!-- \/ Yoast SEO plugin. -->","yoast_head_json":{"title":"La Provincia ofrece nuevas capacitaciones para trabajadores de \u00e1mbitos culturales - Noticias Radio Reflejos","robots":{"index":"index","follow":"follow","max-snippet":"max-snippet:-1","max-image-preview":"max-image-preview:large","max-video-preview":"max-video-preview:-1"},"canonical":"https:\/\/www.noticiasradioreflejos.com.ar\/2021\/la-provincia-ofrece-nuevas-capacitaciones-para-trabajadores-de-ambitos-culturales\/","og_locale":"es_ES","og_type":"article","og_title":"La Provincia ofrece nuevas capacitaciones para trabajadores de \u00e1mbitos culturales - Noticias Radio Reflejos","og_description":"Como parte de los talleres formativos que viene desarrollando el Instituto Cultural se presentar\u00e1n en julio cuatro nuevas opciones:\u00a0 \u201cDise\u00f1o y armado de proyectos para circuitos culturales\u201d , \u201cKit Comunicacional para Espacios Culturales\u201d, \u201cGesti\u00f3n Cultural y Formaci\u00f3n para organizaci\u00f3n de Ferias\u201d y \u201cVideomapping y Visuales Esc\u00e9nicas\u201d.","og_url":"https:\/\/www.noticiasradioreflejos.com.ar\/2021\/la-provincia-ofrece-nuevas-capacitaciones-para-trabajadores-de-ambitos-culturales\/","og_site_name":"Noticias Radio Reflejos","article_published_time":"2023-07-17T10:55:42+00:00","og_image":[{"width":300,"height":200,"url":"https:\/\/www.noticiasradioreflejos.com.ar\/2021\/wp-content\/uploads\/2021\/07\/logosol300x200.png","type":"image\/png"}],"author":"Arnaldo Botto","twitter_card":"summary_large_image","schema":{"@context":"https:\/\/schema.org","@graph":[{"@type":"WebPage","@id":"https:\/\/www.noticiasradioreflejos.com.ar\/2021\/la-provincia-ofrece-nuevas-capacitaciones-para-trabajadores-de-ambitos-culturales\/","url":"https:\/\/www.noticiasradioreflejos.com.ar\/2021\/la-provincia-ofrece-nuevas-capacitaciones-para-trabajadores-de-ambitos-culturales\/","name":"La Provincia ofrece nuevas capacitaciones para trabajadores de \u00e1mbitos culturales - Noticias Radio Reflejos","isPartOf":{"@id":"https:\/\/www.noticiasradioreflejos.com.ar\/2021\/#website"},"datePublished":"2023-07-17T10:55:42+00:00","author":{"@id":"https:\/\/www.noticiasradioreflejos.com.ar\/2021\/#\/schema\/person\/ad82545263dcc5ec0996818884fd5fb1"},"breadcrumb":{"@id":"https:\/\/www.noticiasradioreflejos.com.ar\/2021\/la-provincia-ofrece-nuevas-capacitaciones-para-trabajadores-de-ambitos-culturales\/#breadcrumb"},"inLanguage":"es","potentialAction":[{"@type":"ReadAction","target":["https:\/\/www.noticiasradioreflejos.com.ar\/2021\/la-provincia-ofrece-nuevas-capacitaciones-para-trabajadores-de-ambitos-culturales\/"]}]},{"@type":"BreadcrumbList","@id":"https:\/\/www.noticiasradioreflejos.com.ar\/2021\/la-provincia-ofrece-nuevas-capacitaciones-para-trabajadores-de-ambitos-culturales\/#breadcrumb","itemListElement":[{"@type":"ListItem","position":1,"name":"Portada","item":"https:\/\/www.noticiasradioreflejos.com.ar\/2021\/"},{"@type":"ListItem","position":2,"name":"La Provincia ofrece nuevas capacitaciones para trabajadores de \u00e1mbitos culturales"}]},{"@type":"WebSite","@id":"https:\/\/www.noticiasradioreflejos.com.ar\/2021\/#website","url":"https:\/\/www.noticiasradioreflejos.com.ar\/2021\/","name":"Noticias Radio Reflejos","description":"Las noticias de mi comarca","potentialAction":[{"@type":"SearchAction","target":{"@type":"EntryPoint","urlTemplate":"https:\/\/www.noticiasradioreflejos.com.ar\/2021\/?s={search_term_string}"},"query-input":{"@type":"PropertyValueSpecification","valueRequired":true,"valueName":"search_term_string"}}],"inLanguage":"es"},{"@type":"Person","@id":"https:\/\/www.noticiasradioreflejos.com.ar\/2021\/#\/schema\/person\/ad82545263dcc5ec0996818884fd5fb1","name":"Arnaldo Botto","image":{"@type":"ImageObject","inLanguage":"es","@id":"https:\/\/www.noticiasradioreflejos.com.ar\/2021\/#\/schema\/person\/image\/","url":"https:\/\/secure.gravatar.com\/avatar\/55cb5e37c1efa326397366e6974cb338056df65cb50e7d64d1cf314e87504837?s=96&d=mm&r=g","contentUrl":"https:\/\/secure.gravatar.com\/avatar\/55cb5e37c1efa326397366e6974cb338056df65cb50e7d64d1cf314e87504837?s=96&d=mm&r=g","caption":"Arnaldo Botto"},"url":"https:\/\/www.noticiasradioreflejos.com.ar\/2021\/author\/arnaldo\/"}]}},"_links":{"self":[{"href":"https:\/\/www.noticiasradioreflejos.com.ar\/2021\/wp-json\/wp\/v2\/posts\/90513","targetHints":{"allow":["GET"]}}],"collection":[{"href":"https:\/\/www.noticiasradioreflejos.com.ar\/2021\/wp-json\/wp\/v2\/posts"}],"about":[{"href":"https:\/\/www.noticiasradioreflejos.com.ar\/2021\/wp-json\/wp\/v2\/types\/post"}],"author":[{"embeddable":true,"href":"https:\/\/www.noticiasradioreflejos.com.ar\/2021\/wp-json\/wp\/v2\/users\/3"}],"replies":[{"embeddable":true,"href":"https:\/\/www.noticiasradioreflejos.com.ar\/2021\/wp-json\/wp\/v2\/comments?post=90513"}],"version-history":[{"count":1,"href":"https:\/\/www.noticiasradioreflejos.com.ar\/2021\/wp-json\/wp\/v2\/posts\/90513\/revisions"}],"predecessor-version":[{"id":90515,"href":"https:\/\/www.noticiasradioreflejos.com.ar\/2021\/wp-json\/wp\/v2\/posts\/90513\/revisions\/90515"}],"wp:attachment":[{"href":"https:\/\/www.noticiasradioreflejos.com.ar\/2021\/wp-json\/wp\/v2\/media?parent=90513"}],"wp:term":[{"taxonomy":"category","embeddable":true,"href":"https:\/\/www.noticiasradioreflejos.com.ar\/2021\/wp-json\/wp\/v2\/categories?post=90513"},{"taxonomy":"post_tag","embeddable":true,"href":"https:\/\/www.noticiasradioreflejos.com.ar\/2021\/wp-json\/wp\/v2\/tags?post=90513"}],"curies":[{"name":"wp","href":"https:\/\/api.w.org\/{rel}","templated":true}]}}