{"id":90510,"date":"2023-07-17T10:52:07","date_gmt":"2023-07-17T10:52:07","guid":{"rendered":"https:\/\/www.noticiasradioreflejos.com.ar\/2021\/?p=90510"},"modified":"2023-07-17T10:52:07","modified_gmt":"2023-07-17T10:52:07","slug":"crisis-del-regimen-municipal-bonaerense","status":"publish","type":"post","link":"https:\/\/www.noticiasradioreflejos.com.ar\/2021\/crisis-del-regimen-municipal-bonaerense\/","title":{"rendered":"Crisis del r\u00e9gimen municipal bonaerense"},"content":{"rendered":"<p style=\"font-weight: 400;\">La crisis de nuestra organizaci\u00f3n municipal no es un tema que preocupe a muchos, s\u00ed a ciertos pensadores y acad\u00e9micos que vienen estudiando y exponiendo sobre el tema, como algunas organizaciones pol\u00edticas que trabajan a nivel regional y mundial sobre la gobernanza en los gobiernos locales.<!--more--><\/p>\n<p style=\"font-weight: 400;\">Las municipalidades, encargadas de administrar y brindar servicios p\u00fablicos a nivel local, se encuentran sumergidas en una profunda crisis que afecta a la calidad de vida de sus vecinos. Y este no es un tema que est\u00e9 en la agenda electoral en la actualidad.<\/p>\n<p style=\"font-weight: 400;\">Uno de los principales problemas es la centralizaci\u00f3n del poder pol\u00edtico. En relaci\u00f3n del gobierno de La Plata con sus Partidos-municipios y, de los intendentes que tienen un control casi absoluto sobre las decisiones del gobierno local, lo que genera un ambiente propicio para la corrupci\u00f3n, la ineficiencia y el abuso de poder.<\/p>\n<p style=\"font-weight: 400;\">La falta de transparencia es otro generador de esta crisis, que no es de sustituci\u00f3n de los Municipios, por el contrario, es de actualizaci\u00f3n bajo un sistema federal de gobierno. La opacidad en el manejo de los fondos p\u00fablicos y la impunidad de los actos corruptos generan un clima de desconfianza en la comunidad. La malversaci\u00f3n de fondos y la desvinculaci\u00f3n entre los gobernantes y sus vecinos causa un desinter\u00e9s por la actividad pol\u00edtica, dejando a la dirigencia casi en soledad para el desarrollo de sus actividades l\u00edcitas como il\u00edcitas.<\/p>\n<p style=\"font-weight: 400;\">La asfixia financiera es otro factor agravante. Muchos municipios se encuentran en una situaci\u00f3n econ\u00f3mica desequilibrada, lo que lleva a la falta de recursos para atender las necesidades b\u00e1sicas de la poblaci\u00f3n. Es ah\u00ed donde se recurre, generalmente, al gobierno central que, aportando lo negociado, demandar\u00e1 cierta subordinaci\u00f3n pol\u00edtica.<\/p>\n<p style=\"font-weight: 400;\">La inacci\u00f3n de los gobiernos municipales frente a los problemas y la incompetencia en la gesti\u00f3n de los recursos son otras de las causas de la crisis. El aumento de tasas y contribuciones municipales como la acumulaci\u00f3n de deuda p\u00fablica son estrategias utilizadas para paliar la crisis econ\u00f3mica, afectando directamente al municipio a mediano plazo, agravando as\u00ed las problem\u00e1ticas sociales de la comunidad, puesto que habr\u00e1 \u00e1rea del organigrama municipal que no ser\u00e1n cubiertas adecuadamente, como, por ejemplo, la de Cultura o Deportes.<\/p>\n<p style=\"font-weight: 400;\">Ante este panorama, la comunidad expresa su hartazgo frente a la falta de respuestas por parte de las autoridades municipales. Sumado a que, el clientelismo pol\u00edtico y la falta de atenci\u00f3n a los reclamos de la poblaci\u00f3n, profundizan el malestar general.<\/p>\n<p style=\"font-weight: 400;\">La crisis que afronta el actual r\u00e9gimen municipal necesita ser abordada de manera urgente. Es necesario implementar una reforma constitucional, como el Proyecto presentado por el Diputado Provincial de Saladillo, Walter Abarca, en marzo de este a\u00f1o por el cual se llama a una Convenci\u00f3n Constituyente para otorgarle el derecho a los Municipios Bonaerenses a ser aut\u00f3nomos, como lo establece el art. 123 de la C.N. Promoviendo la transparencia pol\u00edtica, la participaci\u00f3n vecinal y la rendici\u00f3n de cuentas en la gesti\u00f3n de los recursos p\u00fablicos, garantizando su correcta utilizaci\u00f3n y evitando la malversaci\u00f3n de fondos.<\/p>\n<p style=\"font-weight: 400;\">La profesionalizaci\u00f3n de la gesti\u00f3n municipal, el fortalecimiento de los mecanismos de control y la promoci\u00f3n de la honestidad y la \u00e9tica en el ejercicio del poder son aspectos fundamentales para superar esta crisis.<\/p>\n<p style=\"font-weight: 400;\">La revocaci\u00f3n de mandato como herramienta de participaci\u00f3n comunal puede ser una alternativa para garantizar una mayor rendici\u00f3n de cuentas y evitar la perpetuaci\u00f3n de gobiernos corruptos e ineficientes.<\/p>\n<p style=\"font-weight: 400;\">La crisis de nuestro r\u00e9gimen municipal es una realidad que afecta directamente a los vecinos. La corrupci\u00f3n, la ineficiencia, el abuso de poder y la falta de transparencia son algunos de los problemas que aquejan a las municipalidades, retrasando el desarrollo y crecimiento de la Provincia de Buenos Ayres. Es fundamental implementar medidas que promuevan la participaci\u00f3n del vecino, la transparencia en la gesti\u00f3n y, as\u00ed, superar esta crisis mejorando la calidad de vida de todos nosotros. Para ello, el primer paso que debemos dar es reconocer la existencia de esta crisis y, as\u00ed, poder constituir un sistema municipal bonaerense de respuestas r\u00e1pidas y eficientes.<\/p>\n<p>&nbsp;<\/p>\n<p>&nbsp;<\/p>\n<p><strong><em>Luis Gotte &#8211; La peque\u00f1a trinchera<br \/>\nCo-autor de \u201cBuenos Ayres Humana, la hora de tu comunidad\u201d Ed. Fabro, 2022<br \/>\nMar del Plata<br \/>\n<a href=\"mailto:luisgotte@gmail.com\">luisgotte@gmail.com<\/a><br \/>\nD.N.I. 20041255<\/em><\/strong><\/p>\n","protected":false},"excerpt":{"rendered":"<p>La crisis de nuestra organizaci\u00f3n municipal no es un tema que preocupe a muchos, s\u00ed a ciertos pensadores y acad\u00e9micos que vienen estudiando y exponiendo sobre el tema, como algunas organizaciones pol\u00edticas que trabajan a nivel regional y mundial sobre la gobernanza en los gobiernos locales.<\/p>\n","protected":false},"author":3,"featured_media":0,"comment_status":"closed","ping_status":"closed","sticky":false,"template":"","format":"standard","meta":{"footnotes":""},"categories":[24],"tags":[],"class_list":["post-90510","post","type-post","status-publish","format-standard","hentry","category-politica"],"yoast_head":"<!-- This site is optimized with the Yoast SEO plugin v25.9 - https:\/\/yoast.com\/wordpress\/plugins\/seo\/ -->\n<title>Crisis del r\u00e9gimen municipal bonaerense - Noticias Radio Reflejos<\/title>\n<meta name=\"robots\" content=\"index, follow, max-snippet:-1, max-image-preview:large, max-video-preview:-1\" \/>\n<link rel=\"canonical\" href=\"https:\/\/www.noticiasradioreflejos.com.ar\/2021\/crisis-del-regimen-municipal-bonaerense\/\" \/>\n<meta property=\"og:locale\" content=\"es_ES\" \/>\n<meta property=\"og:type\" content=\"article\" \/>\n<meta property=\"og:title\" content=\"Crisis del r\u00e9gimen municipal bonaerense - Noticias Radio Reflejos\" \/>\n<meta property=\"og:description\" content=\"La crisis de nuestra organizaci\u00f3n municipal no es un tema que preocupe a muchos, s\u00ed a ciertos pensadores y acad\u00e9micos que vienen estudiando y exponiendo sobre el tema, como algunas organizaciones pol\u00edticas que trabajan a nivel regional y mundial sobre la gobernanza en los gobiernos locales.\" \/>\n<meta property=\"og:url\" content=\"https:\/\/www.noticiasradioreflejos.com.ar\/2021\/crisis-del-regimen-municipal-bonaerense\/\" \/>\n<meta property=\"og:site_name\" content=\"Noticias Radio Reflejos\" \/>\n<meta property=\"article:published_time\" content=\"2023-07-17T10:52:07+00:00\" \/>\n<meta property=\"og:image\" content=\"https:\/\/www.noticiasradioreflejos.com.ar\/2021\/wp-content\/uploads\/2018\/04\/carta_lector_1.jpg\" \/>\n\t<meta property=\"og:image:width\" content=\"935\" \/>\n\t<meta property=\"og:image:height\" content=\"595\" \/>\n\t<meta property=\"og:image:type\" content=\"image\/jpeg\" \/>\n<meta name=\"author\" content=\"Arnaldo Botto\" \/>\n<meta name=\"twitter:card\" content=\"summary_large_image\" \/>\n<script type=\"application\/ld+json\" class=\"yoast-schema-graph\">{\"@context\":\"https:\/\/schema.org\",\"@graph\":[{\"@type\":\"WebPage\",\"@id\":\"https:\/\/www.noticiasradioreflejos.com.ar\/2021\/crisis-del-regimen-municipal-bonaerense\/\",\"url\":\"https:\/\/www.noticiasradioreflejos.com.ar\/2021\/crisis-del-regimen-municipal-bonaerense\/\",\"name\":\"Crisis del r\u00e9gimen municipal bonaerense - Noticias Radio Reflejos\",\"isPartOf\":{\"@id\":\"https:\/\/www.noticiasradioreflejos.com.ar\/2021\/#website\"},\"datePublished\":\"2023-07-17T10:52:07+00:00\",\"author\":{\"@id\":\"https:\/\/www.noticiasradioreflejos.com.ar\/2021\/#\/schema\/person\/ad82545263dcc5ec0996818884fd5fb1\"},\"breadcrumb\":{\"@id\":\"https:\/\/www.noticiasradioreflejos.com.ar\/2021\/crisis-del-regimen-municipal-bonaerense\/#breadcrumb\"},\"inLanguage\":\"es\",\"potentialAction\":[{\"@type\":\"ReadAction\",\"target\":[\"https:\/\/www.noticiasradioreflejos.com.ar\/2021\/crisis-del-regimen-municipal-bonaerense\/\"]}]},{\"@type\":\"BreadcrumbList\",\"@id\":\"https:\/\/www.noticiasradioreflejos.com.ar\/2021\/crisis-del-regimen-municipal-bonaerense\/#breadcrumb\",\"itemListElement\":[{\"@type\":\"ListItem\",\"position\":1,\"name\":\"Portada\",\"item\":\"https:\/\/www.noticiasradioreflejos.com.ar\/2021\/\"},{\"@type\":\"ListItem\",\"position\":2,\"name\":\"Crisis del r\u00e9gimen municipal bonaerense\"}]},{\"@type\":\"WebSite\",\"@id\":\"https:\/\/www.noticiasradioreflejos.com.ar\/2021\/#website\",\"url\":\"https:\/\/www.noticiasradioreflejos.com.ar\/2021\/\",\"name\":\"Noticias Radio Reflejos\",\"description\":\"Las noticias de mi comarca\",\"potentialAction\":[{\"@type\":\"SearchAction\",\"target\":{\"@type\":\"EntryPoint\",\"urlTemplate\":\"https:\/\/www.noticiasradioreflejos.com.ar\/2021\/?s={search_term_string}\"},\"query-input\":{\"@type\":\"PropertyValueSpecification\",\"valueRequired\":true,\"valueName\":\"search_term_string\"}}],\"inLanguage\":\"es\"},{\"@type\":\"Person\",\"@id\":\"https:\/\/www.noticiasradioreflejos.com.ar\/2021\/#\/schema\/person\/ad82545263dcc5ec0996818884fd5fb1\",\"name\":\"Arnaldo Botto\",\"image\":{\"@type\":\"ImageObject\",\"inLanguage\":\"es\",\"@id\":\"https:\/\/www.noticiasradioreflejos.com.ar\/2021\/#\/schema\/person\/image\/\",\"url\":\"https:\/\/secure.gravatar.com\/avatar\/55cb5e37c1efa326397366e6974cb338056df65cb50e7d64d1cf314e87504837?s=96&d=mm&r=g\",\"contentUrl\":\"https:\/\/secure.gravatar.com\/avatar\/55cb5e37c1efa326397366e6974cb338056df65cb50e7d64d1cf314e87504837?s=96&d=mm&r=g\",\"caption\":\"Arnaldo Botto\"},\"url\":\"https:\/\/www.noticiasradioreflejos.com.ar\/2021\/author\/arnaldo\/\"}]}<\/script>\n<!-- \/ Yoast SEO plugin. -->","yoast_head_json":{"title":"Crisis del r\u00e9gimen municipal bonaerense - Noticias Radio Reflejos","robots":{"index":"index","follow":"follow","max-snippet":"max-snippet:-1","max-image-preview":"max-image-preview:large","max-video-preview":"max-video-preview:-1"},"canonical":"https:\/\/www.noticiasradioreflejos.com.ar\/2021\/crisis-del-regimen-municipal-bonaerense\/","og_locale":"es_ES","og_type":"article","og_title":"Crisis del r\u00e9gimen municipal bonaerense - Noticias Radio Reflejos","og_description":"La crisis de nuestra organizaci\u00f3n municipal no es un tema que preocupe a muchos, s\u00ed a ciertos pensadores y acad\u00e9micos que vienen estudiando y exponiendo sobre el tema, como algunas organizaciones pol\u00edticas que trabajan a nivel regional y mundial sobre la gobernanza en los gobiernos locales.","og_url":"https:\/\/www.noticiasradioreflejos.com.ar\/2021\/crisis-del-regimen-municipal-bonaerense\/","og_site_name":"Noticias Radio Reflejos","article_published_time":"2023-07-17T10:52:07+00:00","og_image":[{"width":935,"height":595,"url":"https:\/\/www.noticiasradioreflejos.com.ar\/2021\/wp-content\/uploads\/2018\/04\/carta_lector_1.jpg","type":"image\/jpeg"}],"author":"Arnaldo Botto","twitter_card":"summary_large_image","schema":{"@context":"https:\/\/schema.org","@graph":[{"@type":"WebPage","@id":"https:\/\/www.noticiasradioreflejos.com.ar\/2021\/crisis-del-regimen-municipal-bonaerense\/","url":"https:\/\/www.noticiasradioreflejos.com.ar\/2021\/crisis-del-regimen-municipal-bonaerense\/","name":"Crisis del r\u00e9gimen municipal bonaerense - Noticias Radio Reflejos","isPartOf":{"@id":"https:\/\/www.noticiasradioreflejos.com.ar\/2021\/#website"},"datePublished":"2023-07-17T10:52:07+00:00","author":{"@id":"https:\/\/www.noticiasradioreflejos.com.ar\/2021\/#\/schema\/person\/ad82545263dcc5ec0996818884fd5fb1"},"breadcrumb":{"@id":"https:\/\/www.noticiasradioreflejos.com.ar\/2021\/crisis-del-regimen-municipal-bonaerense\/#breadcrumb"},"inLanguage":"es","potentialAction":[{"@type":"ReadAction","target":["https:\/\/www.noticiasradioreflejos.com.ar\/2021\/crisis-del-regimen-municipal-bonaerense\/"]}]},{"@type":"BreadcrumbList","@id":"https:\/\/www.noticiasradioreflejos.com.ar\/2021\/crisis-del-regimen-municipal-bonaerense\/#breadcrumb","itemListElement":[{"@type":"ListItem","position":1,"name":"Portada","item":"https:\/\/www.noticiasradioreflejos.com.ar\/2021\/"},{"@type":"ListItem","position":2,"name":"Crisis del r\u00e9gimen municipal bonaerense"}]},{"@type":"WebSite","@id":"https:\/\/www.noticiasradioreflejos.com.ar\/2021\/#website","url":"https:\/\/www.noticiasradioreflejos.com.ar\/2021\/","name":"Noticias Radio Reflejos","description":"Las noticias de mi comarca","potentialAction":[{"@type":"SearchAction","target":{"@type":"EntryPoint","urlTemplate":"https:\/\/www.noticiasradioreflejos.com.ar\/2021\/?s={search_term_string}"},"query-input":{"@type":"PropertyValueSpecification","valueRequired":true,"valueName":"search_term_string"}}],"inLanguage":"es"},{"@type":"Person","@id":"https:\/\/www.noticiasradioreflejos.com.ar\/2021\/#\/schema\/person\/ad82545263dcc5ec0996818884fd5fb1","name":"Arnaldo Botto","image":{"@type":"ImageObject","inLanguage":"es","@id":"https:\/\/www.noticiasradioreflejos.com.ar\/2021\/#\/schema\/person\/image\/","url":"https:\/\/secure.gravatar.com\/avatar\/55cb5e37c1efa326397366e6974cb338056df65cb50e7d64d1cf314e87504837?s=96&d=mm&r=g","contentUrl":"https:\/\/secure.gravatar.com\/avatar\/55cb5e37c1efa326397366e6974cb338056df65cb50e7d64d1cf314e87504837?s=96&d=mm&r=g","caption":"Arnaldo Botto"},"url":"https:\/\/www.noticiasradioreflejos.com.ar\/2021\/author\/arnaldo\/"}]}},"_links":{"self":[{"href":"https:\/\/www.noticiasradioreflejos.com.ar\/2021\/wp-json\/wp\/v2\/posts\/90510","targetHints":{"allow":["GET"]}}],"collection":[{"href":"https:\/\/www.noticiasradioreflejos.com.ar\/2021\/wp-json\/wp\/v2\/posts"}],"about":[{"href":"https:\/\/www.noticiasradioreflejos.com.ar\/2021\/wp-json\/wp\/v2\/types\/post"}],"author":[{"embeddable":true,"href":"https:\/\/www.noticiasradioreflejos.com.ar\/2021\/wp-json\/wp\/v2\/users\/3"}],"replies":[{"embeddable":true,"href":"https:\/\/www.noticiasradioreflejos.com.ar\/2021\/wp-json\/wp\/v2\/comments?post=90510"}],"version-history":[{"count":1,"href":"https:\/\/www.noticiasradioreflejos.com.ar\/2021\/wp-json\/wp\/v2\/posts\/90510\/revisions"}],"predecessor-version":[{"id":90511,"href":"https:\/\/www.noticiasradioreflejos.com.ar\/2021\/wp-json\/wp\/v2\/posts\/90510\/revisions\/90511"}],"wp:attachment":[{"href":"https:\/\/www.noticiasradioreflejos.com.ar\/2021\/wp-json\/wp\/v2\/media?parent=90510"}],"wp:term":[{"taxonomy":"category","embeddable":true,"href":"https:\/\/www.noticiasradioreflejos.com.ar\/2021\/wp-json\/wp\/v2\/categories?post=90510"},{"taxonomy":"post_tag","embeddable":true,"href":"https:\/\/www.noticiasradioreflejos.com.ar\/2021\/wp-json\/wp\/v2\/tags?post=90510"}],"curies":[{"name":"wp","href":"https:\/\/api.w.org\/{rel}","templated":true}]}}