{"id":90508,"date":"2023-07-17T10:48:06","date_gmt":"2023-07-17T10:48:06","guid":{"rendered":"https:\/\/www.noticiasradioreflejos.com.ar\/2021\/?p=90508"},"modified":"2023-07-17T10:48:06","modified_gmt":"2023-07-17T10:48:06","slug":"comunicado-frente-al-discurso-negacionista-del-secretario-de-gobierno-ezequiel-gabella","status":"publish","type":"post","link":"https:\/\/www.noticiasradioreflejos.com.ar\/2021\/comunicado-frente-al-discurso-negacionista-del-secretario-de-gobierno-ezequiel-gabella\/","title":{"rendered":"Comunicado frente al discurso negacionista del secretario de gobierno Ezequiel Gabella"},"content":{"rendered":"<p>Desde el grupo de Vecinas y Vecinos Autoconvocadxs de Sierra de la Ventana y localidades del distrito, queremos responder p\u00fablicamente a los dichos del Secretario de Gobierno Municipal, Ezequiel Gabella, sobre Baamonde y su gesti\u00f3n dentro del Municipio.<\/p>\n<p>Gabella describe a un ex esp\u00eda civil de la \u00faltima dictadura c\u00edvico-militar como alguien que sufre \u201cpersecuci\u00f3n frecuente\u201d por parte de personas que \u201ca\u00fan contin\u00faan con ese ensa\u00f1amiento\u201d, al mismo tiempo indica que \u201clos concejales (del FDT y de JXC) se tomaron ese trabajo (de pedir su destituci\u00f3n)\u201d.<\/p>\n<p>Le recordamos a Gabella que Baamonde fue miembro activo del batall\u00f3n 601, art\u00edfice estrat\u00e9gico de la inteligencia c\u00edvico-militar que hizo perseguir, secuestrar, y torturar a miles de personas dentro del territorio argentino. Baamonde no es alguien \u201cperseguido\u201d por el \u00f3rgano legislativo del Municipio que \u00e9l conduce, ni por un grupo de vecinos \u201censa\u00f1ados\u201d, Baamonde fue parte del mecanismo de persecuci\u00f3n ensa\u00f1ada que desapareci\u00f3 miles de personas, que entreg\u00f3 a cientos de beb\u00e9s en manos de apropiadores, y que al d\u00eda de hoy contin\u00faa resguardando archivos e informaci\u00f3n de estos delitos cometidos, justo al rev\u00e9s de lo que expresa Gabella: Baamonde no es \u201cv\u00edctima\u201d, sino que fue parte del engranaje m\u00e1s perverso de un sistema victimario, formando parte del Plan Sistem\u00e1tico del Terrorismo de Estado.<\/p>\n<p>Nos sorprenden, nos alarman, y nos indignan los dichos negacionistas de Gabella porque est\u00e1, en el mismo acto, negando las aberraciones que se cometieron durante la \u00faltima dictadura c\u00edvico-militar, que nuestro pa\u00eds de manera pionera y ejemplar ha sabido juzgar en los \u00faltimos 35 a\u00f1os y, a su vez, est\u00e1 restando importancia, descalificando e ignorando de forma autoritaria las decisiones llevadas a cabo en el Honorable Concejo Deliberante del gobierno del que es parte. A esto le queremos sumar, que la supuesta designaci\u00f3n de Baamonde como delegado, incurre en graves faltas administrativas y legales, de las cuales se est\u00e1 en este momento haciendo cargo la Justicia.<\/p>\n<p>Le recordamos a Gabella que los poderes de gobierno son tres: el Ejecutivo, el Legislativo, y el Judicial, y que -para que la democracia exista y se afiance como pr\u00e1ctica ciudadana constante- es necesario que un poder pueda fiscalizar al otro; si no, incurrimos en totalitarismo. A su vez, insistimos que en estos 40 a\u00f1os de vida democr\u00e1tica, debemos defender la posibilidad de la ciudadan\u00eda de solicitar, interpelar, cuestionar, y peticionar a las autoridades que gestionan los recursos p\u00fablicos, y tambi\u00e9n los discursos y los sentidos, y no catalogar a las comunidades como \u201censa\u00f1adas\u201d o \u201cperseguidoras\u201d. Nuestra manera de interpelar las acciones y decisiones pol\u00edticas est\u00e1n dentro de lo contemplado por la legislaci\u00f3n democr\u00e1tica, utilizando los recursos que la misma vida democr\u00e1tica nos ha permitido construir. Las acciones que llev\u00f3 adelante el batall\u00f3n 601 del cual Baamonde fue miembro activo como Oficial Redactor dentro del Grupo Contraofensiva, durante la \u00faltima dictadura c\u00edvico-militar, fueron todas ilegales: el espionaje, la delaci\u00f3n, el engranaje de secuestro, picanas, violaciones y robo de beb\u00e9s. Observe la diferencia, Ezequiel Gabella.<\/p>\n","protected":false},"excerpt":{"rendered":"<p>Desde el grupo de Vecinas y Vecinos Autoconvocadxs de Sierra de la Ventana y localidades del distrito, queremos responder p\u00fablicamente a los dichos del Secretario de Gobierno Municipal, Ezequiel Gabella, sobre Baamonde y su gesti\u00f3n dentro del Municipio. Gabella describe a un ex esp\u00eda civil de la \u00faltima dictadura c\u00edvico-militar como alguien que sufre \u201cpersecuci\u00f3n [&hellip;]<\/p>\n","protected":false},"author":3,"featured_media":33609,"comment_status":"closed","ping_status":"closed","sticky":false,"template":"","format":"standard","meta":{"footnotes":""},"categories":[24],"tags":[],"class_list":["post-90508","post","type-post","status-publish","format-standard","has-post-thumbnail","hentry","category-politica"],"yoast_head":"<!-- This site is optimized with the Yoast SEO plugin v25.9 - https:\/\/yoast.com\/wordpress\/plugins\/seo\/ -->\n<title>Comunicado frente al discurso negacionista del secretario de gobierno Ezequiel Gabella - Noticias Radio Reflejos<\/title>\n<meta name=\"robots\" content=\"index, follow, max-snippet:-1, max-image-preview:large, max-video-preview:-1\" \/>\n<link rel=\"canonical\" href=\"https:\/\/www.noticiasradioreflejos.com.ar\/2021\/comunicado-frente-al-discurso-negacionista-del-secretario-de-gobierno-ezequiel-gabella\/\" \/>\n<meta property=\"og:locale\" content=\"es_ES\" \/>\n<meta property=\"og:type\" content=\"article\" \/>\n<meta property=\"og:title\" content=\"Comunicado frente al discurso negacionista del secretario de gobierno Ezequiel Gabella - Noticias Radio Reflejos\" \/>\n<meta property=\"og:description\" content=\"Desde el grupo de Vecinas y Vecinos Autoconvocadxs de Sierra de la Ventana y localidades del distrito, queremos responder p\u00fablicamente a los dichos del Secretario de Gobierno Municipal, Ezequiel Gabella, sobre Baamonde y su gesti\u00f3n dentro del Municipio. Gabella describe a un ex esp\u00eda civil de la \u00faltima dictadura c\u00edvico-militar como alguien que sufre \u201cpersecuci\u00f3n [&hellip;]\" \/>\n<meta property=\"og:url\" content=\"https:\/\/www.noticiasradioreflejos.com.ar\/2021\/comunicado-frente-al-discurso-negacionista-del-secretario-de-gobierno-ezequiel-gabella\/\" \/>\n<meta property=\"og:site_name\" content=\"Noticias Radio Reflejos\" \/>\n<meta property=\"article:published_time\" content=\"2023-07-17T10:48:06+00:00\" \/>\n<meta property=\"og:image\" content=\"https:\/\/www.noticiasradioreflejos.com.ar\/2021\/wp-content\/uploads\/2019\/08\/Comunicado-de-Prensa.jpg\" \/>\n\t<meta property=\"og:image:width\" content=\"1696\" \/>\n\t<meta property=\"og:image:height\" content=\"1061\" \/>\n\t<meta property=\"og:image:type\" content=\"image\/jpeg\" \/>\n<meta name=\"author\" content=\"Arnaldo Botto\" \/>\n<meta name=\"twitter:card\" content=\"summary_large_image\" \/>\n<script type=\"application\/ld+json\" class=\"yoast-schema-graph\">{\"@context\":\"https:\/\/schema.org\",\"@graph\":[{\"@type\":\"WebPage\",\"@id\":\"https:\/\/www.noticiasradioreflejos.com.ar\/2021\/comunicado-frente-al-discurso-negacionista-del-secretario-de-gobierno-ezequiel-gabella\/\",\"url\":\"https:\/\/www.noticiasradioreflejos.com.ar\/2021\/comunicado-frente-al-discurso-negacionista-del-secretario-de-gobierno-ezequiel-gabella\/\",\"name\":\"Comunicado frente al discurso negacionista del secretario de gobierno Ezequiel Gabella - Noticias Radio Reflejos\",\"isPartOf\":{\"@id\":\"https:\/\/www.noticiasradioreflejos.com.ar\/2021\/#website\"},\"primaryImageOfPage\":{\"@id\":\"https:\/\/www.noticiasradioreflejos.com.ar\/2021\/comunicado-frente-al-discurso-negacionista-del-secretario-de-gobierno-ezequiel-gabella\/#primaryimage\"},\"image\":{\"@id\":\"https:\/\/www.noticiasradioreflejos.com.ar\/2021\/comunicado-frente-al-discurso-negacionista-del-secretario-de-gobierno-ezequiel-gabella\/#primaryimage\"},\"thumbnailUrl\":\"https:\/\/www.noticiasradioreflejos.com.ar\/2021\/wp-content\/uploads\/2019\/08\/Comunicado-de-Prensa.jpg\",\"datePublished\":\"2023-07-17T10:48:06+00:00\",\"author\":{\"@id\":\"https:\/\/www.noticiasradioreflejos.com.ar\/2021\/#\/schema\/person\/ad82545263dcc5ec0996818884fd5fb1\"},\"breadcrumb\":{\"@id\":\"https:\/\/www.noticiasradioreflejos.com.ar\/2021\/comunicado-frente-al-discurso-negacionista-del-secretario-de-gobierno-ezequiel-gabella\/#breadcrumb\"},\"inLanguage\":\"es\",\"potentialAction\":[{\"@type\":\"ReadAction\",\"target\":[\"https:\/\/www.noticiasradioreflejos.com.ar\/2021\/comunicado-frente-al-discurso-negacionista-del-secretario-de-gobierno-ezequiel-gabella\/\"]}]},{\"@type\":\"ImageObject\",\"inLanguage\":\"es\",\"@id\":\"https:\/\/www.noticiasradioreflejos.com.ar\/2021\/comunicado-frente-al-discurso-negacionista-del-secretario-de-gobierno-ezequiel-gabella\/#primaryimage\",\"url\":\"https:\/\/www.noticiasradioreflejos.com.ar\/2021\/wp-content\/uploads\/2019\/08\/Comunicado-de-Prensa.jpg\",\"contentUrl\":\"https:\/\/www.noticiasradioreflejos.com.ar\/2021\/wp-content\/uploads\/2019\/08\/Comunicado-de-Prensa.jpg\",\"width\":1696,\"height\":1061},{\"@type\":\"BreadcrumbList\",\"@id\":\"https:\/\/www.noticiasradioreflejos.com.ar\/2021\/comunicado-frente-al-discurso-negacionista-del-secretario-de-gobierno-ezequiel-gabella\/#breadcrumb\",\"itemListElement\":[{\"@type\":\"ListItem\",\"position\":1,\"name\":\"Portada\",\"item\":\"https:\/\/www.noticiasradioreflejos.com.ar\/2021\/\"},{\"@type\":\"ListItem\",\"position\":2,\"name\":\"Comunicado frente al discurso negacionista del secretario de gobierno Ezequiel Gabella\"}]},{\"@type\":\"WebSite\",\"@id\":\"https:\/\/www.noticiasradioreflejos.com.ar\/2021\/#website\",\"url\":\"https:\/\/www.noticiasradioreflejos.com.ar\/2021\/\",\"name\":\"Noticias Radio Reflejos\",\"description\":\"Las noticias de mi comarca\",\"potentialAction\":[{\"@type\":\"SearchAction\",\"target\":{\"@type\":\"EntryPoint\",\"urlTemplate\":\"https:\/\/www.noticiasradioreflejos.com.ar\/2021\/?s={search_term_string}\"},\"query-input\":{\"@type\":\"PropertyValueSpecification\",\"valueRequired\":true,\"valueName\":\"search_term_string\"}}],\"inLanguage\":\"es\"},{\"@type\":\"Person\",\"@id\":\"https:\/\/www.noticiasradioreflejos.com.ar\/2021\/#\/schema\/person\/ad82545263dcc5ec0996818884fd5fb1\",\"name\":\"Arnaldo Botto\",\"image\":{\"@type\":\"ImageObject\",\"inLanguage\":\"es\",\"@id\":\"https:\/\/www.noticiasradioreflejos.com.ar\/2021\/#\/schema\/person\/image\/\",\"url\":\"https:\/\/secure.gravatar.com\/avatar\/55cb5e37c1efa326397366e6974cb338056df65cb50e7d64d1cf314e87504837?s=96&d=mm&r=g\",\"contentUrl\":\"https:\/\/secure.gravatar.com\/avatar\/55cb5e37c1efa326397366e6974cb338056df65cb50e7d64d1cf314e87504837?s=96&d=mm&r=g\",\"caption\":\"Arnaldo Botto\"},\"url\":\"https:\/\/www.noticiasradioreflejos.com.ar\/2021\/author\/arnaldo\/\"}]}<\/script>\n<!-- \/ Yoast SEO plugin. -->","yoast_head_json":{"title":"Comunicado frente al discurso negacionista del secretario de gobierno Ezequiel Gabella - Noticias Radio Reflejos","robots":{"index":"index","follow":"follow","max-snippet":"max-snippet:-1","max-image-preview":"max-image-preview:large","max-video-preview":"max-video-preview:-1"},"canonical":"https:\/\/www.noticiasradioreflejos.com.ar\/2021\/comunicado-frente-al-discurso-negacionista-del-secretario-de-gobierno-ezequiel-gabella\/","og_locale":"es_ES","og_type":"article","og_title":"Comunicado frente al discurso negacionista del secretario de gobierno Ezequiel Gabella - Noticias Radio Reflejos","og_description":"Desde el grupo de Vecinas y Vecinos Autoconvocadxs de Sierra de la Ventana y localidades del distrito, queremos responder p\u00fablicamente a los dichos del Secretario de Gobierno Municipal, Ezequiel Gabella, sobre Baamonde y su gesti\u00f3n dentro del Municipio. Gabella describe a un ex esp\u00eda civil de la \u00faltima dictadura c\u00edvico-militar como alguien que sufre \u201cpersecuci\u00f3n [&hellip;]","og_url":"https:\/\/www.noticiasradioreflejos.com.ar\/2021\/comunicado-frente-al-discurso-negacionista-del-secretario-de-gobierno-ezequiel-gabella\/","og_site_name":"Noticias Radio Reflejos","article_published_time":"2023-07-17T10:48:06+00:00","og_image":[{"width":1696,"height":1061,"url":"https:\/\/www.noticiasradioreflejos.com.ar\/2021\/wp-content\/uploads\/2019\/08\/Comunicado-de-Prensa.jpg","type":"image\/jpeg"}],"author":"Arnaldo Botto","twitter_card":"summary_large_image","schema":{"@context":"https:\/\/schema.org","@graph":[{"@type":"WebPage","@id":"https:\/\/www.noticiasradioreflejos.com.ar\/2021\/comunicado-frente-al-discurso-negacionista-del-secretario-de-gobierno-ezequiel-gabella\/","url":"https:\/\/www.noticiasradioreflejos.com.ar\/2021\/comunicado-frente-al-discurso-negacionista-del-secretario-de-gobierno-ezequiel-gabella\/","name":"Comunicado frente al discurso negacionista del secretario de gobierno Ezequiel Gabella - Noticias Radio Reflejos","isPartOf":{"@id":"https:\/\/www.noticiasradioreflejos.com.ar\/2021\/#website"},"primaryImageOfPage":{"@id":"https:\/\/www.noticiasradioreflejos.com.ar\/2021\/comunicado-frente-al-discurso-negacionista-del-secretario-de-gobierno-ezequiel-gabella\/#primaryimage"},"image":{"@id":"https:\/\/www.noticiasradioreflejos.com.ar\/2021\/comunicado-frente-al-discurso-negacionista-del-secretario-de-gobierno-ezequiel-gabella\/#primaryimage"},"thumbnailUrl":"https:\/\/www.noticiasradioreflejos.com.ar\/2021\/wp-content\/uploads\/2019\/08\/Comunicado-de-Prensa.jpg","datePublished":"2023-07-17T10:48:06+00:00","author":{"@id":"https:\/\/www.noticiasradioreflejos.com.ar\/2021\/#\/schema\/person\/ad82545263dcc5ec0996818884fd5fb1"},"breadcrumb":{"@id":"https:\/\/www.noticiasradioreflejos.com.ar\/2021\/comunicado-frente-al-discurso-negacionista-del-secretario-de-gobierno-ezequiel-gabella\/#breadcrumb"},"inLanguage":"es","potentialAction":[{"@type":"ReadAction","target":["https:\/\/www.noticiasradioreflejos.com.ar\/2021\/comunicado-frente-al-discurso-negacionista-del-secretario-de-gobierno-ezequiel-gabella\/"]}]},{"@type":"ImageObject","inLanguage":"es","@id":"https:\/\/www.noticiasradioreflejos.com.ar\/2021\/comunicado-frente-al-discurso-negacionista-del-secretario-de-gobierno-ezequiel-gabella\/#primaryimage","url":"https:\/\/www.noticiasradioreflejos.com.ar\/2021\/wp-content\/uploads\/2019\/08\/Comunicado-de-Prensa.jpg","contentUrl":"https:\/\/www.noticiasradioreflejos.com.ar\/2021\/wp-content\/uploads\/2019\/08\/Comunicado-de-Prensa.jpg","width":1696,"height":1061},{"@type":"BreadcrumbList","@id":"https:\/\/www.noticiasradioreflejos.com.ar\/2021\/comunicado-frente-al-discurso-negacionista-del-secretario-de-gobierno-ezequiel-gabella\/#breadcrumb","itemListElement":[{"@type":"ListItem","position":1,"name":"Portada","item":"https:\/\/www.noticiasradioreflejos.com.ar\/2021\/"},{"@type":"ListItem","position":2,"name":"Comunicado frente al discurso negacionista del secretario de gobierno Ezequiel Gabella"}]},{"@type":"WebSite","@id":"https:\/\/www.noticiasradioreflejos.com.ar\/2021\/#website","url":"https:\/\/www.noticiasradioreflejos.com.ar\/2021\/","name":"Noticias Radio Reflejos","description":"Las noticias de mi comarca","potentialAction":[{"@type":"SearchAction","target":{"@type":"EntryPoint","urlTemplate":"https:\/\/www.noticiasradioreflejos.com.ar\/2021\/?s={search_term_string}"},"query-input":{"@type":"PropertyValueSpecification","valueRequired":true,"valueName":"search_term_string"}}],"inLanguage":"es"},{"@type":"Person","@id":"https:\/\/www.noticiasradioreflejos.com.ar\/2021\/#\/schema\/person\/ad82545263dcc5ec0996818884fd5fb1","name":"Arnaldo Botto","image":{"@type":"ImageObject","inLanguage":"es","@id":"https:\/\/www.noticiasradioreflejos.com.ar\/2021\/#\/schema\/person\/image\/","url":"https:\/\/secure.gravatar.com\/avatar\/55cb5e37c1efa326397366e6974cb338056df65cb50e7d64d1cf314e87504837?s=96&d=mm&r=g","contentUrl":"https:\/\/secure.gravatar.com\/avatar\/55cb5e37c1efa326397366e6974cb338056df65cb50e7d64d1cf314e87504837?s=96&d=mm&r=g","caption":"Arnaldo Botto"},"url":"https:\/\/www.noticiasradioreflejos.com.ar\/2021\/author\/arnaldo\/"}]}},"_links":{"self":[{"href":"https:\/\/www.noticiasradioreflejos.com.ar\/2021\/wp-json\/wp\/v2\/posts\/90508","targetHints":{"allow":["GET"]}}],"collection":[{"href":"https:\/\/www.noticiasradioreflejos.com.ar\/2021\/wp-json\/wp\/v2\/posts"}],"about":[{"href":"https:\/\/www.noticiasradioreflejos.com.ar\/2021\/wp-json\/wp\/v2\/types\/post"}],"author":[{"embeddable":true,"href":"https:\/\/www.noticiasradioreflejos.com.ar\/2021\/wp-json\/wp\/v2\/users\/3"}],"replies":[{"embeddable":true,"href":"https:\/\/www.noticiasradioreflejos.com.ar\/2021\/wp-json\/wp\/v2\/comments?post=90508"}],"version-history":[{"count":1,"href":"https:\/\/www.noticiasradioreflejos.com.ar\/2021\/wp-json\/wp\/v2\/posts\/90508\/revisions"}],"predecessor-version":[{"id":90509,"href":"https:\/\/www.noticiasradioreflejos.com.ar\/2021\/wp-json\/wp\/v2\/posts\/90508\/revisions\/90509"}],"wp:featuredmedia":[{"embeddable":true,"href":"https:\/\/www.noticiasradioreflejos.com.ar\/2021\/wp-json\/wp\/v2\/media\/33609"}],"wp:attachment":[{"href":"https:\/\/www.noticiasradioreflejos.com.ar\/2021\/wp-json\/wp\/v2\/media?parent=90508"}],"wp:term":[{"taxonomy":"category","embeddable":true,"href":"https:\/\/www.noticiasradioreflejos.com.ar\/2021\/wp-json\/wp\/v2\/categories?post=90508"},{"taxonomy":"post_tag","embeddable":true,"href":"https:\/\/www.noticiasradioreflejos.com.ar\/2021\/wp-json\/wp\/v2\/tags?post=90508"}],"curies":[{"name":"wp","href":"https:\/\/api.w.org\/{rel}","templated":true}]}}