{"id":90488,"date":"2023-07-14T16:49:14","date_gmt":"2023-07-14T16:49:14","guid":{"rendered":"https:\/\/www.noticiasradioreflejos.com.ar\/2021\/?p=90488"},"modified":"2023-07-14T16:49:14","modified_gmt":"2023-07-14T16:49:14","slug":"abren-doce-nuevos-desarrollos-urbanisticos-procrear-ii","status":"publish","type":"post","link":"https:\/\/www.noticiasradioreflejos.com.ar\/2021\/abren-doce-nuevos-desarrollos-urbanisticos-procrear-ii\/","title":{"rendered":"Abren doce nuevos Desarrollos Urban\u00edsticos Procrear II"},"content":{"rendered":"<p>Est\u00e1n ubicados en las provincias de Buenos Aires, Chubut, C\u00f3rdoba, Santa Cruz, San Juan y Santa Fe.<!--more--><\/p>\n<p>El Ministerio de Desarrollo Territorial y H\u00e1bitat que conduce Santiago Maggiotti anuncia que el pr\u00f3ximo martes 18 de julio a las 15 horas se abrir\u00e1 la inscripci\u00f3n para acceder a m\u00e1s de 1600 viviendas en doce nuevos Desarrollos Urban\u00edsticos de Procrear II, que fueron construidos \u00edntegramente durante esta gesti\u00f3n. Adem\u00e1s, se ponen a disposici\u00f3n m\u00e1s viviendas en otros 34 predios que ya est\u00e1n habitados.<\/p>\n<p>Estos nuevos predios estar\u00e1n disponibles para que las familias puedan anotarse. Se trata de los de Baradero, Jun\u00edn, Mercedes, Monte Hermoso, El Palomar, (Buenos Aires); Trelew (Chubut); Monte Ma\u00edz, Viamonte, Pascanas (C\u00f3rdoba); R\u00edo Gallegos (Santa Cruz); San Juan &#8211; La Ramada (San Juan); y Las Parejas (Santa Fe). Adem\u00e1s, vuelven a abrir los otros tres predios que tambi\u00e9n fueron edificados durante esta gesti\u00f3n: San Mart\u00edn II (Buenos Aires); Roque Saenz Pe\u00f1a (Chaco); y General Lagos (Santa Fe).<\/p>\n<p>Por otro lado, tambi\u00e9n estar\u00e1n disponibles a inscripci\u00f3n viviendas ubicadas en los Desarrollos Urban\u00edsticos Bah\u00eda Blanca, Bolivar, Carmen de Patagones, Ciudad Evita, Ituzaing\u00f3, Lincoln, Merlo, Mor\u00f3n, San Antonio de Areco, San Mart\u00edn, San Nicol\u00e1s (Buenos Aires); Estaci\u00f3n Buenos Aires y Estaci\u00f3n Saenz (CABA); Barrio Liceo, Cavanagh, San Francisco (C\u00f3rdoba); Paran\u00e1 (Entre R\u00edos), Jujuy (Jujuy); Maip\u00fa, Malarg\u00fce, Mendoza Capital, San Rafael (Mendoza); Posadas (Misiones); R\u00edo Gallegos (Santa Cruz); Huaico (Salta); Estaci\u00f3n Cambios, Sunchales (Santa Fe); La Banda, Santiago del Estero (Santiago del Estero); R\u00edo Grande (Tierra del Fuego).<\/p>\n<p>Sobre esta nueva apertura, el secretario de Desarrollo Territorial, Luciano Scatolini, afirm\u00f3: \u201cSeguimos fortaleciendo una pol\u00edtica p\u00fablica tan importante como Procrear, que en estos m\u00e1s de 10 a\u00f1os desde su creaci\u00f3n y desde su relanzamiento en agosto de 2020, le llev\u00f3 soluciones habitacionales a miles de familias en todo el pa\u00eds al mismo tiempo que permiti\u00f3 motorizar las econom\u00edas regionales, la industria vinculada a la construcci\u00f3n y la generaci\u00f3n de empleo genuino. Cuando el Estado interviene de esta forma se garantizan derechos y se planifica el futuro de manera inclusiva y socialmente justa\u201d.<\/p>\n<p>Por su parte, el ministro Santiago Maggiotti explic\u00f3: \u201cEste Ministerio se cre\u00f3 para que la construcci\u00f3n de viviendas y su acceso igualitario sea una pol\u00edtica impulsada por el Estado\u201d, y agreg\u00f3: \u201cGran parte de las casas que se ponen a disposici\u00f3n ahora, fueron edificadas por esta gesti\u00f3n, dando cuenta del trabajo que se viene realizando desde hace m\u00e1s de 3 a\u00f1os junto a gobiernos locales y provinciales, impulsando las econom\u00edas locales y adem\u00e1s, generando empleo en la construcci\u00f3n\u201d.<\/p>\n<p>La l\u00ednea Desarrollos Urban\u00edsticos de Procrear II, brinda a las familias el acceso a cr\u00e9dito hipotecario para la compra de viviendas nuevas en uno de los predios donde el Estado Nacional lleva adelante estos Desarrollos Urban\u00edsticos. A trav\u00e9s de este programa, adem\u00e1s, se atiende a la diversidad de las demandas habitacionales, as\u00ed como a la particularidad de cada provincia y municipio donde se lleva adelante. Los y las interesadas podr\u00e1n consultar los requisitos y las bases y condiciones completas una vez que abra la inscripci\u00f3n en https:\/\/www.argentina.gob.ar\/habitat\/procrear\/desarrollosurbanisticos.<\/p>\n","protected":false},"excerpt":{"rendered":"<p>Est\u00e1n ubicados en las provincias de Buenos Aires, Chubut, C\u00f3rdoba, Santa Cruz, San Juan y Santa Fe.<\/p>\n","protected":false},"author":3,"featured_media":0,"comment_status":"closed","ping_status":"closed","sticky":false,"template":"","format":"standard","meta":{"footnotes":""},"categories":[25],"tags":[],"class_list":["post-90488","post","type-post","status-publish","format-standard","hentry","category-uncategorized"],"yoast_head":"<!-- This site is optimized with the Yoast SEO plugin v25.9 - https:\/\/yoast.com\/wordpress\/plugins\/seo\/ -->\n<title>Abren doce nuevos Desarrollos Urban\u00edsticos Procrear II - Noticias Radio Reflejos<\/title>\n<meta name=\"robots\" content=\"index, follow, max-snippet:-1, max-image-preview:large, max-video-preview:-1\" \/>\n<link rel=\"canonical\" href=\"https:\/\/www.noticiasradioreflejos.com.ar\/2021\/abren-doce-nuevos-desarrollos-urbanisticos-procrear-ii\/\" \/>\n<meta property=\"og:locale\" content=\"es_ES\" \/>\n<meta property=\"og:type\" content=\"article\" \/>\n<meta property=\"og:title\" content=\"Abren doce nuevos Desarrollos Urban\u00edsticos Procrear II - Noticias Radio Reflejos\" \/>\n<meta property=\"og:description\" content=\"Est\u00e1n ubicados en las provincias de Buenos Aires, Chubut, C\u00f3rdoba, Santa Cruz, San Juan y Santa Fe.\" \/>\n<meta property=\"og:url\" content=\"https:\/\/www.noticiasradioreflejos.com.ar\/2021\/abren-doce-nuevos-desarrollos-urbanisticos-procrear-ii\/\" \/>\n<meta property=\"og:site_name\" content=\"Noticias Radio Reflejos\" \/>\n<meta property=\"article:published_time\" content=\"2023-07-14T16:49:14+00:00\" \/>\n<meta property=\"og:image\" content=\"https:\/\/www.noticiasradioreflejos.com.ar\/2021\/wp-content\/uploads\/2021\/07\/logosol300x200.png\" \/>\n\t<meta property=\"og:image:width\" content=\"300\" \/>\n\t<meta property=\"og:image:height\" content=\"200\" \/>\n\t<meta property=\"og:image:type\" content=\"image\/png\" \/>\n<meta name=\"author\" content=\"Arnaldo Botto\" \/>\n<meta name=\"twitter:card\" content=\"summary_large_image\" \/>\n<script type=\"application\/ld+json\" class=\"yoast-schema-graph\">{\"@context\":\"https:\/\/schema.org\",\"@graph\":[{\"@type\":\"WebPage\",\"@id\":\"https:\/\/www.noticiasradioreflejos.com.ar\/2021\/abren-doce-nuevos-desarrollos-urbanisticos-procrear-ii\/\",\"url\":\"https:\/\/www.noticiasradioreflejos.com.ar\/2021\/abren-doce-nuevos-desarrollos-urbanisticos-procrear-ii\/\",\"name\":\"Abren doce nuevos Desarrollos Urban\u00edsticos Procrear II - Noticias Radio Reflejos\",\"isPartOf\":{\"@id\":\"https:\/\/www.noticiasradioreflejos.com.ar\/2021\/#website\"},\"datePublished\":\"2023-07-14T16:49:14+00:00\",\"author\":{\"@id\":\"https:\/\/www.noticiasradioreflejos.com.ar\/2021\/#\/schema\/person\/ad82545263dcc5ec0996818884fd5fb1\"},\"breadcrumb\":{\"@id\":\"https:\/\/www.noticiasradioreflejos.com.ar\/2021\/abren-doce-nuevos-desarrollos-urbanisticos-procrear-ii\/#breadcrumb\"},\"inLanguage\":\"es\",\"potentialAction\":[{\"@type\":\"ReadAction\",\"target\":[\"https:\/\/www.noticiasradioreflejos.com.ar\/2021\/abren-doce-nuevos-desarrollos-urbanisticos-procrear-ii\/\"]}]},{\"@type\":\"BreadcrumbList\",\"@id\":\"https:\/\/www.noticiasradioreflejos.com.ar\/2021\/abren-doce-nuevos-desarrollos-urbanisticos-procrear-ii\/#breadcrumb\",\"itemListElement\":[{\"@type\":\"ListItem\",\"position\":1,\"name\":\"Portada\",\"item\":\"https:\/\/www.noticiasradioreflejos.com.ar\/2021\/\"},{\"@type\":\"ListItem\",\"position\":2,\"name\":\"Abren doce nuevos Desarrollos Urban\u00edsticos Procrear II\"}]},{\"@type\":\"WebSite\",\"@id\":\"https:\/\/www.noticiasradioreflejos.com.ar\/2021\/#website\",\"url\":\"https:\/\/www.noticiasradioreflejos.com.ar\/2021\/\",\"name\":\"Noticias Radio Reflejos\",\"description\":\"Las noticias de mi comarca\",\"potentialAction\":[{\"@type\":\"SearchAction\",\"target\":{\"@type\":\"EntryPoint\",\"urlTemplate\":\"https:\/\/www.noticiasradioreflejos.com.ar\/2021\/?s={search_term_string}\"},\"query-input\":{\"@type\":\"PropertyValueSpecification\",\"valueRequired\":true,\"valueName\":\"search_term_string\"}}],\"inLanguage\":\"es\"},{\"@type\":\"Person\",\"@id\":\"https:\/\/www.noticiasradioreflejos.com.ar\/2021\/#\/schema\/person\/ad82545263dcc5ec0996818884fd5fb1\",\"name\":\"Arnaldo Botto\",\"image\":{\"@type\":\"ImageObject\",\"inLanguage\":\"es\",\"@id\":\"https:\/\/www.noticiasradioreflejos.com.ar\/2021\/#\/schema\/person\/image\/\",\"url\":\"https:\/\/secure.gravatar.com\/avatar\/55cb5e37c1efa326397366e6974cb338056df65cb50e7d64d1cf314e87504837?s=96&d=mm&r=g\",\"contentUrl\":\"https:\/\/secure.gravatar.com\/avatar\/55cb5e37c1efa326397366e6974cb338056df65cb50e7d64d1cf314e87504837?s=96&d=mm&r=g\",\"caption\":\"Arnaldo Botto\"},\"url\":\"https:\/\/www.noticiasradioreflejos.com.ar\/2021\/author\/arnaldo\/\"}]}<\/script>\n<!-- \/ Yoast SEO plugin. -->","yoast_head_json":{"title":"Abren doce nuevos Desarrollos Urban\u00edsticos Procrear II - Noticias Radio Reflejos","robots":{"index":"index","follow":"follow","max-snippet":"max-snippet:-1","max-image-preview":"max-image-preview:large","max-video-preview":"max-video-preview:-1"},"canonical":"https:\/\/www.noticiasradioreflejos.com.ar\/2021\/abren-doce-nuevos-desarrollos-urbanisticos-procrear-ii\/","og_locale":"es_ES","og_type":"article","og_title":"Abren doce nuevos Desarrollos Urban\u00edsticos Procrear II - Noticias Radio Reflejos","og_description":"Est\u00e1n ubicados en las provincias de Buenos Aires, Chubut, C\u00f3rdoba, Santa Cruz, San Juan y Santa Fe.","og_url":"https:\/\/www.noticiasradioreflejos.com.ar\/2021\/abren-doce-nuevos-desarrollos-urbanisticos-procrear-ii\/","og_site_name":"Noticias Radio Reflejos","article_published_time":"2023-07-14T16:49:14+00:00","og_image":[{"width":300,"height":200,"url":"https:\/\/www.noticiasradioreflejos.com.ar\/2021\/wp-content\/uploads\/2021\/07\/logosol300x200.png","type":"image\/png"}],"author":"Arnaldo Botto","twitter_card":"summary_large_image","schema":{"@context":"https:\/\/schema.org","@graph":[{"@type":"WebPage","@id":"https:\/\/www.noticiasradioreflejos.com.ar\/2021\/abren-doce-nuevos-desarrollos-urbanisticos-procrear-ii\/","url":"https:\/\/www.noticiasradioreflejos.com.ar\/2021\/abren-doce-nuevos-desarrollos-urbanisticos-procrear-ii\/","name":"Abren doce nuevos Desarrollos Urban\u00edsticos Procrear II - Noticias Radio Reflejos","isPartOf":{"@id":"https:\/\/www.noticiasradioreflejos.com.ar\/2021\/#website"},"datePublished":"2023-07-14T16:49:14+00:00","author":{"@id":"https:\/\/www.noticiasradioreflejos.com.ar\/2021\/#\/schema\/person\/ad82545263dcc5ec0996818884fd5fb1"},"breadcrumb":{"@id":"https:\/\/www.noticiasradioreflejos.com.ar\/2021\/abren-doce-nuevos-desarrollos-urbanisticos-procrear-ii\/#breadcrumb"},"inLanguage":"es","potentialAction":[{"@type":"ReadAction","target":["https:\/\/www.noticiasradioreflejos.com.ar\/2021\/abren-doce-nuevos-desarrollos-urbanisticos-procrear-ii\/"]}]},{"@type":"BreadcrumbList","@id":"https:\/\/www.noticiasradioreflejos.com.ar\/2021\/abren-doce-nuevos-desarrollos-urbanisticos-procrear-ii\/#breadcrumb","itemListElement":[{"@type":"ListItem","position":1,"name":"Portada","item":"https:\/\/www.noticiasradioreflejos.com.ar\/2021\/"},{"@type":"ListItem","position":2,"name":"Abren doce nuevos Desarrollos Urban\u00edsticos Procrear II"}]},{"@type":"WebSite","@id":"https:\/\/www.noticiasradioreflejos.com.ar\/2021\/#website","url":"https:\/\/www.noticiasradioreflejos.com.ar\/2021\/","name":"Noticias Radio Reflejos","description":"Las noticias de mi comarca","potentialAction":[{"@type":"SearchAction","target":{"@type":"EntryPoint","urlTemplate":"https:\/\/www.noticiasradioreflejos.com.ar\/2021\/?s={search_term_string}"},"query-input":{"@type":"PropertyValueSpecification","valueRequired":true,"valueName":"search_term_string"}}],"inLanguage":"es"},{"@type":"Person","@id":"https:\/\/www.noticiasradioreflejos.com.ar\/2021\/#\/schema\/person\/ad82545263dcc5ec0996818884fd5fb1","name":"Arnaldo Botto","image":{"@type":"ImageObject","inLanguage":"es","@id":"https:\/\/www.noticiasradioreflejos.com.ar\/2021\/#\/schema\/person\/image\/","url":"https:\/\/secure.gravatar.com\/avatar\/55cb5e37c1efa326397366e6974cb338056df65cb50e7d64d1cf314e87504837?s=96&d=mm&r=g","contentUrl":"https:\/\/secure.gravatar.com\/avatar\/55cb5e37c1efa326397366e6974cb338056df65cb50e7d64d1cf314e87504837?s=96&d=mm&r=g","caption":"Arnaldo Botto"},"url":"https:\/\/www.noticiasradioreflejos.com.ar\/2021\/author\/arnaldo\/"}]}},"_links":{"self":[{"href":"https:\/\/www.noticiasradioreflejos.com.ar\/2021\/wp-json\/wp\/v2\/posts\/90488","targetHints":{"allow":["GET"]}}],"collection":[{"href":"https:\/\/www.noticiasradioreflejos.com.ar\/2021\/wp-json\/wp\/v2\/posts"}],"about":[{"href":"https:\/\/www.noticiasradioreflejos.com.ar\/2021\/wp-json\/wp\/v2\/types\/post"}],"author":[{"embeddable":true,"href":"https:\/\/www.noticiasradioreflejos.com.ar\/2021\/wp-json\/wp\/v2\/users\/3"}],"replies":[{"embeddable":true,"href":"https:\/\/www.noticiasradioreflejos.com.ar\/2021\/wp-json\/wp\/v2\/comments?post=90488"}],"version-history":[{"count":1,"href":"https:\/\/www.noticiasradioreflejos.com.ar\/2021\/wp-json\/wp\/v2\/posts\/90488\/revisions"}],"predecessor-version":[{"id":90491,"href":"https:\/\/www.noticiasradioreflejos.com.ar\/2021\/wp-json\/wp\/v2\/posts\/90488\/revisions\/90491"}],"wp:attachment":[{"href":"https:\/\/www.noticiasradioreflejos.com.ar\/2021\/wp-json\/wp\/v2\/media?parent=90488"}],"wp:term":[{"taxonomy":"category","embeddable":true,"href":"https:\/\/www.noticiasradioreflejos.com.ar\/2021\/wp-json\/wp\/v2\/categories?post=90488"},{"taxonomy":"post_tag","embeddable":true,"href":"https:\/\/www.noticiasradioreflejos.com.ar\/2021\/wp-json\/wp\/v2\/tags?post=90488"}],"curies":[{"name":"wp","href":"https:\/\/api.w.org\/{rel}","templated":true}]}}