{"id":9040,"date":"2017-04-12T16:25:56","date_gmt":"2017-04-12T19:25:56","guid":{"rendered":"http:\/\/noticiasradioreflejos.com.ar\/noticias\/?p=9040"},"modified":"2017-04-12T16:25:56","modified_gmt":"2017-04-12T19:25:56","slug":"villa-ventana-ya-conoce-las-propuestas-para-el-nuevo-codigo-de-ordenamiento-territorial","status":"publish","type":"post","link":"https:\/\/www.noticiasradioreflejos.com.ar\/2021\/villa-ventana-ya-conoce-las-propuestas-para-el-nuevo-codigo-de-ordenamiento-territorial\/","title":{"rendered":"Villa Ventana ya conoce las propuestas para el nuevo C\u00f3digo de Ordenamiento Territorial"},"content":{"rendered":"<p>&nbsp;<br \/>\nEl martes 11 se llev\u00f3 a cabo en Villa Ventana la charla informativa sobre los cambios previstos en el C\u00f3digo de Ordenamiento Territorial para dicha para \u00a0localidad.<!--more--><br \/>\nLa exposici\u00f3n estuvo a cargo de\u00a0Gonzalo Iparraguirre, secretario de la Agencia de Desarrollo, Ezequiel Gabella, secretario de Gobierno y Hacienda, y del arq. Jos\u00e9 Zingoni, consultor del Municipio. En primer lugar se expuso el diagn\u00f3stico realizado en el Distrito durante 2016, en el marco del Plan Estrat\u00e9gico 2020, sobre el cual se trabajaron los principales lineamientos urban\u00edsticos a trabajar para cada localidad. Respecto al\u00a0procedimiento formal del tr\u00e1mite \u00a0se detallaron los siguientes procesos:<br \/>\n&nbsp;<\/p>\n<ul>\n<li>Diagn\u00f3stico y revisiones t\u00e9cnicas.<\/li>\n<li>Jornadas abiertas y participativas.<\/li>\n<li>Confecci\u00f3n de expediente con todas las reformas.<\/li>\n<li>Elevaci\u00f3n a Direcci\u00f3n Ordenamiento PBA.<\/li>\n<li>Devoluciones de PBA.<\/li>\n<li>Tratamiento ordenanza en HCD.<\/li>\n<li>Revisi\u00f3n por organismos PBA.<\/li>\n<li>Decreto provincial convalida ordenanza.<\/li>\n<\/ul>\n<p>Posteriormente, se trat\u00f3 la problem\u00e1tica espec\u00edfica de\u00a0Villa Ventana, para lo cual se convers\u00f3 abiertamente con los presentes sobre las siguientes demandas:<\/p>\n<ol>\n<li>Revisi\u00f3n de los sectores comerciales.<\/li>\n<li>Zona para corralones, actividades ruidosas, talleres, lubricentros, gomer\u00edas y servicios.<\/li>\n<li>Zona para recreaci\u00f3n.<\/li>\n<\/ol>\n<p>En cuanto a este \u00faltimo tema, el Secretario de Gobierno anunci\u00f3 la construcci\u00f3n de un play\u00f3n deportivo en el sector del camping municipal.<br \/>\n&nbsp;<br \/>\nLas charlas informativas se realizar\u00e1n el pr\u00f3ximo martes 18 en las localidades de\u00a0Sierra de la Ventana y\u00a0Saldungaray, a las \u00a0a las 18.00 hs. y a las 20.00 respectivamente.<\/p>\n","protected":false},"excerpt":{"rendered":"<p>&nbsp; El martes 11 se llev\u00f3 a cabo en Villa Ventana la charla informativa sobre los cambios previstos en el C\u00f3digo de Ordenamiento Territorial para dicha para \u00a0localidad.<\/p>\n","protected":false},"author":3,"featured_media":0,"comment_status":"closed","ping_status":"open","sticky":false,"template":"","format":"standard","meta":{"footnotes":""},"categories":[28],"tags":[],"class_list":["post-9040","post","type-post","status-publish","format-standard","hentry","category-municipales"],"yoast_head":"<!-- This site is optimized with the Yoast SEO plugin v25.9 - https:\/\/yoast.com\/wordpress\/plugins\/seo\/ -->\n<title>Villa Ventana ya conoce las propuestas para el nuevo C\u00f3digo de Ordenamiento Territorial - Noticias Radio Reflejos<\/title>\n<meta name=\"robots\" content=\"index, follow, max-snippet:-1, max-image-preview:large, max-video-preview:-1\" \/>\n<link rel=\"canonical\" href=\"https:\/\/www.noticiasradioreflejos.com.ar\/2021\/villa-ventana-ya-conoce-las-propuestas-para-el-nuevo-codigo-de-ordenamiento-territorial\/\" \/>\n<meta property=\"og:locale\" content=\"es_ES\" \/>\n<meta property=\"og:type\" content=\"article\" \/>\n<meta property=\"og:title\" content=\"Villa Ventana ya conoce las propuestas para el nuevo C\u00f3digo de Ordenamiento Territorial - Noticias Radio Reflejos\" \/>\n<meta property=\"og:description\" content=\"&nbsp; El martes 11 se llev\u00f3 a cabo en Villa Ventana la charla informativa sobre los cambios previstos en el C\u00f3digo de Ordenamiento Territorial para dicha para \u00a0localidad.\" \/>\n<meta property=\"og:url\" content=\"https:\/\/www.noticiasradioreflejos.com.ar\/2021\/villa-ventana-ya-conoce-las-propuestas-para-el-nuevo-codigo-de-ordenamiento-territorial\/\" \/>\n<meta property=\"og:site_name\" content=\"Noticias Radio Reflejos\" \/>\n<meta property=\"article:published_time\" content=\"2017-04-12T19:25:56+00:00\" \/>\n<meta property=\"og:image\" content=\"https:\/\/www.noticiasradioreflejos.com.ar\/2021\/wp-content\/uploads\/2021\/07\/logosol300x200.png\" \/>\n\t<meta property=\"og:image:width\" content=\"300\" \/>\n\t<meta property=\"og:image:height\" content=\"200\" \/>\n\t<meta property=\"og:image:type\" content=\"image\/png\" \/>\n<meta name=\"author\" content=\"Arnaldo Botto\" \/>\n<meta name=\"twitter:card\" content=\"summary_large_image\" \/>\n<script type=\"application\/ld+json\" class=\"yoast-schema-graph\">{\"@context\":\"https:\/\/schema.org\",\"@graph\":[{\"@type\":\"WebPage\",\"@id\":\"https:\/\/www.noticiasradioreflejos.com.ar\/2021\/villa-ventana-ya-conoce-las-propuestas-para-el-nuevo-codigo-de-ordenamiento-territorial\/\",\"url\":\"https:\/\/www.noticiasradioreflejos.com.ar\/2021\/villa-ventana-ya-conoce-las-propuestas-para-el-nuevo-codigo-de-ordenamiento-territorial\/\",\"name\":\"Villa Ventana ya conoce las propuestas para el nuevo C\u00f3digo de Ordenamiento Territorial - Noticias Radio Reflejos\",\"isPartOf\":{\"@id\":\"https:\/\/www.noticiasradioreflejos.com.ar\/2021\/#website\"},\"datePublished\":\"2017-04-12T19:25:56+00:00\",\"author\":{\"@id\":\"https:\/\/www.noticiasradioreflejos.com.ar\/2021\/#\/schema\/person\/ad82545263dcc5ec0996818884fd5fb1\"},\"breadcrumb\":{\"@id\":\"https:\/\/www.noticiasradioreflejos.com.ar\/2021\/villa-ventana-ya-conoce-las-propuestas-para-el-nuevo-codigo-de-ordenamiento-territorial\/#breadcrumb\"},\"inLanguage\":\"es\",\"potentialAction\":[{\"@type\":\"ReadAction\",\"target\":[\"https:\/\/www.noticiasradioreflejos.com.ar\/2021\/villa-ventana-ya-conoce-las-propuestas-para-el-nuevo-codigo-de-ordenamiento-territorial\/\"]}]},{\"@type\":\"BreadcrumbList\",\"@id\":\"https:\/\/www.noticiasradioreflejos.com.ar\/2021\/villa-ventana-ya-conoce-las-propuestas-para-el-nuevo-codigo-de-ordenamiento-territorial\/#breadcrumb\",\"itemListElement\":[{\"@type\":\"ListItem\",\"position\":1,\"name\":\"Portada\",\"item\":\"https:\/\/www.noticiasradioreflejos.com.ar\/2021\/\"},{\"@type\":\"ListItem\",\"position\":2,\"name\":\"Villa Ventana ya conoce las propuestas para el nuevo C\u00f3digo de Ordenamiento Territorial\"}]},{\"@type\":\"WebSite\",\"@id\":\"https:\/\/www.noticiasradioreflejos.com.ar\/2021\/#website\",\"url\":\"https:\/\/www.noticiasradioreflejos.com.ar\/2021\/\",\"name\":\"Noticias Radio Reflejos\",\"description\":\"Las noticias de mi comarca\",\"potentialAction\":[{\"@type\":\"SearchAction\",\"target\":{\"@type\":\"EntryPoint\",\"urlTemplate\":\"https:\/\/www.noticiasradioreflejos.com.ar\/2021\/?s={search_term_string}\"},\"query-input\":{\"@type\":\"PropertyValueSpecification\",\"valueRequired\":true,\"valueName\":\"search_term_string\"}}],\"inLanguage\":\"es\"},{\"@type\":\"Person\",\"@id\":\"https:\/\/www.noticiasradioreflejos.com.ar\/2021\/#\/schema\/person\/ad82545263dcc5ec0996818884fd5fb1\",\"name\":\"Arnaldo Botto\",\"image\":{\"@type\":\"ImageObject\",\"inLanguage\":\"es\",\"@id\":\"https:\/\/www.noticiasradioreflejos.com.ar\/2021\/#\/schema\/person\/image\/\",\"url\":\"https:\/\/secure.gravatar.com\/avatar\/55cb5e37c1efa326397366e6974cb338056df65cb50e7d64d1cf314e87504837?s=96&d=mm&r=g\",\"contentUrl\":\"https:\/\/secure.gravatar.com\/avatar\/55cb5e37c1efa326397366e6974cb338056df65cb50e7d64d1cf314e87504837?s=96&d=mm&r=g\",\"caption\":\"Arnaldo Botto\"},\"url\":\"https:\/\/www.noticiasradioreflejos.com.ar\/2021\/author\/arnaldo\/\"}]}<\/script>\n<!-- \/ Yoast SEO plugin. -->","yoast_head_json":{"title":"Villa Ventana ya conoce las propuestas para el nuevo C\u00f3digo de Ordenamiento Territorial - Noticias Radio Reflejos","robots":{"index":"index","follow":"follow","max-snippet":"max-snippet:-1","max-image-preview":"max-image-preview:large","max-video-preview":"max-video-preview:-1"},"canonical":"https:\/\/www.noticiasradioreflejos.com.ar\/2021\/villa-ventana-ya-conoce-las-propuestas-para-el-nuevo-codigo-de-ordenamiento-territorial\/","og_locale":"es_ES","og_type":"article","og_title":"Villa Ventana ya conoce las propuestas para el nuevo C\u00f3digo de Ordenamiento Territorial - Noticias Radio Reflejos","og_description":"&nbsp; El martes 11 se llev\u00f3 a cabo en Villa Ventana la charla informativa sobre los cambios previstos en el C\u00f3digo de Ordenamiento Territorial para dicha para \u00a0localidad.","og_url":"https:\/\/www.noticiasradioreflejos.com.ar\/2021\/villa-ventana-ya-conoce-las-propuestas-para-el-nuevo-codigo-de-ordenamiento-territorial\/","og_site_name":"Noticias Radio Reflejos","article_published_time":"2017-04-12T19:25:56+00:00","og_image":[{"width":300,"height":200,"url":"https:\/\/www.noticiasradioreflejos.com.ar\/2021\/wp-content\/uploads\/2021\/07\/logosol300x200.png","type":"image\/png"}],"author":"Arnaldo Botto","twitter_card":"summary_large_image","schema":{"@context":"https:\/\/schema.org","@graph":[{"@type":"WebPage","@id":"https:\/\/www.noticiasradioreflejos.com.ar\/2021\/villa-ventana-ya-conoce-las-propuestas-para-el-nuevo-codigo-de-ordenamiento-territorial\/","url":"https:\/\/www.noticiasradioreflejos.com.ar\/2021\/villa-ventana-ya-conoce-las-propuestas-para-el-nuevo-codigo-de-ordenamiento-territorial\/","name":"Villa Ventana ya conoce las propuestas para el nuevo C\u00f3digo de Ordenamiento Territorial - Noticias Radio Reflejos","isPartOf":{"@id":"https:\/\/www.noticiasradioreflejos.com.ar\/2021\/#website"},"datePublished":"2017-04-12T19:25:56+00:00","author":{"@id":"https:\/\/www.noticiasradioreflejos.com.ar\/2021\/#\/schema\/person\/ad82545263dcc5ec0996818884fd5fb1"},"breadcrumb":{"@id":"https:\/\/www.noticiasradioreflejos.com.ar\/2021\/villa-ventana-ya-conoce-las-propuestas-para-el-nuevo-codigo-de-ordenamiento-territorial\/#breadcrumb"},"inLanguage":"es","potentialAction":[{"@type":"ReadAction","target":["https:\/\/www.noticiasradioreflejos.com.ar\/2021\/villa-ventana-ya-conoce-las-propuestas-para-el-nuevo-codigo-de-ordenamiento-territorial\/"]}]},{"@type":"BreadcrumbList","@id":"https:\/\/www.noticiasradioreflejos.com.ar\/2021\/villa-ventana-ya-conoce-las-propuestas-para-el-nuevo-codigo-de-ordenamiento-territorial\/#breadcrumb","itemListElement":[{"@type":"ListItem","position":1,"name":"Portada","item":"https:\/\/www.noticiasradioreflejos.com.ar\/2021\/"},{"@type":"ListItem","position":2,"name":"Villa Ventana ya conoce las propuestas para el nuevo C\u00f3digo de Ordenamiento Territorial"}]},{"@type":"WebSite","@id":"https:\/\/www.noticiasradioreflejos.com.ar\/2021\/#website","url":"https:\/\/www.noticiasradioreflejos.com.ar\/2021\/","name":"Noticias Radio Reflejos","description":"Las noticias de mi comarca","potentialAction":[{"@type":"SearchAction","target":{"@type":"EntryPoint","urlTemplate":"https:\/\/www.noticiasradioreflejos.com.ar\/2021\/?s={search_term_string}"},"query-input":{"@type":"PropertyValueSpecification","valueRequired":true,"valueName":"search_term_string"}}],"inLanguage":"es"},{"@type":"Person","@id":"https:\/\/www.noticiasradioreflejos.com.ar\/2021\/#\/schema\/person\/ad82545263dcc5ec0996818884fd5fb1","name":"Arnaldo Botto","image":{"@type":"ImageObject","inLanguage":"es","@id":"https:\/\/www.noticiasradioreflejos.com.ar\/2021\/#\/schema\/person\/image\/","url":"https:\/\/secure.gravatar.com\/avatar\/55cb5e37c1efa326397366e6974cb338056df65cb50e7d64d1cf314e87504837?s=96&d=mm&r=g","contentUrl":"https:\/\/secure.gravatar.com\/avatar\/55cb5e37c1efa326397366e6974cb338056df65cb50e7d64d1cf314e87504837?s=96&d=mm&r=g","caption":"Arnaldo Botto"},"url":"https:\/\/www.noticiasradioreflejos.com.ar\/2021\/author\/arnaldo\/"}]}},"_links":{"self":[{"href":"https:\/\/www.noticiasradioreflejos.com.ar\/2021\/wp-json\/wp\/v2\/posts\/9040","targetHints":{"allow":["GET"]}}],"collection":[{"href":"https:\/\/www.noticiasradioreflejos.com.ar\/2021\/wp-json\/wp\/v2\/posts"}],"about":[{"href":"https:\/\/www.noticiasradioreflejos.com.ar\/2021\/wp-json\/wp\/v2\/types\/post"}],"author":[{"embeddable":true,"href":"https:\/\/www.noticiasradioreflejos.com.ar\/2021\/wp-json\/wp\/v2\/users\/3"}],"replies":[{"embeddable":true,"href":"https:\/\/www.noticiasradioreflejos.com.ar\/2021\/wp-json\/wp\/v2\/comments?post=9040"}],"version-history":[{"count":0,"href":"https:\/\/www.noticiasradioreflejos.com.ar\/2021\/wp-json\/wp\/v2\/posts\/9040\/revisions"}],"wp:attachment":[{"href":"https:\/\/www.noticiasradioreflejos.com.ar\/2021\/wp-json\/wp\/v2\/media?parent=9040"}],"wp:term":[{"taxonomy":"category","embeddable":true,"href":"https:\/\/www.noticiasradioreflejos.com.ar\/2021\/wp-json\/wp\/v2\/categories?post=9040"},{"taxonomy":"post_tag","embeddable":true,"href":"https:\/\/www.noticiasradioreflejos.com.ar\/2021\/wp-json\/wp\/v2\/tags?post=9040"}],"curies":[{"name":"wp","href":"https:\/\/api.w.org\/{rel}","templated":true}]}}