{"id":90398,"date":"2023-07-12T17:42:25","date_gmt":"2023-07-12T17:42:25","guid":{"rendered":"https:\/\/www.noticiasradioreflejos.com.ar\/2021\/?p=90398"},"modified":"2023-07-12T17:42:25","modified_gmt":"2023-07-12T17:42:25","slug":"junto-a-optimus-prime-y-bumblebee-merlina-llega-al-teatro-rodolfo-funke-2","status":"publish","type":"post","link":"https:\/\/www.noticiasradioreflejos.com.ar\/2021\/junto-a-optimus-prime-y-bumblebee-merlina-llega-al-teatro-rodolfo-funke-2\/","title":{"rendered":"Junto a Optimus Prime y Bumblebee, \u2018Merlina\u2019 llega al Teatro Rodolfo Funke"},"content":{"rendered":"<p>Una propuesta imperdible llega en vacaciones de invierno al Teatro Municipal \u2018Rodolfo Funke\u2019. Merlina, la famosa hija de Homero y Morticia Addams, se presenta en la vida real a trav\u00e9s de una obra dirigida al p\u00fablico infantil.<!--more--><\/p>\n<p>Ser\u00e1 el domingo 23 de julio a partir de las 18 hs y las entradas, que tienen un valor de $3000, se encuentran a la venta en el teatro.<\/p>\n<p>En un entretenido show, Merlina compartir\u00e1 junto a su familia y sus amigos una tarde desopilante y divertida, llena de juegos y m\u00fasica. Adem\u00e1s, recibir\u00e1 la visita inesperada de unos amigos de otras galaxias: Optimus Prime y Bumblebee.<\/p>\n<p>Apta para todo p\u00fablico, la obra apuesta a la interacci\u00f3n con grandes y chicos a trav\u00e9s del feedback entre el p\u00fablico y los actores, apelando a un formato muy actual y frecuente en otros lugares del mundo. <\/p>\n","protected":false},"excerpt":{"rendered":"<p>Una propuesta imperdible llega en vacaciones de invierno al Teatro Municipal \u2018Rodolfo Funke\u2019. Merlina, la famosa hija de Homero y Morticia Addams, se presenta en la vida real a trav\u00e9s de una obra dirigida al p\u00fablico infantil.<\/p>\n","protected":false},"author":3,"featured_media":0,"comment_status":"closed","ping_status":"closed","sticky":false,"template":"","format":"standard","meta":{"footnotes":""},"categories":[1],"tags":[],"class_list":["post-90398","post","type-post","status-publish","format-standard","hentry","category-sin-categoria"],"yoast_head":"<!-- This site is optimized with the Yoast SEO plugin v25.9 - https:\/\/yoast.com\/wordpress\/plugins\/seo\/ -->\n<title>Junto a Optimus Prime y Bumblebee, \u2018Merlina\u2019 llega al Teatro Rodolfo Funke - Noticias Radio Reflejos<\/title>\n<meta name=\"robots\" content=\"index, follow, max-snippet:-1, max-image-preview:large, max-video-preview:-1\" \/>\n<link rel=\"canonical\" href=\"https:\/\/www.noticiasradioreflejos.com.ar\/2021\/junto-a-optimus-prime-y-bumblebee-merlina-llega-al-teatro-rodolfo-funke-2\/\" \/>\n<meta property=\"og:locale\" content=\"es_ES\" \/>\n<meta property=\"og:type\" content=\"article\" \/>\n<meta property=\"og:title\" content=\"Junto a Optimus Prime y Bumblebee, \u2018Merlina\u2019 llega al Teatro Rodolfo Funke - Noticias Radio Reflejos\" \/>\n<meta property=\"og:description\" content=\"Una propuesta imperdible llega en vacaciones de invierno al Teatro Municipal \u2018Rodolfo Funke\u2019. Merlina, la famosa hija de Homero y Morticia Addams, se presenta en la vida real a trav\u00e9s de una obra dirigida al p\u00fablico infantil.\" \/>\n<meta property=\"og:url\" content=\"https:\/\/www.noticiasradioreflejos.com.ar\/2021\/junto-a-optimus-prime-y-bumblebee-merlina-llega-al-teatro-rodolfo-funke-2\/\" \/>\n<meta property=\"og:site_name\" content=\"Noticias Radio Reflejos\" \/>\n<meta property=\"article:published_time\" content=\"2023-07-12T17:42:25+00:00\" \/>\n<meta property=\"og:image\" content=\"https:\/\/www.noticiasradioreflejos.com.ar\/2021\/wp-content\/uploads\/2021\/07\/logosol300x200.png\" \/>\n\t<meta property=\"og:image:width\" content=\"300\" \/>\n\t<meta property=\"og:image:height\" content=\"200\" \/>\n\t<meta property=\"og:image:type\" content=\"image\/png\" \/>\n<meta name=\"author\" content=\"Arnaldo Botto\" \/>\n<meta name=\"twitter:card\" content=\"summary_large_image\" \/>\n<script type=\"application\/ld+json\" class=\"yoast-schema-graph\">{\"@context\":\"https:\/\/schema.org\",\"@graph\":[{\"@type\":\"WebPage\",\"@id\":\"https:\/\/www.noticiasradioreflejos.com.ar\/2021\/junto-a-optimus-prime-y-bumblebee-merlina-llega-al-teatro-rodolfo-funke-2\/\",\"url\":\"https:\/\/www.noticiasradioreflejos.com.ar\/2021\/junto-a-optimus-prime-y-bumblebee-merlina-llega-al-teatro-rodolfo-funke-2\/\",\"name\":\"Junto a Optimus Prime y Bumblebee, \u2018Merlina\u2019 llega al Teatro Rodolfo Funke - Noticias Radio Reflejos\",\"isPartOf\":{\"@id\":\"https:\/\/www.noticiasradioreflejos.com.ar\/2021\/#website\"},\"datePublished\":\"2023-07-12T17:42:25+00:00\",\"author\":{\"@id\":\"https:\/\/www.noticiasradioreflejos.com.ar\/2021\/#\/schema\/person\/ad82545263dcc5ec0996818884fd5fb1\"},\"breadcrumb\":{\"@id\":\"https:\/\/www.noticiasradioreflejos.com.ar\/2021\/junto-a-optimus-prime-y-bumblebee-merlina-llega-al-teatro-rodolfo-funke-2\/#breadcrumb\"},\"inLanguage\":\"es\",\"potentialAction\":[{\"@type\":\"ReadAction\",\"target\":[\"https:\/\/www.noticiasradioreflejos.com.ar\/2021\/junto-a-optimus-prime-y-bumblebee-merlina-llega-al-teatro-rodolfo-funke-2\/\"]}]},{\"@type\":\"BreadcrumbList\",\"@id\":\"https:\/\/www.noticiasradioreflejos.com.ar\/2021\/junto-a-optimus-prime-y-bumblebee-merlina-llega-al-teatro-rodolfo-funke-2\/#breadcrumb\",\"itemListElement\":[{\"@type\":\"ListItem\",\"position\":1,\"name\":\"Portada\",\"item\":\"https:\/\/www.noticiasradioreflejos.com.ar\/2021\/\"},{\"@type\":\"ListItem\",\"position\":2,\"name\":\"Junto a Optimus Prime y Bumblebee, \u2018Merlina\u2019 llega al Teatro Rodolfo Funke\"}]},{\"@type\":\"WebSite\",\"@id\":\"https:\/\/www.noticiasradioreflejos.com.ar\/2021\/#website\",\"url\":\"https:\/\/www.noticiasradioreflejos.com.ar\/2021\/\",\"name\":\"Noticias Radio Reflejos\",\"description\":\"Las noticias de mi comarca\",\"potentialAction\":[{\"@type\":\"SearchAction\",\"target\":{\"@type\":\"EntryPoint\",\"urlTemplate\":\"https:\/\/www.noticiasradioreflejos.com.ar\/2021\/?s={search_term_string}\"},\"query-input\":{\"@type\":\"PropertyValueSpecification\",\"valueRequired\":true,\"valueName\":\"search_term_string\"}}],\"inLanguage\":\"es\"},{\"@type\":\"Person\",\"@id\":\"https:\/\/www.noticiasradioreflejos.com.ar\/2021\/#\/schema\/person\/ad82545263dcc5ec0996818884fd5fb1\",\"name\":\"Arnaldo Botto\",\"image\":{\"@type\":\"ImageObject\",\"inLanguage\":\"es\",\"@id\":\"https:\/\/www.noticiasradioreflejos.com.ar\/2021\/#\/schema\/person\/image\/\",\"url\":\"https:\/\/secure.gravatar.com\/avatar\/55cb5e37c1efa326397366e6974cb338056df65cb50e7d64d1cf314e87504837?s=96&d=mm&r=g\",\"contentUrl\":\"https:\/\/secure.gravatar.com\/avatar\/55cb5e37c1efa326397366e6974cb338056df65cb50e7d64d1cf314e87504837?s=96&d=mm&r=g\",\"caption\":\"Arnaldo Botto\"},\"url\":\"https:\/\/www.noticiasradioreflejos.com.ar\/2021\/author\/arnaldo\/\"}]}<\/script>\n<!-- \/ Yoast SEO plugin. -->","yoast_head_json":{"title":"Junto a Optimus Prime y Bumblebee, \u2018Merlina\u2019 llega al Teatro Rodolfo Funke - Noticias Radio Reflejos","robots":{"index":"index","follow":"follow","max-snippet":"max-snippet:-1","max-image-preview":"max-image-preview:large","max-video-preview":"max-video-preview:-1"},"canonical":"https:\/\/www.noticiasradioreflejos.com.ar\/2021\/junto-a-optimus-prime-y-bumblebee-merlina-llega-al-teatro-rodolfo-funke-2\/","og_locale":"es_ES","og_type":"article","og_title":"Junto a Optimus Prime y Bumblebee, \u2018Merlina\u2019 llega al Teatro Rodolfo Funke - Noticias Radio Reflejos","og_description":"Una propuesta imperdible llega en vacaciones de invierno al Teatro Municipal \u2018Rodolfo Funke\u2019. Merlina, la famosa hija de Homero y Morticia Addams, se presenta en la vida real a trav\u00e9s de una obra dirigida al p\u00fablico infantil.","og_url":"https:\/\/www.noticiasradioreflejos.com.ar\/2021\/junto-a-optimus-prime-y-bumblebee-merlina-llega-al-teatro-rodolfo-funke-2\/","og_site_name":"Noticias Radio Reflejos","article_published_time":"2023-07-12T17:42:25+00:00","og_image":[{"width":300,"height":200,"url":"https:\/\/www.noticiasradioreflejos.com.ar\/2021\/wp-content\/uploads\/2021\/07\/logosol300x200.png","type":"image\/png"}],"author":"Arnaldo Botto","twitter_card":"summary_large_image","schema":{"@context":"https:\/\/schema.org","@graph":[{"@type":"WebPage","@id":"https:\/\/www.noticiasradioreflejos.com.ar\/2021\/junto-a-optimus-prime-y-bumblebee-merlina-llega-al-teatro-rodolfo-funke-2\/","url":"https:\/\/www.noticiasradioreflejos.com.ar\/2021\/junto-a-optimus-prime-y-bumblebee-merlina-llega-al-teatro-rodolfo-funke-2\/","name":"Junto a Optimus Prime y Bumblebee, \u2018Merlina\u2019 llega al Teatro Rodolfo Funke - Noticias Radio Reflejos","isPartOf":{"@id":"https:\/\/www.noticiasradioreflejos.com.ar\/2021\/#website"},"datePublished":"2023-07-12T17:42:25+00:00","author":{"@id":"https:\/\/www.noticiasradioreflejos.com.ar\/2021\/#\/schema\/person\/ad82545263dcc5ec0996818884fd5fb1"},"breadcrumb":{"@id":"https:\/\/www.noticiasradioreflejos.com.ar\/2021\/junto-a-optimus-prime-y-bumblebee-merlina-llega-al-teatro-rodolfo-funke-2\/#breadcrumb"},"inLanguage":"es","potentialAction":[{"@type":"ReadAction","target":["https:\/\/www.noticiasradioreflejos.com.ar\/2021\/junto-a-optimus-prime-y-bumblebee-merlina-llega-al-teatro-rodolfo-funke-2\/"]}]},{"@type":"BreadcrumbList","@id":"https:\/\/www.noticiasradioreflejos.com.ar\/2021\/junto-a-optimus-prime-y-bumblebee-merlina-llega-al-teatro-rodolfo-funke-2\/#breadcrumb","itemListElement":[{"@type":"ListItem","position":1,"name":"Portada","item":"https:\/\/www.noticiasradioreflejos.com.ar\/2021\/"},{"@type":"ListItem","position":2,"name":"Junto a Optimus Prime y Bumblebee, \u2018Merlina\u2019 llega al Teatro Rodolfo Funke"}]},{"@type":"WebSite","@id":"https:\/\/www.noticiasradioreflejos.com.ar\/2021\/#website","url":"https:\/\/www.noticiasradioreflejos.com.ar\/2021\/","name":"Noticias Radio Reflejos","description":"Las noticias de mi comarca","potentialAction":[{"@type":"SearchAction","target":{"@type":"EntryPoint","urlTemplate":"https:\/\/www.noticiasradioreflejos.com.ar\/2021\/?s={search_term_string}"},"query-input":{"@type":"PropertyValueSpecification","valueRequired":true,"valueName":"search_term_string"}}],"inLanguage":"es"},{"@type":"Person","@id":"https:\/\/www.noticiasradioreflejos.com.ar\/2021\/#\/schema\/person\/ad82545263dcc5ec0996818884fd5fb1","name":"Arnaldo Botto","image":{"@type":"ImageObject","inLanguage":"es","@id":"https:\/\/www.noticiasradioreflejos.com.ar\/2021\/#\/schema\/person\/image\/","url":"https:\/\/secure.gravatar.com\/avatar\/55cb5e37c1efa326397366e6974cb338056df65cb50e7d64d1cf314e87504837?s=96&d=mm&r=g","contentUrl":"https:\/\/secure.gravatar.com\/avatar\/55cb5e37c1efa326397366e6974cb338056df65cb50e7d64d1cf314e87504837?s=96&d=mm&r=g","caption":"Arnaldo Botto"},"url":"https:\/\/www.noticiasradioreflejos.com.ar\/2021\/author\/arnaldo\/"}]}},"_links":{"self":[{"href":"https:\/\/www.noticiasradioreflejos.com.ar\/2021\/wp-json\/wp\/v2\/posts\/90398","targetHints":{"allow":["GET"]}}],"collection":[{"href":"https:\/\/www.noticiasradioreflejos.com.ar\/2021\/wp-json\/wp\/v2\/posts"}],"about":[{"href":"https:\/\/www.noticiasradioreflejos.com.ar\/2021\/wp-json\/wp\/v2\/types\/post"}],"author":[{"embeddable":true,"href":"https:\/\/www.noticiasradioreflejos.com.ar\/2021\/wp-json\/wp\/v2\/users\/3"}],"replies":[{"embeddable":true,"href":"https:\/\/www.noticiasradioreflejos.com.ar\/2021\/wp-json\/wp\/v2\/comments?post=90398"}],"version-history":[{"count":1,"href":"https:\/\/www.noticiasradioreflejos.com.ar\/2021\/wp-json\/wp\/v2\/posts\/90398\/revisions"}],"predecessor-version":[{"id":90400,"href":"https:\/\/www.noticiasradioreflejos.com.ar\/2021\/wp-json\/wp\/v2\/posts\/90398\/revisions\/90400"}],"wp:attachment":[{"href":"https:\/\/www.noticiasradioreflejos.com.ar\/2021\/wp-json\/wp\/v2\/media?parent=90398"}],"wp:term":[{"taxonomy":"category","embeddable":true,"href":"https:\/\/www.noticiasradioreflejos.com.ar\/2021\/wp-json\/wp\/v2\/categories?post=90398"},{"taxonomy":"post_tag","embeddable":true,"href":"https:\/\/www.noticiasradioreflejos.com.ar\/2021\/wp-json\/wp\/v2\/tags?post=90398"}],"curies":[{"name":"wp","href":"https:\/\/api.w.org\/{rel}","templated":true}]}}