{"id":90227,"date":"2023-07-07T17:07:08","date_gmt":"2023-07-07T17:07:08","guid":{"rendered":"https:\/\/www.noticiasradioreflejos.com.ar\/2021\/?p=90227"},"modified":"2023-07-07T17:07:08","modified_gmt":"2023-07-07T17:07:08","slug":"el-ministerio-de-las-mujeres-politicas-de-genero-y-diversidad-sexual-visito-los-distritos-de-tres-lomas-coronel-suarez-y-bahia-blanca","status":"publish","type":"post","link":"https:\/\/www.noticiasradioreflejos.com.ar\/2021\/el-ministerio-de-las-mujeres-politicas-de-genero-y-diversidad-sexual-visito-los-distritos-de-tres-lomas-coronel-suarez-y-bahia-blanca\/","title":{"rendered":"El Ministerio de las Mujeres, Pol\u00edticas de g\u00e9nero y Diversidad sexual visit\u00f3 los distritos de Tres Lomas, Coronel Su\u00e1rez y Bah\u00eda Blanca."},"content":{"rendered":"<p>La directora de Pol\u00edticas Culturales para la Igualdad, Natalia Laclau y la directora de Regi\u00f3n Sexta, Silvia Zaballa realizaron en Tres Lomas los talleres \u201cNivelando la Cancha\u201d de perspectiva de g\u00e9nero y diversidad en el deporte.Con el objetivo de continuar con el trabajo conjunto realizado con la Liga Treslomense y el \u00c1rea g\u00e9nero local, se llevaron a cabo talleres dirigidos a integrantes de comisiones directivas de los clubes y a jugadoras de f\u00fatbol femenino distritales y regionales. En el encuentro se abordaron tem\u00e1ticas relacionadas al deporte como derecho, el desarrollo del f\u00fatbol para mujeres y diversidades en todos los niveles y se compartieron estrategias para continuar trabajando en la construcci\u00f3n de un deporte igualitario.<!--more--><\/p>\n<p><a data-flickr-embed=\"true\" href=\"https:\/\/www.flickr.com\/photos\/182279889@N02\/53029742109\/in\/dateposted-public\/\" title=\"DSC_0353\"><img loading=\"lazy\" decoding=\"async\" src=\"https:\/\/live.staticflickr.com\/65535\/53029742109_535d52d257_c.jpg\" width=\"800\" height=\"533\" alt=\"DSC_0353\"\/><\/a><script async src=\"\/\/embedr.flickr.com\/assets\/client-code.js\" charset=\"utf-8\"><\/script><\/p>\n<p>En Coronel Su\u00e1rez y Bah\u00eda Blanca se llev\u00f3 a cabo el taller \u201cciencia sin estereotipos\u201d del que participaron los CEC Y CIIES de la regi\u00f3n 22 y 23, inspectores y referentes distritales y regionales. <\/p>\n<p><a data-flickr-embed=\"true\" href=\"https:\/\/www.flickr.com\/photos\/182279889@N02\/53029742104\/in\/dateposted-public\/\" title=\"DSC_0466\"><img loading=\"lazy\" decoding=\"async\" src=\"https:\/\/live.staticflickr.com\/65535\/53029742104_1f4e998e3a_c.jpg\" width=\"800\" height=\"533\" alt=\"DSC_0466\"\/><\/a><script async src=\"\/\/embedr.flickr.com\/assets\/client-code.js\" charset=\"utf-8\"><\/script><\/p>\n<p>Trabajaron sobre herramientas para abordar en las aulas los estereotipos de g\u00e9nero con respecto a las ciencias a partir del juego y la serie animada \u00abLas 4 de Melchior\u00bb, sobre las primeras cient\u00edficas que realizaron una expedici\u00f3n a la Ant\u00e1rtida, producida junto a Canal Paka Paka.<\/p>\n<p>La directora de Investigaciones del Ministerio, Sol Calandria y la directora de la Regi\u00f3n Silvia Zaballa, reconstruyeron los distintos obst\u00e1culos que enfrentaron las mujeres en la historia para poder hacer ciencia y dialogaron sobre las posibilidades de las mujeres en el presente.<\/p>\n","protected":false},"excerpt":{"rendered":"<p>La directora de Pol\u00edticas Culturales para la Igualdad, Natalia Laclau y la directora de Regi\u00f3n Sexta, Silvia Zaballa realizaron en Tres Lomas los talleres \u201cNivelando la Cancha\u201d de perspectiva de g\u00e9nero y diversidad en el deporte.Con el objetivo de continuar con el trabajo conjunto realizado con la Liga Treslomense y el \u00c1rea g\u00e9nero local, se [&hellip;]<\/p>\n","protected":false},"author":3,"featured_media":0,"comment_status":"closed","ping_status":"closed","sticky":false,"template":"","format":"standard","meta":{"footnotes":""},"categories":[24],"tags":[],"class_list":["post-90227","post","type-post","status-publish","format-standard","hentry","category-politica"],"yoast_head":"<!-- This site is optimized with the Yoast SEO plugin v25.9 - https:\/\/yoast.com\/wordpress\/plugins\/seo\/ -->\n<title>El Ministerio de las Mujeres, Pol\u00edticas de g\u00e9nero y Diversidad sexual visit\u00f3 los distritos de Tres Lomas, Coronel Su\u00e1rez y Bah\u00eda Blanca. - Noticias Radio Reflejos<\/title>\n<meta name=\"robots\" content=\"index, follow, max-snippet:-1, max-image-preview:large, max-video-preview:-1\" \/>\n<link rel=\"canonical\" href=\"https:\/\/www.noticiasradioreflejos.com.ar\/2021\/el-ministerio-de-las-mujeres-politicas-de-genero-y-diversidad-sexual-visito-los-distritos-de-tres-lomas-coronel-suarez-y-bahia-blanca\/\" \/>\n<meta property=\"og:locale\" content=\"es_ES\" \/>\n<meta property=\"og:type\" content=\"article\" \/>\n<meta property=\"og:title\" content=\"El Ministerio de las Mujeres, Pol\u00edticas de g\u00e9nero y Diversidad sexual visit\u00f3 los distritos de Tres Lomas, Coronel Su\u00e1rez y Bah\u00eda Blanca. - Noticias Radio Reflejos\" \/>\n<meta property=\"og:description\" content=\"La directora de Pol\u00edticas Culturales para la Igualdad, Natalia Laclau y la directora de Regi\u00f3n Sexta, Silvia Zaballa realizaron en Tres Lomas los talleres \u201cNivelando la Cancha\u201d de perspectiva de g\u00e9nero y diversidad en el deporte.Con el objetivo de continuar con el trabajo conjunto realizado con la Liga Treslomense y el \u00c1rea g\u00e9nero local, se [&hellip;]\" \/>\n<meta property=\"og:url\" content=\"https:\/\/www.noticiasradioreflejos.com.ar\/2021\/el-ministerio-de-las-mujeres-politicas-de-genero-y-diversidad-sexual-visito-los-distritos-de-tres-lomas-coronel-suarez-y-bahia-blanca\/\" \/>\n<meta property=\"og:site_name\" content=\"Noticias Radio Reflejos\" \/>\n<meta property=\"article:published_time\" content=\"2023-07-07T17:07:08+00:00\" \/>\n<meta property=\"og:image\" content=\"https:\/\/live.staticflickr.com\/65535\/53029742109_535d52d257_c.jpg\" \/>\n<meta name=\"author\" content=\"Arnaldo Botto\" \/>\n<meta name=\"twitter:card\" content=\"summary_large_image\" \/>\n<script type=\"application\/ld+json\" class=\"yoast-schema-graph\">{\"@context\":\"https:\/\/schema.org\",\"@graph\":[{\"@type\":\"WebPage\",\"@id\":\"https:\/\/www.noticiasradioreflejos.com.ar\/2021\/el-ministerio-de-las-mujeres-politicas-de-genero-y-diversidad-sexual-visito-los-distritos-de-tres-lomas-coronel-suarez-y-bahia-blanca\/\",\"url\":\"https:\/\/www.noticiasradioreflejos.com.ar\/2021\/el-ministerio-de-las-mujeres-politicas-de-genero-y-diversidad-sexual-visito-los-distritos-de-tres-lomas-coronel-suarez-y-bahia-blanca\/\",\"name\":\"El Ministerio de las Mujeres, Pol\u00edticas de g\u00e9nero y Diversidad sexual visit\u00f3 los distritos de Tres Lomas, Coronel Su\u00e1rez y Bah\u00eda Blanca. - Noticias Radio Reflejos\",\"isPartOf\":{\"@id\":\"https:\/\/www.noticiasradioreflejos.com.ar\/2021\/#website\"},\"primaryImageOfPage\":{\"@id\":\"https:\/\/www.noticiasradioreflejos.com.ar\/2021\/el-ministerio-de-las-mujeres-politicas-de-genero-y-diversidad-sexual-visito-los-distritos-de-tres-lomas-coronel-suarez-y-bahia-blanca\/#primaryimage\"},\"image\":{\"@id\":\"https:\/\/www.noticiasradioreflejos.com.ar\/2021\/el-ministerio-de-las-mujeres-politicas-de-genero-y-diversidad-sexual-visito-los-distritos-de-tres-lomas-coronel-suarez-y-bahia-blanca\/#primaryimage\"},\"thumbnailUrl\":\"https:\/\/live.staticflickr.com\/65535\/53029742109_535d52d257_c.jpg\",\"datePublished\":\"2023-07-07T17:07:08+00:00\",\"author\":{\"@id\":\"https:\/\/www.noticiasradioreflejos.com.ar\/2021\/#\/schema\/person\/ad82545263dcc5ec0996818884fd5fb1\"},\"breadcrumb\":{\"@id\":\"https:\/\/www.noticiasradioreflejos.com.ar\/2021\/el-ministerio-de-las-mujeres-politicas-de-genero-y-diversidad-sexual-visito-los-distritos-de-tres-lomas-coronel-suarez-y-bahia-blanca\/#breadcrumb\"},\"inLanguage\":\"es\",\"potentialAction\":[{\"@type\":\"ReadAction\",\"target\":[\"https:\/\/www.noticiasradioreflejos.com.ar\/2021\/el-ministerio-de-las-mujeres-politicas-de-genero-y-diversidad-sexual-visito-los-distritos-de-tres-lomas-coronel-suarez-y-bahia-blanca\/\"]}]},{\"@type\":\"ImageObject\",\"inLanguage\":\"es\",\"@id\":\"https:\/\/www.noticiasradioreflejos.com.ar\/2021\/el-ministerio-de-las-mujeres-politicas-de-genero-y-diversidad-sexual-visito-los-distritos-de-tres-lomas-coronel-suarez-y-bahia-blanca\/#primaryimage\",\"url\":\"https:\/\/live.staticflickr.com\/65535\/53029742109_535d52d257_c.jpg\",\"contentUrl\":\"https:\/\/live.staticflickr.com\/65535\/53029742109_535d52d257_c.jpg\"},{\"@type\":\"BreadcrumbList\",\"@id\":\"https:\/\/www.noticiasradioreflejos.com.ar\/2021\/el-ministerio-de-las-mujeres-politicas-de-genero-y-diversidad-sexual-visito-los-distritos-de-tres-lomas-coronel-suarez-y-bahia-blanca\/#breadcrumb\",\"itemListElement\":[{\"@type\":\"ListItem\",\"position\":1,\"name\":\"Portada\",\"item\":\"https:\/\/www.noticiasradioreflejos.com.ar\/2021\/\"},{\"@type\":\"ListItem\",\"position\":2,\"name\":\"El Ministerio de las Mujeres, Pol\u00edticas de g\u00e9nero y Diversidad sexual visit\u00f3 los distritos de Tres Lomas, Coronel Su\u00e1rez y Bah\u00eda Blanca.\"}]},{\"@type\":\"WebSite\",\"@id\":\"https:\/\/www.noticiasradioreflejos.com.ar\/2021\/#website\",\"url\":\"https:\/\/www.noticiasradioreflejos.com.ar\/2021\/\",\"name\":\"Noticias Radio Reflejos\",\"description\":\"Las noticias de mi comarca\",\"potentialAction\":[{\"@type\":\"SearchAction\",\"target\":{\"@type\":\"EntryPoint\",\"urlTemplate\":\"https:\/\/www.noticiasradioreflejos.com.ar\/2021\/?s={search_term_string}\"},\"query-input\":{\"@type\":\"PropertyValueSpecification\",\"valueRequired\":true,\"valueName\":\"search_term_string\"}}],\"inLanguage\":\"es\"},{\"@type\":\"Person\",\"@id\":\"https:\/\/www.noticiasradioreflejos.com.ar\/2021\/#\/schema\/person\/ad82545263dcc5ec0996818884fd5fb1\",\"name\":\"Arnaldo Botto\",\"image\":{\"@type\":\"ImageObject\",\"inLanguage\":\"es\",\"@id\":\"https:\/\/www.noticiasradioreflejos.com.ar\/2021\/#\/schema\/person\/image\/\",\"url\":\"https:\/\/secure.gravatar.com\/avatar\/55cb5e37c1efa326397366e6974cb338056df65cb50e7d64d1cf314e87504837?s=96&d=mm&r=g\",\"contentUrl\":\"https:\/\/secure.gravatar.com\/avatar\/55cb5e37c1efa326397366e6974cb338056df65cb50e7d64d1cf314e87504837?s=96&d=mm&r=g\",\"caption\":\"Arnaldo Botto\"},\"url\":\"https:\/\/www.noticiasradioreflejos.com.ar\/2021\/author\/arnaldo\/\"}]}<\/script>\n<!-- \/ Yoast SEO plugin. -->","yoast_head_json":{"title":"El Ministerio de las Mujeres, Pol\u00edticas de g\u00e9nero y Diversidad sexual visit\u00f3 los distritos de Tres Lomas, Coronel Su\u00e1rez y Bah\u00eda Blanca. - Noticias Radio Reflejos","robots":{"index":"index","follow":"follow","max-snippet":"max-snippet:-1","max-image-preview":"max-image-preview:large","max-video-preview":"max-video-preview:-1"},"canonical":"https:\/\/www.noticiasradioreflejos.com.ar\/2021\/el-ministerio-de-las-mujeres-politicas-de-genero-y-diversidad-sexual-visito-los-distritos-de-tres-lomas-coronel-suarez-y-bahia-blanca\/","og_locale":"es_ES","og_type":"article","og_title":"El Ministerio de las Mujeres, Pol\u00edticas de g\u00e9nero y Diversidad sexual visit\u00f3 los distritos de Tres Lomas, Coronel Su\u00e1rez y Bah\u00eda Blanca. - Noticias Radio Reflejos","og_description":"La directora de Pol\u00edticas Culturales para la Igualdad, Natalia Laclau y la directora de Regi\u00f3n Sexta, Silvia Zaballa realizaron en Tres Lomas los talleres \u201cNivelando la Cancha\u201d de perspectiva de g\u00e9nero y diversidad en el deporte.Con el objetivo de continuar con el trabajo conjunto realizado con la Liga Treslomense y el \u00c1rea g\u00e9nero local, se [&hellip;]","og_url":"https:\/\/www.noticiasradioreflejos.com.ar\/2021\/el-ministerio-de-las-mujeres-politicas-de-genero-y-diversidad-sexual-visito-los-distritos-de-tres-lomas-coronel-suarez-y-bahia-blanca\/","og_site_name":"Noticias Radio Reflejos","article_published_time":"2023-07-07T17:07:08+00:00","og_image":[{"url":"https:\/\/live.staticflickr.com\/65535\/53029742109_535d52d257_c.jpg","type":"","width":"","height":""}],"author":"Arnaldo Botto","twitter_card":"summary_large_image","schema":{"@context":"https:\/\/schema.org","@graph":[{"@type":"WebPage","@id":"https:\/\/www.noticiasradioreflejos.com.ar\/2021\/el-ministerio-de-las-mujeres-politicas-de-genero-y-diversidad-sexual-visito-los-distritos-de-tres-lomas-coronel-suarez-y-bahia-blanca\/","url":"https:\/\/www.noticiasradioreflejos.com.ar\/2021\/el-ministerio-de-las-mujeres-politicas-de-genero-y-diversidad-sexual-visito-los-distritos-de-tres-lomas-coronel-suarez-y-bahia-blanca\/","name":"El Ministerio de las Mujeres, Pol\u00edticas de g\u00e9nero y Diversidad sexual visit\u00f3 los distritos de Tres Lomas, Coronel Su\u00e1rez y Bah\u00eda Blanca. - Noticias Radio Reflejos","isPartOf":{"@id":"https:\/\/www.noticiasradioreflejos.com.ar\/2021\/#website"},"primaryImageOfPage":{"@id":"https:\/\/www.noticiasradioreflejos.com.ar\/2021\/el-ministerio-de-las-mujeres-politicas-de-genero-y-diversidad-sexual-visito-los-distritos-de-tres-lomas-coronel-suarez-y-bahia-blanca\/#primaryimage"},"image":{"@id":"https:\/\/www.noticiasradioreflejos.com.ar\/2021\/el-ministerio-de-las-mujeres-politicas-de-genero-y-diversidad-sexual-visito-los-distritos-de-tres-lomas-coronel-suarez-y-bahia-blanca\/#primaryimage"},"thumbnailUrl":"https:\/\/live.staticflickr.com\/65535\/53029742109_535d52d257_c.jpg","datePublished":"2023-07-07T17:07:08+00:00","author":{"@id":"https:\/\/www.noticiasradioreflejos.com.ar\/2021\/#\/schema\/person\/ad82545263dcc5ec0996818884fd5fb1"},"breadcrumb":{"@id":"https:\/\/www.noticiasradioreflejos.com.ar\/2021\/el-ministerio-de-las-mujeres-politicas-de-genero-y-diversidad-sexual-visito-los-distritos-de-tres-lomas-coronel-suarez-y-bahia-blanca\/#breadcrumb"},"inLanguage":"es","potentialAction":[{"@type":"ReadAction","target":["https:\/\/www.noticiasradioreflejos.com.ar\/2021\/el-ministerio-de-las-mujeres-politicas-de-genero-y-diversidad-sexual-visito-los-distritos-de-tres-lomas-coronel-suarez-y-bahia-blanca\/"]}]},{"@type":"ImageObject","inLanguage":"es","@id":"https:\/\/www.noticiasradioreflejos.com.ar\/2021\/el-ministerio-de-las-mujeres-politicas-de-genero-y-diversidad-sexual-visito-los-distritos-de-tres-lomas-coronel-suarez-y-bahia-blanca\/#primaryimage","url":"https:\/\/live.staticflickr.com\/65535\/53029742109_535d52d257_c.jpg","contentUrl":"https:\/\/live.staticflickr.com\/65535\/53029742109_535d52d257_c.jpg"},{"@type":"BreadcrumbList","@id":"https:\/\/www.noticiasradioreflejos.com.ar\/2021\/el-ministerio-de-las-mujeres-politicas-de-genero-y-diversidad-sexual-visito-los-distritos-de-tres-lomas-coronel-suarez-y-bahia-blanca\/#breadcrumb","itemListElement":[{"@type":"ListItem","position":1,"name":"Portada","item":"https:\/\/www.noticiasradioreflejos.com.ar\/2021\/"},{"@type":"ListItem","position":2,"name":"El Ministerio de las Mujeres, Pol\u00edticas de g\u00e9nero y Diversidad sexual visit\u00f3 los distritos de Tres Lomas, Coronel Su\u00e1rez y Bah\u00eda Blanca."}]},{"@type":"WebSite","@id":"https:\/\/www.noticiasradioreflejos.com.ar\/2021\/#website","url":"https:\/\/www.noticiasradioreflejos.com.ar\/2021\/","name":"Noticias Radio Reflejos","description":"Las noticias de mi comarca","potentialAction":[{"@type":"SearchAction","target":{"@type":"EntryPoint","urlTemplate":"https:\/\/www.noticiasradioreflejos.com.ar\/2021\/?s={search_term_string}"},"query-input":{"@type":"PropertyValueSpecification","valueRequired":true,"valueName":"search_term_string"}}],"inLanguage":"es"},{"@type":"Person","@id":"https:\/\/www.noticiasradioreflejos.com.ar\/2021\/#\/schema\/person\/ad82545263dcc5ec0996818884fd5fb1","name":"Arnaldo Botto","image":{"@type":"ImageObject","inLanguage":"es","@id":"https:\/\/www.noticiasradioreflejos.com.ar\/2021\/#\/schema\/person\/image\/","url":"https:\/\/secure.gravatar.com\/avatar\/55cb5e37c1efa326397366e6974cb338056df65cb50e7d64d1cf314e87504837?s=96&d=mm&r=g","contentUrl":"https:\/\/secure.gravatar.com\/avatar\/55cb5e37c1efa326397366e6974cb338056df65cb50e7d64d1cf314e87504837?s=96&d=mm&r=g","caption":"Arnaldo Botto"},"url":"https:\/\/www.noticiasradioreflejos.com.ar\/2021\/author\/arnaldo\/"}]}},"_links":{"self":[{"href":"https:\/\/www.noticiasradioreflejos.com.ar\/2021\/wp-json\/wp\/v2\/posts\/90227","targetHints":{"allow":["GET"]}}],"collection":[{"href":"https:\/\/www.noticiasradioreflejos.com.ar\/2021\/wp-json\/wp\/v2\/posts"}],"about":[{"href":"https:\/\/www.noticiasradioreflejos.com.ar\/2021\/wp-json\/wp\/v2\/types\/post"}],"author":[{"embeddable":true,"href":"https:\/\/www.noticiasradioreflejos.com.ar\/2021\/wp-json\/wp\/v2\/users\/3"}],"replies":[{"embeddable":true,"href":"https:\/\/www.noticiasradioreflejos.com.ar\/2021\/wp-json\/wp\/v2\/comments?post=90227"}],"version-history":[{"count":1,"href":"https:\/\/www.noticiasradioreflejos.com.ar\/2021\/wp-json\/wp\/v2\/posts\/90227\/revisions"}],"predecessor-version":[{"id":90229,"href":"https:\/\/www.noticiasradioreflejos.com.ar\/2021\/wp-json\/wp\/v2\/posts\/90227\/revisions\/90229"}],"wp:attachment":[{"href":"https:\/\/www.noticiasradioreflejos.com.ar\/2021\/wp-json\/wp\/v2\/media?parent=90227"}],"wp:term":[{"taxonomy":"category","embeddable":true,"href":"https:\/\/www.noticiasradioreflejos.com.ar\/2021\/wp-json\/wp\/v2\/categories?post=90227"},{"taxonomy":"post_tag","embeddable":true,"href":"https:\/\/www.noticiasradioreflejos.com.ar\/2021\/wp-json\/wp\/v2\/tags?post=90227"}],"curies":[{"name":"wp","href":"https:\/\/api.w.org\/{rel}","templated":true}]}}