{"id":9021,"date":"2017-04-12T10:43:57","date_gmt":"2017-04-12T13:43:57","guid":{"rendered":"http:\/\/noticiasradioreflejos.com.ar\/noticias\/?p=9021"},"modified":"2017-04-12T10:43:57","modified_gmt":"2017-04-12T13:43:57","slug":"servicio-de-enfermeria-en-villa-serrana-la-gruta-durante-semana-santa","status":"publish","type":"post","link":"https:\/\/www.noticiasradioreflejos.com.ar\/2021\/servicio-de-enfermeria-en-villa-serrana-la-gruta-durante-semana-santa\/","title":{"rendered":"Servicio de enfermer\u00eda en Villa Serrana La Gruta durante Semana Santa"},"content":{"rendered":"<p>La Secretar\u00eda de Salud municipal inform\u00f3 que durante Semana Santa se brindar\u00e1 servicio de enfermer\u00eda en la Unidad Sanitaria de Villa Serrana La Gruta, adem\u00e1s se dispondr\u00e1 de una ambulancia para aquellos casos que necesiten traslado.<br \/>\nEl horario de atenci\u00f3n ser\u00e1 de 11 a 19.00.<!--more--><br \/>\nSi bien la sala a\u00fan no se ha inaugurado oficialmente, cuenta con la infraestructura necesaria para brindar, en esta oportunidad, servicio sanitario.<br \/>\nEsta medida se fundamenta en el importante caudal de visitantes que recibe nuestro destino durante este fin de semana, y el objetivo es evitar que la persona que requiera atenci\u00f3n tenga que trasladarse a otra localidad, de esta manera tambi\u00e9n se descomprimen las otras salas.<\/p>\n","protected":false},"excerpt":{"rendered":"<p>La Secretar\u00eda de Salud municipal inform\u00f3 que durante Semana Santa se brindar\u00e1 servicio de enfermer\u00eda en la Unidad Sanitaria de Villa Serrana La Gruta, adem\u00e1s se dispondr\u00e1 de una ambulancia para aquellos casos que necesiten traslado. El horario de atenci\u00f3n ser\u00e1 de 11 a 19.00.<\/p>\n","protected":false},"author":3,"featured_media":0,"comment_status":"closed","ping_status":"open","sticky":false,"template":"","format":"standard","meta":{"footnotes":""},"categories":[30],"tags":[],"class_list":["post-9021","post","type-post","status-publish","format-standard","hentry","category-salud"],"yoast_head":"<!-- This site is optimized with the Yoast SEO plugin v25.9 - https:\/\/yoast.com\/wordpress\/plugins\/seo\/ -->\n<title>Servicio de enfermer\u00eda en Villa Serrana La Gruta durante Semana Santa - Noticias Radio Reflejos<\/title>\n<meta name=\"robots\" content=\"index, follow, max-snippet:-1, max-image-preview:large, max-video-preview:-1\" \/>\n<link rel=\"canonical\" href=\"https:\/\/www.noticiasradioreflejos.com.ar\/2021\/servicio-de-enfermeria-en-villa-serrana-la-gruta-durante-semana-santa\/\" \/>\n<meta property=\"og:locale\" content=\"es_ES\" \/>\n<meta property=\"og:type\" content=\"article\" \/>\n<meta property=\"og:title\" content=\"Servicio de enfermer\u00eda en Villa Serrana La Gruta durante Semana Santa - Noticias Radio Reflejos\" \/>\n<meta property=\"og:description\" content=\"La Secretar\u00eda de Salud municipal inform\u00f3 que durante Semana Santa se brindar\u00e1 servicio de enfermer\u00eda en la Unidad Sanitaria de Villa Serrana La Gruta, adem\u00e1s se dispondr\u00e1 de una ambulancia para aquellos casos que necesiten traslado. El horario de atenci\u00f3n ser\u00e1 de 11 a 19.00.\" \/>\n<meta property=\"og:url\" content=\"https:\/\/www.noticiasradioreflejos.com.ar\/2021\/servicio-de-enfermeria-en-villa-serrana-la-gruta-durante-semana-santa\/\" \/>\n<meta property=\"og:site_name\" content=\"Noticias Radio Reflejos\" \/>\n<meta property=\"article:published_time\" content=\"2017-04-12T13:43:57+00:00\" \/>\n<meta property=\"og:image\" content=\"https:\/\/www.noticiasradioreflejos.com.ar\/2021\/wp-content\/uploads\/2021\/07\/logosol300x200.png\" \/>\n\t<meta property=\"og:image:width\" content=\"300\" \/>\n\t<meta property=\"og:image:height\" content=\"200\" \/>\n\t<meta property=\"og:image:type\" content=\"image\/png\" \/>\n<meta name=\"author\" content=\"Arnaldo Botto\" \/>\n<meta name=\"twitter:card\" content=\"summary_large_image\" \/>\n<script type=\"application\/ld+json\" class=\"yoast-schema-graph\">{\"@context\":\"https:\/\/schema.org\",\"@graph\":[{\"@type\":\"WebPage\",\"@id\":\"https:\/\/www.noticiasradioreflejos.com.ar\/2021\/servicio-de-enfermeria-en-villa-serrana-la-gruta-durante-semana-santa\/\",\"url\":\"https:\/\/www.noticiasradioreflejos.com.ar\/2021\/servicio-de-enfermeria-en-villa-serrana-la-gruta-durante-semana-santa\/\",\"name\":\"Servicio de enfermer\u00eda en Villa Serrana La Gruta durante Semana Santa - Noticias Radio Reflejos\",\"isPartOf\":{\"@id\":\"https:\/\/www.noticiasradioreflejos.com.ar\/2021\/#website\"},\"datePublished\":\"2017-04-12T13:43:57+00:00\",\"author\":{\"@id\":\"https:\/\/www.noticiasradioreflejos.com.ar\/2021\/#\/schema\/person\/ad82545263dcc5ec0996818884fd5fb1\"},\"breadcrumb\":{\"@id\":\"https:\/\/www.noticiasradioreflejos.com.ar\/2021\/servicio-de-enfermeria-en-villa-serrana-la-gruta-durante-semana-santa\/#breadcrumb\"},\"inLanguage\":\"es\",\"potentialAction\":[{\"@type\":\"ReadAction\",\"target\":[\"https:\/\/www.noticiasradioreflejos.com.ar\/2021\/servicio-de-enfermeria-en-villa-serrana-la-gruta-durante-semana-santa\/\"]}]},{\"@type\":\"BreadcrumbList\",\"@id\":\"https:\/\/www.noticiasradioreflejos.com.ar\/2021\/servicio-de-enfermeria-en-villa-serrana-la-gruta-durante-semana-santa\/#breadcrumb\",\"itemListElement\":[{\"@type\":\"ListItem\",\"position\":1,\"name\":\"Portada\",\"item\":\"https:\/\/www.noticiasradioreflejos.com.ar\/2021\/\"},{\"@type\":\"ListItem\",\"position\":2,\"name\":\"Servicio de enfermer\u00eda en Villa Serrana La Gruta durante Semana Santa\"}]},{\"@type\":\"WebSite\",\"@id\":\"https:\/\/www.noticiasradioreflejos.com.ar\/2021\/#website\",\"url\":\"https:\/\/www.noticiasradioreflejos.com.ar\/2021\/\",\"name\":\"Noticias Radio Reflejos\",\"description\":\"Las noticias de mi comarca\",\"potentialAction\":[{\"@type\":\"SearchAction\",\"target\":{\"@type\":\"EntryPoint\",\"urlTemplate\":\"https:\/\/www.noticiasradioreflejos.com.ar\/2021\/?s={search_term_string}\"},\"query-input\":{\"@type\":\"PropertyValueSpecification\",\"valueRequired\":true,\"valueName\":\"search_term_string\"}}],\"inLanguage\":\"es\"},{\"@type\":\"Person\",\"@id\":\"https:\/\/www.noticiasradioreflejos.com.ar\/2021\/#\/schema\/person\/ad82545263dcc5ec0996818884fd5fb1\",\"name\":\"Arnaldo Botto\",\"image\":{\"@type\":\"ImageObject\",\"inLanguage\":\"es\",\"@id\":\"https:\/\/www.noticiasradioreflejos.com.ar\/2021\/#\/schema\/person\/image\/\",\"url\":\"https:\/\/secure.gravatar.com\/avatar\/55cb5e37c1efa326397366e6974cb338056df65cb50e7d64d1cf314e87504837?s=96&d=mm&r=g\",\"contentUrl\":\"https:\/\/secure.gravatar.com\/avatar\/55cb5e37c1efa326397366e6974cb338056df65cb50e7d64d1cf314e87504837?s=96&d=mm&r=g\",\"caption\":\"Arnaldo Botto\"},\"url\":\"https:\/\/www.noticiasradioreflejos.com.ar\/2021\/author\/arnaldo\/\"}]}<\/script>\n<!-- \/ Yoast SEO plugin. -->","yoast_head_json":{"title":"Servicio de enfermer\u00eda en Villa Serrana La Gruta durante Semana Santa - Noticias Radio Reflejos","robots":{"index":"index","follow":"follow","max-snippet":"max-snippet:-1","max-image-preview":"max-image-preview:large","max-video-preview":"max-video-preview:-1"},"canonical":"https:\/\/www.noticiasradioreflejos.com.ar\/2021\/servicio-de-enfermeria-en-villa-serrana-la-gruta-durante-semana-santa\/","og_locale":"es_ES","og_type":"article","og_title":"Servicio de enfermer\u00eda en Villa Serrana La Gruta durante Semana Santa - Noticias Radio Reflejos","og_description":"La Secretar\u00eda de Salud municipal inform\u00f3 que durante Semana Santa se brindar\u00e1 servicio de enfermer\u00eda en la Unidad Sanitaria de Villa Serrana La Gruta, adem\u00e1s se dispondr\u00e1 de una ambulancia para aquellos casos que necesiten traslado. El horario de atenci\u00f3n ser\u00e1 de 11 a 19.00.","og_url":"https:\/\/www.noticiasradioreflejos.com.ar\/2021\/servicio-de-enfermeria-en-villa-serrana-la-gruta-durante-semana-santa\/","og_site_name":"Noticias Radio Reflejos","article_published_time":"2017-04-12T13:43:57+00:00","og_image":[{"width":300,"height":200,"url":"https:\/\/www.noticiasradioreflejos.com.ar\/2021\/wp-content\/uploads\/2021\/07\/logosol300x200.png","type":"image\/png"}],"author":"Arnaldo Botto","twitter_card":"summary_large_image","schema":{"@context":"https:\/\/schema.org","@graph":[{"@type":"WebPage","@id":"https:\/\/www.noticiasradioreflejos.com.ar\/2021\/servicio-de-enfermeria-en-villa-serrana-la-gruta-durante-semana-santa\/","url":"https:\/\/www.noticiasradioreflejos.com.ar\/2021\/servicio-de-enfermeria-en-villa-serrana-la-gruta-durante-semana-santa\/","name":"Servicio de enfermer\u00eda en Villa Serrana La Gruta durante Semana Santa - Noticias Radio Reflejos","isPartOf":{"@id":"https:\/\/www.noticiasradioreflejos.com.ar\/2021\/#website"},"datePublished":"2017-04-12T13:43:57+00:00","author":{"@id":"https:\/\/www.noticiasradioreflejos.com.ar\/2021\/#\/schema\/person\/ad82545263dcc5ec0996818884fd5fb1"},"breadcrumb":{"@id":"https:\/\/www.noticiasradioreflejos.com.ar\/2021\/servicio-de-enfermeria-en-villa-serrana-la-gruta-durante-semana-santa\/#breadcrumb"},"inLanguage":"es","potentialAction":[{"@type":"ReadAction","target":["https:\/\/www.noticiasradioreflejos.com.ar\/2021\/servicio-de-enfermeria-en-villa-serrana-la-gruta-durante-semana-santa\/"]}]},{"@type":"BreadcrumbList","@id":"https:\/\/www.noticiasradioreflejos.com.ar\/2021\/servicio-de-enfermeria-en-villa-serrana-la-gruta-durante-semana-santa\/#breadcrumb","itemListElement":[{"@type":"ListItem","position":1,"name":"Portada","item":"https:\/\/www.noticiasradioreflejos.com.ar\/2021\/"},{"@type":"ListItem","position":2,"name":"Servicio de enfermer\u00eda en Villa Serrana La Gruta durante Semana Santa"}]},{"@type":"WebSite","@id":"https:\/\/www.noticiasradioreflejos.com.ar\/2021\/#website","url":"https:\/\/www.noticiasradioreflejos.com.ar\/2021\/","name":"Noticias Radio Reflejos","description":"Las noticias de mi comarca","potentialAction":[{"@type":"SearchAction","target":{"@type":"EntryPoint","urlTemplate":"https:\/\/www.noticiasradioreflejos.com.ar\/2021\/?s={search_term_string}"},"query-input":{"@type":"PropertyValueSpecification","valueRequired":true,"valueName":"search_term_string"}}],"inLanguage":"es"},{"@type":"Person","@id":"https:\/\/www.noticiasradioreflejos.com.ar\/2021\/#\/schema\/person\/ad82545263dcc5ec0996818884fd5fb1","name":"Arnaldo Botto","image":{"@type":"ImageObject","inLanguage":"es","@id":"https:\/\/www.noticiasradioreflejos.com.ar\/2021\/#\/schema\/person\/image\/","url":"https:\/\/secure.gravatar.com\/avatar\/55cb5e37c1efa326397366e6974cb338056df65cb50e7d64d1cf314e87504837?s=96&d=mm&r=g","contentUrl":"https:\/\/secure.gravatar.com\/avatar\/55cb5e37c1efa326397366e6974cb338056df65cb50e7d64d1cf314e87504837?s=96&d=mm&r=g","caption":"Arnaldo Botto"},"url":"https:\/\/www.noticiasradioreflejos.com.ar\/2021\/author\/arnaldo\/"}]}},"_links":{"self":[{"href":"https:\/\/www.noticiasradioreflejos.com.ar\/2021\/wp-json\/wp\/v2\/posts\/9021","targetHints":{"allow":["GET"]}}],"collection":[{"href":"https:\/\/www.noticiasradioreflejos.com.ar\/2021\/wp-json\/wp\/v2\/posts"}],"about":[{"href":"https:\/\/www.noticiasradioreflejos.com.ar\/2021\/wp-json\/wp\/v2\/types\/post"}],"author":[{"embeddable":true,"href":"https:\/\/www.noticiasradioreflejos.com.ar\/2021\/wp-json\/wp\/v2\/users\/3"}],"replies":[{"embeddable":true,"href":"https:\/\/www.noticiasradioreflejos.com.ar\/2021\/wp-json\/wp\/v2\/comments?post=9021"}],"version-history":[{"count":0,"href":"https:\/\/www.noticiasradioreflejos.com.ar\/2021\/wp-json\/wp\/v2\/posts\/9021\/revisions"}],"wp:attachment":[{"href":"https:\/\/www.noticiasradioreflejos.com.ar\/2021\/wp-json\/wp\/v2\/media?parent=9021"}],"wp:term":[{"taxonomy":"category","embeddable":true,"href":"https:\/\/www.noticiasradioreflejos.com.ar\/2021\/wp-json\/wp\/v2\/categories?post=9021"},{"taxonomy":"post_tag","embeddable":true,"href":"https:\/\/www.noticiasradioreflejos.com.ar\/2021\/wp-json\/wp\/v2\/tags?post=9021"}],"curies":[{"name":"wp","href":"https:\/\/api.w.org\/{rel}","templated":true}]}}