{"id":90149,"date":"2023-07-05T22:38:05","date_gmt":"2023-07-05T22:38:05","guid":{"rendered":"https:\/\/www.noticiasradioreflejos.com.ar\/2021\/?p=90149"},"modified":"2023-07-05T22:38:05","modified_gmt":"2023-07-05T22:38:05","slug":"anuncian-que-efectivos-de-la-policia-de-la-ciudad-portaran-pistolas-taser-a-partir-del-17-de-julio","status":"publish","type":"post","link":"https:\/\/www.noticiasradioreflejos.com.ar\/2021\/anuncian-que-efectivos-de-la-policia-de-la-ciudad-portaran-pistolas-taser-a-partir-del-17-de-julio\/","title":{"rendered":"Anuncian que efectivos de la Polic\u00eda de la Ciudad portar\u00e1n pistolas Taser a partir del 17 de julio"},"content":{"rendered":"<p>El ministro de Justicia y Seguridad porte\u00f1o, Eugenio Burzaco, anunci\u00f3 hoy que 250 efectivos de la Polic\u00eda de la Ciudad saldr\u00e1n a la calle con las pistolas el\u00e9ctricas Taser a partir del 17 de julio, luego de haberse capacitado para su empleo.<!--more--><\/p>\n<p>\u00abA partir del 17 de julio esta arma va a estar ya en uso en toda la Ciudad de Buenos Aires, especialmente estaciones de subte, terminales de \u00f3mnibus, colectivos y trenes\u00bb, dijo Burzaco en el Instituto Superior de Seguridad P\u00fablica (ISSP), durante una jornada de capacitaci\u00f3n de los polic\u00edas que tendr\u00e1n a su cargo el manejo de estas pistolas de baja letalidad.<\/p>\n<p>Burzaco confirm\u00f3 que \u00abse va a trabajar en binomios\u00bb, por lo cual se est\u00e1n \u00abcapacitando a 250 polic\u00edas\u00bb, ya que, seg\u00fan explic\u00f3, \u00abun oficial disparar\u00e1 y el otro oficial tendr\u00e1 la tarea de reducir al delincuente o a la persona que tuvo el brote psic\u00f3tico\u00bb.<\/p>\n<p>\u00abEs la mec\u00e1nica que se utiliza en todo el mundo y hemos tra\u00eddo ac\u00e1\u00bb, coment\u00f3 el ministro.<\/p>\n<p>El ministerio porte\u00f1o explic\u00f3 que los llamados \u00abDispositivos Electr\u00f3nicos de Inmovilizaci\u00f3n Moment\u00e1nea\u00bb env\u00edan una descarga el\u00e9ctrica a trav\u00e9s de dardos que permiten inmovilizar a personas violentas o en estado de desequilibrio sin causarles da\u00f1o permanente.<\/p>\n<p>Las armas, adem\u00e1s, graban toda la secuencia de uso -en im\u00e1genes y en audio-, por lo que pueden verificarse posteriormente las condiciones de tiro, cosa que no ocurre con las armas de fuego reglamentarias.<\/p>\n<p>El proceso de capacitaci\u00f3n se llev\u00f3 a cabo en el Instituto Superior de Seguridad P\u00fablica de la Ciudad, donde personal de la firma fabricante de estos dispositivos entren\u00f3 a los instructores y luego fueron ellos los que durante tres semanas instruyeron a los 250 polic\u00edas que saldr\u00e1n a las calles.<\/p>\n<p>Los oficiales recibieron un curso intensivo sobre el manejo adecuado de las pistolas Taser y la aplicaci\u00f3n de protocolos de uso.<\/p>\n<p>En marzo de 2019 el Gobierno porte\u00f1o comenz\u00f3 el proceso licitatorio para adquirir 60 pistolas Taser, destinadas a la Polic\u00eda de la Ciudad pero la Agencia Nacional de Materiales Controlados (Anmac), quien debe autorizar la compra, no aprob\u00f3 la llegada de esas armas argumentando que su uso ante situaciones que involucran a personas bajo efectos de sustancias o v\u00edctimas de padecimientos mentales fue desaconsejado por el propio fabricante.<\/p>\n<p>El 14 de febrero de este a\u00f1o el asesinato de la oficial de la Polic\u00eda de la Ciudad Maribel N\u00e9lida Salazar a manos de un hombre que le quit\u00f3 su arma reglamentaria y le dispar\u00f3 dos balazos en la estaci\u00f3n Retiro de la l\u00ednea C de Subte reaviv\u00f3 la discusi\u00f3n.<\/p>\n<p>\u00abEl enfrentamiento podr\u00eda haber sido controlado con una pistola Taser. Hace dos a\u00f1os compramos 60 unidades, pero el gobierno kirchnerista las bloque\u00f3\u00bb, tuite\u00f3 el entonces ministro de Seguridad porte\u00f1o, Marcelo D&#8217;Alessandro en cruce con la entonces presidenta del PRO, Patricia Bullrich, quien, chicaneando al jefe de Gobierno, Horacio Rodr\u00edguez Larreta, sugiri\u00f3: \u00abEn vez de pedir permiso, usalas, punto. No le pod\u00e9s pedir permiso a un Gobierno que te dice que no a prop\u00f3sito\u00bb.<\/p>\n<p>Las pistolas Taser, que provocan una descarga de 400 volts que inmoviliza durante cinco segundos a quien recibe el impacto, fueron definidas por el Comit\u00e9 contra la Tortura de la ONU como provocadoras de \u00abun dolor intenso\u00bb y constituyen \u00abuna forma de tortura y en algunos casos puede causar la muerte\u00bb.<\/p>\n<p>Finalmente, a fines de febrero de este a\u00f1o el ministro de Seguridad de la Naci\u00f3n, An\u00edbal Fern\u00e1ndez, confirm\u00f3 la compra de 100 pistolas Taser para que sean utilizadas por \u00abgrupos de \u00e9lite\u00bb de las fuerzas de seguridad, previo entrenamiento, y sostuvo que \u00abseguramente\u00bb el Gobierno porte\u00f1o tambi\u00e9n podr\u00e1 utilizarlas.<\/p>\n<p>\u00abEsto nos permite que los grupos de \u00e9lite empiecen a entrenar. Todav\u00eda no sabemos cuando; no las tenemos todav\u00eda. Hay que terminar el proceso pero no estamos muy lejos\u00bb, afirm\u00f3 a la prensa.<\/p>\n<p>A fines de marzo Larreta present\u00f3 la incorporaci\u00f3n de las 60 pistolas que, luego de esperar varios meses la aprobaci\u00f3n para ponerlas en funcionamiento, se lograron incluir al cuerpo de la Polic\u00eda de la Ciudad y en esa ocasi\u00f3n dijo que \u00absalvan vidas\u00bb.<\/p>\n<p>En el mismo acto, Larreta sostuvo que, en caso de encabezar un eventual Gobierno nacional, buscar\u00e1 poner esta y otras tecnolog\u00edas a \u00abdisposici\u00f3n de cada provincia\u00bb.<\/p>\n<p>Luego de aquel anuncio, el Centro de Estudios Legales y Sociales (CELS) y organismos de derechos humanos reiteraron su cr\u00edtica respecto del uso de \u00abestas pistolas de descarga el\u00e9ctrica que se promocionan como armas no letales pero en realidad son armas menos letales\u00bb y enfatizaron que su \u00abuso desproporcionado\u00bb puede \u00abocasionar la muerte\u00bb.<\/p>\n<p>Dentro de este debate el jefe de Gabinete porte\u00f1o, Felipe Miguel, anunci\u00f3 este martes la compra de 30 pistolas Taser para sumar a las 60 con que ya cuenta la Polic\u00eda de la Ciudad y adelant\u00f3 que llamar\u00e1n a licitaci\u00f3n para la adquisici\u00f3n de 500 de esas armas para incorporar al equipamiento de la fuerza. (T\u00e9lam)<\/p>\n","protected":false},"excerpt":{"rendered":"<p>El ministro de Justicia y Seguridad porte\u00f1o, Eugenio Burzaco, anunci\u00f3 hoy que 250 efectivos de la Polic\u00eda de la Ciudad saldr\u00e1n a la calle con las pistolas el\u00e9ctricas Taser a partir del 17 de julio, luego de haberse capacitado para su empleo.<\/p>\n","protected":false},"author":3,"featured_media":0,"comment_status":"closed","ping_status":"closed","sticky":false,"template":"","format":"standard","meta":{"footnotes":""},"categories":[1],"tags":[],"class_list":["post-90149","post","type-post","status-publish","format-standard","hentry","category-sin-categoria"],"yoast_head":"<!-- This site is optimized with the Yoast SEO plugin v25.9 - https:\/\/yoast.com\/wordpress\/plugins\/seo\/ -->\n<title>Anuncian que efectivos de la Polic\u00eda de la Ciudad portar\u00e1n pistolas Taser a partir del 17 de julio - Noticias Radio Reflejos<\/title>\n<meta name=\"robots\" content=\"index, follow, max-snippet:-1, max-image-preview:large, max-video-preview:-1\" \/>\n<link rel=\"canonical\" href=\"https:\/\/www.noticiasradioreflejos.com.ar\/2021\/anuncian-que-efectivos-de-la-policia-de-la-ciudad-portaran-pistolas-taser-a-partir-del-17-de-julio\/\" \/>\n<meta property=\"og:locale\" content=\"es_ES\" \/>\n<meta property=\"og:type\" content=\"article\" \/>\n<meta property=\"og:title\" content=\"Anuncian que efectivos de la Polic\u00eda de la Ciudad portar\u00e1n pistolas Taser a partir del 17 de julio - Noticias Radio Reflejos\" \/>\n<meta property=\"og:description\" content=\"El ministro de Justicia y Seguridad porte\u00f1o, Eugenio Burzaco, anunci\u00f3 hoy que 250 efectivos de la Polic\u00eda de la Ciudad saldr\u00e1n a la calle con las pistolas el\u00e9ctricas Taser a partir del 17 de julio, luego de haberse capacitado para su empleo.\" \/>\n<meta property=\"og:url\" content=\"https:\/\/www.noticiasradioreflejos.com.ar\/2021\/anuncian-que-efectivos-de-la-policia-de-la-ciudad-portaran-pistolas-taser-a-partir-del-17-de-julio\/\" \/>\n<meta property=\"og:site_name\" content=\"Noticias Radio Reflejos\" \/>\n<meta property=\"article:published_time\" content=\"2023-07-05T22:38:05+00:00\" \/>\n<meta property=\"og:image\" content=\"https:\/\/www.noticiasradioreflejos.com.ar\/2021\/wp-content\/uploads\/2021\/07\/logosol300x200.png\" \/>\n\t<meta property=\"og:image:width\" content=\"300\" \/>\n\t<meta property=\"og:image:height\" content=\"200\" \/>\n\t<meta property=\"og:image:type\" content=\"image\/png\" \/>\n<meta name=\"author\" content=\"Arnaldo Botto\" \/>\n<meta name=\"twitter:card\" content=\"summary_large_image\" \/>\n<script type=\"application\/ld+json\" class=\"yoast-schema-graph\">{\"@context\":\"https:\/\/schema.org\",\"@graph\":[{\"@type\":\"WebPage\",\"@id\":\"https:\/\/www.noticiasradioreflejos.com.ar\/2021\/anuncian-que-efectivos-de-la-policia-de-la-ciudad-portaran-pistolas-taser-a-partir-del-17-de-julio\/\",\"url\":\"https:\/\/www.noticiasradioreflejos.com.ar\/2021\/anuncian-que-efectivos-de-la-policia-de-la-ciudad-portaran-pistolas-taser-a-partir-del-17-de-julio\/\",\"name\":\"Anuncian que efectivos de la Polic\u00eda de la Ciudad portar\u00e1n pistolas Taser a partir del 17 de julio - Noticias Radio Reflejos\",\"isPartOf\":{\"@id\":\"https:\/\/www.noticiasradioreflejos.com.ar\/2021\/#website\"},\"datePublished\":\"2023-07-05T22:38:05+00:00\",\"author\":{\"@id\":\"https:\/\/www.noticiasradioreflejos.com.ar\/2021\/#\/schema\/person\/ad82545263dcc5ec0996818884fd5fb1\"},\"breadcrumb\":{\"@id\":\"https:\/\/www.noticiasradioreflejos.com.ar\/2021\/anuncian-que-efectivos-de-la-policia-de-la-ciudad-portaran-pistolas-taser-a-partir-del-17-de-julio\/#breadcrumb\"},\"inLanguage\":\"es\",\"potentialAction\":[{\"@type\":\"ReadAction\",\"target\":[\"https:\/\/www.noticiasradioreflejos.com.ar\/2021\/anuncian-que-efectivos-de-la-policia-de-la-ciudad-portaran-pistolas-taser-a-partir-del-17-de-julio\/\"]}]},{\"@type\":\"BreadcrumbList\",\"@id\":\"https:\/\/www.noticiasradioreflejos.com.ar\/2021\/anuncian-que-efectivos-de-la-policia-de-la-ciudad-portaran-pistolas-taser-a-partir-del-17-de-julio\/#breadcrumb\",\"itemListElement\":[{\"@type\":\"ListItem\",\"position\":1,\"name\":\"Portada\",\"item\":\"https:\/\/www.noticiasradioreflejos.com.ar\/2021\/\"},{\"@type\":\"ListItem\",\"position\":2,\"name\":\"Anuncian que efectivos de la Polic\u00eda de la Ciudad portar\u00e1n pistolas Taser a partir del 17 de julio\"}]},{\"@type\":\"WebSite\",\"@id\":\"https:\/\/www.noticiasradioreflejos.com.ar\/2021\/#website\",\"url\":\"https:\/\/www.noticiasradioreflejos.com.ar\/2021\/\",\"name\":\"Noticias Radio Reflejos\",\"description\":\"Las noticias de mi comarca\",\"potentialAction\":[{\"@type\":\"SearchAction\",\"target\":{\"@type\":\"EntryPoint\",\"urlTemplate\":\"https:\/\/www.noticiasradioreflejos.com.ar\/2021\/?s={search_term_string}\"},\"query-input\":{\"@type\":\"PropertyValueSpecification\",\"valueRequired\":true,\"valueName\":\"search_term_string\"}}],\"inLanguage\":\"es\"},{\"@type\":\"Person\",\"@id\":\"https:\/\/www.noticiasradioreflejos.com.ar\/2021\/#\/schema\/person\/ad82545263dcc5ec0996818884fd5fb1\",\"name\":\"Arnaldo Botto\",\"image\":{\"@type\":\"ImageObject\",\"inLanguage\":\"es\",\"@id\":\"https:\/\/www.noticiasradioreflejos.com.ar\/2021\/#\/schema\/person\/image\/\",\"url\":\"https:\/\/secure.gravatar.com\/avatar\/55cb5e37c1efa326397366e6974cb338056df65cb50e7d64d1cf314e87504837?s=96&d=mm&r=g\",\"contentUrl\":\"https:\/\/secure.gravatar.com\/avatar\/55cb5e37c1efa326397366e6974cb338056df65cb50e7d64d1cf314e87504837?s=96&d=mm&r=g\",\"caption\":\"Arnaldo Botto\"},\"url\":\"https:\/\/www.noticiasradioreflejos.com.ar\/2021\/author\/arnaldo\/\"}]}<\/script>\n<!-- \/ Yoast SEO plugin. -->","yoast_head_json":{"title":"Anuncian que efectivos de la Polic\u00eda de la Ciudad portar\u00e1n pistolas Taser a partir del 17 de julio - Noticias Radio Reflejos","robots":{"index":"index","follow":"follow","max-snippet":"max-snippet:-1","max-image-preview":"max-image-preview:large","max-video-preview":"max-video-preview:-1"},"canonical":"https:\/\/www.noticiasradioreflejos.com.ar\/2021\/anuncian-que-efectivos-de-la-policia-de-la-ciudad-portaran-pistolas-taser-a-partir-del-17-de-julio\/","og_locale":"es_ES","og_type":"article","og_title":"Anuncian que efectivos de la Polic\u00eda de la Ciudad portar\u00e1n pistolas Taser a partir del 17 de julio - Noticias Radio Reflejos","og_description":"El ministro de Justicia y Seguridad porte\u00f1o, Eugenio Burzaco, anunci\u00f3 hoy que 250 efectivos de la Polic\u00eda de la Ciudad saldr\u00e1n a la calle con las pistolas el\u00e9ctricas Taser a partir del 17 de julio, luego de haberse capacitado para su empleo.","og_url":"https:\/\/www.noticiasradioreflejos.com.ar\/2021\/anuncian-que-efectivos-de-la-policia-de-la-ciudad-portaran-pistolas-taser-a-partir-del-17-de-julio\/","og_site_name":"Noticias Radio Reflejos","article_published_time":"2023-07-05T22:38:05+00:00","og_image":[{"width":300,"height":200,"url":"https:\/\/www.noticiasradioreflejos.com.ar\/2021\/wp-content\/uploads\/2021\/07\/logosol300x200.png","type":"image\/png"}],"author":"Arnaldo Botto","twitter_card":"summary_large_image","schema":{"@context":"https:\/\/schema.org","@graph":[{"@type":"WebPage","@id":"https:\/\/www.noticiasradioreflejos.com.ar\/2021\/anuncian-que-efectivos-de-la-policia-de-la-ciudad-portaran-pistolas-taser-a-partir-del-17-de-julio\/","url":"https:\/\/www.noticiasradioreflejos.com.ar\/2021\/anuncian-que-efectivos-de-la-policia-de-la-ciudad-portaran-pistolas-taser-a-partir-del-17-de-julio\/","name":"Anuncian que efectivos de la Polic\u00eda de la Ciudad portar\u00e1n pistolas Taser a partir del 17 de julio - Noticias Radio Reflejos","isPartOf":{"@id":"https:\/\/www.noticiasradioreflejos.com.ar\/2021\/#website"},"datePublished":"2023-07-05T22:38:05+00:00","author":{"@id":"https:\/\/www.noticiasradioreflejos.com.ar\/2021\/#\/schema\/person\/ad82545263dcc5ec0996818884fd5fb1"},"breadcrumb":{"@id":"https:\/\/www.noticiasradioreflejos.com.ar\/2021\/anuncian-que-efectivos-de-la-policia-de-la-ciudad-portaran-pistolas-taser-a-partir-del-17-de-julio\/#breadcrumb"},"inLanguage":"es","potentialAction":[{"@type":"ReadAction","target":["https:\/\/www.noticiasradioreflejos.com.ar\/2021\/anuncian-que-efectivos-de-la-policia-de-la-ciudad-portaran-pistolas-taser-a-partir-del-17-de-julio\/"]}]},{"@type":"BreadcrumbList","@id":"https:\/\/www.noticiasradioreflejos.com.ar\/2021\/anuncian-que-efectivos-de-la-policia-de-la-ciudad-portaran-pistolas-taser-a-partir-del-17-de-julio\/#breadcrumb","itemListElement":[{"@type":"ListItem","position":1,"name":"Portada","item":"https:\/\/www.noticiasradioreflejos.com.ar\/2021\/"},{"@type":"ListItem","position":2,"name":"Anuncian que efectivos de la Polic\u00eda de la Ciudad portar\u00e1n pistolas Taser a partir del 17 de julio"}]},{"@type":"WebSite","@id":"https:\/\/www.noticiasradioreflejos.com.ar\/2021\/#website","url":"https:\/\/www.noticiasradioreflejos.com.ar\/2021\/","name":"Noticias Radio Reflejos","description":"Las noticias de mi comarca","potentialAction":[{"@type":"SearchAction","target":{"@type":"EntryPoint","urlTemplate":"https:\/\/www.noticiasradioreflejos.com.ar\/2021\/?s={search_term_string}"},"query-input":{"@type":"PropertyValueSpecification","valueRequired":true,"valueName":"search_term_string"}}],"inLanguage":"es"},{"@type":"Person","@id":"https:\/\/www.noticiasradioreflejos.com.ar\/2021\/#\/schema\/person\/ad82545263dcc5ec0996818884fd5fb1","name":"Arnaldo Botto","image":{"@type":"ImageObject","inLanguage":"es","@id":"https:\/\/www.noticiasradioreflejos.com.ar\/2021\/#\/schema\/person\/image\/","url":"https:\/\/secure.gravatar.com\/avatar\/55cb5e37c1efa326397366e6974cb338056df65cb50e7d64d1cf314e87504837?s=96&d=mm&r=g","contentUrl":"https:\/\/secure.gravatar.com\/avatar\/55cb5e37c1efa326397366e6974cb338056df65cb50e7d64d1cf314e87504837?s=96&d=mm&r=g","caption":"Arnaldo Botto"},"url":"https:\/\/www.noticiasradioreflejos.com.ar\/2021\/author\/arnaldo\/"}]}},"_links":{"self":[{"href":"https:\/\/www.noticiasradioreflejos.com.ar\/2021\/wp-json\/wp\/v2\/posts\/90149","targetHints":{"allow":["GET"]}}],"collection":[{"href":"https:\/\/www.noticiasradioreflejos.com.ar\/2021\/wp-json\/wp\/v2\/posts"}],"about":[{"href":"https:\/\/www.noticiasradioreflejos.com.ar\/2021\/wp-json\/wp\/v2\/types\/post"}],"author":[{"embeddable":true,"href":"https:\/\/www.noticiasradioreflejos.com.ar\/2021\/wp-json\/wp\/v2\/users\/3"}],"replies":[{"embeddable":true,"href":"https:\/\/www.noticiasradioreflejos.com.ar\/2021\/wp-json\/wp\/v2\/comments?post=90149"}],"version-history":[{"count":1,"href":"https:\/\/www.noticiasradioreflejos.com.ar\/2021\/wp-json\/wp\/v2\/posts\/90149\/revisions"}],"predecessor-version":[{"id":90151,"href":"https:\/\/www.noticiasradioreflejos.com.ar\/2021\/wp-json\/wp\/v2\/posts\/90149\/revisions\/90151"}],"wp:attachment":[{"href":"https:\/\/www.noticiasradioreflejos.com.ar\/2021\/wp-json\/wp\/v2\/media?parent=90149"}],"wp:term":[{"taxonomy":"category","embeddable":true,"href":"https:\/\/www.noticiasradioreflejos.com.ar\/2021\/wp-json\/wp\/v2\/categories?post=90149"},{"taxonomy":"post_tag","embeddable":true,"href":"https:\/\/www.noticiasradioreflejos.com.ar\/2021\/wp-json\/wp\/v2\/tags?post=90149"}],"curies":[{"name":"wp","href":"https:\/\/api.w.org\/{rel}","templated":true}]}}