{"id":90052,"date":"2023-07-04T11:18:08","date_gmt":"2023-07-04T11:18:08","guid":{"rendered":"https:\/\/www.noticiasradioreflejos.com.ar\/2021\/?p=90052"},"modified":"2023-07-05T11:43:02","modified_gmt":"2023-07-05T11:43:02","slug":"martes-inestable-chaparrones-bancos-de-niebla-y-mas-chaparrones","status":"publish","type":"post","link":"https:\/\/www.noticiasradioreflejos.com.ar\/2021\/martes-inestable-chaparrones-bancos-de-niebla-y-mas-chaparrones\/","title":{"rendered":"Martes inestable: Chaparrones, bancos de niebla y m\u00e1s chaparrones."},"content":{"rendered":"<p>Este martes 4 de julio se presenta inestable, con cielos mayormente cubiertos vientos suaves del norte y se esperan chaparrones para el resto del d\u00eda.<!--more--><\/p>\n<p>Chaparrones aislados se produjeron durante la madrugada de este martes en la zona urbana de Sierra de la Ventana, donde la marca apenas lleg\u00f3 a 0.4 mm. En tanto, Villa Ventana recibi\u00f3 1.5 mm y la zona rural en el cruce de las rutas 72 y 76 cayeron 4 mm.<\/p>\n<p>El anochecer de ayer qued\u00f3 marcado por las intensas nieblas que cubrieron toda la regi\u00f3n serrana y sudoeste bonaerense, donde la visibilidad fue muy escasa hasta las primeras horas de esta madrugada.<\/p>\n<p>La ma\u00f1ana se presenta con gran nubosidad, vientos suaves del sector norte, m\u00ednima de 8 grados y se espera llegar a los 17\u00b0 de m\u00e1xima. Gran parte del territorio bonaerense se encuentra bajo alerta amarilla por tormentas fuertes con probabilidad de precipitaciones abundantes.<\/p>\n<p><a title=\"SMN Alerta\" href=\"https:\/\/www.flickr.com\/photos\/182279889@N02\/53021243577\/in\/dateposted-public\/\" data-flickr-embed=\"true\" data-footer=\"true\"><img loading=\"lazy\" decoding=\"async\" src=\"https:\/\/live.staticflickr.com\/65535\/53021243577_d08d0da94e_c.jpg\" alt=\"SMN Alerta\" width=\"800\" height=\"581\" \/><\/a><\/p>\n<p>&nbsp;<\/p>\n<p>Son 8 las provincias con alerta amarilla y dos de la zona cordilleranas con alerta naranja por fuertes vientos y nevadas donde se esperan fen\u00f3menos meteorol\u00f3gicos peligrosos para la sociedad, la vida, los bienes y el medio ambiente.<\/p>\n<p>En la comarca serrana la inestabilidad continuar\u00e1 ma\u00f1ana mi\u00e9rcoles donde tendremos un descenso de temperatura para la m\u00ednima, con 5\u00b0 y una m\u00e1xima de 13\u00b0 con chaparrones por la tarde.<\/p>\n<p>El Servicio Meteorol\u00f3gico Nacional (SMN) emiti\u00f3 esta ma\u00f1ana alertas de nivel naranja por nevadas fuertes para zonas cordilleranas de Neuqu\u00e9n, R\u00edo Negro y Chubut, a la vez que rige un alerta de nivel amarillo tambi\u00e9n por nevadas para esas provincias y Mendoza, otro por tormentas en gran parte de la provincia de Buenos Aires, y por vientos en la cordillera de San Juan, La Rioja, Catamarca y el centro y norte de la Patagonia.<\/p>\n<p>El alerta naranja por nevadas fuertes y persistentes afecta al sur de Neuqu\u00e9n, en las cordilleras de Huiliches, L\u00e1car y el sur de Alumin\u00e9; a toda la cordillera de R\u00edo Negro, en Bariloche; y las zonas cordilleranas de Pilcaniyeu y \u00d1orquinc\u00f3; y al noroeste de Chubut, en la Cordillera de Cushamen.<\/p>\n<p>La nieve acumulada podr\u00eda alcanzar entre 40 y 70 cent\u00edmetros, con los mayores acumulados en las zonas m\u00e1s elevadas, seg\u00fan pronostic\u00f3 el SMN.<\/p>\n<p>En zonas de menor elevaci\u00f3n, la precipitaci\u00f3n puede ser en forma de lluvia y nieve, a la vez que el fen\u00f3meno podr\u00eda estar acompa\u00f1ado por vientos fuertes, con reducci\u00f3n de visibilidad por la nieve en suspensi\u00f3n.<\/p>\n<p>Seg\u00fan el organismo, el nivel naranja implica \u00abfen\u00f3menos meteorol\u00f3gicos peligrosos para la sociedad, la vida, los bienes y el medio ambiente\u00bb, por lo que se recomend\u00f3 a la poblaci\u00f3n evitar actividades al aire libre; aprovisionarse de una reserva adicional de v\u00edveres y agua potable en caso de abandonar el hogar y cortar el suministro el\u00e9ctrico y el gas; circular con veh\u00edculos adecuados y preparados para hielo y nieve; y en caso de estar en un veh\u00edculo, permanecer dentro sin intentar caminar para alejarse del temporal.<\/p>\n<p>Adem\u00e1s, el SMN emiti\u00f3 una alerta amarilla por nevadas de menor intensidad para el sudoeste de Mendoza en las cordilleras de Malarg\u00fce y de San Rafael; el resto de la cordillera de Neuqu\u00e9n; y la cordillera de Chubut.<\/p>\n<p>El \u00e1rea de cobertura ser\u00e1 afectada por nevadas de variada intensidad, en la que se esperan valores de nieve acumulada entre 15 y 30 cent\u00edmetros, pudiendo ser superados en forma puntual.<\/p>\n<p>Asimismo, este martes tambi\u00e9n rige un alerta por tormentas para sectores del este y sur de la provincia de Buenos Aires, en localidades como Ayacucho, Balcarce, el noroeste de General Juan Madariaga, el oeste de General Pueyrred\u00f3n, Azul, Rauch y Tapalqu\u00e9.<\/p>\n<p>La zona tendr\u00e1 tormentas de variada intensidad, pudiendo ser algunas localmente fuertes, y se prev\u00e9 que est\u00e9n acompa\u00f1adas de r\u00e1fagas, ocasional ca\u00edda de granizo, actividad el\u00e9ctrica y fundamentalmente abundante ca\u00edda de agua en cortos per\u00edodos.<\/p>\n<p>El organismo meteorol\u00f3gico estim\u00f3 esta ma\u00f1ana valores totales de precipitaci\u00f3n entre 35 y 50 mil\u00edmetros, pudiendo ser superados de forma puntual.<\/p>\n<p>Entre las recomendaciones, el SMN pidi\u00f3 no sacar la basura; retirar objetos que impidan que el agua escurra; evitar actividades al aire libre; no refugiarse cerca de \u00e1rboles y postes de electricidad que puedan caerse; y no permanecer en playas, r\u00edos, lagunas o piletas.<\/p>\n<p>Por otro lado, el organismo nacional emiti\u00f3 otro alerta de nivel amarillo por vientos en las zonas cordilleranas de San Juan, La Rioja y Catamarca, donde se prev\u00e9n vientos del sector oeste, con velocidades entre 50 y 70 kil\u00f3metros por hora (km\/h) y r\u00e1fagas que pueden alcanzar los 110 km\/h.<\/p>\n<p>El alerta por vientos tambi\u00e9n comprende a la Patagonia, en sectores del centro y este de la provincia de Chubut y del centro y oeste de R\u00edo Negro ser\u00e1n afectados por vientos intensos del sector oeste con velocidades entre 60 y 75 (km\/h) y r\u00e1fagas que pueden superar los 90 km\/h.<\/p>\n<p>De acuerdo al organismo, el nivel amarillo implica \u00abposibles fen\u00f3menos meteorol\u00f3gicos con capacidad de da\u00f1o y riesgo de interrupci\u00f3n moment\u00e1nea de actividades cotidianas\u00bb, por lo que aconsej\u00f3 a la poblaci\u00f3n de estas zonas \u00abevitar actividades al aire libre y asegurar los elementos que puedan volarse\u00bb.<\/p>\n","protected":false},"excerpt":{"rendered":"<p>Este martes 4 de julio se presenta inestable, con cielos mayormente cubiertos vientos suaves del norte y se esperan chaparrones para el resto del d\u00eda.<\/p>\n","protected":false},"author":3,"featured_media":90053,"comment_status":"closed","ping_status":"closed","sticky":false,"template":"","format":"standard","meta":{"footnotes":""},"categories":[46,26],"tags":[],"class_list":["post-90052","post","type-post","status-publish","format-standard","has-post-thumbnail","hentry","category-ciencia-y-tecnologia","category-sociedad"],"yoast_head":"<!-- This site is optimized with the Yoast SEO plugin v25.9 - https:\/\/yoast.com\/wordpress\/plugins\/seo\/ -->\n<title>Martes inestable: Chaparrones, bancos de niebla y m\u00e1s chaparrones. - Noticias Radio Reflejos<\/title>\n<meta name=\"robots\" content=\"index, follow, max-snippet:-1, max-image-preview:large, max-video-preview:-1\" \/>\n<link rel=\"canonical\" href=\"https:\/\/www.noticiasradioreflejos.com.ar\/2021\/martes-inestable-chaparrones-bancos-de-niebla-y-mas-chaparrones\/\" \/>\n<meta property=\"og:locale\" content=\"es_ES\" \/>\n<meta property=\"og:type\" content=\"article\" \/>\n<meta property=\"og:title\" content=\"Martes inestable: Chaparrones, bancos de niebla y m\u00e1s chaparrones. - Noticias Radio Reflejos\" \/>\n<meta property=\"og:description\" content=\"Este martes 4 de julio se presenta inestable, con cielos mayormente cubiertos vientos suaves del norte y se esperan chaparrones para el resto del d\u00eda.\" \/>\n<meta property=\"og:url\" content=\"https:\/\/www.noticiasradioreflejos.com.ar\/2021\/martes-inestable-chaparrones-bancos-de-niebla-y-mas-chaparrones\/\" \/>\n<meta property=\"og:site_name\" content=\"Noticias Radio Reflejos\" \/>\n<meta property=\"article:published_time\" content=\"2023-07-04T11:18:08+00:00\" \/>\n<meta property=\"article:modified_time\" content=\"2023-07-05T11:43:02+00:00\" \/>\n<meta property=\"og:image\" content=\"https:\/\/www.noticiasradioreflejos.com.ar\/2021\/wp-content\/uploads\/2023\/07\/amanecer-con-nieblinas.jpeg\" \/>\n\t<meta property=\"og:image:width\" content=\"1600\" \/>\n\t<meta property=\"og:image:height\" content=\"900\" \/>\n\t<meta property=\"og:image:type\" content=\"image\/jpeg\" \/>\n<meta name=\"author\" content=\"Arnaldo Botto\" \/>\n<meta name=\"twitter:card\" content=\"summary_large_image\" \/>\n<script type=\"application\/ld+json\" class=\"yoast-schema-graph\">{\"@context\":\"https:\/\/schema.org\",\"@graph\":[{\"@type\":\"WebPage\",\"@id\":\"https:\/\/www.noticiasradioreflejos.com.ar\/2021\/martes-inestable-chaparrones-bancos-de-niebla-y-mas-chaparrones\/\",\"url\":\"https:\/\/www.noticiasradioreflejos.com.ar\/2021\/martes-inestable-chaparrones-bancos-de-niebla-y-mas-chaparrones\/\",\"name\":\"Martes inestable: Chaparrones, bancos de niebla y m\u00e1s chaparrones. - Noticias Radio Reflejos\",\"isPartOf\":{\"@id\":\"https:\/\/www.noticiasradioreflejos.com.ar\/2021\/#website\"},\"primaryImageOfPage\":{\"@id\":\"https:\/\/www.noticiasradioreflejos.com.ar\/2021\/martes-inestable-chaparrones-bancos-de-niebla-y-mas-chaparrones\/#primaryimage\"},\"image\":{\"@id\":\"https:\/\/www.noticiasradioreflejos.com.ar\/2021\/martes-inestable-chaparrones-bancos-de-niebla-y-mas-chaparrones\/#primaryimage\"},\"thumbnailUrl\":\"https:\/\/www.noticiasradioreflejos.com.ar\/2021\/wp-content\/uploads\/2023\/07\/amanecer-con-nieblinas.jpeg\",\"datePublished\":\"2023-07-04T11:18:08+00:00\",\"dateModified\":\"2023-07-05T11:43:02+00:00\",\"author\":{\"@id\":\"https:\/\/www.noticiasradioreflejos.com.ar\/2021\/#\/schema\/person\/ad82545263dcc5ec0996818884fd5fb1\"},\"breadcrumb\":{\"@id\":\"https:\/\/www.noticiasradioreflejos.com.ar\/2021\/martes-inestable-chaparrones-bancos-de-niebla-y-mas-chaparrones\/#breadcrumb\"},\"inLanguage\":\"es\",\"potentialAction\":[{\"@type\":\"ReadAction\",\"target\":[\"https:\/\/www.noticiasradioreflejos.com.ar\/2021\/martes-inestable-chaparrones-bancos-de-niebla-y-mas-chaparrones\/\"]}]},{\"@type\":\"ImageObject\",\"inLanguage\":\"es\",\"@id\":\"https:\/\/www.noticiasradioreflejos.com.ar\/2021\/martes-inestable-chaparrones-bancos-de-niebla-y-mas-chaparrones\/#primaryimage\",\"url\":\"https:\/\/www.noticiasradioreflejos.com.ar\/2021\/wp-content\/uploads\/2023\/07\/amanecer-con-nieblinas.jpeg\",\"contentUrl\":\"https:\/\/www.noticiasradioreflejos.com.ar\/2021\/wp-content\/uploads\/2023\/07\/amanecer-con-nieblinas.jpeg\",\"width\":1600,\"height\":900},{\"@type\":\"BreadcrumbList\",\"@id\":\"https:\/\/www.noticiasradioreflejos.com.ar\/2021\/martes-inestable-chaparrones-bancos-de-niebla-y-mas-chaparrones\/#breadcrumb\",\"itemListElement\":[{\"@type\":\"ListItem\",\"position\":1,\"name\":\"Portada\",\"item\":\"https:\/\/www.noticiasradioreflejos.com.ar\/2021\/\"},{\"@type\":\"ListItem\",\"position\":2,\"name\":\"Martes inestable: Chaparrones, bancos de niebla y m\u00e1s chaparrones.\"}]},{\"@type\":\"WebSite\",\"@id\":\"https:\/\/www.noticiasradioreflejos.com.ar\/2021\/#website\",\"url\":\"https:\/\/www.noticiasradioreflejos.com.ar\/2021\/\",\"name\":\"Noticias Radio Reflejos\",\"description\":\"Las noticias de mi comarca\",\"potentialAction\":[{\"@type\":\"SearchAction\",\"target\":{\"@type\":\"EntryPoint\",\"urlTemplate\":\"https:\/\/www.noticiasradioreflejos.com.ar\/2021\/?s={search_term_string}\"},\"query-input\":{\"@type\":\"PropertyValueSpecification\",\"valueRequired\":true,\"valueName\":\"search_term_string\"}}],\"inLanguage\":\"es\"},{\"@type\":\"Person\",\"@id\":\"https:\/\/www.noticiasradioreflejos.com.ar\/2021\/#\/schema\/person\/ad82545263dcc5ec0996818884fd5fb1\",\"name\":\"Arnaldo Botto\",\"image\":{\"@type\":\"ImageObject\",\"inLanguage\":\"es\",\"@id\":\"https:\/\/www.noticiasradioreflejos.com.ar\/2021\/#\/schema\/person\/image\/\",\"url\":\"https:\/\/secure.gravatar.com\/avatar\/55cb5e37c1efa326397366e6974cb338056df65cb50e7d64d1cf314e87504837?s=96&d=mm&r=g\",\"contentUrl\":\"https:\/\/secure.gravatar.com\/avatar\/55cb5e37c1efa326397366e6974cb338056df65cb50e7d64d1cf314e87504837?s=96&d=mm&r=g\",\"caption\":\"Arnaldo Botto\"},\"url\":\"https:\/\/www.noticiasradioreflejos.com.ar\/2021\/author\/arnaldo\/\"}]}<\/script>\n<!-- \/ Yoast SEO plugin. -->","yoast_head_json":{"title":"Martes inestable: Chaparrones, bancos de niebla y m\u00e1s chaparrones. - Noticias Radio Reflejos","robots":{"index":"index","follow":"follow","max-snippet":"max-snippet:-1","max-image-preview":"max-image-preview:large","max-video-preview":"max-video-preview:-1"},"canonical":"https:\/\/www.noticiasradioreflejos.com.ar\/2021\/martes-inestable-chaparrones-bancos-de-niebla-y-mas-chaparrones\/","og_locale":"es_ES","og_type":"article","og_title":"Martes inestable: Chaparrones, bancos de niebla y m\u00e1s chaparrones. - Noticias Radio Reflejos","og_description":"Este martes 4 de julio se presenta inestable, con cielos mayormente cubiertos vientos suaves del norte y se esperan chaparrones para el resto del d\u00eda.","og_url":"https:\/\/www.noticiasradioreflejos.com.ar\/2021\/martes-inestable-chaparrones-bancos-de-niebla-y-mas-chaparrones\/","og_site_name":"Noticias Radio Reflejos","article_published_time":"2023-07-04T11:18:08+00:00","article_modified_time":"2023-07-05T11:43:02+00:00","og_image":[{"width":1600,"height":900,"url":"https:\/\/www.noticiasradioreflejos.com.ar\/2021\/wp-content\/uploads\/2023\/07\/amanecer-con-nieblinas.jpeg","type":"image\/jpeg"}],"author":"Arnaldo Botto","twitter_card":"summary_large_image","schema":{"@context":"https:\/\/schema.org","@graph":[{"@type":"WebPage","@id":"https:\/\/www.noticiasradioreflejos.com.ar\/2021\/martes-inestable-chaparrones-bancos-de-niebla-y-mas-chaparrones\/","url":"https:\/\/www.noticiasradioreflejos.com.ar\/2021\/martes-inestable-chaparrones-bancos-de-niebla-y-mas-chaparrones\/","name":"Martes inestable: Chaparrones, bancos de niebla y m\u00e1s chaparrones. - Noticias Radio Reflejos","isPartOf":{"@id":"https:\/\/www.noticiasradioreflejos.com.ar\/2021\/#website"},"primaryImageOfPage":{"@id":"https:\/\/www.noticiasradioreflejos.com.ar\/2021\/martes-inestable-chaparrones-bancos-de-niebla-y-mas-chaparrones\/#primaryimage"},"image":{"@id":"https:\/\/www.noticiasradioreflejos.com.ar\/2021\/martes-inestable-chaparrones-bancos-de-niebla-y-mas-chaparrones\/#primaryimage"},"thumbnailUrl":"https:\/\/www.noticiasradioreflejos.com.ar\/2021\/wp-content\/uploads\/2023\/07\/amanecer-con-nieblinas.jpeg","datePublished":"2023-07-04T11:18:08+00:00","dateModified":"2023-07-05T11:43:02+00:00","author":{"@id":"https:\/\/www.noticiasradioreflejos.com.ar\/2021\/#\/schema\/person\/ad82545263dcc5ec0996818884fd5fb1"},"breadcrumb":{"@id":"https:\/\/www.noticiasradioreflejos.com.ar\/2021\/martes-inestable-chaparrones-bancos-de-niebla-y-mas-chaparrones\/#breadcrumb"},"inLanguage":"es","potentialAction":[{"@type":"ReadAction","target":["https:\/\/www.noticiasradioreflejos.com.ar\/2021\/martes-inestable-chaparrones-bancos-de-niebla-y-mas-chaparrones\/"]}]},{"@type":"ImageObject","inLanguage":"es","@id":"https:\/\/www.noticiasradioreflejos.com.ar\/2021\/martes-inestable-chaparrones-bancos-de-niebla-y-mas-chaparrones\/#primaryimage","url":"https:\/\/www.noticiasradioreflejos.com.ar\/2021\/wp-content\/uploads\/2023\/07\/amanecer-con-nieblinas.jpeg","contentUrl":"https:\/\/www.noticiasradioreflejos.com.ar\/2021\/wp-content\/uploads\/2023\/07\/amanecer-con-nieblinas.jpeg","width":1600,"height":900},{"@type":"BreadcrumbList","@id":"https:\/\/www.noticiasradioreflejos.com.ar\/2021\/martes-inestable-chaparrones-bancos-de-niebla-y-mas-chaparrones\/#breadcrumb","itemListElement":[{"@type":"ListItem","position":1,"name":"Portada","item":"https:\/\/www.noticiasradioreflejos.com.ar\/2021\/"},{"@type":"ListItem","position":2,"name":"Martes inestable: Chaparrones, bancos de niebla y m\u00e1s chaparrones."}]},{"@type":"WebSite","@id":"https:\/\/www.noticiasradioreflejos.com.ar\/2021\/#website","url":"https:\/\/www.noticiasradioreflejos.com.ar\/2021\/","name":"Noticias Radio Reflejos","description":"Las noticias de mi comarca","potentialAction":[{"@type":"SearchAction","target":{"@type":"EntryPoint","urlTemplate":"https:\/\/www.noticiasradioreflejos.com.ar\/2021\/?s={search_term_string}"},"query-input":{"@type":"PropertyValueSpecification","valueRequired":true,"valueName":"search_term_string"}}],"inLanguage":"es"},{"@type":"Person","@id":"https:\/\/www.noticiasradioreflejos.com.ar\/2021\/#\/schema\/person\/ad82545263dcc5ec0996818884fd5fb1","name":"Arnaldo Botto","image":{"@type":"ImageObject","inLanguage":"es","@id":"https:\/\/www.noticiasradioreflejos.com.ar\/2021\/#\/schema\/person\/image\/","url":"https:\/\/secure.gravatar.com\/avatar\/55cb5e37c1efa326397366e6974cb338056df65cb50e7d64d1cf314e87504837?s=96&d=mm&r=g","contentUrl":"https:\/\/secure.gravatar.com\/avatar\/55cb5e37c1efa326397366e6974cb338056df65cb50e7d64d1cf314e87504837?s=96&d=mm&r=g","caption":"Arnaldo Botto"},"url":"https:\/\/www.noticiasradioreflejos.com.ar\/2021\/author\/arnaldo\/"}]}},"_links":{"self":[{"href":"https:\/\/www.noticiasradioreflejos.com.ar\/2021\/wp-json\/wp\/v2\/posts\/90052","targetHints":{"allow":["GET"]}}],"collection":[{"href":"https:\/\/www.noticiasradioreflejos.com.ar\/2021\/wp-json\/wp\/v2\/posts"}],"about":[{"href":"https:\/\/www.noticiasradioreflejos.com.ar\/2021\/wp-json\/wp\/v2\/types\/post"}],"author":[{"embeddable":true,"href":"https:\/\/www.noticiasradioreflejos.com.ar\/2021\/wp-json\/wp\/v2\/users\/3"}],"replies":[{"embeddable":true,"href":"https:\/\/www.noticiasradioreflejos.com.ar\/2021\/wp-json\/wp\/v2\/comments?post=90052"}],"version-history":[{"count":5,"href":"https:\/\/www.noticiasradioreflejos.com.ar\/2021\/wp-json\/wp\/v2\/posts\/90052\/revisions"}],"predecessor-version":[{"id":90107,"href":"https:\/\/www.noticiasradioreflejos.com.ar\/2021\/wp-json\/wp\/v2\/posts\/90052\/revisions\/90107"}],"wp:featuredmedia":[{"embeddable":true,"href":"https:\/\/www.noticiasradioreflejos.com.ar\/2021\/wp-json\/wp\/v2\/media\/90053"}],"wp:attachment":[{"href":"https:\/\/www.noticiasradioreflejos.com.ar\/2021\/wp-json\/wp\/v2\/media?parent=90052"}],"wp:term":[{"taxonomy":"category","embeddable":true,"href":"https:\/\/www.noticiasradioreflejos.com.ar\/2021\/wp-json\/wp\/v2\/categories?post=90052"},{"taxonomy":"post_tag","embeddable":true,"href":"https:\/\/www.noticiasradioreflejos.com.ar\/2021\/wp-json\/wp\/v2\/tags?post=90052"}],"curies":[{"name":"wp","href":"https:\/\/api.w.org\/{rel}","templated":true}]}}