{"id":90022,"date":"2023-07-03T16:49:19","date_gmt":"2023-07-03T16:49:19","guid":{"rendered":"https:\/\/www.noticiasradioreflejos.com.ar\/2021\/?p=90022"},"modified":"2023-07-03T16:49:19","modified_gmt":"2023-07-03T16:49:19","slug":"se-nego-a-declarar-masajista-acusado-de-abusar-de-seis-clientas-en-bahia-blanca","status":"publish","type":"post","link":"https:\/\/www.noticiasradioreflejos.com.ar\/2021\/se-nego-a-declarar-masajista-acusado-de-abusar-de-seis-clientas-en-bahia-blanca\/","title":{"rendered":"Se neg\u00f3 a declarar masajista acusado de abusar de seis clientas en Bah\u00eda Blanca"},"content":{"rendered":"<p>Un masajista se neg\u00f3 a declarar ante un fiscal de Bah\u00eda Blanca luego de haber sido detenido y acusado de abusar de seis clientas durante hechos registrados en un gabinete donde ofrec\u00eda sus servicios, informaron hoy fuentes judiciales.<!--more--><\/p>\n<p>Se trata de Esteban Sebeca, de 67 a\u00f1os, quien fue detenido en las \u00faltimas horas por personal de la polic\u00eda bonaerense en el marco de una causa acusado de \u00ababuso sexual con acceso carnal\u00bb por seis casos ocurridos en Bah\u00eda Blanca.<\/p>\n<p>Con una orden librada por el fiscal Marcelo Romero Jard\u00edn, solicitada al Juzgado de Garant\u00edas 1 de Bah\u00eda Blanca, el hombre, quien se desempe\u00f1a como masajista hab\u00eda sido detenido en una vivienda en la que adem\u00e1s funciona el gabinete ubicada en la calle Ecuador al 1500.<\/p>\n<p>Desde el Ministerio P\u00fablico Fiscal indicaron hoy que \u00abSebeca se neg\u00f3 a declarar ante el fiscal Romero Jard\u00edn en el marco de una audiencia en relaci\u00f3n a seis hechos de abuso sexual\u00bb.<\/p>\n<p>Seg\u00fan la causa, el hombre habr\u00eda abusado de seis mujeres, mayores y menores de edad, entre los a\u00f1os 2016 y 2023, las que se acercaron a su gabinete, ubicado en calle Ecuador al 1500 para recibir tratamientos por diversas dolencias corporales.<\/p>\n<p>\u00abEsas situaciones fueron aprovechadas por Sebeca para llevar a cabo distintos hechos abusivos que fueron calificados como abuso simple, abuso sexual con acceso carnal y abuso sexual gravemente ultrajante\u00bb, agregaron.<\/p>\n<p>Seg\u00fan las fuentes, la causa comenz\u00f3 este a\u00f1o cuando una de las clientas realiz\u00f3 la denuncia, que al conocerse de manera p\u00fablica posibilit\u00f3 que otras v\u00edctimas dieran cuenta en la justicia sobre lo que hab\u00edan vivido tiempo atr\u00e1s.<\/p><\/div>\n","protected":false},"excerpt":{"rendered":"<p>Un masajista se neg\u00f3 a declarar ante un fiscal de Bah\u00eda Blanca luego de haber sido detenido y acusado de abusar de seis clientas durante hechos registrados en un gabinete donde ofrec\u00eda sus servicios, informaron hoy fuentes judiciales.<\/p>\n","protected":false},"author":3,"featured_media":0,"comment_status":"closed","ping_status":"closed","sticky":false,"template":"","format":"standard","meta":{"footnotes":""},"categories":[57],"tags":[],"class_list":["post-90022","post","type-post","status-publish","format-standard","hentry","category-judiciales"],"yoast_head":"<!-- This site is optimized with the Yoast SEO plugin v25.9 - https:\/\/yoast.com\/wordpress\/plugins\/seo\/ -->\n<title>Se neg\u00f3 a declarar masajista acusado de abusar de seis clientas en Bah\u00eda Blanca - Noticias Radio Reflejos<\/title>\n<meta name=\"robots\" content=\"index, follow, max-snippet:-1, max-image-preview:large, max-video-preview:-1\" \/>\n<link rel=\"canonical\" href=\"https:\/\/www.noticiasradioreflejos.com.ar\/2021\/se-nego-a-declarar-masajista-acusado-de-abusar-de-seis-clientas-en-bahia-blanca\/\" \/>\n<meta property=\"og:locale\" content=\"es_ES\" \/>\n<meta property=\"og:type\" content=\"article\" \/>\n<meta property=\"og:title\" content=\"Se neg\u00f3 a declarar masajista acusado de abusar de seis clientas en Bah\u00eda Blanca - Noticias Radio Reflejos\" \/>\n<meta property=\"og:description\" content=\"Un masajista se neg\u00f3 a declarar ante un fiscal de Bah\u00eda Blanca luego de haber sido detenido y acusado de abusar de seis clientas durante hechos registrados en un gabinete donde ofrec\u00eda sus servicios, informaron hoy fuentes judiciales.\" \/>\n<meta property=\"og:url\" content=\"https:\/\/www.noticiasradioreflejos.com.ar\/2021\/se-nego-a-declarar-masajista-acusado-de-abusar-de-seis-clientas-en-bahia-blanca\/\" \/>\n<meta property=\"og:site_name\" content=\"Noticias Radio Reflejos\" \/>\n<meta property=\"article:published_time\" content=\"2023-07-03T16:49:19+00:00\" \/>\n<meta property=\"og:image\" content=\"https:\/\/www.noticiasradioreflejos.com.ar\/2021\/wp-content\/uploads\/2021\/07\/logosol300x200.png\" \/>\n\t<meta property=\"og:image:width\" content=\"300\" \/>\n\t<meta property=\"og:image:height\" content=\"200\" \/>\n\t<meta property=\"og:image:type\" content=\"image\/png\" \/>\n<meta name=\"author\" content=\"Arnaldo Botto\" \/>\n<meta name=\"twitter:card\" content=\"summary_large_image\" \/>\n<script type=\"application\/ld+json\" class=\"yoast-schema-graph\">{\"@context\":\"https:\/\/schema.org\",\"@graph\":[{\"@type\":\"WebPage\",\"@id\":\"https:\/\/www.noticiasradioreflejos.com.ar\/2021\/se-nego-a-declarar-masajista-acusado-de-abusar-de-seis-clientas-en-bahia-blanca\/\",\"url\":\"https:\/\/www.noticiasradioreflejos.com.ar\/2021\/se-nego-a-declarar-masajista-acusado-de-abusar-de-seis-clientas-en-bahia-blanca\/\",\"name\":\"Se neg\u00f3 a declarar masajista acusado de abusar de seis clientas en Bah\u00eda Blanca - Noticias Radio Reflejos\",\"isPartOf\":{\"@id\":\"https:\/\/www.noticiasradioreflejos.com.ar\/2021\/#website\"},\"datePublished\":\"2023-07-03T16:49:19+00:00\",\"author\":{\"@id\":\"https:\/\/www.noticiasradioreflejos.com.ar\/2021\/#\/schema\/person\/ad82545263dcc5ec0996818884fd5fb1\"},\"breadcrumb\":{\"@id\":\"https:\/\/www.noticiasradioreflejos.com.ar\/2021\/se-nego-a-declarar-masajista-acusado-de-abusar-de-seis-clientas-en-bahia-blanca\/#breadcrumb\"},\"inLanguage\":\"es\",\"potentialAction\":[{\"@type\":\"ReadAction\",\"target\":[\"https:\/\/www.noticiasradioreflejos.com.ar\/2021\/se-nego-a-declarar-masajista-acusado-de-abusar-de-seis-clientas-en-bahia-blanca\/\"]}]},{\"@type\":\"BreadcrumbList\",\"@id\":\"https:\/\/www.noticiasradioreflejos.com.ar\/2021\/se-nego-a-declarar-masajista-acusado-de-abusar-de-seis-clientas-en-bahia-blanca\/#breadcrumb\",\"itemListElement\":[{\"@type\":\"ListItem\",\"position\":1,\"name\":\"Portada\",\"item\":\"https:\/\/www.noticiasradioreflejos.com.ar\/2021\/\"},{\"@type\":\"ListItem\",\"position\":2,\"name\":\"Se neg\u00f3 a declarar masajista acusado de abusar de seis clientas en Bah\u00eda Blanca\"}]},{\"@type\":\"WebSite\",\"@id\":\"https:\/\/www.noticiasradioreflejos.com.ar\/2021\/#website\",\"url\":\"https:\/\/www.noticiasradioreflejos.com.ar\/2021\/\",\"name\":\"Noticias Radio Reflejos\",\"description\":\"Las noticias de mi comarca\",\"potentialAction\":[{\"@type\":\"SearchAction\",\"target\":{\"@type\":\"EntryPoint\",\"urlTemplate\":\"https:\/\/www.noticiasradioreflejos.com.ar\/2021\/?s={search_term_string}\"},\"query-input\":{\"@type\":\"PropertyValueSpecification\",\"valueRequired\":true,\"valueName\":\"search_term_string\"}}],\"inLanguage\":\"es\"},{\"@type\":\"Person\",\"@id\":\"https:\/\/www.noticiasradioreflejos.com.ar\/2021\/#\/schema\/person\/ad82545263dcc5ec0996818884fd5fb1\",\"name\":\"Arnaldo Botto\",\"image\":{\"@type\":\"ImageObject\",\"inLanguage\":\"es\",\"@id\":\"https:\/\/www.noticiasradioreflejos.com.ar\/2021\/#\/schema\/person\/image\/\",\"url\":\"https:\/\/secure.gravatar.com\/avatar\/55cb5e37c1efa326397366e6974cb338056df65cb50e7d64d1cf314e87504837?s=96&d=mm&r=g\",\"contentUrl\":\"https:\/\/secure.gravatar.com\/avatar\/55cb5e37c1efa326397366e6974cb338056df65cb50e7d64d1cf314e87504837?s=96&d=mm&r=g\",\"caption\":\"Arnaldo Botto\"},\"url\":\"https:\/\/www.noticiasradioreflejos.com.ar\/2021\/author\/arnaldo\/\"}]}<\/script>\n<!-- \/ Yoast SEO plugin. -->","yoast_head_json":{"title":"Se neg\u00f3 a declarar masajista acusado de abusar de seis clientas en Bah\u00eda Blanca - Noticias Radio Reflejos","robots":{"index":"index","follow":"follow","max-snippet":"max-snippet:-1","max-image-preview":"max-image-preview:large","max-video-preview":"max-video-preview:-1"},"canonical":"https:\/\/www.noticiasradioreflejos.com.ar\/2021\/se-nego-a-declarar-masajista-acusado-de-abusar-de-seis-clientas-en-bahia-blanca\/","og_locale":"es_ES","og_type":"article","og_title":"Se neg\u00f3 a declarar masajista acusado de abusar de seis clientas en Bah\u00eda Blanca - Noticias Radio Reflejos","og_description":"Un masajista se neg\u00f3 a declarar ante un fiscal de Bah\u00eda Blanca luego de haber sido detenido y acusado de abusar de seis clientas durante hechos registrados en un gabinete donde ofrec\u00eda sus servicios, informaron hoy fuentes judiciales.","og_url":"https:\/\/www.noticiasradioreflejos.com.ar\/2021\/se-nego-a-declarar-masajista-acusado-de-abusar-de-seis-clientas-en-bahia-blanca\/","og_site_name":"Noticias Radio Reflejos","article_published_time":"2023-07-03T16:49:19+00:00","og_image":[{"width":300,"height":200,"url":"https:\/\/www.noticiasradioreflejos.com.ar\/2021\/wp-content\/uploads\/2021\/07\/logosol300x200.png","type":"image\/png"}],"author":"Arnaldo Botto","twitter_card":"summary_large_image","schema":{"@context":"https:\/\/schema.org","@graph":[{"@type":"WebPage","@id":"https:\/\/www.noticiasradioreflejos.com.ar\/2021\/se-nego-a-declarar-masajista-acusado-de-abusar-de-seis-clientas-en-bahia-blanca\/","url":"https:\/\/www.noticiasradioreflejos.com.ar\/2021\/se-nego-a-declarar-masajista-acusado-de-abusar-de-seis-clientas-en-bahia-blanca\/","name":"Se neg\u00f3 a declarar masajista acusado de abusar de seis clientas en Bah\u00eda Blanca - Noticias Radio Reflejos","isPartOf":{"@id":"https:\/\/www.noticiasradioreflejos.com.ar\/2021\/#website"},"datePublished":"2023-07-03T16:49:19+00:00","author":{"@id":"https:\/\/www.noticiasradioreflejos.com.ar\/2021\/#\/schema\/person\/ad82545263dcc5ec0996818884fd5fb1"},"breadcrumb":{"@id":"https:\/\/www.noticiasradioreflejos.com.ar\/2021\/se-nego-a-declarar-masajista-acusado-de-abusar-de-seis-clientas-en-bahia-blanca\/#breadcrumb"},"inLanguage":"es","potentialAction":[{"@type":"ReadAction","target":["https:\/\/www.noticiasradioreflejos.com.ar\/2021\/se-nego-a-declarar-masajista-acusado-de-abusar-de-seis-clientas-en-bahia-blanca\/"]}]},{"@type":"BreadcrumbList","@id":"https:\/\/www.noticiasradioreflejos.com.ar\/2021\/se-nego-a-declarar-masajista-acusado-de-abusar-de-seis-clientas-en-bahia-blanca\/#breadcrumb","itemListElement":[{"@type":"ListItem","position":1,"name":"Portada","item":"https:\/\/www.noticiasradioreflejos.com.ar\/2021\/"},{"@type":"ListItem","position":2,"name":"Se neg\u00f3 a declarar masajista acusado de abusar de seis clientas en Bah\u00eda Blanca"}]},{"@type":"WebSite","@id":"https:\/\/www.noticiasradioreflejos.com.ar\/2021\/#website","url":"https:\/\/www.noticiasradioreflejos.com.ar\/2021\/","name":"Noticias Radio Reflejos","description":"Las noticias de mi comarca","potentialAction":[{"@type":"SearchAction","target":{"@type":"EntryPoint","urlTemplate":"https:\/\/www.noticiasradioreflejos.com.ar\/2021\/?s={search_term_string}"},"query-input":{"@type":"PropertyValueSpecification","valueRequired":true,"valueName":"search_term_string"}}],"inLanguage":"es"},{"@type":"Person","@id":"https:\/\/www.noticiasradioreflejos.com.ar\/2021\/#\/schema\/person\/ad82545263dcc5ec0996818884fd5fb1","name":"Arnaldo Botto","image":{"@type":"ImageObject","inLanguage":"es","@id":"https:\/\/www.noticiasradioreflejos.com.ar\/2021\/#\/schema\/person\/image\/","url":"https:\/\/secure.gravatar.com\/avatar\/55cb5e37c1efa326397366e6974cb338056df65cb50e7d64d1cf314e87504837?s=96&d=mm&r=g","contentUrl":"https:\/\/secure.gravatar.com\/avatar\/55cb5e37c1efa326397366e6974cb338056df65cb50e7d64d1cf314e87504837?s=96&d=mm&r=g","caption":"Arnaldo Botto"},"url":"https:\/\/www.noticiasradioreflejos.com.ar\/2021\/author\/arnaldo\/"}]}},"_links":{"self":[{"href":"https:\/\/www.noticiasradioreflejos.com.ar\/2021\/wp-json\/wp\/v2\/posts\/90022","targetHints":{"allow":["GET"]}}],"collection":[{"href":"https:\/\/www.noticiasradioreflejos.com.ar\/2021\/wp-json\/wp\/v2\/posts"}],"about":[{"href":"https:\/\/www.noticiasradioreflejos.com.ar\/2021\/wp-json\/wp\/v2\/types\/post"}],"author":[{"embeddable":true,"href":"https:\/\/www.noticiasradioreflejos.com.ar\/2021\/wp-json\/wp\/v2\/users\/3"}],"replies":[{"embeddable":true,"href":"https:\/\/www.noticiasradioreflejos.com.ar\/2021\/wp-json\/wp\/v2\/comments?post=90022"}],"version-history":[{"count":1,"href":"https:\/\/www.noticiasradioreflejos.com.ar\/2021\/wp-json\/wp\/v2\/posts\/90022\/revisions"}],"predecessor-version":[{"id":90024,"href":"https:\/\/www.noticiasradioreflejos.com.ar\/2021\/wp-json\/wp\/v2\/posts\/90022\/revisions\/90024"}],"wp:attachment":[{"href":"https:\/\/www.noticiasradioreflejos.com.ar\/2021\/wp-json\/wp\/v2\/media?parent=90022"}],"wp:term":[{"taxonomy":"category","embeddable":true,"href":"https:\/\/www.noticiasradioreflejos.com.ar\/2021\/wp-json\/wp\/v2\/categories?post=90022"},{"taxonomy":"post_tag","embeddable":true,"href":"https:\/\/www.noticiasradioreflejos.com.ar\/2021\/wp-json\/wp\/v2\/tags?post=90022"}],"curies":[{"name":"wp","href":"https:\/\/api.w.org\/{rel}","templated":true}]}}