{"id":90013,"date":"2023-07-03T16:20:17","date_gmt":"2023-07-03T16:20:17","guid":{"rendered":"https:\/\/www.noticiasradioreflejos.com.ar\/2021\/?p=90013"},"modified":"2023-07-03T16:20:17","modified_gmt":"2023-07-03T16:20:17","slug":"se-viene-el-bodegon-de-las-sierras","status":"publish","type":"post","link":"https:\/\/www.noticiasradioreflejos.com.ar\/2021\/se-viene-el-bodegon-de-las-sierras\/","title":{"rendered":"Se viene El Bodeg\u00f3n de las Sierras"},"content":{"rendered":"<p>Sergio Dom\u00ednguez, due\u00f1o de la nueva propuesta gastron\u00f3mica, brind\u00f3 detalles del nuevo espacio que tendr\u00e1 la comarca en los pr\u00f3ximos d\u00edas. \u201cTodos platos exquisitos y con precios razonables\u201d asegur\u00f3.<!--more--><\/p>\n<p><a title=\"bodegon de las sierras (3)\" href=\"https:\/\/www.flickr.com\/photos\/182279889@N02\/53018959192\/in\/dateposted-public\/\" data-flickr-embed=\"true\" data-footer=\"true\"><img loading=\"lazy\" decoding=\"async\" class=\"aligncenter\" src=\"https:\/\/live.staticflickr.com\/65535\/53018959192_b85dfe7a22_c.jpg\" alt=\"bodegon de las sierras (3)\" width=\"600\" height=\"800\" \/><\/a><\/p>\n<p>Esta semana se inaugurar\u00e1 en Jos\u00e9 Hern\u00e1ndez y Alfonsina Storni, en Sierra de la Ventana, \u201cEl bodeg\u00f3n de las Sierras\u201d. Un lugar que aspira a cambiar los mediod\u00edas y noches de la comarca, a trav\u00e9s de un volver a las ra\u00edces mediante el t\u00edpico bodeg\u00f3n que tantos recuerdos gener\u00f3.<\/p>\n<p>Al respecto Sergio Dom\u00ednguez, titular del emprendimiento gastron\u00f3mico explic\u00f3 que \u201clo ven\u00edamos planeando hace a\u00f1os con la familia. Siempre animarse a arrancar en un rubro como el gastron\u00f3mico lleva su tiempo y saber que las cosas hay que hacerlas bien. Hay que trabajar para la gente de la comarca\u201d.<\/p>\n<p>Seg\u00fan cont\u00f3, \u201chemos ambientado un local a cero, como si fuese un bodeg\u00f3n antiguo, con horno de le\u00f1a, con una parrilla nueva, con una cocina innovadora. Todos platos de bodeg\u00f3n, abundantes, con buenos precios. Queremos darle un tinte distinto a la comarca y darle una bienvenida distinta a la gente cuando entra a Sierra y se encuentra un local totalmente decorado como eran los antiguos bodegones\u201d.<\/p>\n<p>Confirm\u00f3 que la idea surgi\u00f3 \u201cde tanto ir a Buenos Aires vimos que todos estaban ambientados con chapas viejas y cosas antiguas. La idea fue darle un tinte familiar. Quer\u00edamos entregarle a la comarca algo innovador y a la vista m\u00e1s que agradable\u201d.<\/p>\n<p>Dando detalles de c\u00f3mo ser\u00e1 el trabajo en el bodeg\u00f3n, asegur\u00f3 que estar\u00e1 abierto de \u201cmi\u00e9rcoles a domingo, mediod\u00eda y noche. No habr\u00e1 horario de cierre de cocina. Mantenemos el respeto a la gente que siempre se pueda sentar a comer. Tendremos un tope de 26 personas. La idea es hacerlo familiar, que la gente no espere una hora un plato de comida. Nosotros queremos trabajar tranquilos\u201d.<\/p>\n<p><a title=\"bodegon de las sierras (1)\" href=\"https:\/\/www.flickr.com\/photos\/182279889@N02\/53018959252\/in\/dateposted-public\/\" data-flickr-embed=\"true\" data-footer=\"true\"><img loading=\"lazy\" decoding=\"async\" src=\"https:\/\/live.staticflickr.com\/65535\/53018959252_f7d362b17a_c.jpg\" alt=\"bodegon de las sierras (1)\" width=\"800\" height=\"600\" \/><\/a><br \/>\nY de la mano con esto sostuvo que \u201cla idea no es pensar en la plata y la cantidad de plazas, sino que la gente se vaya bien comida, atendida, con platos caseros y frescos. La vida pasa por otro lado, Por disfrutarla\u201d.<\/p>\n<p>Sobre los pilares que manejar\u00e1n, \u201cprimero el respeto a la gente local. Est\u00e1 hecho para la comarca. Para que tengan un lugar distinto y puedan venir a comer un plato de comida casera, abundante y con un precio razonable. Y despu\u00e9s le debemos el respeto al turista. No quiero que pase lo que ocurre hist\u00f3ricamente, cuando un 25 de diciembre o un 1 de enero no ten\u00e9s donde comer porque estamos todos de vacaciones\u201d.<\/p>\n<p>Al tiempo que para cerrar, y a modo de reflexi\u00f3n subray\u00f3 que \u201chay que trabajar. Nuestra comarca en alg\u00fan momento va a tener que cambiar y vamos a tener que ser consecuentes con la gente que viene a dejar el dinero a Sierra, y que est\u00e9n contentos y satisfechos, bien atendidos, y que tuvieron un lugar donde sentarse a comer a las cuatro de la tarde despu\u00e9s de una excursi\u00f3n\u201d.<\/p>\n<p><strong>Ya se toman reservas. El n\u00famero para concretarlas es 291 576 5600.<\/strong><\/p>\n<p>&nbsp;<\/p>\n<p><iframe loading=\"lazy\" src=\"https:\/\/w.soundcloud.com\/player\/?url=https%3A\/\/api.soundcloud.com\/tracks\/1555194073&amp;color=%23ff5500&amp;auto_play=false&amp;hide_related=false&amp;show_comments=true&amp;show_user=true&amp;show_reposts=false&amp;show_teaser=true\" width=\"100%\" height=\"166\" frameborder=\"no\" scrolling=\"no\"><\/iframe><\/p>\n<div style=\"font-size: 10px; color: #cccccc; line-break: anywhere; word-break: normal; overflow: hidden; white-space: nowrap; text-overflow: ellipsis; font-family: Interstate,Lucida Grande,Lucida Sans Unicode,Lucida Sans,Garuda,Verdana,Tahoma,sans-serif; font-weight: 100;\"><a style=\"color: #cccccc; text-decoration: none;\" title=\"fmreflejos 103.7\" href=\"https:\/\/soundcloud.com\/fmreflejos-103-7\" target=\"_blank\" rel=\"noopener\">fmreflejos 103.7<\/a> \u00b7 <a style=\"color: #cccccc; text-decoration: none;\" title=\"Sergio Teco Dominguez\" href=\"https:\/\/soundcloud.com\/fmreflejos-103-7\/sergio-teco-dominguez\" target=\"_blank\" rel=\"noopener\">Sergio Teco Dominguez<\/a><\/div>\n","protected":false},"excerpt":{"rendered":"<p>Sergio Dom\u00ednguez, due\u00f1o de la nueva propuesta gastron\u00f3mica, brind\u00f3 detalles del nuevo espacio que tendr\u00e1 la comarca en los pr\u00f3ximos d\u00edas. \u201cTodos platos exquisitos y con precios razonables\u201d asegur\u00f3.<\/p>\n","protected":false},"author":3,"featured_media":90020,"comment_status":"closed","ping_status":"closed","sticky":false,"template":"","format":"standard","meta":{"footnotes":""},"categories":[26,33],"tags":[48],"class_list":["post-90013","post","type-post","status-publish","format-standard","has-post-thumbnail","hentry","category-sociedad","category-turismo","tag-destacada"],"yoast_head":"<!-- This site is optimized with the Yoast SEO plugin v25.9 - https:\/\/yoast.com\/wordpress\/plugins\/seo\/ -->\n<title>Se viene El Bodeg\u00f3n de las Sierras - Noticias Radio Reflejos<\/title>\n<meta name=\"robots\" content=\"index, follow, max-snippet:-1, max-image-preview:large, max-video-preview:-1\" \/>\n<link rel=\"canonical\" href=\"https:\/\/www.noticiasradioreflejos.com.ar\/2021\/se-viene-el-bodegon-de-las-sierras\/\" \/>\n<meta property=\"og:locale\" content=\"es_ES\" \/>\n<meta property=\"og:type\" content=\"article\" \/>\n<meta property=\"og:title\" content=\"Se viene El Bodeg\u00f3n de las Sierras - Noticias Radio Reflejos\" \/>\n<meta property=\"og:description\" content=\"Sergio Dom\u00ednguez, due\u00f1o de la nueva propuesta gastron\u00f3mica, brind\u00f3 detalles del nuevo espacio que tendr\u00e1 la comarca en los pr\u00f3ximos d\u00edas. \u201cTodos platos exquisitos y con precios razonables\u201d asegur\u00f3.\" \/>\n<meta property=\"og:url\" content=\"https:\/\/www.noticiasradioreflejos.com.ar\/2021\/se-viene-el-bodegon-de-las-sierras\/\" \/>\n<meta property=\"og:site_name\" content=\"Noticias Radio Reflejos\" \/>\n<meta property=\"article:published_time\" content=\"2023-07-03T16:20:17+00:00\" \/>\n<meta property=\"og:image\" content=\"https:\/\/www.noticiasradioreflejos.com.ar\/2021\/wp-content\/uploads\/2023\/07\/bodegon-de-las-sierras-5.jpeg\" \/>\n\t<meta property=\"og:image:width\" content=\"1600\" \/>\n\t<meta property=\"og:image:height\" content=\"1200\" \/>\n\t<meta property=\"og:image:type\" content=\"image\/jpeg\" \/>\n<meta name=\"author\" content=\"Arnaldo Botto\" \/>\n<meta name=\"twitter:card\" content=\"summary_large_image\" \/>\n<script type=\"application\/ld+json\" class=\"yoast-schema-graph\">{\"@context\":\"https:\/\/schema.org\",\"@graph\":[{\"@type\":\"WebPage\",\"@id\":\"https:\/\/www.noticiasradioreflejos.com.ar\/2021\/se-viene-el-bodegon-de-las-sierras\/\",\"url\":\"https:\/\/www.noticiasradioreflejos.com.ar\/2021\/se-viene-el-bodegon-de-las-sierras\/\",\"name\":\"Se viene El Bodeg\u00f3n de las Sierras - Noticias Radio Reflejos\",\"isPartOf\":{\"@id\":\"https:\/\/www.noticiasradioreflejos.com.ar\/2021\/#website\"},\"primaryImageOfPage\":{\"@id\":\"https:\/\/www.noticiasradioreflejos.com.ar\/2021\/se-viene-el-bodegon-de-las-sierras\/#primaryimage\"},\"image\":{\"@id\":\"https:\/\/www.noticiasradioreflejos.com.ar\/2021\/se-viene-el-bodegon-de-las-sierras\/#primaryimage\"},\"thumbnailUrl\":\"https:\/\/www.noticiasradioreflejos.com.ar\/2021\/wp-content\/uploads\/2023\/07\/bodegon-de-las-sierras-5.jpeg\",\"datePublished\":\"2023-07-03T16:20:17+00:00\",\"author\":{\"@id\":\"https:\/\/www.noticiasradioreflejos.com.ar\/2021\/#\/schema\/person\/ad82545263dcc5ec0996818884fd5fb1\"},\"breadcrumb\":{\"@id\":\"https:\/\/www.noticiasradioreflejos.com.ar\/2021\/se-viene-el-bodegon-de-las-sierras\/#breadcrumb\"},\"inLanguage\":\"es\",\"potentialAction\":[{\"@type\":\"ReadAction\",\"target\":[\"https:\/\/www.noticiasradioreflejos.com.ar\/2021\/se-viene-el-bodegon-de-las-sierras\/\"]}]},{\"@type\":\"ImageObject\",\"inLanguage\":\"es\",\"@id\":\"https:\/\/www.noticiasradioreflejos.com.ar\/2021\/se-viene-el-bodegon-de-las-sierras\/#primaryimage\",\"url\":\"https:\/\/www.noticiasradioreflejos.com.ar\/2021\/wp-content\/uploads\/2023\/07\/bodegon-de-las-sierras-5.jpeg\",\"contentUrl\":\"https:\/\/www.noticiasradioreflejos.com.ar\/2021\/wp-content\/uploads\/2023\/07\/bodegon-de-las-sierras-5.jpeg\",\"width\":1600,\"height\":1200},{\"@type\":\"BreadcrumbList\",\"@id\":\"https:\/\/www.noticiasradioreflejos.com.ar\/2021\/se-viene-el-bodegon-de-las-sierras\/#breadcrumb\",\"itemListElement\":[{\"@type\":\"ListItem\",\"position\":1,\"name\":\"Portada\",\"item\":\"https:\/\/www.noticiasradioreflejos.com.ar\/2021\/\"},{\"@type\":\"ListItem\",\"position\":2,\"name\":\"Se viene El Bodeg\u00f3n de las Sierras\"}]},{\"@type\":\"WebSite\",\"@id\":\"https:\/\/www.noticiasradioreflejos.com.ar\/2021\/#website\",\"url\":\"https:\/\/www.noticiasradioreflejos.com.ar\/2021\/\",\"name\":\"Noticias Radio Reflejos\",\"description\":\"Las noticias de mi comarca\",\"potentialAction\":[{\"@type\":\"SearchAction\",\"target\":{\"@type\":\"EntryPoint\",\"urlTemplate\":\"https:\/\/www.noticiasradioreflejos.com.ar\/2021\/?s={search_term_string}\"},\"query-input\":{\"@type\":\"PropertyValueSpecification\",\"valueRequired\":true,\"valueName\":\"search_term_string\"}}],\"inLanguage\":\"es\"},{\"@type\":\"Person\",\"@id\":\"https:\/\/www.noticiasradioreflejos.com.ar\/2021\/#\/schema\/person\/ad82545263dcc5ec0996818884fd5fb1\",\"name\":\"Arnaldo Botto\",\"image\":{\"@type\":\"ImageObject\",\"inLanguage\":\"es\",\"@id\":\"https:\/\/www.noticiasradioreflejos.com.ar\/2021\/#\/schema\/person\/image\/\",\"url\":\"https:\/\/secure.gravatar.com\/avatar\/55cb5e37c1efa326397366e6974cb338056df65cb50e7d64d1cf314e87504837?s=96&d=mm&r=g\",\"contentUrl\":\"https:\/\/secure.gravatar.com\/avatar\/55cb5e37c1efa326397366e6974cb338056df65cb50e7d64d1cf314e87504837?s=96&d=mm&r=g\",\"caption\":\"Arnaldo Botto\"},\"url\":\"https:\/\/www.noticiasradioreflejos.com.ar\/2021\/author\/arnaldo\/\"}]}<\/script>\n<!-- \/ Yoast SEO plugin. -->","yoast_head_json":{"title":"Se viene El Bodeg\u00f3n de las Sierras - Noticias Radio Reflejos","robots":{"index":"index","follow":"follow","max-snippet":"max-snippet:-1","max-image-preview":"max-image-preview:large","max-video-preview":"max-video-preview:-1"},"canonical":"https:\/\/www.noticiasradioreflejos.com.ar\/2021\/se-viene-el-bodegon-de-las-sierras\/","og_locale":"es_ES","og_type":"article","og_title":"Se viene El Bodeg\u00f3n de las Sierras - Noticias Radio Reflejos","og_description":"Sergio Dom\u00ednguez, due\u00f1o de la nueva propuesta gastron\u00f3mica, brind\u00f3 detalles del nuevo espacio que tendr\u00e1 la comarca en los pr\u00f3ximos d\u00edas. \u201cTodos platos exquisitos y con precios razonables\u201d asegur\u00f3.","og_url":"https:\/\/www.noticiasradioreflejos.com.ar\/2021\/se-viene-el-bodegon-de-las-sierras\/","og_site_name":"Noticias Radio Reflejos","article_published_time":"2023-07-03T16:20:17+00:00","og_image":[{"width":1600,"height":1200,"url":"https:\/\/www.noticiasradioreflejos.com.ar\/2021\/wp-content\/uploads\/2023\/07\/bodegon-de-las-sierras-5.jpeg","type":"image\/jpeg"}],"author":"Arnaldo Botto","twitter_card":"summary_large_image","schema":{"@context":"https:\/\/schema.org","@graph":[{"@type":"WebPage","@id":"https:\/\/www.noticiasradioreflejos.com.ar\/2021\/se-viene-el-bodegon-de-las-sierras\/","url":"https:\/\/www.noticiasradioreflejos.com.ar\/2021\/se-viene-el-bodegon-de-las-sierras\/","name":"Se viene El Bodeg\u00f3n de las Sierras - Noticias Radio Reflejos","isPartOf":{"@id":"https:\/\/www.noticiasradioreflejos.com.ar\/2021\/#website"},"primaryImageOfPage":{"@id":"https:\/\/www.noticiasradioreflejos.com.ar\/2021\/se-viene-el-bodegon-de-las-sierras\/#primaryimage"},"image":{"@id":"https:\/\/www.noticiasradioreflejos.com.ar\/2021\/se-viene-el-bodegon-de-las-sierras\/#primaryimage"},"thumbnailUrl":"https:\/\/www.noticiasradioreflejos.com.ar\/2021\/wp-content\/uploads\/2023\/07\/bodegon-de-las-sierras-5.jpeg","datePublished":"2023-07-03T16:20:17+00:00","author":{"@id":"https:\/\/www.noticiasradioreflejos.com.ar\/2021\/#\/schema\/person\/ad82545263dcc5ec0996818884fd5fb1"},"breadcrumb":{"@id":"https:\/\/www.noticiasradioreflejos.com.ar\/2021\/se-viene-el-bodegon-de-las-sierras\/#breadcrumb"},"inLanguage":"es","potentialAction":[{"@type":"ReadAction","target":["https:\/\/www.noticiasradioreflejos.com.ar\/2021\/se-viene-el-bodegon-de-las-sierras\/"]}]},{"@type":"ImageObject","inLanguage":"es","@id":"https:\/\/www.noticiasradioreflejos.com.ar\/2021\/se-viene-el-bodegon-de-las-sierras\/#primaryimage","url":"https:\/\/www.noticiasradioreflejos.com.ar\/2021\/wp-content\/uploads\/2023\/07\/bodegon-de-las-sierras-5.jpeg","contentUrl":"https:\/\/www.noticiasradioreflejos.com.ar\/2021\/wp-content\/uploads\/2023\/07\/bodegon-de-las-sierras-5.jpeg","width":1600,"height":1200},{"@type":"BreadcrumbList","@id":"https:\/\/www.noticiasradioreflejos.com.ar\/2021\/se-viene-el-bodegon-de-las-sierras\/#breadcrumb","itemListElement":[{"@type":"ListItem","position":1,"name":"Portada","item":"https:\/\/www.noticiasradioreflejos.com.ar\/2021\/"},{"@type":"ListItem","position":2,"name":"Se viene El Bodeg\u00f3n de las Sierras"}]},{"@type":"WebSite","@id":"https:\/\/www.noticiasradioreflejos.com.ar\/2021\/#website","url":"https:\/\/www.noticiasradioreflejos.com.ar\/2021\/","name":"Noticias Radio Reflejos","description":"Las noticias de mi comarca","potentialAction":[{"@type":"SearchAction","target":{"@type":"EntryPoint","urlTemplate":"https:\/\/www.noticiasradioreflejos.com.ar\/2021\/?s={search_term_string}"},"query-input":{"@type":"PropertyValueSpecification","valueRequired":true,"valueName":"search_term_string"}}],"inLanguage":"es"},{"@type":"Person","@id":"https:\/\/www.noticiasradioreflejos.com.ar\/2021\/#\/schema\/person\/ad82545263dcc5ec0996818884fd5fb1","name":"Arnaldo Botto","image":{"@type":"ImageObject","inLanguage":"es","@id":"https:\/\/www.noticiasradioreflejos.com.ar\/2021\/#\/schema\/person\/image\/","url":"https:\/\/secure.gravatar.com\/avatar\/55cb5e37c1efa326397366e6974cb338056df65cb50e7d64d1cf314e87504837?s=96&d=mm&r=g","contentUrl":"https:\/\/secure.gravatar.com\/avatar\/55cb5e37c1efa326397366e6974cb338056df65cb50e7d64d1cf314e87504837?s=96&d=mm&r=g","caption":"Arnaldo Botto"},"url":"https:\/\/www.noticiasradioreflejos.com.ar\/2021\/author\/arnaldo\/"}]}},"_links":{"self":[{"href":"https:\/\/www.noticiasradioreflejos.com.ar\/2021\/wp-json\/wp\/v2\/posts\/90013","targetHints":{"allow":["GET"]}}],"collection":[{"href":"https:\/\/www.noticiasradioreflejos.com.ar\/2021\/wp-json\/wp\/v2\/posts"}],"about":[{"href":"https:\/\/www.noticiasradioreflejos.com.ar\/2021\/wp-json\/wp\/v2\/types\/post"}],"author":[{"embeddable":true,"href":"https:\/\/www.noticiasradioreflejos.com.ar\/2021\/wp-json\/wp\/v2\/users\/3"}],"replies":[{"embeddable":true,"href":"https:\/\/www.noticiasradioreflejos.com.ar\/2021\/wp-json\/wp\/v2\/comments?post=90013"}],"version-history":[{"count":3,"href":"https:\/\/www.noticiasradioreflejos.com.ar\/2021\/wp-json\/wp\/v2\/posts\/90013\/revisions"}],"predecessor-version":[{"id":90021,"href":"https:\/\/www.noticiasradioreflejos.com.ar\/2021\/wp-json\/wp\/v2\/posts\/90013\/revisions\/90021"}],"wp:featuredmedia":[{"embeddable":true,"href":"https:\/\/www.noticiasradioreflejos.com.ar\/2021\/wp-json\/wp\/v2\/media\/90020"}],"wp:attachment":[{"href":"https:\/\/www.noticiasradioreflejos.com.ar\/2021\/wp-json\/wp\/v2\/media?parent=90013"}],"wp:term":[{"taxonomy":"category","embeddable":true,"href":"https:\/\/www.noticiasradioreflejos.com.ar\/2021\/wp-json\/wp\/v2\/categories?post=90013"},{"taxonomy":"post_tag","embeddable":true,"href":"https:\/\/www.noticiasradioreflejos.com.ar\/2021\/wp-json\/wp\/v2\/tags?post=90013"}],"curies":[{"name":"wp","href":"https:\/\/api.w.org\/{rel}","templated":true}]}}