{"id":90006,"date":"2023-07-03T16:54:30","date_gmt":"2023-07-03T16:54:30","guid":{"rendered":"https:\/\/www.noticiasradioreflejos.com.ar\/2021\/?p=90006"},"modified":"2023-07-03T16:54:30","modified_gmt":"2023-07-03T16:54:30","slug":"ruta-33-la-empresa-plantea-un-nuevo-plan-de-trabajo","status":"publish","type":"post","link":"https:\/\/www.noticiasradioreflejos.com.ar\/2021\/ruta-33-la-empresa-plantea-un-nuevo-plan-de-trabajo\/","title":{"rendered":"Ruta 33: \u201cLa empresa plantea un nuevo plan de trabajo\u201d"},"content":{"rendered":"<p>La firma que lleva adelante la obra est\u00e1 con problemas de dinero. No puede comprar materiales pero pretende continuar con trabajos que no demanden ese tipo de insumos. Seg\u00fan confirm\u00f3 Gustavo Trankels, la situaci\u00f3n se define esta semana.<br \/>\n<!--more--><\/p>\n<p>En dialogo con Reflejos, el director del Distrito 19 de Vialidad, <strong>Gustavo Trankels<\/strong>, explic\u00f3 la compleja situaci\u00f3n que se vive por estos d\u00edas en las obras que se llevan adelante sobre la ruta 33, en donde d\u00edas atr\u00e1s incluso se vieron quema de cubiertas y trabajadores manifest\u00e1ndose.<\/p>\n<p>Seg\u00fan afirm\u00f3, \u201cla empresa tiene problemas financieros. Dice que no puede comprar los insumos que se pagan de contado, por ejemplo el asfalto\u201d y es de all\u00ed que se desprende el hecho de que \u201cplantea continuar la obra pero sin hacer las carpetas asf\u00e1lticas por unos meses hasta que pueda recuperar solvencia\u201d.<\/p>\n<p>En cambio, la firma \u201csi continuar\u00eda con tareas de movimiento de suelos, intercambiadores, taludes, capas especiales en colectoras y calzada principal\u201d asegur\u00f3 Trankels.<\/p>\n<p>Este cambio en la estrategia generar\u00eda un nuevo conflicto, debido a que \u201cpara ello no necesita la cantidad de empleados que tiene ahora. Se arreglar\u00eda con unos 40\u201d lo que podr\u00eda llevar al gremio a un nuevo reclamo.<\/p>\n<p>Viendo el lado positivo, Trankels coment\u00f3 que \u201cven\u00edamos a muy buen ritmo. Lo importante es que la obra contin\u00fae. Esperamos la propuesta del nuevo plan de trabajo y si estamos todos de acuerdo se reinicia la tarea. Se resolver\u00eda esta semana\u201d.<\/p>\n","protected":false},"excerpt":{"rendered":"<p>La firma que lleva adelante la obra est\u00e1 con problemas de dinero. No puede comprar materiales pero pretende continuar con trabajos que no demanden ese tipo de insumos. Seg\u00fan confirm\u00f3 Gustavo Trankels, la situaci\u00f3n se define esta semana.<\/p>\n","protected":false},"author":3,"featured_media":89687,"comment_status":"closed","ping_status":"closed","sticky":false,"template":"","format":"standard","meta":{"footnotes":""},"categories":[29,26],"tags":[48],"class_list":["post-90006","post","type-post","status-publish","format-standard","has-post-thumbnail","hentry","category-policiales","category-sociedad","tag-destacada"],"yoast_head":"<!-- This site is optimized with the Yoast SEO plugin v25.9 - https:\/\/yoast.com\/wordpress\/plugins\/seo\/ -->\n<title>Ruta 33: \u201cLa empresa plantea un nuevo plan de trabajo\u201d - Noticias Radio Reflejos<\/title>\n<meta name=\"robots\" content=\"index, follow, max-snippet:-1, max-image-preview:large, max-video-preview:-1\" \/>\n<link rel=\"canonical\" href=\"https:\/\/www.noticiasradioreflejos.com.ar\/2021\/ruta-33-la-empresa-plantea-un-nuevo-plan-de-trabajo\/\" \/>\n<meta property=\"og:locale\" content=\"es_ES\" \/>\n<meta property=\"og:type\" content=\"article\" \/>\n<meta property=\"og:title\" content=\"Ruta 33: \u201cLa empresa plantea un nuevo plan de trabajo\u201d - Noticias Radio Reflejos\" \/>\n<meta property=\"og:description\" content=\"La firma que lleva adelante la obra est\u00e1 con problemas de dinero. No puede comprar materiales pero pretende continuar con trabajos que no demanden ese tipo de insumos. Seg\u00fan confirm\u00f3 Gustavo Trankels, la situaci\u00f3n se define esta semana.\" \/>\n<meta property=\"og:url\" content=\"https:\/\/www.noticiasradioreflejos.com.ar\/2021\/ruta-33-la-empresa-plantea-un-nuevo-plan-de-trabajo\/\" \/>\n<meta property=\"og:site_name\" content=\"Noticias Radio Reflejos\" \/>\n<meta property=\"article:published_time\" content=\"2023-07-03T16:54:30+00:00\" \/>\n<meta property=\"og:image\" content=\"https:\/\/www.noticiasradioreflejos.com.ar\/2021\/wp-content\/uploads\/2023\/06\/video.jpg_1143.jpg\" \/>\n\t<meta property=\"og:image:width\" content=\"1143\" \/>\n\t<meta property=\"og:image:height\" content=\"523\" \/>\n\t<meta property=\"og:image:type\" content=\"image\/jpeg\" \/>\n<meta name=\"author\" content=\"Arnaldo Botto\" \/>\n<meta name=\"twitter:card\" content=\"summary_large_image\" \/>\n<script type=\"application\/ld+json\" class=\"yoast-schema-graph\">{\"@context\":\"https:\/\/schema.org\",\"@graph\":[{\"@type\":\"WebPage\",\"@id\":\"https:\/\/www.noticiasradioreflejos.com.ar\/2021\/ruta-33-la-empresa-plantea-un-nuevo-plan-de-trabajo\/\",\"url\":\"https:\/\/www.noticiasradioreflejos.com.ar\/2021\/ruta-33-la-empresa-plantea-un-nuevo-plan-de-trabajo\/\",\"name\":\"Ruta 33: \u201cLa empresa plantea un nuevo plan de trabajo\u201d - Noticias Radio Reflejos\",\"isPartOf\":{\"@id\":\"https:\/\/www.noticiasradioreflejos.com.ar\/2021\/#website\"},\"primaryImageOfPage\":{\"@id\":\"https:\/\/www.noticiasradioreflejos.com.ar\/2021\/ruta-33-la-empresa-plantea-un-nuevo-plan-de-trabajo\/#primaryimage\"},\"image\":{\"@id\":\"https:\/\/www.noticiasradioreflejos.com.ar\/2021\/ruta-33-la-empresa-plantea-un-nuevo-plan-de-trabajo\/#primaryimage\"},\"thumbnailUrl\":\"https:\/\/www.noticiasradioreflejos.com.ar\/2021\/wp-content\/uploads\/2023\/06\/video.jpg_1143.jpg\",\"datePublished\":\"2023-07-03T16:54:30+00:00\",\"author\":{\"@id\":\"https:\/\/www.noticiasradioreflejos.com.ar\/2021\/#\/schema\/person\/ad82545263dcc5ec0996818884fd5fb1\"},\"breadcrumb\":{\"@id\":\"https:\/\/www.noticiasradioreflejos.com.ar\/2021\/ruta-33-la-empresa-plantea-un-nuevo-plan-de-trabajo\/#breadcrumb\"},\"inLanguage\":\"es\",\"potentialAction\":[{\"@type\":\"ReadAction\",\"target\":[\"https:\/\/www.noticiasradioreflejos.com.ar\/2021\/ruta-33-la-empresa-plantea-un-nuevo-plan-de-trabajo\/\"]}]},{\"@type\":\"ImageObject\",\"inLanguage\":\"es\",\"@id\":\"https:\/\/www.noticiasradioreflejos.com.ar\/2021\/ruta-33-la-empresa-plantea-un-nuevo-plan-de-trabajo\/#primaryimage\",\"url\":\"https:\/\/www.noticiasradioreflejos.com.ar\/2021\/wp-content\/uploads\/2023\/06\/video.jpg_1143.jpg\",\"contentUrl\":\"https:\/\/www.noticiasradioreflejos.com.ar\/2021\/wp-content\/uploads\/2023\/06\/video.jpg_1143.jpg\",\"width\":1143,\"height\":523},{\"@type\":\"BreadcrumbList\",\"@id\":\"https:\/\/www.noticiasradioreflejos.com.ar\/2021\/ruta-33-la-empresa-plantea-un-nuevo-plan-de-trabajo\/#breadcrumb\",\"itemListElement\":[{\"@type\":\"ListItem\",\"position\":1,\"name\":\"Portada\",\"item\":\"https:\/\/www.noticiasradioreflejos.com.ar\/2021\/\"},{\"@type\":\"ListItem\",\"position\":2,\"name\":\"Ruta 33: \u201cLa empresa plantea un nuevo plan de trabajo\u201d\"}]},{\"@type\":\"WebSite\",\"@id\":\"https:\/\/www.noticiasradioreflejos.com.ar\/2021\/#website\",\"url\":\"https:\/\/www.noticiasradioreflejos.com.ar\/2021\/\",\"name\":\"Noticias Radio Reflejos\",\"description\":\"Las noticias de mi comarca\",\"potentialAction\":[{\"@type\":\"SearchAction\",\"target\":{\"@type\":\"EntryPoint\",\"urlTemplate\":\"https:\/\/www.noticiasradioreflejos.com.ar\/2021\/?s={search_term_string}\"},\"query-input\":{\"@type\":\"PropertyValueSpecification\",\"valueRequired\":true,\"valueName\":\"search_term_string\"}}],\"inLanguage\":\"es\"},{\"@type\":\"Person\",\"@id\":\"https:\/\/www.noticiasradioreflejos.com.ar\/2021\/#\/schema\/person\/ad82545263dcc5ec0996818884fd5fb1\",\"name\":\"Arnaldo Botto\",\"image\":{\"@type\":\"ImageObject\",\"inLanguage\":\"es\",\"@id\":\"https:\/\/www.noticiasradioreflejos.com.ar\/2021\/#\/schema\/person\/image\/\",\"url\":\"https:\/\/secure.gravatar.com\/avatar\/55cb5e37c1efa326397366e6974cb338056df65cb50e7d64d1cf314e87504837?s=96&d=mm&r=g\",\"contentUrl\":\"https:\/\/secure.gravatar.com\/avatar\/55cb5e37c1efa326397366e6974cb338056df65cb50e7d64d1cf314e87504837?s=96&d=mm&r=g\",\"caption\":\"Arnaldo Botto\"},\"url\":\"https:\/\/www.noticiasradioreflejos.com.ar\/2021\/author\/arnaldo\/\"}]}<\/script>\n<!-- \/ Yoast SEO plugin. -->","yoast_head_json":{"title":"Ruta 33: \u201cLa empresa plantea un nuevo plan de trabajo\u201d - Noticias Radio Reflejos","robots":{"index":"index","follow":"follow","max-snippet":"max-snippet:-1","max-image-preview":"max-image-preview:large","max-video-preview":"max-video-preview:-1"},"canonical":"https:\/\/www.noticiasradioreflejos.com.ar\/2021\/ruta-33-la-empresa-plantea-un-nuevo-plan-de-trabajo\/","og_locale":"es_ES","og_type":"article","og_title":"Ruta 33: \u201cLa empresa plantea un nuevo plan de trabajo\u201d - Noticias Radio Reflejos","og_description":"La firma que lleva adelante la obra est\u00e1 con problemas de dinero. No puede comprar materiales pero pretende continuar con trabajos que no demanden ese tipo de insumos. Seg\u00fan confirm\u00f3 Gustavo Trankels, la situaci\u00f3n se define esta semana.","og_url":"https:\/\/www.noticiasradioreflejos.com.ar\/2021\/ruta-33-la-empresa-plantea-un-nuevo-plan-de-trabajo\/","og_site_name":"Noticias Radio Reflejos","article_published_time":"2023-07-03T16:54:30+00:00","og_image":[{"width":1143,"height":523,"url":"https:\/\/www.noticiasradioreflejos.com.ar\/2021\/wp-content\/uploads\/2023\/06\/video.jpg_1143.jpg","type":"image\/jpeg"}],"author":"Arnaldo Botto","twitter_card":"summary_large_image","schema":{"@context":"https:\/\/schema.org","@graph":[{"@type":"WebPage","@id":"https:\/\/www.noticiasradioreflejos.com.ar\/2021\/ruta-33-la-empresa-plantea-un-nuevo-plan-de-trabajo\/","url":"https:\/\/www.noticiasradioreflejos.com.ar\/2021\/ruta-33-la-empresa-plantea-un-nuevo-plan-de-trabajo\/","name":"Ruta 33: \u201cLa empresa plantea un nuevo plan de trabajo\u201d - Noticias Radio Reflejos","isPartOf":{"@id":"https:\/\/www.noticiasradioreflejos.com.ar\/2021\/#website"},"primaryImageOfPage":{"@id":"https:\/\/www.noticiasradioreflejos.com.ar\/2021\/ruta-33-la-empresa-plantea-un-nuevo-plan-de-trabajo\/#primaryimage"},"image":{"@id":"https:\/\/www.noticiasradioreflejos.com.ar\/2021\/ruta-33-la-empresa-plantea-un-nuevo-plan-de-trabajo\/#primaryimage"},"thumbnailUrl":"https:\/\/www.noticiasradioreflejos.com.ar\/2021\/wp-content\/uploads\/2023\/06\/video.jpg_1143.jpg","datePublished":"2023-07-03T16:54:30+00:00","author":{"@id":"https:\/\/www.noticiasradioreflejos.com.ar\/2021\/#\/schema\/person\/ad82545263dcc5ec0996818884fd5fb1"},"breadcrumb":{"@id":"https:\/\/www.noticiasradioreflejos.com.ar\/2021\/ruta-33-la-empresa-plantea-un-nuevo-plan-de-trabajo\/#breadcrumb"},"inLanguage":"es","potentialAction":[{"@type":"ReadAction","target":["https:\/\/www.noticiasradioreflejos.com.ar\/2021\/ruta-33-la-empresa-plantea-un-nuevo-plan-de-trabajo\/"]}]},{"@type":"ImageObject","inLanguage":"es","@id":"https:\/\/www.noticiasradioreflejos.com.ar\/2021\/ruta-33-la-empresa-plantea-un-nuevo-plan-de-trabajo\/#primaryimage","url":"https:\/\/www.noticiasradioreflejos.com.ar\/2021\/wp-content\/uploads\/2023\/06\/video.jpg_1143.jpg","contentUrl":"https:\/\/www.noticiasradioreflejos.com.ar\/2021\/wp-content\/uploads\/2023\/06\/video.jpg_1143.jpg","width":1143,"height":523},{"@type":"BreadcrumbList","@id":"https:\/\/www.noticiasradioreflejos.com.ar\/2021\/ruta-33-la-empresa-plantea-un-nuevo-plan-de-trabajo\/#breadcrumb","itemListElement":[{"@type":"ListItem","position":1,"name":"Portada","item":"https:\/\/www.noticiasradioreflejos.com.ar\/2021\/"},{"@type":"ListItem","position":2,"name":"Ruta 33: \u201cLa empresa plantea un nuevo plan de trabajo\u201d"}]},{"@type":"WebSite","@id":"https:\/\/www.noticiasradioreflejos.com.ar\/2021\/#website","url":"https:\/\/www.noticiasradioreflejos.com.ar\/2021\/","name":"Noticias Radio Reflejos","description":"Las noticias de mi comarca","potentialAction":[{"@type":"SearchAction","target":{"@type":"EntryPoint","urlTemplate":"https:\/\/www.noticiasradioreflejos.com.ar\/2021\/?s={search_term_string}"},"query-input":{"@type":"PropertyValueSpecification","valueRequired":true,"valueName":"search_term_string"}}],"inLanguage":"es"},{"@type":"Person","@id":"https:\/\/www.noticiasradioreflejos.com.ar\/2021\/#\/schema\/person\/ad82545263dcc5ec0996818884fd5fb1","name":"Arnaldo Botto","image":{"@type":"ImageObject","inLanguage":"es","@id":"https:\/\/www.noticiasradioreflejos.com.ar\/2021\/#\/schema\/person\/image\/","url":"https:\/\/secure.gravatar.com\/avatar\/55cb5e37c1efa326397366e6974cb338056df65cb50e7d64d1cf314e87504837?s=96&d=mm&r=g","contentUrl":"https:\/\/secure.gravatar.com\/avatar\/55cb5e37c1efa326397366e6974cb338056df65cb50e7d64d1cf314e87504837?s=96&d=mm&r=g","caption":"Arnaldo Botto"},"url":"https:\/\/www.noticiasradioreflejos.com.ar\/2021\/author\/arnaldo\/"}]}},"_links":{"self":[{"href":"https:\/\/www.noticiasradioreflejos.com.ar\/2021\/wp-json\/wp\/v2\/posts\/90006","targetHints":{"allow":["GET"]}}],"collection":[{"href":"https:\/\/www.noticiasradioreflejos.com.ar\/2021\/wp-json\/wp\/v2\/posts"}],"about":[{"href":"https:\/\/www.noticiasradioreflejos.com.ar\/2021\/wp-json\/wp\/v2\/types\/post"}],"author":[{"embeddable":true,"href":"https:\/\/www.noticiasradioreflejos.com.ar\/2021\/wp-json\/wp\/v2\/users\/3"}],"replies":[{"embeddable":true,"href":"https:\/\/www.noticiasradioreflejos.com.ar\/2021\/wp-json\/wp\/v2\/comments?post=90006"}],"version-history":[{"count":2,"href":"https:\/\/www.noticiasradioreflejos.com.ar\/2021\/wp-json\/wp\/v2\/posts\/90006\/revisions"}],"predecessor-version":[{"id":90025,"href":"https:\/\/www.noticiasradioreflejos.com.ar\/2021\/wp-json\/wp\/v2\/posts\/90006\/revisions\/90025"}],"wp:featuredmedia":[{"embeddable":true,"href":"https:\/\/www.noticiasradioreflejos.com.ar\/2021\/wp-json\/wp\/v2\/media\/89687"}],"wp:attachment":[{"href":"https:\/\/www.noticiasradioreflejos.com.ar\/2021\/wp-json\/wp\/v2\/media?parent=90006"}],"wp:term":[{"taxonomy":"category","embeddable":true,"href":"https:\/\/www.noticiasradioreflejos.com.ar\/2021\/wp-json\/wp\/v2\/categories?post=90006"},{"taxonomy":"post_tag","embeddable":true,"href":"https:\/\/www.noticiasradioreflejos.com.ar\/2021\/wp-json\/wp\/v2\/tags?post=90006"}],"curies":[{"name":"wp","href":"https:\/\/api.w.org\/{rel}","templated":true}]}}