{"id":9000,"date":"2017-04-11T23:59:49","date_gmt":"2017-04-12T02:59:49","guid":{"rendered":"http:\/\/noticiasradioreflejos.com.ar\/noticias\/?p=9000"},"modified":"2017-04-11T23:59:49","modified_gmt":"2017-04-12T02:59:49","slug":"grave-accionar-contra-micro-de-larga-distancia","status":"publish","type":"post","link":"https:\/\/www.noticiasradioreflejos.com.ar\/2021\/grave-accionar-contra-micro-de-larga-distancia\/","title":{"rendered":"Grave accionar contra micro de larga distancia"},"content":{"rendered":"<p><span id=\"m_-7826298130615750733yui_3_16_0_ym19_1_1491956027911_3608\" lang=\"ES-TRAD\">La Secretaria de Seguridad del partido de Tornquist, lleva a conocimiento de la poblaci\u00f3n que la Subestaci\u00f3n de Polic\u00eda Comunal Sierra de la Ventana, que personal\u00a0 policial local procedi\u00f3 a la aprehensi\u00f3n del ciudadano <\/span><b id=\"m_-7826298130615750733yui_3_16_0_ym19_1_1491956027911_3609\"><span id=\"m_-7826298130615750733yui_3_16_0_ym19_1_1491956027911_3610\" lang=\"ES-TRAD\">JAVIER OMAR TOLOSA <\/span><\/b><span id=\"m_-7826298130615750733yui_3_16_0_ym19_1_1491956027911_3611\" lang=\"ES-TRAD\">de 42 a\u00f1os de edad, oriundo de la Provincia de Santa Cruz, toda vez que el mismo, momentos en que circulaba como pasajero del micro de la empresa Jetmar, con destino La Plata \u2013 Bah\u00eda Blanca ,rompe intencionalmente pl\u00e1sticos superiores de luces del asiento que ocupaba. Por tal motivo <b id=\"m_-7826298130615750733yui_3_16_0_ym19_1_1491956027911_3612\">TOLOSA<\/b>, fue aprehendido por el delito de <b id=\"m_-7826298130615750733yui_3_16_0_ym19_1_1491956027911_3613\">DA\u00d1O<\/b> y puesto a disposici\u00f3n de la <\/span><span id=\"m_-7826298130615750733yui_3_16_0_ym19_1_1491956027911_3614\" lang=\"ES-TRAD\">UFIJ N\u00ba 15 \u00a0(FLAGRANCIA), Departamento Judicial Bah\u00eda Blanca.-<\/span><\/p>\n","protected":false},"excerpt":{"rendered":"<p>La Secretaria de Seguridad del partido de Tornquist, lleva a conocimiento de la poblaci\u00f3n que la Subestaci\u00f3n de Polic\u00eda Comunal Sierra de la Ventana, que personal\u00a0 policial local procedi\u00f3 a la aprehensi\u00f3n del ciudadano JAVIER OMAR TOLOSA de 42 a\u00f1os de edad, oriundo de la Provincia de Santa Cruz, toda vez que el mismo, momentos [&hellip;]<\/p>\n","protected":false},"author":3,"featured_media":0,"comment_status":"closed","ping_status":"open","sticky":false,"template":"","format":"standard","meta":{"footnotes":""},"categories":[29],"tags":[],"class_list":["post-9000","post","type-post","status-publish","format-standard","hentry","category-policiales"],"yoast_head":"<!-- This site is optimized with the Yoast SEO plugin v25.9 - https:\/\/yoast.com\/wordpress\/plugins\/seo\/ -->\n<title>Grave accionar contra micro de larga distancia - Noticias Radio Reflejos<\/title>\n<meta name=\"robots\" content=\"index, follow, max-snippet:-1, max-image-preview:large, max-video-preview:-1\" \/>\n<link rel=\"canonical\" href=\"https:\/\/www.noticiasradioreflejos.com.ar\/2021\/grave-accionar-contra-micro-de-larga-distancia\/\" \/>\n<meta property=\"og:locale\" content=\"es_ES\" \/>\n<meta property=\"og:type\" content=\"article\" \/>\n<meta property=\"og:title\" content=\"Grave accionar contra micro de larga distancia - Noticias Radio Reflejos\" \/>\n<meta property=\"og:description\" content=\"La Secretaria de Seguridad del partido de Tornquist, lleva a conocimiento de la poblaci\u00f3n que la Subestaci\u00f3n de Polic\u00eda Comunal Sierra de la Ventana, que personal\u00a0 policial local procedi\u00f3 a la aprehensi\u00f3n del ciudadano JAVIER OMAR TOLOSA de 42 a\u00f1os de edad, oriundo de la Provincia de Santa Cruz, toda vez que el mismo, momentos [&hellip;]\" \/>\n<meta property=\"og:url\" content=\"https:\/\/www.noticiasradioreflejos.com.ar\/2021\/grave-accionar-contra-micro-de-larga-distancia\/\" \/>\n<meta property=\"og:site_name\" content=\"Noticias Radio Reflejos\" \/>\n<meta property=\"article:published_time\" content=\"2017-04-12T02:59:49+00:00\" \/>\n<meta property=\"og:image\" content=\"https:\/\/www.noticiasradioreflejos.com.ar\/2021\/wp-content\/uploads\/2021\/07\/logosol300x200.png\" \/>\n\t<meta property=\"og:image:width\" content=\"300\" \/>\n\t<meta property=\"og:image:height\" content=\"200\" \/>\n\t<meta property=\"og:image:type\" content=\"image\/png\" \/>\n<meta name=\"author\" content=\"Arnaldo Botto\" \/>\n<meta name=\"twitter:card\" content=\"summary_large_image\" \/>\n<script type=\"application\/ld+json\" class=\"yoast-schema-graph\">{\"@context\":\"https:\/\/schema.org\",\"@graph\":[{\"@type\":\"WebPage\",\"@id\":\"https:\/\/www.noticiasradioreflejos.com.ar\/2021\/grave-accionar-contra-micro-de-larga-distancia\/\",\"url\":\"https:\/\/www.noticiasradioreflejos.com.ar\/2021\/grave-accionar-contra-micro-de-larga-distancia\/\",\"name\":\"Grave accionar contra micro de larga distancia - Noticias Radio Reflejos\",\"isPartOf\":{\"@id\":\"https:\/\/www.noticiasradioreflejos.com.ar\/2021\/#website\"},\"datePublished\":\"2017-04-12T02:59:49+00:00\",\"author\":{\"@id\":\"https:\/\/www.noticiasradioreflejos.com.ar\/2021\/#\/schema\/person\/ad82545263dcc5ec0996818884fd5fb1\"},\"breadcrumb\":{\"@id\":\"https:\/\/www.noticiasradioreflejos.com.ar\/2021\/grave-accionar-contra-micro-de-larga-distancia\/#breadcrumb\"},\"inLanguage\":\"es\",\"potentialAction\":[{\"@type\":\"ReadAction\",\"target\":[\"https:\/\/www.noticiasradioreflejos.com.ar\/2021\/grave-accionar-contra-micro-de-larga-distancia\/\"]}]},{\"@type\":\"BreadcrumbList\",\"@id\":\"https:\/\/www.noticiasradioreflejos.com.ar\/2021\/grave-accionar-contra-micro-de-larga-distancia\/#breadcrumb\",\"itemListElement\":[{\"@type\":\"ListItem\",\"position\":1,\"name\":\"Portada\",\"item\":\"https:\/\/www.noticiasradioreflejos.com.ar\/2021\/\"},{\"@type\":\"ListItem\",\"position\":2,\"name\":\"Grave accionar contra micro de larga distancia\"}]},{\"@type\":\"WebSite\",\"@id\":\"https:\/\/www.noticiasradioreflejos.com.ar\/2021\/#website\",\"url\":\"https:\/\/www.noticiasradioreflejos.com.ar\/2021\/\",\"name\":\"Noticias Radio Reflejos\",\"description\":\"Las noticias de mi comarca\",\"potentialAction\":[{\"@type\":\"SearchAction\",\"target\":{\"@type\":\"EntryPoint\",\"urlTemplate\":\"https:\/\/www.noticiasradioreflejos.com.ar\/2021\/?s={search_term_string}\"},\"query-input\":{\"@type\":\"PropertyValueSpecification\",\"valueRequired\":true,\"valueName\":\"search_term_string\"}}],\"inLanguage\":\"es\"},{\"@type\":\"Person\",\"@id\":\"https:\/\/www.noticiasradioreflejos.com.ar\/2021\/#\/schema\/person\/ad82545263dcc5ec0996818884fd5fb1\",\"name\":\"Arnaldo Botto\",\"image\":{\"@type\":\"ImageObject\",\"inLanguage\":\"es\",\"@id\":\"https:\/\/www.noticiasradioreflejos.com.ar\/2021\/#\/schema\/person\/image\/\",\"url\":\"https:\/\/secure.gravatar.com\/avatar\/55cb5e37c1efa326397366e6974cb338056df65cb50e7d64d1cf314e87504837?s=96&d=mm&r=g\",\"contentUrl\":\"https:\/\/secure.gravatar.com\/avatar\/55cb5e37c1efa326397366e6974cb338056df65cb50e7d64d1cf314e87504837?s=96&d=mm&r=g\",\"caption\":\"Arnaldo Botto\"},\"url\":\"https:\/\/www.noticiasradioreflejos.com.ar\/2021\/author\/arnaldo\/\"}]}<\/script>\n<!-- \/ Yoast SEO plugin. -->","yoast_head_json":{"title":"Grave accionar contra micro de larga distancia - Noticias Radio Reflejos","robots":{"index":"index","follow":"follow","max-snippet":"max-snippet:-1","max-image-preview":"max-image-preview:large","max-video-preview":"max-video-preview:-1"},"canonical":"https:\/\/www.noticiasradioreflejos.com.ar\/2021\/grave-accionar-contra-micro-de-larga-distancia\/","og_locale":"es_ES","og_type":"article","og_title":"Grave accionar contra micro de larga distancia - Noticias Radio Reflejos","og_description":"La Secretaria de Seguridad del partido de Tornquist, lleva a conocimiento de la poblaci\u00f3n que la Subestaci\u00f3n de Polic\u00eda Comunal Sierra de la Ventana, que personal\u00a0 policial local procedi\u00f3 a la aprehensi\u00f3n del ciudadano JAVIER OMAR TOLOSA de 42 a\u00f1os de edad, oriundo de la Provincia de Santa Cruz, toda vez que el mismo, momentos [&hellip;]","og_url":"https:\/\/www.noticiasradioreflejos.com.ar\/2021\/grave-accionar-contra-micro-de-larga-distancia\/","og_site_name":"Noticias Radio Reflejos","article_published_time":"2017-04-12T02:59:49+00:00","og_image":[{"width":300,"height":200,"url":"https:\/\/www.noticiasradioreflejos.com.ar\/2021\/wp-content\/uploads\/2021\/07\/logosol300x200.png","type":"image\/png"}],"author":"Arnaldo Botto","twitter_card":"summary_large_image","schema":{"@context":"https:\/\/schema.org","@graph":[{"@type":"WebPage","@id":"https:\/\/www.noticiasradioreflejos.com.ar\/2021\/grave-accionar-contra-micro-de-larga-distancia\/","url":"https:\/\/www.noticiasradioreflejos.com.ar\/2021\/grave-accionar-contra-micro-de-larga-distancia\/","name":"Grave accionar contra micro de larga distancia - Noticias Radio Reflejos","isPartOf":{"@id":"https:\/\/www.noticiasradioreflejos.com.ar\/2021\/#website"},"datePublished":"2017-04-12T02:59:49+00:00","author":{"@id":"https:\/\/www.noticiasradioreflejos.com.ar\/2021\/#\/schema\/person\/ad82545263dcc5ec0996818884fd5fb1"},"breadcrumb":{"@id":"https:\/\/www.noticiasradioreflejos.com.ar\/2021\/grave-accionar-contra-micro-de-larga-distancia\/#breadcrumb"},"inLanguage":"es","potentialAction":[{"@type":"ReadAction","target":["https:\/\/www.noticiasradioreflejos.com.ar\/2021\/grave-accionar-contra-micro-de-larga-distancia\/"]}]},{"@type":"BreadcrumbList","@id":"https:\/\/www.noticiasradioreflejos.com.ar\/2021\/grave-accionar-contra-micro-de-larga-distancia\/#breadcrumb","itemListElement":[{"@type":"ListItem","position":1,"name":"Portada","item":"https:\/\/www.noticiasradioreflejos.com.ar\/2021\/"},{"@type":"ListItem","position":2,"name":"Grave accionar contra micro de larga distancia"}]},{"@type":"WebSite","@id":"https:\/\/www.noticiasradioreflejos.com.ar\/2021\/#website","url":"https:\/\/www.noticiasradioreflejos.com.ar\/2021\/","name":"Noticias Radio Reflejos","description":"Las noticias de mi comarca","potentialAction":[{"@type":"SearchAction","target":{"@type":"EntryPoint","urlTemplate":"https:\/\/www.noticiasradioreflejos.com.ar\/2021\/?s={search_term_string}"},"query-input":{"@type":"PropertyValueSpecification","valueRequired":true,"valueName":"search_term_string"}}],"inLanguage":"es"},{"@type":"Person","@id":"https:\/\/www.noticiasradioreflejos.com.ar\/2021\/#\/schema\/person\/ad82545263dcc5ec0996818884fd5fb1","name":"Arnaldo Botto","image":{"@type":"ImageObject","inLanguage":"es","@id":"https:\/\/www.noticiasradioreflejos.com.ar\/2021\/#\/schema\/person\/image\/","url":"https:\/\/secure.gravatar.com\/avatar\/55cb5e37c1efa326397366e6974cb338056df65cb50e7d64d1cf314e87504837?s=96&d=mm&r=g","contentUrl":"https:\/\/secure.gravatar.com\/avatar\/55cb5e37c1efa326397366e6974cb338056df65cb50e7d64d1cf314e87504837?s=96&d=mm&r=g","caption":"Arnaldo Botto"},"url":"https:\/\/www.noticiasradioreflejos.com.ar\/2021\/author\/arnaldo\/"}]}},"_links":{"self":[{"href":"https:\/\/www.noticiasradioreflejos.com.ar\/2021\/wp-json\/wp\/v2\/posts\/9000","targetHints":{"allow":["GET"]}}],"collection":[{"href":"https:\/\/www.noticiasradioreflejos.com.ar\/2021\/wp-json\/wp\/v2\/posts"}],"about":[{"href":"https:\/\/www.noticiasradioreflejos.com.ar\/2021\/wp-json\/wp\/v2\/types\/post"}],"author":[{"embeddable":true,"href":"https:\/\/www.noticiasradioreflejos.com.ar\/2021\/wp-json\/wp\/v2\/users\/3"}],"replies":[{"embeddable":true,"href":"https:\/\/www.noticiasradioreflejos.com.ar\/2021\/wp-json\/wp\/v2\/comments?post=9000"}],"version-history":[{"count":0,"href":"https:\/\/www.noticiasradioreflejos.com.ar\/2021\/wp-json\/wp\/v2\/posts\/9000\/revisions"}],"wp:attachment":[{"href":"https:\/\/www.noticiasradioreflejos.com.ar\/2021\/wp-json\/wp\/v2\/media?parent=9000"}],"wp:term":[{"taxonomy":"category","embeddable":true,"href":"https:\/\/www.noticiasradioreflejos.com.ar\/2021\/wp-json\/wp\/v2\/categories?post=9000"},{"taxonomy":"post_tag","embeddable":true,"href":"https:\/\/www.noticiasradioreflejos.com.ar\/2021\/wp-json\/wp\/v2\/tags?post=9000"}],"curies":[{"name":"wp","href":"https:\/\/api.w.org\/{rel}","templated":true}]}}