{"id":8996,"date":"2017-04-11T23:58:13","date_gmt":"2017-04-12T02:58:13","guid":{"rendered":"http:\/\/noticiasradioreflejos.com.ar\/noticias\/?p=8996"},"modified":"2017-04-11T23:58:13","modified_gmt":"2017-04-12T02:58:13","slug":"este-miercoles-se-realizara-la-campana-solidaria-tornquist-x-comodoro","status":"publish","type":"post","link":"https:\/\/www.noticiasradioreflejos.com.ar\/2021\/este-miercoles-se-realizara-la-campana-solidaria-tornquist-x-comodoro\/","title":{"rendered":"Este mi\u00e9rcoles se realizar\u00e1 la campa\u00f1a solidaria \u201cTornquist x Comodoro\u201d"},"content":{"rendered":"<p>Los medios de comunicaci\u00f3n se suman a la campa\u00f1a iniciada por la Juventud de la UCR y del Partido Justicialista y realizar\u00e1n este jueves una transmisi\u00f3n especial, denominada \u201cTORNQUIST X COMODORO\u201d, que\u00a0contar\u00e1 con la presencia de artistas de nuestro distrito y de la chelista internacional\u00a0Christine Walevska,\u00a0que se sum\u00f3 gentilmente a la cruzada solidaria.<!--more--><br \/>\nEl sonido estar\u00e1 a cargo de la empresa V\u00e9rtigo Producciones, uno de los gestores de esta iniciativa de dar una mano a nuestros hermanos del sur del pa\u00eds.<br \/>\nEl programa se transmitir\u00e1 este mi\u00e9rcoles a partir de las 20 hs., en directo desde los estudios de Tornquist Video Cable y ser\u00e1 emitido por FM 99.5 FM de la Ciudad, Geminis FM 94.1 en Tornquist, 88.1 en Saldungaray, Sierra de la Ventana y Frapal, 100.3 Villa Ventana y FM Reflejos de Sierra de la Ventana 103.7.<br \/>\nIntegrantes de ambas juventudes pol\u00edticas (UCR y PJ) ser\u00e1n quienes reciban las donaciones en las puertas del canal, desde donde estaremos en contacto con la ciudad de Comodoro Rivadavia\u00a0y habr\u00e1 l\u00edneas habilitadas para que la gente pueda comunicarse.<br \/>\nPrincipalmente se recibir\u00e1 agua, leche, alimentos no perecederos, pa\u00f1ales para adultos mayores y para ni\u00f1os, colchones, papel higi\u00e9nico, jab\u00f3n, dent\u00edfrico y lavandina.<\/p>\n","protected":false},"excerpt":{"rendered":"<p>Los medios de comunicaci\u00f3n se suman a la campa\u00f1a iniciada por la Juventud de la UCR y del Partido Justicialista y realizar\u00e1n este jueves una transmisi\u00f3n especial, denominada \u201cTORNQUIST X COMODORO\u201d, que\u00a0contar\u00e1 con la presencia de artistas de nuestro distrito y de la chelista internacional\u00a0Christine Walevska,\u00a0que se sum\u00f3 gentilmente a la cruzada solidaria.<\/p>\n","protected":false},"author":3,"featured_media":0,"comment_status":"closed","ping_status":"open","sticky":false,"template":"","format":"standard","meta":{"footnotes":""},"categories":[26],"tags":[],"class_list":["post-8996","post","type-post","status-publish","format-standard","hentry","category-sociedad"],"yoast_head":"<!-- This site is optimized with the Yoast SEO plugin v25.9 - https:\/\/yoast.com\/wordpress\/plugins\/seo\/ -->\n<title>Este mi\u00e9rcoles se realizar\u00e1 la campa\u00f1a solidaria \u201cTornquist x Comodoro\u201d - Noticias Radio Reflejos<\/title>\n<meta name=\"robots\" content=\"index, follow, max-snippet:-1, max-image-preview:large, max-video-preview:-1\" \/>\n<link rel=\"canonical\" href=\"https:\/\/www.noticiasradioreflejos.com.ar\/2021\/este-miercoles-se-realizara-la-campana-solidaria-tornquist-x-comodoro\/\" \/>\n<meta property=\"og:locale\" content=\"es_ES\" \/>\n<meta property=\"og:type\" content=\"article\" \/>\n<meta property=\"og:title\" content=\"Este mi\u00e9rcoles se realizar\u00e1 la campa\u00f1a solidaria \u201cTornquist x Comodoro\u201d - Noticias Radio Reflejos\" \/>\n<meta property=\"og:description\" content=\"Los medios de comunicaci\u00f3n se suman a la campa\u00f1a iniciada por la Juventud de la UCR y del Partido Justicialista y realizar\u00e1n este jueves una transmisi\u00f3n especial, denominada \u201cTORNQUIST X COMODORO\u201d, que\u00a0contar\u00e1 con la presencia de artistas de nuestro distrito y de la chelista internacional\u00a0Christine Walevska,\u00a0que se sum\u00f3 gentilmente a la cruzada solidaria.\" \/>\n<meta property=\"og:url\" content=\"https:\/\/www.noticiasradioreflejos.com.ar\/2021\/este-miercoles-se-realizara-la-campana-solidaria-tornquist-x-comodoro\/\" \/>\n<meta property=\"og:site_name\" content=\"Noticias Radio Reflejos\" \/>\n<meta property=\"article:published_time\" content=\"2017-04-12T02:58:13+00:00\" \/>\n<meta property=\"og:image\" content=\"https:\/\/www.noticiasradioreflejos.com.ar\/2021\/wp-content\/uploads\/2021\/07\/logosol300x200.png\" \/>\n\t<meta property=\"og:image:width\" content=\"300\" \/>\n\t<meta property=\"og:image:height\" content=\"200\" \/>\n\t<meta property=\"og:image:type\" content=\"image\/png\" \/>\n<meta name=\"author\" content=\"Arnaldo Botto\" \/>\n<meta name=\"twitter:card\" content=\"summary_large_image\" \/>\n<script type=\"application\/ld+json\" class=\"yoast-schema-graph\">{\"@context\":\"https:\/\/schema.org\",\"@graph\":[{\"@type\":\"WebPage\",\"@id\":\"https:\/\/www.noticiasradioreflejos.com.ar\/2021\/este-miercoles-se-realizara-la-campana-solidaria-tornquist-x-comodoro\/\",\"url\":\"https:\/\/www.noticiasradioreflejos.com.ar\/2021\/este-miercoles-se-realizara-la-campana-solidaria-tornquist-x-comodoro\/\",\"name\":\"Este mi\u00e9rcoles se realizar\u00e1 la campa\u00f1a solidaria \u201cTornquist x Comodoro\u201d - Noticias Radio Reflejos\",\"isPartOf\":{\"@id\":\"https:\/\/www.noticiasradioreflejos.com.ar\/2021\/#website\"},\"datePublished\":\"2017-04-12T02:58:13+00:00\",\"author\":{\"@id\":\"https:\/\/www.noticiasradioreflejos.com.ar\/2021\/#\/schema\/person\/ad82545263dcc5ec0996818884fd5fb1\"},\"breadcrumb\":{\"@id\":\"https:\/\/www.noticiasradioreflejos.com.ar\/2021\/este-miercoles-se-realizara-la-campana-solidaria-tornquist-x-comodoro\/#breadcrumb\"},\"inLanguage\":\"es\",\"potentialAction\":[{\"@type\":\"ReadAction\",\"target\":[\"https:\/\/www.noticiasradioreflejos.com.ar\/2021\/este-miercoles-se-realizara-la-campana-solidaria-tornquist-x-comodoro\/\"]}]},{\"@type\":\"BreadcrumbList\",\"@id\":\"https:\/\/www.noticiasradioreflejos.com.ar\/2021\/este-miercoles-se-realizara-la-campana-solidaria-tornquist-x-comodoro\/#breadcrumb\",\"itemListElement\":[{\"@type\":\"ListItem\",\"position\":1,\"name\":\"Portada\",\"item\":\"https:\/\/www.noticiasradioreflejos.com.ar\/2021\/\"},{\"@type\":\"ListItem\",\"position\":2,\"name\":\"Este mi\u00e9rcoles se realizar\u00e1 la campa\u00f1a solidaria \u201cTornquist x Comodoro\u201d\"}]},{\"@type\":\"WebSite\",\"@id\":\"https:\/\/www.noticiasradioreflejos.com.ar\/2021\/#website\",\"url\":\"https:\/\/www.noticiasradioreflejos.com.ar\/2021\/\",\"name\":\"Noticias Radio Reflejos\",\"description\":\"Las noticias de mi comarca\",\"potentialAction\":[{\"@type\":\"SearchAction\",\"target\":{\"@type\":\"EntryPoint\",\"urlTemplate\":\"https:\/\/www.noticiasradioreflejos.com.ar\/2021\/?s={search_term_string}\"},\"query-input\":{\"@type\":\"PropertyValueSpecification\",\"valueRequired\":true,\"valueName\":\"search_term_string\"}}],\"inLanguage\":\"es\"},{\"@type\":\"Person\",\"@id\":\"https:\/\/www.noticiasradioreflejos.com.ar\/2021\/#\/schema\/person\/ad82545263dcc5ec0996818884fd5fb1\",\"name\":\"Arnaldo Botto\",\"image\":{\"@type\":\"ImageObject\",\"inLanguage\":\"es\",\"@id\":\"https:\/\/www.noticiasradioreflejos.com.ar\/2021\/#\/schema\/person\/image\/\",\"url\":\"https:\/\/secure.gravatar.com\/avatar\/55cb5e37c1efa326397366e6974cb338056df65cb50e7d64d1cf314e87504837?s=96&d=mm&r=g\",\"contentUrl\":\"https:\/\/secure.gravatar.com\/avatar\/55cb5e37c1efa326397366e6974cb338056df65cb50e7d64d1cf314e87504837?s=96&d=mm&r=g\",\"caption\":\"Arnaldo Botto\"},\"url\":\"https:\/\/www.noticiasradioreflejos.com.ar\/2021\/author\/arnaldo\/\"}]}<\/script>\n<!-- \/ Yoast SEO plugin. -->","yoast_head_json":{"title":"Este mi\u00e9rcoles se realizar\u00e1 la campa\u00f1a solidaria \u201cTornquist x Comodoro\u201d - Noticias Radio Reflejos","robots":{"index":"index","follow":"follow","max-snippet":"max-snippet:-1","max-image-preview":"max-image-preview:large","max-video-preview":"max-video-preview:-1"},"canonical":"https:\/\/www.noticiasradioreflejos.com.ar\/2021\/este-miercoles-se-realizara-la-campana-solidaria-tornquist-x-comodoro\/","og_locale":"es_ES","og_type":"article","og_title":"Este mi\u00e9rcoles se realizar\u00e1 la campa\u00f1a solidaria \u201cTornquist x Comodoro\u201d - Noticias Radio Reflejos","og_description":"Los medios de comunicaci\u00f3n se suman a la campa\u00f1a iniciada por la Juventud de la UCR y del Partido Justicialista y realizar\u00e1n este jueves una transmisi\u00f3n especial, denominada \u201cTORNQUIST X COMODORO\u201d, que\u00a0contar\u00e1 con la presencia de artistas de nuestro distrito y de la chelista internacional\u00a0Christine Walevska,\u00a0que se sum\u00f3 gentilmente a la cruzada solidaria.","og_url":"https:\/\/www.noticiasradioreflejos.com.ar\/2021\/este-miercoles-se-realizara-la-campana-solidaria-tornquist-x-comodoro\/","og_site_name":"Noticias Radio Reflejos","article_published_time":"2017-04-12T02:58:13+00:00","og_image":[{"width":300,"height":200,"url":"https:\/\/www.noticiasradioreflejos.com.ar\/2021\/wp-content\/uploads\/2021\/07\/logosol300x200.png","type":"image\/png"}],"author":"Arnaldo Botto","twitter_card":"summary_large_image","schema":{"@context":"https:\/\/schema.org","@graph":[{"@type":"WebPage","@id":"https:\/\/www.noticiasradioreflejos.com.ar\/2021\/este-miercoles-se-realizara-la-campana-solidaria-tornquist-x-comodoro\/","url":"https:\/\/www.noticiasradioreflejos.com.ar\/2021\/este-miercoles-se-realizara-la-campana-solidaria-tornquist-x-comodoro\/","name":"Este mi\u00e9rcoles se realizar\u00e1 la campa\u00f1a solidaria \u201cTornquist x Comodoro\u201d - Noticias Radio Reflejos","isPartOf":{"@id":"https:\/\/www.noticiasradioreflejos.com.ar\/2021\/#website"},"datePublished":"2017-04-12T02:58:13+00:00","author":{"@id":"https:\/\/www.noticiasradioreflejos.com.ar\/2021\/#\/schema\/person\/ad82545263dcc5ec0996818884fd5fb1"},"breadcrumb":{"@id":"https:\/\/www.noticiasradioreflejos.com.ar\/2021\/este-miercoles-se-realizara-la-campana-solidaria-tornquist-x-comodoro\/#breadcrumb"},"inLanguage":"es","potentialAction":[{"@type":"ReadAction","target":["https:\/\/www.noticiasradioreflejos.com.ar\/2021\/este-miercoles-se-realizara-la-campana-solidaria-tornquist-x-comodoro\/"]}]},{"@type":"BreadcrumbList","@id":"https:\/\/www.noticiasradioreflejos.com.ar\/2021\/este-miercoles-se-realizara-la-campana-solidaria-tornquist-x-comodoro\/#breadcrumb","itemListElement":[{"@type":"ListItem","position":1,"name":"Portada","item":"https:\/\/www.noticiasradioreflejos.com.ar\/2021\/"},{"@type":"ListItem","position":2,"name":"Este mi\u00e9rcoles se realizar\u00e1 la campa\u00f1a solidaria \u201cTornquist x Comodoro\u201d"}]},{"@type":"WebSite","@id":"https:\/\/www.noticiasradioreflejos.com.ar\/2021\/#website","url":"https:\/\/www.noticiasradioreflejos.com.ar\/2021\/","name":"Noticias Radio Reflejos","description":"Las noticias de mi comarca","potentialAction":[{"@type":"SearchAction","target":{"@type":"EntryPoint","urlTemplate":"https:\/\/www.noticiasradioreflejos.com.ar\/2021\/?s={search_term_string}"},"query-input":{"@type":"PropertyValueSpecification","valueRequired":true,"valueName":"search_term_string"}}],"inLanguage":"es"},{"@type":"Person","@id":"https:\/\/www.noticiasradioreflejos.com.ar\/2021\/#\/schema\/person\/ad82545263dcc5ec0996818884fd5fb1","name":"Arnaldo Botto","image":{"@type":"ImageObject","inLanguage":"es","@id":"https:\/\/www.noticiasradioreflejos.com.ar\/2021\/#\/schema\/person\/image\/","url":"https:\/\/secure.gravatar.com\/avatar\/55cb5e37c1efa326397366e6974cb338056df65cb50e7d64d1cf314e87504837?s=96&d=mm&r=g","contentUrl":"https:\/\/secure.gravatar.com\/avatar\/55cb5e37c1efa326397366e6974cb338056df65cb50e7d64d1cf314e87504837?s=96&d=mm&r=g","caption":"Arnaldo Botto"},"url":"https:\/\/www.noticiasradioreflejos.com.ar\/2021\/author\/arnaldo\/"}]}},"_links":{"self":[{"href":"https:\/\/www.noticiasradioreflejos.com.ar\/2021\/wp-json\/wp\/v2\/posts\/8996","targetHints":{"allow":["GET"]}}],"collection":[{"href":"https:\/\/www.noticiasradioreflejos.com.ar\/2021\/wp-json\/wp\/v2\/posts"}],"about":[{"href":"https:\/\/www.noticiasradioreflejos.com.ar\/2021\/wp-json\/wp\/v2\/types\/post"}],"author":[{"embeddable":true,"href":"https:\/\/www.noticiasradioreflejos.com.ar\/2021\/wp-json\/wp\/v2\/users\/3"}],"replies":[{"embeddable":true,"href":"https:\/\/www.noticiasradioreflejos.com.ar\/2021\/wp-json\/wp\/v2\/comments?post=8996"}],"version-history":[{"count":0,"href":"https:\/\/www.noticiasradioreflejos.com.ar\/2021\/wp-json\/wp\/v2\/posts\/8996\/revisions"}],"wp:attachment":[{"href":"https:\/\/www.noticiasradioreflejos.com.ar\/2021\/wp-json\/wp\/v2\/media?parent=8996"}],"wp:term":[{"taxonomy":"category","embeddable":true,"href":"https:\/\/www.noticiasradioreflejos.com.ar\/2021\/wp-json\/wp\/v2\/categories?post=8996"},{"taxonomy":"post_tag","embeddable":true,"href":"https:\/\/www.noticiasradioreflejos.com.ar\/2021\/wp-json\/wp\/v2\/tags?post=8996"}],"curies":[{"name":"wp","href":"https:\/\/api.w.org\/{rel}","templated":true}]}}