{"id":89911,"date":"2023-06-30T10:56:49","date_gmt":"2023-06-30T10:56:49","guid":{"rendered":"https:\/\/www.noticiasradioreflejos.com.ar\/2021\/?p=89911"},"modified":"2023-06-30T10:56:49","modified_gmt":"2023-06-30T10:56:49","slug":"establecen-el-tiempo-de-difusion-con-el-que-contaran-las-propagandas-politicas-en-television","status":"publish","type":"post","link":"https:\/\/www.noticiasradioreflejos.com.ar\/2021\/establecen-el-tiempo-de-difusion-con-el-que-contaran-las-propagandas-politicas-en-television\/","title":{"rendered":"Establecen el tiempo de difusi\u00f3n con el que contar\u00e1n las propagandas pol\u00edticas en televisi\u00f3n"},"content":{"rendered":"<p>El Gobierno nacional estableci\u00f3 hoy el tiempo de difusi\u00f3n con el que contar\u00e1n las propagandas pol\u00edticas en televisi\u00f3n, al regular la emisi\u00f3n de las publicidades partidarias, de cara a las primarias abiertas, simult\u00e1neas y obligatorias (PASO) del pr\u00f3ximo 13 de agosto.<!--more--><\/p>\n<p>As\u00ed lo estableci\u00f3 por medio del decreto N\u00b0330\/2023 publicado hoy en el Bolet\u00edn Oficial, con la firma del presidente Alberto Fern\u00e1ndez, el jefe de Gabinete, Agust\u00edn Rossi, y el ministro del Interior, Eduardo \u00abWado\u00bb de Pedro.<\/p>\n<p>La norma establece que los medios deber\u00e1n ceder un 5 por ciento de 12 horas de programaci\u00f3n, es decir, un total de 24 minutos al aire, para la transmisi\u00f3n de las campa\u00f1as electorales destinadas a las primarias abiertas, simult\u00e1neas y obligatorias (PASO) del pr\u00f3ximo 13 de agosto.<\/p>\n<p>El decreto estableci\u00f3 que aquellos medios audiovisuales que superen las 12 horas de programaci\u00f3n ser\u00e1n habilitados por el Ente Nacional de Comunicaciones (Enacom) como se\u00f1ales aptas para la difusi\u00f3n de las propagandas pol\u00edticas.<\/p>\n<p>Por otra parte, el art\u00edculo 3 del Decreto N\u00b01142\/2015 que reglamenta el r\u00e9gimen de las campa\u00f1as electorales en los servicios de comunicaci\u00f3n audiovisual, establece que la lista ser\u00e1 publicada en el sitio web de la Direcci\u00f3n Nacional Electoral (DNE) en tanto, en el art\u00edculo 12 se especific\u00f3 que las empresas de comunicaci\u00f3n audiovisual que sean de alcance nacional solamente emitir\u00e1n las propagandas destinadas a las categor\u00edas de Presidente\/a, vicepresidente\/a y parlamentarios\/as del Mercosur por distrito nacional.<\/p>\n<p>Por otro lado, el decreto publicado hoy incluy\u00f3 el tiempo de difusi\u00f3n que ser\u00e1 cedido para cada categor\u00eda electoral entre todos los partidos que participen de las primarias.<\/p>\n<p>As\u00ed, un 50 por ciento del espacio publicitario ser\u00e1 distribuido entre las agrupaciones que cuenten con candidatos para los cargos de Presidente\/a, vicepresidente\/a y parlamentarios\/as del Mercosur a nivel nacional.<\/p>\n","protected":false},"excerpt":{"rendered":"<p>El Gobierno nacional estableci\u00f3 hoy el tiempo de difusi\u00f3n con el que contar\u00e1n las propagandas pol\u00edticas en televisi\u00f3n, al regular la emisi\u00f3n de las publicidades partidarias, de cara a las primarias abiertas, simult\u00e1neas y obligatorias (PASO) del pr\u00f3ximo 13 de agosto.<\/p>\n","protected":false},"author":3,"featured_media":89912,"comment_status":"closed","ping_status":"closed","sticky":false,"template":"","format":"standard","meta":{"footnotes":""},"categories":[58,24],"tags":[],"class_list":["post-89911","post","type-post","status-publish","format-standard","has-post-thumbnail","hentry","category-gobierno","category-politica"],"yoast_head":"<!-- This site is optimized with the Yoast SEO plugin v25.9 - https:\/\/yoast.com\/wordpress\/plugins\/seo\/ -->\n<title>Establecen el tiempo de difusi\u00f3n con el que contar\u00e1n las propagandas pol\u00edticas en televisi\u00f3n - Noticias Radio Reflejos<\/title>\n<meta name=\"robots\" content=\"index, follow, max-snippet:-1, max-image-preview:large, max-video-preview:-1\" \/>\n<link rel=\"canonical\" href=\"https:\/\/www.noticiasradioreflejos.com.ar\/2021\/establecen-el-tiempo-de-difusion-con-el-que-contaran-las-propagandas-politicas-en-television\/\" \/>\n<meta property=\"og:locale\" content=\"es_ES\" \/>\n<meta property=\"og:type\" content=\"article\" \/>\n<meta property=\"og:title\" content=\"Establecen el tiempo de difusi\u00f3n con el que contar\u00e1n las propagandas pol\u00edticas en televisi\u00f3n - Noticias Radio Reflejos\" \/>\n<meta property=\"og:description\" content=\"El Gobierno nacional estableci\u00f3 hoy el tiempo de difusi\u00f3n con el que contar\u00e1n las propagandas pol\u00edticas en televisi\u00f3n, al regular la emisi\u00f3n de las publicidades partidarias, de cara a las primarias abiertas, simult\u00e1neas y obligatorias (PASO) del pr\u00f3ximo 13 de agosto.\" \/>\n<meta property=\"og:url\" content=\"https:\/\/www.noticiasradioreflejos.com.ar\/2021\/establecen-el-tiempo-de-difusion-con-el-que-contaran-las-propagandas-politicas-en-television\/\" \/>\n<meta property=\"og:site_name\" content=\"Noticias Radio Reflejos\" \/>\n<meta property=\"article:published_time\" content=\"2023-06-30T10:56:49+00:00\" \/>\n<meta property=\"og:image\" content=\"https:\/\/www.noticiasradioreflejos.com.ar\/2021\/wp-content\/uploads\/2023\/06\/elecciones-1.jpg\" \/>\n\t<meta property=\"og:image:width\" content=\"1218\" \/>\n\t<meta property=\"og:image:height\" content=\"735\" \/>\n\t<meta property=\"og:image:type\" content=\"image\/jpeg\" \/>\n<meta name=\"author\" content=\"Arnaldo Botto\" \/>\n<meta name=\"twitter:card\" content=\"summary_large_image\" \/>\n<script type=\"application\/ld+json\" class=\"yoast-schema-graph\">{\"@context\":\"https:\/\/schema.org\",\"@graph\":[{\"@type\":\"WebPage\",\"@id\":\"https:\/\/www.noticiasradioreflejos.com.ar\/2021\/establecen-el-tiempo-de-difusion-con-el-que-contaran-las-propagandas-politicas-en-television\/\",\"url\":\"https:\/\/www.noticiasradioreflejos.com.ar\/2021\/establecen-el-tiempo-de-difusion-con-el-que-contaran-las-propagandas-politicas-en-television\/\",\"name\":\"Establecen el tiempo de difusi\u00f3n con el que contar\u00e1n las propagandas pol\u00edticas en televisi\u00f3n - Noticias Radio Reflejos\",\"isPartOf\":{\"@id\":\"https:\/\/www.noticiasradioreflejos.com.ar\/2021\/#website\"},\"primaryImageOfPage\":{\"@id\":\"https:\/\/www.noticiasradioreflejos.com.ar\/2021\/establecen-el-tiempo-de-difusion-con-el-que-contaran-las-propagandas-politicas-en-television\/#primaryimage\"},\"image\":{\"@id\":\"https:\/\/www.noticiasradioreflejos.com.ar\/2021\/establecen-el-tiempo-de-difusion-con-el-que-contaran-las-propagandas-politicas-en-television\/#primaryimage\"},\"thumbnailUrl\":\"https:\/\/www.noticiasradioreflejos.com.ar\/2021\/wp-content\/uploads\/2023\/06\/elecciones-1.jpg\",\"datePublished\":\"2023-06-30T10:56:49+00:00\",\"author\":{\"@id\":\"https:\/\/www.noticiasradioreflejos.com.ar\/2021\/#\/schema\/person\/ad82545263dcc5ec0996818884fd5fb1\"},\"breadcrumb\":{\"@id\":\"https:\/\/www.noticiasradioreflejos.com.ar\/2021\/establecen-el-tiempo-de-difusion-con-el-que-contaran-las-propagandas-politicas-en-television\/#breadcrumb\"},\"inLanguage\":\"es\",\"potentialAction\":[{\"@type\":\"ReadAction\",\"target\":[\"https:\/\/www.noticiasradioreflejos.com.ar\/2021\/establecen-el-tiempo-de-difusion-con-el-que-contaran-las-propagandas-politicas-en-television\/\"]}]},{\"@type\":\"ImageObject\",\"inLanguage\":\"es\",\"@id\":\"https:\/\/www.noticiasradioreflejos.com.ar\/2021\/establecen-el-tiempo-de-difusion-con-el-que-contaran-las-propagandas-politicas-en-television\/#primaryimage\",\"url\":\"https:\/\/www.noticiasradioreflejos.com.ar\/2021\/wp-content\/uploads\/2023\/06\/elecciones-1.jpg\",\"contentUrl\":\"https:\/\/www.noticiasradioreflejos.com.ar\/2021\/wp-content\/uploads\/2023\/06\/elecciones-1.jpg\",\"width\":1218,\"height\":735},{\"@type\":\"BreadcrumbList\",\"@id\":\"https:\/\/www.noticiasradioreflejos.com.ar\/2021\/establecen-el-tiempo-de-difusion-con-el-que-contaran-las-propagandas-politicas-en-television\/#breadcrumb\",\"itemListElement\":[{\"@type\":\"ListItem\",\"position\":1,\"name\":\"Portada\",\"item\":\"https:\/\/www.noticiasradioreflejos.com.ar\/2021\/\"},{\"@type\":\"ListItem\",\"position\":2,\"name\":\"Establecen el tiempo de difusi\u00f3n con el que contar\u00e1n las propagandas pol\u00edticas en televisi\u00f3n\"}]},{\"@type\":\"WebSite\",\"@id\":\"https:\/\/www.noticiasradioreflejos.com.ar\/2021\/#website\",\"url\":\"https:\/\/www.noticiasradioreflejos.com.ar\/2021\/\",\"name\":\"Noticias Radio Reflejos\",\"description\":\"Las noticias de mi comarca\",\"potentialAction\":[{\"@type\":\"SearchAction\",\"target\":{\"@type\":\"EntryPoint\",\"urlTemplate\":\"https:\/\/www.noticiasradioreflejos.com.ar\/2021\/?s={search_term_string}\"},\"query-input\":{\"@type\":\"PropertyValueSpecification\",\"valueRequired\":true,\"valueName\":\"search_term_string\"}}],\"inLanguage\":\"es\"},{\"@type\":\"Person\",\"@id\":\"https:\/\/www.noticiasradioreflejos.com.ar\/2021\/#\/schema\/person\/ad82545263dcc5ec0996818884fd5fb1\",\"name\":\"Arnaldo Botto\",\"image\":{\"@type\":\"ImageObject\",\"inLanguage\":\"es\",\"@id\":\"https:\/\/www.noticiasradioreflejos.com.ar\/2021\/#\/schema\/person\/image\/\",\"url\":\"https:\/\/secure.gravatar.com\/avatar\/55cb5e37c1efa326397366e6974cb338056df65cb50e7d64d1cf314e87504837?s=96&d=mm&r=g\",\"contentUrl\":\"https:\/\/secure.gravatar.com\/avatar\/55cb5e37c1efa326397366e6974cb338056df65cb50e7d64d1cf314e87504837?s=96&d=mm&r=g\",\"caption\":\"Arnaldo Botto\"},\"url\":\"https:\/\/www.noticiasradioreflejos.com.ar\/2021\/author\/arnaldo\/\"}]}<\/script>\n<!-- \/ Yoast SEO plugin. -->","yoast_head_json":{"title":"Establecen el tiempo de difusi\u00f3n con el que contar\u00e1n las propagandas pol\u00edticas en televisi\u00f3n - Noticias Radio Reflejos","robots":{"index":"index","follow":"follow","max-snippet":"max-snippet:-1","max-image-preview":"max-image-preview:large","max-video-preview":"max-video-preview:-1"},"canonical":"https:\/\/www.noticiasradioreflejos.com.ar\/2021\/establecen-el-tiempo-de-difusion-con-el-que-contaran-las-propagandas-politicas-en-television\/","og_locale":"es_ES","og_type":"article","og_title":"Establecen el tiempo de difusi\u00f3n con el que contar\u00e1n las propagandas pol\u00edticas en televisi\u00f3n - Noticias Radio Reflejos","og_description":"El Gobierno nacional estableci\u00f3 hoy el tiempo de difusi\u00f3n con el que contar\u00e1n las propagandas pol\u00edticas en televisi\u00f3n, al regular la emisi\u00f3n de las publicidades partidarias, de cara a las primarias abiertas, simult\u00e1neas y obligatorias (PASO) del pr\u00f3ximo 13 de agosto.","og_url":"https:\/\/www.noticiasradioreflejos.com.ar\/2021\/establecen-el-tiempo-de-difusion-con-el-que-contaran-las-propagandas-politicas-en-television\/","og_site_name":"Noticias Radio Reflejos","article_published_time":"2023-06-30T10:56:49+00:00","og_image":[{"width":1218,"height":735,"url":"https:\/\/www.noticiasradioreflejos.com.ar\/2021\/wp-content\/uploads\/2023\/06\/elecciones-1.jpg","type":"image\/jpeg"}],"author":"Arnaldo Botto","twitter_card":"summary_large_image","schema":{"@context":"https:\/\/schema.org","@graph":[{"@type":"WebPage","@id":"https:\/\/www.noticiasradioreflejos.com.ar\/2021\/establecen-el-tiempo-de-difusion-con-el-que-contaran-las-propagandas-politicas-en-television\/","url":"https:\/\/www.noticiasradioreflejos.com.ar\/2021\/establecen-el-tiempo-de-difusion-con-el-que-contaran-las-propagandas-politicas-en-television\/","name":"Establecen el tiempo de difusi\u00f3n con el que contar\u00e1n las propagandas pol\u00edticas en televisi\u00f3n - Noticias Radio Reflejos","isPartOf":{"@id":"https:\/\/www.noticiasradioreflejos.com.ar\/2021\/#website"},"primaryImageOfPage":{"@id":"https:\/\/www.noticiasradioreflejos.com.ar\/2021\/establecen-el-tiempo-de-difusion-con-el-que-contaran-las-propagandas-politicas-en-television\/#primaryimage"},"image":{"@id":"https:\/\/www.noticiasradioreflejos.com.ar\/2021\/establecen-el-tiempo-de-difusion-con-el-que-contaran-las-propagandas-politicas-en-television\/#primaryimage"},"thumbnailUrl":"https:\/\/www.noticiasradioreflejos.com.ar\/2021\/wp-content\/uploads\/2023\/06\/elecciones-1.jpg","datePublished":"2023-06-30T10:56:49+00:00","author":{"@id":"https:\/\/www.noticiasradioreflejos.com.ar\/2021\/#\/schema\/person\/ad82545263dcc5ec0996818884fd5fb1"},"breadcrumb":{"@id":"https:\/\/www.noticiasradioreflejos.com.ar\/2021\/establecen-el-tiempo-de-difusion-con-el-que-contaran-las-propagandas-politicas-en-television\/#breadcrumb"},"inLanguage":"es","potentialAction":[{"@type":"ReadAction","target":["https:\/\/www.noticiasradioreflejos.com.ar\/2021\/establecen-el-tiempo-de-difusion-con-el-que-contaran-las-propagandas-politicas-en-television\/"]}]},{"@type":"ImageObject","inLanguage":"es","@id":"https:\/\/www.noticiasradioreflejos.com.ar\/2021\/establecen-el-tiempo-de-difusion-con-el-que-contaran-las-propagandas-politicas-en-television\/#primaryimage","url":"https:\/\/www.noticiasradioreflejos.com.ar\/2021\/wp-content\/uploads\/2023\/06\/elecciones-1.jpg","contentUrl":"https:\/\/www.noticiasradioreflejos.com.ar\/2021\/wp-content\/uploads\/2023\/06\/elecciones-1.jpg","width":1218,"height":735},{"@type":"BreadcrumbList","@id":"https:\/\/www.noticiasradioreflejos.com.ar\/2021\/establecen-el-tiempo-de-difusion-con-el-que-contaran-las-propagandas-politicas-en-television\/#breadcrumb","itemListElement":[{"@type":"ListItem","position":1,"name":"Portada","item":"https:\/\/www.noticiasradioreflejos.com.ar\/2021\/"},{"@type":"ListItem","position":2,"name":"Establecen el tiempo de difusi\u00f3n con el que contar\u00e1n las propagandas pol\u00edticas en televisi\u00f3n"}]},{"@type":"WebSite","@id":"https:\/\/www.noticiasradioreflejos.com.ar\/2021\/#website","url":"https:\/\/www.noticiasradioreflejos.com.ar\/2021\/","name":"Noticias Radio Reflejos","description":"Las noticias de mi comarca","potentialAction":[{"@type":"SearchAction","target":{"@type":"EntryPoint","urlTemplate":"https:\/\/www.noticiasradioreflejos.com.ar\/2021\/?s={search_term_string}"},"query-input":{"@type":"PropertyValueSpecification","valueRequired":true,"valueName":"search_term_string"}}],"inLanguage":"es"},{"@type":"Person","@id":"https:\/\/www.noticiasradioreflejos.com.ar\/2021\/#\/schema\/person\/ad82545263dcc5ec0996818884fd5fb1","name":"Arnaldo Botto","image":{"@type":"ImageObject","inLanguage":"es","@id":"https:\/\/www.noticiasradioreflejos.com.ar\/2021\/#\/schema\/person\/image\/","url":"https:\/\/secure.gravatar.com\/avatar\/55cb5e37c1efa326397366e6974cb338056df65cb50e7d64d1cf314e87504837?s=96&d=mm&r=g","contentUrl":"https:\/\/secure.gravatar.com\/avatar\/55cb5e37c1efa326397366e6974cb338056df65cb50e7d64d1cf314e87504837?s=96&d=mm&r=g","caption":"Arnaldo Botto"},"url":"https:\/\/www.noticiasradioreflejos.com.ar\/2021\/author\/arnaldo\/"}]}},"_links":{"self":[{"href":"https:\/\/www.noticiasradioreflejos.com.ar\/2021\/wp-json\/wp\/v2\/posts\/89911","targetHints":{"allow":["GET"]}}],"collection":[{"href":"https:\/\/www.noticiasradioreflejos.com.ar\/2021\/wp-json\/wp\/v2\/posts"}],"about":[{"href":"https:\/\/www.noticiasradioreflejos.com.ar\/2021\/wp-json\/wp\/v2\/types\/post"}],"author":[{"embeddable":true,"href":"https:\/\/www.noticiasradioreflejos.com.ar\/2021\/wp-json\/wp\/v2\/users\/3"}],"replies":[{"embeddable":true,"href":"https:\/\/www.noticiasradioreflejos.com.ar\/2021\/wp-json\/wp\/v2\/comments?post=89911"}],"version-history":[{"count":1,"href":"https:\/\/www.noticiasradioreflejos.com.ar\/2021\/wp-json\/wp\/v2\/posts\/89911\/revisions"}],"predecessor-version":[{"id":89913,"href":"https:\/\/www.noticiasradioreflejos.com.ar\/2021\/wp-json\/wp\/v2\/posts\/89911\/revisions\/89913"}],"wp:featuredmedia":[{"embeddable":true,"href":"https:\/\/www.noticiasradioreflejos.com.ar\/2021\/wp-json\/wp\/v2\/media\/89912"}],"wp:attachment":[{"href":"https:\/\/www.noticiasradioreflejos.com.ar\/2021\/wp-json\/wp\/v2\/media?parent=89911"}],"wp:term":[{"taxonomy":"category","embeddable":true,"href":"https:\/\/www.noticiasradioreflejos.com.ar\/2021\/wp-json\/wp\/v2\/categories?post=89911"},{"taxonomy":"post_tag","embeddable":true,"href":"https:\/\/www.noticiasradioreflejos.com.ar\/2021\/wp-json\/wp\/v2\/tags?post=89911"}],"curies":[{"name":"wp","href":"https:\/\/api.w.org\/{rel}","templated":true}]}}