{"id":89802,"date":"2023-06-27T17:16:29","date_gmt":"2023-06-27T17:16:29","guid":{"rendered":"https:\/\/www.noticiasradioreflejos.com.ar\/2021\/?p=89802"},"modified":"2023-06-27T17:16:29","modified_gmt":"2023-06-27T17:16:29","slug":"juicio-por-jurados-juzgan-a-un-hombre-acusado-de-abusar-de-sus-dos-hijas-menores-de-edad","status":"publish","type":"post","link":"https:\/\/www.noticiasradioreflejos.com.ar\/2021\/juicio-por-jurados-juzgan-a-un-hombre-acusado-de-abusar-de-sus-dos-hijas-menores-de-edad\/","title":{"rendered":"Juicio por jurados: Juzgan a un hombre acusado de abusar de sus dos hijas menores de edad"},"content":{"rendered":"<section class=\"banner__single-post bg-grey-light-three banner-single-2 banner__standard\">\nHasta el pr\u00f3ximo viernes 30, se lleva a cabo el juicio por jurados para analizar la conducta de un hombre acusado de abusar de sus dos hijas menores de edad en Bah\u00eda Blanca.<!--more--><\/p>\n<p>Seg\u00fan la causa, investigada por la\u00a0<strong>UFIJ N.\u00ba 14<\/strong>, los hechos ocurrieron en el a\u00f1o 2016 cuando el hombre toc\u00f3 en sus partes \u00edntimas a su hija de 13 a\u00f1os, en reiteradas oportunidades.<\/p>\n<p>Adem\u00e1s, en el a\u00f1o 2012 le efectu\u00f3 tocamientos a su otra hija de 12 a\u00f1os de edad y la accedi\u00f3 de manera carnal, situaciones que se reiteraron hasta mediados de 2013. Como consecuencias de esos hechos abusivos, la ni\u00f1a sufri\u00f3 diversos malestares en su vida cotidiana que representaron un grave da\u00f1o en su salud.<\/p>\n<p>El hombre est\u00e1 acusado de cuatro hechos de abuso sexual simple, agravado por el v\u00ednculo y la situaci\u00f3n de convivencia preexistente con una menor de 18 a\u00f1os de edad, en relaci\u00f3n a una de las ni\u00f1as; y abuso sexual con acceso carnal en concurso con abuso sexual gravemente ultrajante reiterado, ambos agravados por el v\u00ednculo y la convivencia con una menor de 18 a\u00f1os, en relaci\u00f3n a la otra.<\/p>\n<p>El juez t\u00e9cnico es el Dr. Ricardo Guti\u00e9rrez, integrante del Tribunal en lo Criminal N.\u00ba 1, y el debate se lleva a cabo en el quinto piso del Palacio de Tribunales, ubicado en Estomba 34 de Bah\u00eda Blanca.<\/p>\n<\/article>\n<\/div>\n<\/div>\n<\/div>\n<\/div>\n<\/div>\n","protected":false},"excerpt":{"rendered":"<p>Hasta el pr\u00f3ximo viernes 30, se lleva a cabo el juicio por jurados para analizar la conducta de un hombre acusado de abusar de sus dos hijas menores de edad en Bah\u00eda Blanca.<\/p>\n","protected":false},"author":3,"featured_media":89803,"comment_status":"closed","ping_status":"closed","sticky":false,"template":"","format":"standard","meta":{"footnotes":""},"categories":[57],"tags":[],"class_list":["post-89802","post","type-post","status-publish","format-standard","has-post-thumbnail","hentry","category-judiciales"],"yoast_head":"<!-- This site is optimized with the Yoast SEO plugin v25.9 - https:\/\/yoast.com\/wordpress\/plugins\/seo\/ -->\n<title>Juicio por jurados: Juzgan a un hombre acusado de abusar de sus dos hijas menores de edad - Noticias Radio Reflejos<\/title>\n<meta name=\"robots\" content=\"index, follow, max-snippet:-1, max-image-preview:large, max-video-preview:-1\" \/>\n<link rel=\"canonical\" href=\"https:\/\/www.noticiasradioreflejos.com.ar\/2021\/juicio-por-jurados-juzgan-a-un-hombre-acusado-de-abusar-de-sus-dos-hijas-menores-de-edad\/\" \/>\n<meta property=\"og:locale\" content=\"es_ES\" \/>\n<meta property=\"og:type\" content=\"article\" \/>\n<meta property=\"og:title\" content=\"Juicio por jurados: Juzgan a un hombre acusado de abusar de sus dos hijas menores de edad - Noticias Radio Reflejos\" \/>\n<meta property=\"og:description\" content=\"Hasta el pr\u00f3ximo viernes 30, se lleva a cabo el juicio por jurados para analizar la conducta de un hombre acusado de abusar de sus dos hijas menores de edad en Bah\u00eda Blanca.\" \/>\n<meta property=\"og:url\" content=\"https:\/\/www.noticiasradioreflejos.com.ar\/2021\/juicio-por-jurados-juzgan-a-un-hombre-acusado-de-abusar-de-sus-dos-hijas-menores-de-edad\/\" \/>\n<meta property=\"og:site_name\" content=\"Noticias Radio Reflejos\" \/>\n<meta property=\"article:published_time\" content=\"2023-06-27T17:16:29+00:00\" \/>\n<meta property=\"og:image\" content=\"https:\/\/www.noticiasradioreflejos.com.ar\/2021\/wp-content\/uploads\/2023\/06\/jxj-puerta-1200x1200-1.jpg\" \/>\n\t<meta property=\"og:image:width\" content=\"1200\" \/>\n\t<meta property=\"og:image:height\" content=\"1200\" \/>\n\t<meta property=\"og:image:type\" content=\"image\/jpeg\" \/>\n<meta name=\"author\" content=\"Arnaldo Botto\" \/>\n<meta name=\"twitter:card\" content=\"summary_large_image\" \/>\n<script type=\"application\/ld+json\" class=\"yoast-schema-graph\">{\"@context\":\"https:\/\/schema.org\",\"@graph\":[{\"@type\":\"WebPage\",\"@id\":\"https:\/\/www.noticiasradioreflejos.com.ar\/2021\/juicio-por-jurados-juzgan-a-un-hombre-acusado-de-abusar-de-sus-dos-hijas-menores-de-edad\/\",\"url\":\"https:\/\/www.noticiasradioreflejos.com.ar\/2021\/juicio-por-jurados-juzgan-a-un-hombre-acusado-de-abusar-de-sus-dos-hijas-menores-de-edad\/\",\"name\":\"Juicio por jurados: Juzgan a un hombre acusado de abusar de sus dos hijas menores de edad - Noticias Radio Reflejos\",\"isPartOf\":{\"@id\":\"https:\/\/www.noticiasradioreflejos.com.ar\/2021\/#website\"},\"primaryImageOfPage\":{\"@id\":\"https:\/\/www.noticiasradioreflejos.com.ar\/2021\/juicio-por-jurados-juzgan-a-un-hombre-acusado-de-abusar-de-sus-dos-hijas-menores-de-edad\/#primaryimage\"},\"image\":{\"@id\":\"https:\/\/www.noticiasradioreflejos.com.ar\/2021\/juicio-por-jurados-juzgan-a-un-hombre-acusado-de-abusar-de-sus-dos-hijas-menores-de-edad\/#primaryimage\"},\"thumbnailUrl\":\"https:\/\/www.noticiasradioreflejos.com.ar\/2021\/wp-content\/uploads\/2023\/06\/jxj-puerta-1200x1200-1.jpg\",\"datePublished\":\"2023-06-27T17:16:29+00:00\",\"author\":{\"@id\":\"https:\/\/www.noticiasradioreflejos.com.ar\/2021\/#\/schema\/person\/ad82545263dcc5ec0996818884fd5fb1\"},\"breadcrumb\":{\"@id\":\"https:\/\/www.noticiasradioreflejos.com.ar\/2021\/juicio-por-jurados-juzgan-a-un-hombre-acusado-de-abusar-de-sus-dos-hijas-menores-de-edad\/#breadcrumb\"},\"inLanguage\":\"es\",\"potentialAction\":[{\"@type\":\"ReadAction\",\"target\":[\"https:\/\/www.noticiasradioreflejos.com.ar\/2021\/juicio-por-jurados-juzgan-a-un-hombre-acusado-de-abusar-de-sus-dos-hijas-menores-de-edad\/\"]}]},{\"@type\":\"ImageObject\",\"inLanguage\":\"es\",\"@id\":\"https:\/\/www.noticiasradioreflejos.com.ar\/2021\/juicio-por-jurados-juzgan-a-un-hombre-acusado-de-abusar-de-sus-dos-hijas-menores-de-edad\/#primaryimage\",\"url\":\"https:\/\/www.noticiasradioreflejos.com.ar\/2021\/wp-content\/uploads\/2023\/06\/jxj-puerta-1200x1200-1.jpg\",\"contentUrl\":\"https:\/\/www.noticiasradioreflejos.com.ar\/2021\/wp-content\/uploads\/2023\/06\/jxj-puerta-1200x1200-1.jpg\",\"width\":1200,\"height\":1200},{\"@type\":\"BreadcrumbList\",\"@id\":\"https:\/\/www.noticiasradioreflejos.com.ar\/2021\/juicio-por-jurados-juzgan-a-un-hombre-acusado-de-abusar-de-sus-dos-hijas-menores-de-edad\/#breadcrumb\",\"itemListElement\":[{\"@type\":\"ListItem\",\"position\":1,\"name\":\"Portada\",\"item\":\"https:\/\/www.noticiasradioreflejos.com.ar\/2021\/\"},{\"@type\":\"ListItem\",\"position\":2,\"name\":\"Juicio por jurados: Juzgan a un hombre acusado de abusar de sus dos hijas menores de edad\"}]},{\"@type\":\"WebSite\",\"@id\":\"https:\/\/www.noticiasradioreflejos.com.ar\/2021\/#website\",\"url\":\"https:\/\/www.noticiasradioreflejos.com.ar\/2021\/\",\"name\":\"Noticias Radio Reflejos\",\"description\":\"Las noticias de mi comarca\",\"potentialAction\":[{\"@type\":\"SearchAction\",\"target\":{\"@type\":\"EntryPoint\",\"urlTemplate\":\"https:\/\/www.noticiasradioreflejos.com.ar\/2021\/?s={search_term_string}\"},\"query-input\":{\"@type\":\"PropertyValueSpecification\",\"valueRequired\":true,\"valueName\":\"search_term_string\"}}],\"inLanguage\":\"es\"},{\"@type\":\"Person\",\"@id\":\"https:\/\/www.noticiasradioreflejos.com.ar\/2021\/#\/schema\/person\/ad82545263dcc5ec0996818884fd5fb1\",\"name\":\"Arnaldo Botto\",\"image\":{\"@type\":\"ImageObject\",\"inLanguage\":\"es\",\"@id\":\"https:\/\/www.noticiasradioreflejos.com.ar\/2021\/#\/schema\/person\/image\/\",\"url\":\"https:\/\/secure.gravatar.com\/avatar\/55cb5e37c1efa326397366e6974cb338056df65cb50e7d64d1cf314e87504837?s=96&d=mm&r=g\",\"contentUrl\":\"https:\/\/secure.gravatar.com\/avatar\/55cb5e37c1efa326397366e6974cb338056df65cb50e7d64d1cf314e87504837?s=96&d=mm&r=g\",\"caption\":\"Arnaldo Botto\"},\"url\":\"https:\/\/www.noticiasradioreflejos.com.ar\/2021\/author\/arnaldo\/\"}]}<\/script>\n<!-- \/ Yoast SEO plugin. -->","yoast_head_json":{"title":"Juicio por jurados: Juzgan a un hombre acusado de abusar de sus dos hijas menores de edad - Noticias Radio Reflejos","robots":{"index":"index","follow":"follow","max-snippet":"max-snippet:-1","max-image-preview":"max-image-preview:large","max-video-preview":"max-video-preview:-1"},"canonical":"https:\/\/www.noticiasradioreflejos.com.ar\/2021\/juicio-por-jurados-juzgan-a-un-hombre-acusado-de-abusar-de-sus-dos-hijas-menores-de-edad\/","og_locale":"es_ES","og_type":"article","og_title":"Juicio por jurados: Juzgan a un hombre acusado de abusar de sus dos hijas menores de edad - Noticias Radio Reflejos","og_description":"Hasta el pr\u00f3ximo viernes 30, se lleva a cabo el juicio por jurados para analizar la conducta de un hombre acusado de abusar de sus dos hijas menores de edad en Bah\u00eda Blanca.","og_url":"https:\/\/www.noticiasradioreflejos.com.ar\/2021\/juicio-por-jurados-juzgan-a-un-hombre-acusado-de-abusar-de-sus-dos-hijas-menores-de-edad\/","og_site_name":"Noticias Radio Reflejos","article_published_time":"2023-06-27T17:16:29+00:00","og_image":[{"width":1200,"height":1200,"url":"https:\/\/www.noticiasradioreflejos.com.ar\/2021\/wp-content\/uploads\/2023\/06\/jxj-puerta-1200x1200-1.jpg","type":"image\/jpeg"}],"author":"Arnaldo Botto","twitter_card":"summary_large_image","schema":{"@context":"https:\/\/schema.org","@graph":[{"@type":"WebPage","@id":"https:\/\/www.noticiasradioreflejos.com.ar\/2021\/juicio-por-jurados-juzgan-a-un-hombre-acusado-de-abusar-de-sus-dos-hijas-menores-de-edad\/","url":"https:\/\/www.noticiasradioreflejos.com.ar\/2021\/juicio-por-jurados-juzgan-a-un-hombre-acusado-de-abusar-de-sus-dos-hijas-menores-de-edad\/","name":"Juicio por jurados: Juzgan a un hombre acusado de abusar de sus dos hijas menores de edad - Noticias Radio Reflejos","isPartOf":{"@id":"https:\/\/www.noticiasradioreflejos.com.ar\/2021\/#website"},"primaryImageOfPage":{"@id":"https:\/\/www.noticiasradioreflejos.com.ar\/2021\/juicio-por-jurados-juzgan-a-un-hombre-acusado-de-abusar-de-sus-dos-hijas-menores-de-edad\/#primaryimage"},"image":{"@id":"https:\/\/www.noticiasradioreflejos.com.ar\/2021\/juicio-por-jurados-juzgan-a-un-hombre-acusado-de-abusar-de-sus-dos-hijas-menores-de-edad\/#primaryimage"},"thumbnailUrl":"https:\/\/www.noticiasradioreflejos.com.ar\/2021\/wp-content\/uploads\/2023\/06\/jxj-puerta-1200x1200-1.jpg","datePublished":"2023-06-27T17:16:29+00:00","author":{"@id":"https:\/\/www.noticiasradioreflejos.com.ar\/2021\/#\/schema\/person\/ad82545263dcc5ec0996818884fd5fb1"},"breadcrumb":{"@id":"https:\/\/www.noticiasradioreflejos.com.ar\/2021\/juicio-por-jurados-juzgan-a-un-hombre-acusado-de-abusar-de-sus-dos-hijas-menores-de-edad\/#breadcrumb"},"inLanguage":"es","potentialAction":[{"@type":"ReadAction","target":["https:\/\/www.noticiasradioreflejos.com.ar\/2021\/juicio-por-jurados-juzgan-a-un-hombre-acusado-de-abusar-de-sus-dos-hijas-menores-de-edad\/"]}]},{"@type":"ImageObject","inLanguage":"es","@id":"https:\/\/www.noticiasradioreflejos.com.ar\/2021\/juicio-por-jurados-juzgan-a-un-hombre-acusado-de-abusar-de-sus-dos-hijas-menores-de-edad\/#primaryimage","url":"https:\/\/www.noticiasradioreflejos.com.ar\/2021\/wp-content\/uploads\/2023\/06\/jxj-puerta-1200x1200-1.jpg","contentUrl":"https:\/\/www.noticiasradioreflejos.com.ar\/2021\/wp-content\/uploads\/2023\/06\/jxj-puerta-1200x1200-1.jpg","width":1200,"height":1200},{"@type":"BreadcrumbList","@id":"https:\/\/www.noticiasradioreflejos.com.ar\/2021\/juicio-por-jurados-juzgan-a-un-hombre-acusado-de-abusar-de-sus-dos-hijas-menores-de-edad\/#breadcrumb","itemListElement":[{"@type":"ListItem","position":1,"name":"Portada","item":"https:\/\/www.noticiasradioreflejos.com.ar\/2021\/"},{"@type":"ListItem","position":2,"name":"Juicio por jurados: Juzgan a un hombre acusado de abusar de sus dos hijas menores de edad"}]},{"@type":"WebSite","@id":"https:\/\/www.noticiasradioreflejos.com.ar\/2021\/#website","url":"https:\/\/www.noticiasradioreflejos.com.ar\/2021\/","name":"Noticias Radio Reflejos","description":"Las noticias de mi comarca","potentialAction":[{"@type":"SearchAction","target":{"@type":"EntryPoint","urlTemplate":"https:\/\/www.noticiasradioreflejos.com.ar\/2021\/?s={search_term_string}"},"query-input":{"@type":"PropertyValueSpecification","valueRequired":true,"valueName":"search_term_string"}}],"inLanguage":"es"},{"@type":"Person","@id":"https:\/\/www.noticiasradioreflejos.com.ar\/2021\/#\/schema\/person\/ad82545263dcc5ec0996818884fd5fb1","name":"Arnaldo Botto","image":{"@type":"ImageObject","inLanguage":"es","@id":"https:\/\/www.noticiasradioreflejos.com.ar\/2021\/#\/schema\/person\/image\/","url":"https:\/\/secure.gravatar.com\/avatar\/55cb5e37c1efa326397366e6974cb338056df65cb50e7d64d1cf314e87504837?s=96&d=mm&r=g","contentUrl":"https:\/\/secure.gravatar.com\/avatar\/55cb5e37c1efa326397366e6974cb338056df65cb50e7d64d1cf314e87504837?s=96&d=mm&r=g","caption":"Arnaldo Botto"},"url":"https:\/\/www.noticiasradioreflejos.com.ar\/2021\/author\/arnaldo\/"}]}},"_links":{"self":[{"href":"https:\/\/www.noticiasradioreflejos.com.ar\/2021\/wp-json\/wp\/v2\/posts\/89802","targetHints":{"allow":["GET"]}}],"collection":[{"href":"https:\/\/www.noticiasradioreflejos.com.ar\/2021\/wp-json\/wp\/v2\/posts"}],"about":[{"href":"https:\/\/www.noticiasradioreflejos.com.ar\/2021\/wp-json\/wp\/v2\/types\/post"}],"author":[{"embeddable":true,"href":"https:\/\/www.noticiasradioreflejos.com.ar\/2021\/wp-json\/wp\/v2\/users\/3"}],"replies":[{"embeddable":true,"href":"https:\/\/www.noticiasradioreflejos.com.ar\/2021\/wp-json\/wp\/v2\/comments?post=89802"}],"version-history":[{"count":1,"href":"https:\/\/www.noticiasradioreflejos.com.ar\/2021\/wp-json\/wp\/v2\/posts\/89802\/revisions"}],"predecessor-version":[{"id":89804,"href":"https:\/\/www.noticiasradioreflejos.com.ar\/2021\/wp-json\/wp\/v2\/posts\/89802\/revisions\/89804"}],"wp:featuredmedia":[{"embeddable":true,"href":"https:\/\/www.noticiasradioreflejos.com.ar\/2021\/wp-json\/wp\/v2\/media\/89803"}],"wp:attachment":[{"href":"https:\/\/www.noticiasradioreflejos.com.ar\/2021\/wp-json\/wp\/v2\/media?parent=89802"}],"wp:term":[{"taxonomy":"category","embeddable":true,"href":"https:\/\/www.noticiasradioreflejos.com.ar\/2021\/wp-json\/wp\/v2\/categories?post=89802"},{"taxonomy":"post_tag","embeddable":true,"href":"https:\/\/www.noticiasradioreflejos.com.ar\/2021\/wp-json\/wp\/v2\/tags?post=89802"}],"curies":[{"name":"wp","href":"https:\/\/api.w.org\/{rel}","templated":true}]}}