{"id":8980,"date":"2017-04-11T12:53:59","date_gmt":"2017-04-11T15:53:59","guid":{"rendered":"http:\/\/noticiasradioreflejos.com.ar\/noticias\/?p=8980"},"modified":"2017-04-11T12:53:59","modified_gmt":"2017-04-11T15:53:59","slug":"el-honorable-concejo-deliberante-presento-la-sesion-inaugural-del-3-de-abril","status":"publish","type":"post","link":"https:\/\/www.noticiasradioreflejos.com.ar\/2021\/el-honorable-concejo-deliberante-presento-la-sesion-inaugural-del-3-de-abril\/","title":{"rendered":"El Honorable Concejo Deliberante present\u00f3 la Sesi\u00f3n Inaugural del 3 de abril"},"content":{"rendered":"<p>&nbsp;<br \/>\nLos Ediles fueron convocados por \u00a0el Decreto N\u00ba 05\/17 para la Sesi\u00f3n Inaugural del per\u00edodo de Sesiones Ordinarias 2017. A partir de las 20:10 hs. aproximadamente,\u00a0 \u00a0y ante la presencia del Sr. Intendente Municipal Sergio Bordoni, integrantes del Gabinete Municipal, autoridades del distrito \u00a0y p\u00fablico en general, dio \u00a0comienzo dicha Sesi\u00f3n.<!--more--><br \/>\nEl Sr. Intendente Municipal Sergio Bordoni inaugur\u00f3 el per\u00edodo de Sesiones Ordinarias con estas palabras:<br \/>\n\u201cSe\u00f1or Presidente del Honorable Concejo Deliberante, se\u00f1ores Concejales, Departamento Ejecutivo, Consejo Escolar, Inspectora Jefa Distrital, autoridades policiales y Ayudante de Fiscal\u00eda, p\u00fablico en general, hoy estamos reunidos para inaugurar un nuevo a\u00f1o de Sesi\u00f3n Ordinaria de este Legislativo. Un a\u00f1o en el cual seguramente\u00a0todos pensaran que va a ser un a\u00f1o distinto, porque hay elecciones de por medio, para este Ejecutivo es un a\u00f1o m\u00e1s, un a\u00f1o como el que pasamos en el 2016, donde ahora voy a hacer un breve recuento de las cosas que pudimos hacer. No fue un a\u00f1o f\u00e1cil, ni creo que sea f\u00e1cil los que vienen, pero s\u00ed est\u00e1 en nuestras mentes seguir trabajando como lo venimos haciendo. Estamos aqu\u00ed para hacer lo que tenemos que hacer, y s\u00e9 que no va a ser f\u00e1cil. S\u00e9 que tenemos que trabajar much\u00edsimo para sacar este pa\u00eds adelante, pero para eso tenemos el compromiso moral, \u00e9tico y responsabilidad total en que las cosas se van a hacer bien en pos de la gente, y como siempre digo es la que nos pone y nos saca de un puesto pol\u00edtico. Como dec\u00edan el otro d\u00eda en un programa period\u00edstico, hablaban que hab\u00eda que ganar la calle. La calle no es de nadie, las bancas no son de nadie, los puestos pol\u00edticos no son de nadie, simplemente son de la gente, la gente es la que decide qui\u00e9n se sienta en una banca, qui\u00e9n dirige los destinos de un pa\u00eds, y por suerte estamos en democracia y por suerte vivimos en democracia, y por suerte hay elecciones para que la gente pueda tomar decisiones por s\u00ed sola, y no llevada como ganado. Eso es la m\u00e1s importante, y eso es lo que tenemos que aprender de una vez por todas. Voy a hacer un breve recuento de las cosas que hemos podido hacer desde nuestro ejecutivo. Voy a empezar con la <u>Secretar\u00eda de Gobierno y Hacienda<\/u>:\u00a0Se tomaron medidas para aumentar la recaudaci\u00f3n a trav\u00e9s de moratorias e intimaciones las que dieron un resultado positivo ya que en todas las Tasas se vio un aumento considerable en comparaci\u00f3n a gestiones anteriores. Por ejemplo\u00a0Tasa Seguridad e Higiene: se recaud\u00f3 un 40% m\u00e1s que en 2015 y un 105% m\u00e1s que en gestiones anteriores.\u00a0Tasa por ABL.: un 60% m\u00e1s que en el 2015.\u00a0Tasa por Servicios Sanitarios:\u00a0un 70% m\u00e1s que en el 2015.\u00a0Tasa de Salud:\u00a0un 55% m\u00e1s\u00a0 que en el 2015. Red Vial:\u00a0un 40% m\u00e1s que el 2015.\u00a0Viviendas:\u00a0Donde tenemos un gran d\u00e9ficit que cubrir, pero tambi\u00e9n es necesario que se empiecen a pagar las viviendas, se recaud\u00f3\u00a0 un 50% m\u00e1s\u00a0 a lo que corresponde que cuando se paguen, mucho m\u00e1s se va a poder invertir en viviendas, porque no es solamente la magia de hacer viviendas, hay que pagarlas como todas las cosas. Desde esta Secretar\u00eda se implement\u00f3 por primera vez el Presupuesto Participativo que corresponde al 1% del Presupuesto Ejecutado en el\u00a0 2016 que ascendi\u00f3 a la suma de $1.780.000, se presentaron 70 proyectos, 2.300 votantes, no poca cosa para el primer a\u00f1o de algo que no se conoc\u00eda en Tornquist que se pensaba que no iba a \u00a0poderse realizar y que era algo que la gente no ten\u00eda idea de c\u00f3mo se trabajaba. En 8 localidades del distrito se licitaron los Balnearios: Parque Norte, La Hoya, Los Angelitos y el Camping de Saldungaray. Se dieron m\u00e1s de 95 audiencias privadas y a instituciones. En el Fondo Educativo, algo tan hablado por nosotros en el 2013 y tambi\u00e9n hablado en la elecci\u00f3n del 2015 de $ 17.400.000 que se recaudaron, se compraron 2 combis de 15 asientos 0km y una Renault kangoo de 7 asientos; $4.500.000 se destinaron a becas estudiantiles; $7.000.000 a instituciones educativas, deportivas, sociales y culturales, permiti\u00e9ndoles mejorar instalaciones, realizar viajes, espect\u00e1culos, cursos de capacitaci\u00f3n y equipar con tecnolog\u00eda a todas las escuelas; $5.100.000 fue administrado por el Consejo Escolar, eso es algo que en campa\u00f1a hab\u00edamos prometido y que en los meses enero y febrero, ya pertenece al 2017, pero lo quiero decir el\u00a0 100% del Fondo Educativo fue manejado por el Consejo Escolar, d\u00e1ndole el rol que ten\u00eda que tener el Consejo Escolar. El rol que muchas veces fue perdido por no tener capacidad econ\u00f3mica, que gracias a la Ley del Fondo Educativo uno puede disponer de fondos, fondos que realmente tiene que manejar el Consejo Escolar que es donde los docentes tienen que\u00a0 hacer los reclamos y no en el Departamento Ejecutivo. En la <u>Secretar\u00eda de Seguridad<\/u>, lo primero que se hizo al iniciar el a\u00f1o fue la adquisici\u00f3n de una autobomba para la localidad de Chasic\u00f3. Ante la lamentable p\u00e9rdida de una vivienda cre\u00edamos que era necesario en lo \u00a0inmediato conformar un Cuerpo Activo de Bomberos en Chasic\u00f3, porque al llegar los bomberos por los 50 Km. de camino de tierra a Chasic\u00f3 cuando llegaron la vivienda ya no ten\u00eda m\u00e1s sentido de ser. Y lo primero que se hizo fue adquirir una autobomba,\u00a0 de ah\u00ed empez\u00f3 la conformaci\u00f3n y capacitaci\u00f3n para la creaci\u00f3n del cuartel de bomberos de la localidad de Chasic\u00f3. 19 c\u00e1maras de seguridad y monitoreo se instalaron en Saldungaray, 6 en el Balneario Parque Norte, 5 en la Laguna Las Encadenadas que est\u00e1n a punto de instalarse. Se adquiri\u00f3 un veh\u00edculo utilitario para operativos, varias reparaciones edilicias en distintas comisar\u00edas, no qued\u00f3 una comisar\u00eda sin estar en reparaciones, todas, les puedo nombrar Nueva Roma, Chasic\u00f3, Tres Picos, Saldungaray, Sierra y \u00faltimamente se est\u00e1 terminando con la de Tornquist. Reparaci\u00f3n de todos los m\u00f3viles, la verdad que estaban totalmente detonados muchos de los m\u00f3viles, sin cubiertas.\u00a0 Se adquiri\u00f3 mobiliario para todos los destacamentos policiales, para el tema de comunicaciones handys nuevos, y se realizaron con los distintos inspectores que tenemos en la calle 380 operativos de prevenci\u00f3n y control.\u00a0<u>Direcci\u00f3n de\u00a0 la Juventud:<\/u><strong>\u00a0<\/strong>Tramitaci\u00f3n de becas y seguimiento de m\u00e1s de 350 estudiantes. Porque se daban becas pero tambi\u00e9n se hac\u00eda el seguimiento. Administraci\u00f3n y control de\u00a0 4 casas de Estudiantes con m\u00e1s de 60 chicos, cursos de capacitaci\u00f3n, Concejo Deliberante Estudiantil, Programa Sanitos y Verano Joven, algo que tambi\u00e9n se llev\u00f3 a todas las localidades del Distrito.\u00a0<u>Direcci\u00f3n de Bromatolog\u00eda:<\/u>\u00a0520 castraciones, el doble de a\u00f1os anteriores, 300 vacunas anti-r\u00e1bicas gratuitas, 400 an\u00e1lisis de agua, cursos de manipulaci\u00f3n de alimentos, se iniciaron obras de mejoras en el frigor\u00edfico local.\u00a0<u>Secretaria de Desarrollo:<\/u> Posicionamiento de la Marca\u00a0Ventania, junto a 4 Municipios vecinos, Coronel Pr\u00edngles, Saavedra, Bah\u00eda Blanca y Coronel Su\u00e1rez. Voy a hacer un par\u00e9ntesis aqu\u00ed, hoy estuve en la localidad de Bah\u00eda Blanca donde a la ma\u00f1ana lleg\u00f3 el Ministro de la Naci\u00f3n Dietrich, de Transporte. Donde hace un tiempo atr\u00e1s conjuntamente con H\u00e9ctor Gay Intendente de Bah\u00eda Blanca le hab\u00edamos hecho una visita para gestionar el tema de la autopista Bah\u00eda Blanca-Tornquist. Como todos sab\u00edan, y estaba licitada hasta el kil\u00f3metro 41 se iba a hacer la autopista desde Bah\u00eda Blanca hasta el kil\u00f3metro 41 que era el inicio del Partido de Tornquist, desde el kil\u00f3metro 41 hasta la localidad de Espartillas se iba a hacer lo que se denomina Ruta Segura. Lo fui a ver con H\u00e9ctor Gay que ten\u00eda m\u00e1s llegada que mi persona, o sea el Ministro Dietrich, y le explicamos lo que est\u00e1bamos implementando que era la Marca Ventania. Que era importante que toda la gente que llegara a Bah\u00eda Blanca a trav\u00e9s del aeropuerto que tenemos pudiera llegar a nuestro Distrito en forma m\u00e1s c\u00f3moda y no dar toda la vuelta por la localidad de Fra-Pal donde se perd\u00eda de entrada nom\u00e1s pasar por el Abra, por el Cerro de la Ventana, por Villa Ventana y distintos lugares tur\u00edsticos, que era de total importancia no cortar una autopista a mitad de camino, sino por lo menos, llegar a un pueblo sea cual fuera, si hubiera sido Tres Picos, Tornquist, pero bueno, se lo pidi\u00f3. No nos confirm\u00f3 nada en ese momento que fuimos, hoy puedo decir que la autopista Bah\u00eda Blanca-Tornquist va a ser un hecho y va a empezar a fines del a\u00f1o 2017. Desde la\u00a0 Secretar\u00eda de Desarrollo, siguiendo con esa Secretar\u00eda se hicieron gestiones de financiamiento, por ejemplo $800.000 para<br \/>\nel Mercado Comunitario de Saldungaray, $1.000.000 para el galp\u00f3n del ferrocarril de Sierra de la Ventana, $700.000 para una gesti\u00f3n hospitalaria y $500.000 para eventos culturales.\u00a0<u>Subsecretaria de Eventos Culturales:<\/u> <u>Direcci\u00f3n De Cultura:<\/u>\u00a0Se realizaron m\u00e1s de 200 eventos; m\u00e1s de 1000 espectadores en cine gratuito, esto se debe a que el Teatro Municipal de Tornquist est\u00e1 abierto los 365 d\u00edas del a\u00f1o para que cuando el turista venga a Tornquist pueda ver ese gran Teatro que tenemos, que todos se quedan con la boca abierta cuando lo ven y es importante mantenerlo abierto porque la verdad\u00a0 que lo ha disfrutado mucha gente que ha venido a pasear a nuestra localidad. M\u00e1s de\u00a0 10.000 concurrentes tuvo el teatro, por la estad\u00edstica que hemos anotado. 12 ciclos de homenajes por el bicentenario. M\u00e1s de 80.000 espectadores en cultura callejera; m\u00e1s de 7.000 visitantes a los talleres de teatro, m\u00fasica y coro acercando los mismos a las localidades de Tornquist, Saldungaray, Sierra y Villa incorporando para este a\u00f1o a la localidad de Chasic\u00f3. M\u00e1s de 40 eventos en el Centro Cultural de Sierra de la Ventana. M\u00e1s de 2000 participantes en cultura escuela y jerarquizamos la Escuela Folkl\u00f3rica. Que quiero decir con esto, no le dimos m\u00e1s jerarqu\u00eda nosotros porque seamos expertos en folklore, no, al contrario, la Escuela lo hace muy bien desde hace muchos a\u00f1os, lo que le dimos una autonom\u00eda econ\u00f3mica, porque si era Escuela Municipal correspond\u00eda que el Municipio se hiciera cargo de los gastos y no estuvieran juntando monedas como para viajar por ejemplo.\u00a0<u>Direcci\u00f3n de Comunicaciones:<\/u><strong>\u00a0<\/strong>Creaci\u00f3n p\u00e1gina web, creaci\u00f3n de agenda cultural, tur\u00edstica y educativa, difusi\u00f3n on line y redes sociales, organizaci\u00f3n de conferencias; organizaci\u00f3n, difusi\u00f3n y seguimiento del Presupuesto Participativo; folleter\u00eda y carteler\u00eda para las distintas \u00e1reas.\u00a0<u>Direcci\u00f3n de Deporte:<\/u><strong>\u00a0<\/strong>Se trabaj\u00f3 en concordancia con los diferentes clubes del distrito dando apoyo t\u00e9cnico y econ\u00f3mico para el desarrollo de las diferentes disciplinas. En esto tambi\u00e9n quiero hacer un par\u00e9ntesis, a los clubes deportivos, a todos, se les ayud\u00f3 econ\u00f3micamente porque consideramos que la prestaci\u00f3n social \u00a0que brindan los clubes del Distrito de Tornquist es sumamente importante. Desde una Banca siempre lo resaltaba, que no se pod\u00eda hacer nada sin la ayuda y la contenci\u00f3n social que hacen los clubes. La verdad que sin la ayuda de ellos era imposible luchar contra el flagelo de la droga, por ejemplo. Porque tenemos una muy buena contenci\u00f3n social, por eso la ayuda econ\u00f3mica a todos los clubes del distrito. Se han adquirido 4 aros de b\u00e1squet m\u00f3viles; 10 mesas de ping pong, una actividad que se ha implementado el a\u00f1o pasado de la cual cada vez m\u00e1s chicos y grandes se arriman a practicar un deporte. Eso\u00a0 es lo que nosotros dec\u00edamos, tenemos que darle a la gente, a los j\u00f3venes ocupaciones, ocupaciones para que no est\u00e9n todo el d\u00eda delante de una m\u00e1quina, una computadora o en las redes sociales. Se contin\u00faa con la Escuela Municipal de B\u00e1squet con m\u00e1s\u00a0 de 60 alumnos. Torneo Provincial de Gimnasia Art\u00edstica. Organizaci\u00f3n de carreras pedestres y rally bike.\u00a0<u>Secretaria de Desarrollo Social:<\/u>\u00a0Hubo 2000 beneficiarios de ayuda social,\u00a0 se visitaron m\u00e1s de 100 viviendas domiciliarias, 200 entrevistas laborales, m\u00e1s de100 integrantes del plan Envi\u00f3n. Algo que hice al inicio de mi gesti\u00f3n y que cre\u00eda que era necesario fue municipalizar de entrada y poner en planta permanente al Servicio Local as\u00ed y todo, poniendo al Servicio Local en planta permanente donde antes estaba con un sueldo provincial, que a veces cobraban y a veces no, no hemos podido solucionar la problem\u00e1tica que tenemos, que no es f\u00e1cil, donde hemos tenido psic\u00f3logas que han renunciado por la gran cantidad de casos que nos aqueja al Distrito de Tornquist lamentablemente, por eso tenemos que tratar por todos los medios de apuntalar a los j\u00f3venes, esos j\u00f3venes que necesitan una ayuda social, una ayuda espiritual, una ayuda de sentirse \u00fatiles, una ayuda que puedan seguir estudiando. Por eso implementamos la gran cantidad de becas que ustedes escucharon reci\u00e9n. Queremos que los j\u00f3venes estudien, que se sientan ocupados, pero no es f\u00e1cil. Vuelvo a repetir, municipalizando al personal y pag\u00e1ndoles en tiempo y forma, los psic\u00f3logos se sienten como que el trabajo que est\u00e1n realizando a veces no da resultado, y terminan renunciando. Se intervinieron en 156 casos: 79 de Tornquist, 47 de Saldungaray, 25 de Sierra de la Ventana, 2 de Villa, 2 de Chasic\u00f3 y 1 en Tres Picos. Vamos a la\u00a0<u>Secretaria de Producci\u00f3n:<\/u><strong>\u00a0<\/strong>M\u00e1s de 600 hect\u00e1reas sembradas con un promedio de $1.500.000 en semillas e insumos entregados a diferentes productores del Distrito. M\u00e1s de 30.000 kg de miel exportados a trav\u00e9s de la Cooperativa Ap\u00edcola. M\u00e1s de 30 microcr\u00e9ditos\u00a0 que suman un importe de $ 320.000. Se recuperaron de lo antiguamente dado $ 3.500.000 y se realizaron diversos cursos de capacitaci\u00f3n.\u00a0Direcci\u00f3n de Medio Ambiente:\u00a016.000 kg de pl\u00e1stico reciclado, \u00a040.000 kg. de vidrio, 80.000 kg papel y cart\u00f3n, 400 participantes a cursos de capacitaci\u00f3n. Se gestion\u00f3 ante la UNS el estudio de agua dulce para el Club de Pesca de Tornquist y se termin\u00f3 con el estudio de relleno sanitario, algo importante para la erradicaci\u00f3n definitiva de los basureros a cielo abierto. En la\u00a0<u>Secretaria de Turismo:<\/u><strong>\u00a0<\/strong>Se reubic\u00f3 la oficina de Informes Tur\u00edsticos en Tornquist. Se firm\u00f3 el Convenio \u00a0con el OPDS para la administraci\u00f3n del Parque Provincial, donde despu\u00e9s de mucho tiempo volvimos a tener autonom\u00eda en el Parque Provincial donde podemos decidir qu\u00e9 hacer conjuntamente con la gente del OPDS pero todo lo recaudado va a una cuenta de fondos afectado al Municipio de Tornquist, no giramos un solo peso a la Provincia como pas\u00f3 anteriormente, con eso logramos dar cinco puestos de trabajo en blanco, dos que ya ven\u00edan trabajando que eran las chicas que hac\u00edan la limpieza de los sanitarios, las cuales lamentablemente le pagaban con horas extras a los esposos que trabajaban en el Parque, ten\u00edamos trabajo en negro. La verdad que escuchar a esta\u00a0 altura del partido decir que tenemos trabajo en negro en una repartici\u00f3n Municipal que depende del Estado da a veces verg\u00fcenza, porque es sobre todo gente que trabaja y que necesita tener una mutual. Lamentablemente esto se mejor\u00f3 y hoy podemos decir que el Parque\u00a0 Provincial es la carta de presentaci\u00f3n del Distrito de Tornquist. Se invirtieron $800.000 en reformas y mejoras dentro del Parque Provincial. El control de ingreso a las Ruinas del Ex Club Hotel. Se reactiv\u00f3 y se hizo la apertura del \u00a0Bar en la Sala de Interpretaciones de Salamone. M\u00e1s de 120.000 turistas que consultaron en las diferentes oficinas de informes. M\u00e1s del 70% de ocupaci\u00f3n de los diferentes alojamientos. Participaci\u00f3n en la FIT (Feria Internacional de Turismo) promoviendo y difundiendo la marca Ventania, cosa que este a\u00f1o ya vamos a\u00a0 estar participando en la FIT nuevamente pero con\u00a0 un stand donde la marca Ventania va a estar presente bajo el paragua de las cinco localidades. No queremos salir de la Provincia de Buenos Aires pero queremos tener la oportunidad como lo tienen las localidades de la costa que el a\u00f1o pasado pude ver, donde presentaban stand acordes a lo que quieren vender y nosotros tenemos que vender nuestra zona, nosotros tenemos que aprender a vender nuestra zona porque las riquezas naturales que tenemos son important\u00edsimas. No hay un municipio como el nuestro en cuanto a riquezas naturales, y sin\u00a0 embargo cr\u00edtica que hice tambi\u00e9n al Gobierno Provincial y a Nacho Crotto cuando uno entraba a la FIT era como entrar a una sucursal del Banco Provincia, unos stands muy mediocres donde no pod\u00edamos competir con otras provincias ni del litoral ni de C\u00f3rdoba, ni hablar con pa\u00edses internacionales. Por eso la necesidad de crear una marca y empezar a\u00a0 hacer las cosas en serio de turismo. Participamos tambi\u00e9n en La Noche de las Casas de las Provincias, el<br \/>\n\u00fanico municipio que particip\u00f3 en esa Fiesta de las Casas de las Provincias.\u00a0<u>Sub Secretaria de Servicios Urbanos:<\/u>\u00a0Se colocaron m\u00e1s de 80 cestos de basura, m\u00e1s de 80 plantas en la Plaza Ernesto Tornquist, reacondicionando y embelleciendo la Plaza Ernesto Tornquist. Que en pocos d\u00edas vamos a seguir con\u00a0 la extracci\u00f3n de \u00e1rboles para que todos est\u00e9n sabiendo que vamos a seguir sacando \u00e1rboles. Se adquirieron: 14 motog\u00fcada\u00f1as, 7 tractores desmalezadores, 2 tractores de 3 puntos, 1 tractor de 3 puntos, 6 motosierras, 3 desmalezadora de arrastre, 3 bombas para pozos de agua, 1 generador de electricidad de 7 kva. Est\u00e1bamos muy flojos de herramientas y necesit\u00e1bamos. No s\u00e9 si habr\u00e1n observado, yo he recorrido muchos lugares y desde Tornquist a Sierra de la Ventana como se encuentran nuestras banquinas, como se encuentran nuestros espacios verdes. No muchos distritos est\u00e1n como el nuestro se los puedo asegurar. He recorrido muchos distrito y la verdad que el trabajo que realiza nuestra gente con empleados municipales, no terciarizados, empleados municipales, ha dejado muy bien parada a la Municipalidad de Tornquist. <u>Salud:<\/u>\u00a0Un tema tan delicado, tan cuestionado muchas veces. Incorporamos 10 profesionales, servicio de fonoaudiolog\u00eda para el geri\u00e1trico y salas m\u00e9dicas, psiquiatra al Hospital Municipal, traumat\u00f3logo para Hospital\u00a0 Municipal y para la sala de Sierra de la Ventana, qui\u00e9n ayudo a que todos los traslados por urgencias mermaran much\u00edsimo ya que adem\u00e1s de hacer consultorio y guardias activas est\u00e1 a disposici\u00f3n casi la totalidad del a\u00f1o con una guardia pasiva, gastroenter\u00f3logo para la sala de Sierra de la Ventana, terapia ocupacional para geri\u00e1trico municipal y asistencia en internaci\u00f3n. Tres nuevos m\u00e9dicos al staff de la guardia activa del Hospital Municipal. Incorporaci\u00f3n de la profesional farmac\u00e9utica, incorporaci\u00f3n de guardia activa diurna en la Unidad Sanitaria Sierra de La Ventana durante la temporada tur\u00edstica y para s\u00e1bados, domingos y feriados durante todo el a\u00f1o. Se sum\u00f3 al departamento de estad\u00edsticas, el \u00e1rea de epidemiologia que hac\u00eda 7 a\u00f1os que no se recababan datos epidemiol\u00f3gicos, dif\u00edcil de decir. En cuanto a aparatolog\u00edas, tenemos la suerte de que nos dieran dos ambulancia, una para Tornquist y otra para Sierra de la Ventana. Digitalizaci\u00f3n del equipo de rayos y el mam\u00f3grafo, costo aproximado de $1.000.000. Adquisici\u00f3n de aparatolog\u00eda para cirug\u00eda laparosc\u00f3pica (fuente de luz, endoc\u00e1mara e insuflador, valor aproximado $200.000). Adquisici\u00f3n de instrumental quir\u00fargico para traumatolog\u00eda. Dos sillones para la aplicaci\u00f3n de la medicaci\u00f3n para pacientes oncol\u00f3gicos, pacientes oncol\u00f3gicos. Diez sillas de ruedas que fueron donadas por la fundaci\u00f3n FUNDASER. La compra de 1 sill\u00f3n odontol\u00f3gico para la sala de Tres Picos y Proyecto mejor presentado ante el Ministerio de Tecnolog\u00eda con el cual se obtuvieron $700.000 para la compra de insumos, computadoras e impresoras, y la realizaci\u00f3n de un software para gesti\u00f3n Hospitalaria para\u00a0 el distrito. Hoy tenemos todas las salas del Distrito de Tornquist, todas en red trabajando, sabiendo qu\u00e9 medicaci\u00f3n tiene cada Sala. Funciona tal cual funciona una farmacia, y si alguien ha ido a una farmacia cuando compran un medicamento se baja el stock para poder reponerlo, y hoy tenemos en todas las farmacias de las salas ese sistema, trabajo en red para que no falte medicaci\u00f3n y no deber\u00eda faltar si se hacen las cosas bien. En cuanto a la Infraestructura, ah\u00ed pensamos much\u00edsimo en lo que ten\u00edamos que hacer, y lo que primero pensamos fue en la gente laburante. La verdad que en las condiciones que trabajaba la gente de la lavander\u00eda del Hospital Municipal, donde lo vi con mis propios ojos cuando me hice cargo de la gesti\u00f3n, apoyados en bancales de madera, esa madera, esos bancales que muchas veces en Interpack le donan a Acci\u00f3n Social para hacer fuego, as\u00ed estaban apoyados en bancales para lavar la ropa en unos lavarropas de mucha antig\u00fcedad, de acero inoxidable que gracias Dios funcionaban y con mucho esfuerzo sacar la ropa y tener que retorcer como hac\u00edan antes las personas que no ten\u00edan lavarropas autom\u00e1ticos. Se construy\u00f3 una<strong>\u00a0<\/strong>lavander\u00eda con dos nuevas lavadoras autom\u00e1ticas industriales de 27 kg de capacidad y una secadora industrial. La verdad que el otro d\u00eda cuando fui una de las empleadas me agradeci\u00f3 algo tan simple, como darle mejor prestaci\u00f3n laboral, sacar la ropa seca para poner en una cama en \u00e9pocas donde por ah\u00ed tenemos semanas que llueve toda la semana. Es impagable para la gente que tiene que trabajar. Es impagable para no tener que estar pensando si una persona ensuci\u00f3 una s\u00e1bana, si hacemos para cambiarla porque por ah\u00ed se nos dificultaba ante los grandes temporales de agua, todo lo que era s\u00e1banas, toallas, hoy no hay ning\u00fan problema. Hoy se lava y se seca en el acto.\u00a0Tres\u00a0ba\u00f1os nuevos para el personal, el personal municipal en el Hospital no ten\u00eda ba\u00f1os, la verdad hoy tienen ba\u00f1os donde ducharse y donde tienen para dejar su ropa y cambiarse que no lo ten\u00edan. Terminamos la sala de primeros auxilios de La Gruta. Lo de La Gruta es algo que la gente de La Gruta por ah\u00ed no lo puede entender, pero eso lo voy a explicar despu\u00e9s. Tenemos la Sala para inaugurar y tenemos una ambulancia para llevar a\u00a0 La Gruta tambi\u00e9n. Ampliamos el dep\u00f3sito de la cocina para la recepci\u00f3n y el control de la mercader\u00eda. Seguimos mejorando las condiciones de trabajo y por eso colocamos\u00a0 equipos de aire acondicionado frio\/calor en enfermer\u00eda, maternidad, sala de reuniones, Sala m\u00e9dica Chasic\u00f3, Sala m\u00e9dica Saldungaray y habitaciones de m\u00e9dicos de guardias del Hospital Municipal. Se incorpor\u00f3 un nuevo equipo de aire acondicionado para el Geri\u00e1trico Municipal, o sea que el que estaba era insuficiente. Se cambi\u00f3 el mobiliario de la sala de reuniones de profesionales m\u00e9dicos y la construcci\u00f3n de un fichero para las historias cl\u00ednicas de internaci\u00f3n. Reparaci\u00f3n de techo con sus respectivas cargas en la sala del Barrio Norte.\u00a0Proyecci\u00f3n para el 2017 en lo que es Salud:\u00a0Ampliaci\u00f3n de la Sala de Primeros Auxilios de\u00a0 Ventana, donde realmente ni bien asum\u00ed el 1\u00ba de a\u00f1o del a\u00f1o 2016 tuve la mala suerte de que un joven de Bah\u00eda Blanca se ahogara en un arroyo que no era un balneario habilitado y lamentablemente ni siquiera ten\u00edamos un lugar donde poner el cad\u00e1ver del chico, lo ten\u00edamos en un pasillo, no hab\u00eda una morgue, no hab\u00eda un lugar cerrado en una camilla bajo la bolsa mortuoria. Dos camas en la localidad de Sierra de la Ventana, donde en una Fiesta de Reyes por ejemplo, tenemos 15.000 personas en un predio, y solamente dos camas para internaci\u00f3n, un poco loco me parece, as\u00ed que como proyecci\u00f3n para el 2017, y dentro del fondo de infraestructura se van a invertir $ 11.000.000 en la Sala de Primeros Auxilios de la localidad de Sierra de la Ventana. Oxigeno Central, un tema costos\u00edsimo para el Hospital Municipal de Tornquist, se gasta mucha plata en ox\u00edgeno y se prev\u00e9 hacer el ox\u00edgeno central, cosa que\u00a0 nos va a llevar romper muchas habitaciones, pero bueno, entre costo y beneficio me parece que el beneficio va a ser a la larga mucho mejor. Algo importante que muchas veces he hablado, Sala de Cuidados Intermedios en el Hospital Municipal con la finalidad de sostener un paciente de mediana complejidad, ya que en 60 d\u00edas, m\u00e1s o menos, aproximado viene a erradicarse un m\u00e9dico terapista que es docente en la Universidad de Buenos Aires, otro logro m\u00e1s de Salud, cuando era tan dif\u00edcil que los profesionales vinieran a Tornquist. Hoy estamos con cuatro m\u00e9dicos m\u00e1s que cuando empezamos la gesti\u00f3n. Y se va a hacer una ampliaci\u00f3n del Geri\u00e1trico Municipal de habitaciones, porque la verdad que la demanda que tenemos de la gente de la tercera edad es importante.\u00a0<u>Secretar\u00eda de Obras P\u00fablicas<\/u>: compleja Secretar\u00eda.\u00a03.000 metros de cord\u00f3n cuneta, reconstrucci\u00f3n de 9 badenes en Tornquist, 7 badenes nuevos en Chasic\u00f3, instalaci\u00f3n de un Tanque de GLP para m\u00e1s de 75 usuarios en Villa Ventana, capacidad que ya est\u00e1 agotada y tenemos que p<br \/>\nensar, el otro d\u00eda estuve con la gente de BAGSA en hacer otra obra m\u00e1s en Villa Ventana. Yo me acuerdo cuando se cuestionaba, que ven\u00edan al Concejo que no quer\u00edan el GLP y hoy ya desborda con la cantidad de gente que quiere ampliaci\u00f3n de red, por eso a veces la gente, cuando uno realiza\u00a0 un cambio no entiende bien lo que quiere hacer uno. \u00bfSe acuerdan Concejales cuando ven\u00edan ac\u00e1 al Concejo y cuestionaba la gente de Villa Ventana que no estaba de acuerdo con el GLP? Bueno, ahora mucha de esa gente es la que nos est\u00e1 pidiendo el gas, y con raz\u00f3n, pero a veces los cambios son necesarios y a veces son cambios que hay que realizar para que la gente se d\u00e9 cuenta que va a ser un beneficio a futuro. Bueno como dije hoy, la Sala de La Gruta y la perforaci\u00f3n para abastecimiento de agua, ampliaci\u00f3n y refacci\u00f3n Hospital Municipal de Tornquist, ya lo dije, 1800 metros de senda peatonal en Villa Ventana,\u00a0\u00a0estacionamientos en Sierra de la Ventana, 3 nuevas cuadras de asfalto en Avenida Fort\u00edn Pav\u00f3n de Saldungaray, culminaci\u00f3n de la Avenida Corrales, repavimentaci\u00f3n del paso a nivel de Tornquist, con recursos propios hicimos\u00a024 nichos en el cementerio local, 2 playones deportivos uno en Saldungaray y otro Tornquist, que fueron gestionados por la gesti\u00f3n anterior y quedan dos todav\u00eda para realizar, donde estamos tratando de buscar tierras municipales para poder realizarlo, uno va a ser en Ventana y probablemente otro en Villa, drenaje en el Balneario de Saldungaray, totalmente nuevo hubo que hacerlo no este a\u00f1o, sino el a\u00f1o pasado, cloacas en el Balneario de Tornquist tambi\u00e9n ni bien asumimos nos toc\u00f3 hacer todo el sistema de cloacas que funciona a la perfecci\u00f3n, obras para tratamiento de afluentes en el Matadero y como \u00faltima adquisici\u00f3n en el d\u00eda de ayer, no perd\u00f3n el d\u00eda viernes se firm\u00f3 la compra\u00a0 de 11 hect\u00e1reas de tierras para la construcci\u00f3n de viviendas sociales, algo tan importante, algo tan necesario para toda la gente de Tornquist, la verdad que es un logro de todos, no solamente de este Ejecutivo, hay mucha gente que padece el tema de la vivienda, que yo siempre dije, la gente en Tornquist no viv\u00eda como quiere, viv\u00eda como\u00a0 puede, porque no pod\u00eda vivir de otra manera, y cuando se me critic\u00f3 por el tema del aumento de los terrenos bald\u00edos, apuntaba a la clase trabajadora, a la clase que no puede llegar a comprar un terreno porque los precios de los terrenos de Tornquist eran desorbitantes, donde se daban el lujo de pedir por una manzana cuatro millones de pesos, y despu\u00e9s se cuestionaba que 350.000 d\u00f3lares, que \u00a0es lo que se est\u00e1 pagando\u00a0 la compra de estas casi doce hect\u00e1reas donde vamos a formar 9 manzanas, eran caras. Yo siempre dije, si alguien tiene tierras m\u00e1s baratas que las acerque al Municipio que el Municipio las va a comprar, obviamente, quien no va a querer comprar tierras m\u00e1s baratas, pero tambi\u00e9n es cierto que en el C\u00f3digo de Planeamiento Urbano del 2002 la parte de tierras\u00a0 \u00a0que nosotros pudimos comprar era la zona complementaria del C\u00f3digo de Planeamiento Urbano 2002, y no fue solo esta gesti\u00f3n la que quiso comprar esas tierras, fue gesti\u00f3n anterior, gesti\u00f3n anterior que le sigui\u00f3 a la anterior, y as\u00ed sucesivamente, y ninguno la pudo comprar. Tuvimos la suerte que conseguimos el dinero, y la compramos,\u00a0 pero no es cara, y les voy a decir por qu\u00e9 no es cara, en el 2015, yo era Presidente del Concejo Deliberante y por unanimidad, porque nunca nos \u00edbamos a negar al crecimiento de viviendas en la localidad de Tornquist, se aprob\u00f3 la compra de una manzana para las viviendas del Pro.Cre.Ar por la suma de 126.560 d\u00f3lares, una sola manzana 126.560 d\u00f3lares, y me pueden decir \u201cs\u00ed, es una manzana que estaba en el radio urbano\u201d, s\u00ed, pero hubo que llevarle agua, electricidad, cord\u00f3n cuneta, cloaca, y ahora lo \u00faltimo que tenemos que llevarle es el gas. Era una\u00a0 manzana sin ning\u00fan tipo de servicios, y nosotros no dijimos que era cara, nosotros aprobamos porque creemos\u00a0 que la gente tiene la posibilidad de llegar al cr\u00e9dito Pro.Cre.Ar, tiene que tener la posibilidad de tener terrenos para hacer su vivienda, eso fue aprobado en el Concejo Deliberante. Por eso les digo que cuando se habla de montos, est\u00e1 para el que lo quiera ver, esto es la compra y el boleto de compra-venta que se hizo. Me parece que cuando se habla con liviandad de que es caro, que es barato, hay que pensar que nosotros lo que estamos buscando es el crecimiento de todo el Distrito, as\u00ed vamos a pensar para Ventana, para Saldungaray, para todo el Distrito, y obviamente que aquella gente, hoy escuchaba algunos adivinos y algunos expertos decir \u201cpor qu\u00e9 no expropiamos\u201d, s\u00ed, podemos expropiar, \u00bfsaben cu\u00e1nto es el juicio de una expropiaci\u00f3n?, puede llevar a\u00f1os, la gente necesita las viviendas para ayer, no para ma\u00f1ana, yo lo que necesito es darle respuestas a la gente, la gente necesita viviendas, si yo no ten\u00eda tierras, si yo no ten\u00eda tierras en Tornquist, no pod\u00eda dar soluciones de vivienda a nadie, y a m\u00ed me preocupa la gente se\u00f1ores, a m\u00ed me preocupa que la gente tenga viviendas. Si alguien ha ido a la localidad de Tres Picos, habr\u00e1 podido apreciar c\u00f3mo se est\u00e1 remodelando el Club Sportman de Tres Picos, el \u00fanico club que tienen y que est\u00e1 quedando en excelente condiciones. Hay una comisi\u00f3n muy trabajadora, una comisi\u00f3n que se merece ser apoyada, y el domingo cuando lamentablemente ven\u00eda de \u00a0Berraondo dimos la vuelta por Tres Picos, y el Presidente hab\u00eda tenido una desgracia trabajando para el club, se hab\u00eda cortado con una moladora. Y la verdad que pobre la persona, por suerte est\u00e1 recuper\u00e1ndose pero sigue trabajando en el Club, a\u00fan con el dedo lastimado. Eso es important\u00edsimo, importante tener instituciones que trabajen codo a codo con el Municipio. Nosotros no podemos hacer nada, absolutamente nada, por m\u00e1s que uno ponga el dinero, si no tenemos gente que lleve a cabo todo el dinero que uno le da. Podemos ser los m\u00e1s bondadosos dando el dinero, pero tenemos que ver d\u00f3nde lo damos. Indudablemente en Tres Picos, que sabemos que est\u00e1n trabajando muy, pero muy bien, se est\u00e1 remodelando todo el Club de Tres Picos. En luminarias, despu\u00e9s de una reuni\u00f3n que hemos tenido en Villa Ventana por el tema de robos, mucha de la gente de Villa necesitaba luminarias. De inmediato se colocaron 200 luminarias en Villa Ventana, 70 luminarias en Sierra de la Ventana, y lo que dec\u00eda de La Gruta, \u00bfno?, que cosa loca, que en poco tiempo van a tener la Sala de Primeros Auxilios, de entrada se le puso la estaci\u00f3n comunal con un m\u00f3vil, y ahora van a tener \u00a0fibra \u00f3ptica, \u00a0comunicaci\u00f3n, y tel\u00e9fono, y televisi\u00f3n, todo eso se hizo en un a\u00f1o de gesti\u00f3n. En la plaza Ernesto Tornquist, como habr\u00e1n podido ver, sobre Avenida Ernesto Tornquist tambi\u00e9n se hizo el recambio luminarias, y se est\u00e1 siguiendo con la remodelaci\u00f3n de la Plaza. En el Palacio Municipal, se hicieron nuevas oficinas para Jubilaci\u00f3n y Pensiones, donde va a estar frente al Cuartel de Bomberos, donde tenemos la Habilitaci\u00f3n y Licencias de conducir, y Discapacidad y Jubilaciones y Pensiones. El 70% de la obra, el 70% dir\u00eda, fue hecha con personal municipal. La verdad, un excelente personal municipal, donde pueden apreciar de qu\u00e9 forma han trabajado en las oficinas. En campa\u00f1a dije que una de las cosas que para m\u00ed era necesaria para el bienestar de todas las escuelas que hac\u00edan los actos escolares en el Teatro Municipal era la colocaci\u00f3n de aire acondicionado. Muchos abanderados, m\u00e1s que un premio era un castigo cada vez que ten\u00edan que ir a un acto escolar, donde se desmallaban m\u00e1s de uno por la gran temperatura que hab\u00eda en el Teatro. Se colocaron los aires acondicionados en el Teatro. Y por lo que veo han venido espect\u00e1culos y no veo que afecte al sonido, no soy un experto en sonido, han venido espect\u00e1culos y se ha podido apreciar de qu\u00e9 forma se escucha. Tambi\u00e9n hemos aumentado la capacidad energ\u00e9tica del Municipio de Tornquist, por la gran cantidad de aires acondicionados colocados cada vez que prend\u00edamos aires se cortaba la luz, se coloc\u00f3 un nuevo transformador para el Palacio Municipa<br \/>\nl, se finalizaci\u00f3n con el \u00a0predio de Verificaci\u00f3n Vehicular empezado por la gesti\u00f3n anterior, donde se lo cerc\u00f3, se le pusieron c\u00e1maras de seguridad, iluminaria, para tratar de llevar veh\u00edculos que estaban en la v\u00eda p\u00fablica, donde estaban en cuatro tacos, levantarlos, y llevarlos al dep\u00f3sito, y tratar de llevar ante una desgracia de alg\u00fan accidente veh\u00edculos que estaban por meses frente al Municipio o a la Comisar\u00eda. Yo s\u00e9 que a veces por cuestiones penales tienen que estar, pero tratamos que est\u00e9n lo menos posible porque si un familiar tiene la desgracia de perder un ser querido y encima pasar a cada rato por la Comisar\u00eda o la Municipalidad y ver el veh\u00edculo me parece que no es nada agradable. Refacci\u00f3n y reacondicionamiento de varias oficinas p\u00fablicas en Delegaciones Municipales, se reacondicion\u00f3 tambi\u00e9n la Oficina Turismo en Sierra de la Ventana y Villa Ventana. Resalto lo de Villa Ventana porque ah\u00ed tuvimos el aporte de la C\u00e1mara de Comercio de Villa Ventana, donde tambi\u00e9n aport\u00f3 dinero y trabajo. Nueva garita para parada \u00f3mnibus en Villa Ventana, \u00bfy a qu\u00e9 se debe que tengamos una garita nueva en Villa Ventana? Despu\u00e9s de mucho tiempo, mucho tiempo, yo escuchaba a los vecinos de Villa Ventana pedir la entrada del micro, que los dejaba en la ruta, despu\u00e9s de varias gestiones y conversaciones con la Empresa Estrella-C\u00f3ndor, se pudo lograr gracias a tambi\u00e9n a los prestadores tur\u00edsticos, que tambi\u00e9n hicieron fuerza para que eso fuera posible. Se reacondicionaron los Ranchos del Fort\u00edn, y se le pusieron c\u00e1maras porque era imposible seguir reacondicion\u00e1ndolos, cuando se nos\u00a0 cuestionaba que todav\u00eda\u00a0 no le hab\u00edamos dado intervenci\u00f3n era, lo que quer\u00edamos era tener c\u00e1maras porque era imposible de arreglarlo para que al rato estuvieran destruidos. Como dije hoy, ampliaci\u00f3n y remodelaci\u00f3n de todos los destacamentos policiales. En mantenimiento se ha hecho limpieza y nivelaci\u00f3n del canal de guarda m\u00e1s nuevas alcantarillas en Tornquist. Cuando digo limpieza y nivelaci\u00f3n del canal de guarda me refiero al que est\u00e1 frente a la cancha de Automoto, frente al Instituto Saavedra Lamas, y el que sigue a Funke. Obviamente, si uno lo hac\u00eda con retro era muy dif\u00edcil hacer los niveles, y nos encontramos con la problem\u00e1tica que, claro, cuando hab\u00eda desniveles ten\u00edamos ca\u00f1os de cloaca que hab\u00eda que cambiar, ten\u00edamos ca\u00f1os de gas que hab\u00eda que cambiar, son obras que no se ven evidentemente, salen plata y no se ven, obras que nosotros estamos haciendo, donde tuvimos que hacer casi 70 metros de cloacas para que nos d\u00e9 el nivel, para nivelar el canal, y hoy como podr\u00e1n observar ya donde quedaba agua antes no queda. Nos falta terminar, ya les digo una parte de ca\u00f1os de gas que hay que terminar, y otra parte de las cloacas, pero lo hicieron a pala, gente de Tornquist, otra de las cosas importantes, que toda la mano de obra, toda la mano de obra de lo que se est\u00e1 haciendo hoy es con empleados y empresas de Tornquist, la mayor\u00eda, salvo los camiones que vienen con el cemento. Por eso es importante destacar que hay buenos laburantes en Tornquist, lo que pasa que nunca se les dio la posibilidad. Nuevas alcantarillas en caminos rurales. Restauramos y pusimos todas las garitas de la Ruta N\u00ba76. Hicimos ampliaci\u00f3n y reparaci\u00f3n\u00a0 de agua potable en Tornquist, reparamos veredas. Guardaganado en la base del Cerro Ventana. S\u00ed, tambi\u00e9n por eso nos criticaron, no llegamos en tiempo y forma pero el guardaganado est\u00e1 hoy, por eso tambi\u00e9n recibimos cr\u00edticas, pero el tema del agua nos impidi\u00f3 terminarlo, pero bueno, se termin\u00f3, hoy est\u00e1, los caballos pueden pasar, y los portones est\u00e1n siempre abiertos para recibir al turismo. Reacondicionamos el camino al Cerro Ventana que hac\u00eda m\u00e1s de diez a\u00f1os que no se arreglaba. Si alguien fue a subir el Cerro de la Ventana puede llegar con auto, antes llegaba con camioneta y a gata. Se est\u00e1n reacondicionando calles de Villa Ventana, de Sierra de la Ventana y de la Gruta. Es cierto que nos falta, much\u00edsimo falta, pero estamos trabajando y mucho. En escuelas, ni bien asumimos nos encontramos con la problem\u00e1tica que en Villa Ventana la Escuela N\u00ba 21 y la Escuela N\u00ba 5 no iban a poder empezar el ciclo lectivo. Nos quedaba solo un mes para tomar la decisi\u00f3n de qu\u00e9 hac\u00edamos, no ten\u00edamos otro lugar en Villa Ventana. Solamente ten\u00edamos la casa que hab\u00eda comprado la gesti\u00f3n anterior, y se la hab\u00edan cedido al C.E.F. que hab\u00eda que remodelarla, y ten\u00edamos un mes. En un mes se puso en valor, y se refaccion\u00f3 totalmente la escuela y que si hoy le preguntan a los maestros donde quieren quedarse, quieren quedarse ah\u00ed. Tienen aire acondicionado fr\u00edo-calor, porque no ten\u00edamos gas, se hicieron seis aulas, se agrand\u00f3 una habitaci\u00f3n, se reacondicionaron los ba\u00f1os, se hizo todo el drenaje nuevo, y solamente en un mes, porque cuando llegamos ten\u00edamos que hacerlo, no nos quedaba otra, era eso o no empezar las clases a Villa Ventana. Hoy todav\u00eda la obra de la Escuela 21 y 5, por eso que la Provincia est\u00e1 trabajando y tratando de llegar a un acuerdo con la empresa asignada, que a mi entender ya le tendr\u00edan que haber rescindido el contrato, como hicimos nosotros con la firma de Urbanismo y Construcciones ac\u00e1 en Tornquist, porque m\u00e1s de un a\u00f1o no\u00a0 se puede renegar, m\u00e1s de un a\u00f1o no se le puede dar oportunidades a la gente que quieran seguir con la obra, la verdad que es una p\u00e9rdida de tiempo y cada vez se va deteriorando m\u00e1s una obra empezada. Se est\u00e1 refaccionando la casa para la futura Guarder\u00eda Municipal, refacci\u00f3n y mantenimiento de sanitarios en la Escuela T\u00e9cnica N\u00ba1 de Tornquist, ampliaci\u00f3n de aulas en el tercer piso de la Escuela T\u00e9cnica N\u00ba1, refacci\u00f3n de sanitarios en el jard\u00edn N\u00ba 902 de Saldungaray, recambio de \u00a0techo del gimnasio del Fort\u00edn Pav\u00f3n en forma total, refacci\u00f3n y ampliaci\u00f3n en Jard\u00edn N\u00ba 909 y la Escuela Primaria de Tres Picos, obra de gas para la Inauguraci\u00f3n de Jard\u00edn N\u00ba 907. El Jard\u00edn N\u00ba 907 era una obra empezada, que no solamente le faltaba el gas, cuando nosotros la agarramos le faltaba desde las paredes que estaban y el techo, le faltaba todo lo dem\u00e1s, ventanas, puertas, sanitarios, instalaci\u00f3n el\u00e9ctrica, cielo rasos, y el gas. Algo que cuestionaron, que se tendr\u00eda que haber hecho por otro lugar, o por otro lado, pero bueno, no viene al caso, era una obra que necesit\u00e1bamos terminar, hac\u00eda no menos de siete a\u00f1os que estaba creo empezada, siempre se inauguraba, nosotros la pudimos inaugurar, con falencias, tiene falencias todav\u00eda, no est\u00e1 terminada al 100%, es cierto, tenemos cosas para seguir haciendo, pero de donde estaban los chicos, \u00a0que era un peligro total seguir dando clases en una casa que se le ca\u00eda el techo,\u00a0 de hecho en estas vacaciones de verano se le cay\u00f3 el techo, a donde est\u00e1n es como tocar el cielo con las manos. En proyecci\u00f3n para el 2017, en obras que todav\u00eda no hemos podido terminar, est\u00e1n los desag\u00fces pluviales de Sierra de la Ventana, sobre la Avenida Ernesto Tornquist donde arrancan la semana que viene, donde la Empresa Coince, que es una empresa de afuera que licit\u00f3 por el monto va a tomar empleados de Tornquist esa era la condici\u00f3n, y va ser una obra important\u00edsima porque va con cordones cuneta, con sumideros, y va a quedar una calle ancha, porque lo que hoy es el canal de guarda del costado eso va a ir tapado, y se va a ensanchar la calle. Y m\u00e1s adelante, en poco tiempo m\u00e1s se va a asfaltar. Puesta en funcionamiento del acueducto para abastecer\u00a0 Villa Ventana, ah\u00ed quiero hacer un par\u00e9ntesis. El acueducto de Villa Ventana donde hoy nos sigue costando plata, mucha plata al Municipio de Tornquist, llevarle camiones de agua para que la gente de Villa Ventana pueda tener suministro de agua potable, donde se hizo una obra de El Pinar, que nunca funcion\u00f3, que tuvimos la suerte en el 2016 que llovi\u00f3, y por eso ten\u00edamos agua en Villa Ventana, y donde los permisos que se ten\u00edan que pedir a Vialidad, no se hab\u00edan pedido, donde no se hab\u00eda podido llegar a un acuerdo con la firma ARECO, porque quer\u00eda que el cableado fuera subterr\u00e1neo, hasta que accedi\u00f3, y por eso se d<br \/>\nemor\u00f3. Ahora vuelve a estar parada la obra, y yo no trato de tapar el sol con\u00a0 las manos, est\u00e1 parada porque no le pagan a la Cooperativa El\u00e9ctrica, y lo digo porque es verdad, no le est\u00e1n pagando a la Cooperativa El\u00e9ctrica la empresa que el SPAR le terceriz\u00f3 el servicio. Faltan solamente 500 metros de cable, para que est\u00e9 funcionando, espero que a la brevedad se regularice, porque la gente que trabaja, como siempre digo, tiene que cobrar, ninguno va a trabajar ad honorem. Trabajar no es lindo, a qui\u00e9n le gusta trabajar, a todos nos pagan por trabajar, \u00bfo alguno trabaja gratis?, gratis se trabaja en las instituciones, pero alguien tiene que llevar el pan a la casa, y es necesario que cuando uno hace una empresa quiera cobrar, y eso es lo que est\u00e1 pasando hoy, por eso est\u00e1 parada, por eso estoy haciendo las gestiones necesarias en el SPAR para que le abonen a la Cooperativa El\u00e9ctrica de Sierra de la Ventana para que terminen la obra. Cloacas en la manzana 106, manzana 106 que tuvimos que hacer todo el Expediente nuevo, de usucapi\u00f3n administrativa, donde el d\u00eda de la semana pasada firm\u00e9 la escritura nuevamente, sali\u00f3 el Expediente por arte de magia. La manzana 106 donde tenemos 20 viviendas emplazadas, que tenemos que empezar a trabajar ahora, est\u00e1bamos en tierras que no eran nuestras, tuvimos que hacer la usucapi\u00f3n administrativa, se tuvo que hacer todo de nuevo, hoy tenemos las escrituras firmadas ya a favor del Municipio, y tambi\u00e9n para Graciela Bag\u00fa, que cuando, me acuerdo cuando nos iniciamos, yo me inici\u00e9 como Concejal, ella ya ven\u00eda, y siempre habl\u00e1bamos de la manzana 67, Graciela, del a\u00f1o 70 esa vivienda de gente que ya falleci\u00f3, en Saldungaray, no pod\u00edan escriturar, hoy est\u00e1 todo encaminado para que esas personas escrituren en breve tiempo. Ya est\u00e1n los planos, que no ten\u00edan ni siquiera planos, algo tan importante para la gente, porque vos me dec\u00eds \u201cla casa no se la van a sacar nunca\u201d, pero los papeles, los papeles son necesarios para sentir que pagaste una vivienda, y sos propietario. Que el sacrificio que hiciste durante a\u00f1os para juntar pesito tras pesito para pagar la vivienda en alg\u00fan momento tiene que ser tuya, y eso es lo importante, preocuparnos porque la gente tenga su escritura. En cuanto a las viviendas, las 20 viviendas estas que estamos para terminar, tuvimos un a\u00f1o tratando de encarrilar a la firma de Urbanismo y Construcciones, no hubo caso, aun adelant\u00e1ndole los certificados no nos sobraba la plata como ustedes saben, la plata no sobraba ni nos sobr\u00f3, ni nos sobra hoy, pero hac\u00edamos un esfuerzo porque quer\u00edamos que la terminaran. Evidentemente la empresa no estaba en condiciones \u00f3ptimas como para terminarla, le tuvimos que rescindir el contrato. Para la rescisi\u00f3n de contrato nos tard\u00f3 un mes demostrar el abandono de la empresa, \u00bfqu\u00e9 tuvimos que hacer?, buscar un Escribano, labrar un Acta, sacar fotos, al mes dejar crecer los yuyos, sacar otras fotos, y labrar otro acta donde en un mes no hab\u00edan hecho absolutamente nada, y entonces s\u00ed, pod\u00edamos proceder a la rescisi\u00f3n del contrato. Cualquiera que est\u00e9 en esta Banca sentado, eso funciona de esa manera, y\u00a0 no era que nos est\u00e1bamos olvidando de las 20 viviendas que no van a ser viviendas sociales, si eso lo aclar\u00e9 desde la Banca desde el primer momento que firm\u00e9 el Convenio, que aprob\u00e9 el Convenio para la adquisici\u00f3n de esas viviendas. Esas mismas viviendas con una reforma en el frente, que nosotros se la vamos a aplicar tambi\u00e9n ahora, son las viviendas que van a ir 17 a Chasic\u00f3 y 24 a Saldungaray. Ya las de Chasic\u00f3 est\u00e1 toda la documentaci\u00f3n terminada, vino la tasadora de Buenos Aires, la llev\u00e9 el otro d\u00eda a Chasic\u00f3,\u00a0 se tas\u00f3 el terreno y se llev\u00f3 todo al Instituto de la Vivienda, son 17 viviendas que se van a hacer en la localidad de Chasic\u00f3 de 60 metros cuadrados. Lo mismo que 24 en Saldungaray, Saldungaray lo tenemos un poquito m\u00e1s atrasado. Saldungaray est\u00e1 un poquito m\u00e1s atrasado, no hizo tiempo la tasadora ese d\u00eda de hacer la recorrida por Saldungaray, tenemos que hacer la tasaci\u00f3n y elevar todo al Instituto de la Vivienda. En la Manzana 45 del Pro.Cre.Ar ahora se va a hacer el gas y con eso ya van a empezar aquellos que sean adjudicatarios del Pro.Cre.Ar, ya van a poder empezar a edificar en la manzana del Pro.Cre.Ar. Cord\u00f3n cuneta en las localidades de Sierra de la Ventana, Saldungaray y Tornquist se hicieron. Ahora se prev\u00e9 en\u00a0 esta etapa tambi\u00e9n hacer los mismos cordones cuneta, alrededor de $ 9.000.000 y se va a comprar con el Fondo de Infraestructura tambi\u00e9n una motoniveladora. Vamos a trasladar el corral\u00f3n municipal de Sierra de la Ventana para hacer la futura ampliaci\u00f3n de la Sala de Primero Auxilios, primero porque es una necesidad imperiosa lo que yo\u00a0 dije anteriormente en cuanto a salud de la Sala de Primeros Auxilios, y segundo porque para la gente de\u00a0 Sierra de la Ventana tener en un predio que gracias a Dios se vendi\u00f3 ahora, no era municipal que es al lado de la comisar\u00eda, se vendi\u00f3 y van a construir un complejo de caba\u00f1as, tener toda la maquinaria y camiones ah\u00ed tirados, la verdad que daba un aspecto muy, no\u00a0 tur\u00edstico, para lo que es Sierra de la Ventana. As\u00ed que ya estamos licitando el galp\u00f3n que se va a comprar para trasladar el corral\u00f3n municipal de Sierra de la Ventana. Vamos a ampliar como dije hoy el Geri\u00e1trico Municipal y se est\u00e1 reparando la Sala de Primeros Auxilios de Saldungaray, donde si no tom\u00e1bamos intervenci\u00f3n los\u00a0 cimientos estaban cediendo porque hay un pozo ciego que est\u00e1 cediendo y tenemos que tomar intervenci\u00f3n r\u00e1pida para que no se nos venga abajo la Sala. En\u00a0Planificaci\u00f3n para el 2017 \u2013 El plan estrat\u00e9gico 2020: Seguimos con las mejoras en las instalaciones del Hospital Municipal, donde vamos a ampliar la sala de laboratorios, hemoterapia y oncolog\u00eda. Vamos a seguir incorporando nuevos profesionales. <u>Desarrollo Urbano:<\/u> Reformar el C\u00f3digo de Ordenamiento Territorial donde el otro d\u00eda ya llevamos unas reformas para ver si estaban bien, ya nos dieron el okey, as\u00ed que en breve las van a tener en el Concejo Deliberante. Est\u00edmulo al alojamiento tur\u00edstico en Tornquist y en Saldungaray. Urbanizaci\u00f3n del nuevo predio de 12 hect\u00e1reas en Tornquist. Esto quiero decir tambi\u00e9n que el dinero que viene para la compra es un dinero no reintegrable, no hay de\u00a0 devolverlo y lo mismo que para la urbanizaci\u00f3n de ese predio, estamos gestionando y espero que se lleve a cabo todo lo que es la parte de urbanizaci\u00f3n: cordones, agua, cloacas, energ\u00eda, apertura de calles, todo eso va a salir de un Convenio que se va a firmar con H\u00e1bitat de la Provincia de Buenos Aires. Ampliaci\u00f3n de las obras el\u00e9ctricas, algo que realmente necesitamos y sobre todo en la localidad de Sierra de la Ventana. Construcci\u00f3n del predio para tratamiento de residuos s\u00f3lidos. Continuidad de obras en proceso. Obras en Parque Industrial. El otro d\u00eda estuve reunido con autoridades de BAGSA. BAGSA va a hacer una ampliaci\u00f3n en la\u00a0 Planta de BAGSA ac\u00e1 en Tornquist, ha comprado 8 camiones, antes ten\u00eda camiones alquilados, pero\u00a0 me llamaron m\u00e1s que nada por dos razones, la primera el tema de la habilitaci\u00f3n, \u201cno podemos habilitar Presidente, el Parque Industrial no est\u00e1 habilitado, lo que le puedo dar una habilitaci\u00f3n provisoria\u201d. Y la segunda es que me piden que obviamente le mejoremos la entrada al Parque Industrial, obviamente que las dos cosas vamos a tratar de solucionarlas, pero pregunto \u00bfc\u00f3mo pudieron instalar una empresa sin\u00a0 previa autorizaci\u00f3n de un\u00a0 Parque Industrial? Porque nuestro Parque no est\u00e1 habilitado por la Provincia de Buenos Aires, y para poder habilitarlo por la Provincia de Buenos Aires tenemos que hacer el corrimiento de una l\u00ednea de TRASBA de alta tensi\u00f3n o el levantamiento y el soterramiento de una l\u00ednea de media que est\u00e1 en la mitad del Parque Industrial. No es poca cosa, no es poca cosa, pero obviamente que\u00a0 uno prioriza y ante la falta de trabajo que hay, porque realmente hay falta de trabajo,\u00a0 nadie puede decir lo contrario, ni yo como Intendente decir que est\u00e1 todo solucionado. Nos falta laburo a la<br \/>\ngente en todos lados, no solamente ac\u00e1 en Tornquist, pero ac\u00e1 en Tornquist yo\u00a0 me avoco por lo que tenemos ac\u00e1 en Tornquist, falta laburo y no me puedo dar el lujo de que BAGSA se vaya, y no me puedo dar el lujo de decirle no les voy a arreglar la calle. Pero lo m\u00e1s preocupante es que justamente antes de ir a la reuni\u00f3n con BAGSA que me hab\u00edan llamado, me cae gente de Villa Ventana, empleados de Aguas Corrientes solicitando que por el trabajo que ten\u00edan, ellos hacen guardias los fines de semana, necesitaban un reconocimiento econ\u00f3mico, porque hac\u00edan trabajo de BAGSA y la verdad que me pareci\u00f3 que no correspond\u00eda, porque BAGSA si bien es cierto que la planta es nuestra no hay nada firmado que me diga que yo puedo tener empleados municipales trabajando para BAGSA. Entonces le pregunte a los chicos si realmente ellos hab\u00edan firmado algo o hab\u00eda alg\u00fan Convenio, me dijeron que no, que era todo de palabra pero puede ser que ellos piensen que es de palabra y autom\u00e1ticamente llam\u00e9 por tel\u00e9fono y lo que me contestaron en BAGSA, para eso lo estamos llamando Intendente. Necesitamos firmar el Convenio porque nosotros entregamos una camioneta para el Municipio de Tornquist y tambi\u00e9n queremos que los empleados que est\u00e1n trabajando ah\u00ed tengan un Convenio, que tengan una ART, cualquier cosa, cualquier accidente que nos hubiera pasado con un empleado municipal afectado a la Planta de BAGSA no nos hubiera alcanzado el Municipio para pagarlo. Son cosas que cuando uno maneja\u00a0 plata que no es nuestra, la Municipalidad no es de Bordoni, hoy estoy a cargo de la Municipalidad de Tornquist pero no es m\u00eda y manejamos fondos p\u00fablicos, ese tipo de cosas no se nos puede escapar. Yo entiendo que ante la urgencia de poner el funcionamiento la Planta de GLP y la necesidad de la gente de Villa, por ah\u00ed hay cosas que se nos pasan s\u00ed, pero pasaron mucho tiempo, as\u00ed que tambi\u00e9n se va a firmar un Convenio donde la ART para que estos empleados est\u00e9n cubierto. <u>Desarrollo Tur\u00edstico y Productivo para el 2017<\/u>. Vamos a trabajar para posicionar la Marca Ventania a una escala nacional. Comercializaci\u00f3n de paquetes tur\u00edsticos a trav\u00e9s, mediante el Banco Provincia. Queremos recuperar el Dique Paso Piedras. El d\u00eda 19 de abril baja toda la c\u00fapula del ADA y de ABSA al Dique Paso de las Piedras, 16 horas, nos vamos a reunir con todos los Intendentes que formamos parte del complejo de agua, m\u00e1s autoridades del OPDS, queremos hacerlo parque provincial del Dique Paso de las Piedras y terminar con la persecuci\u00f3n activa hacia los pescadores que son los que menos contaminan te dir\u00eda yo. Hoy como est\u00e1 el Dique Paso de las Piedras a la deriva son los que menos contaminan. <u>Desarrollo Social y Cultural<\/u>: Continuar con el Presupuesto Participativo por los 3 a\u00f1os de gesti\u00f3n que nos quedan. Vamos ampliar el Hogar Ni\u00f1os. Ampliaci\u00f3n del Servicio Local en Saldungaray. Apertura de nuevos talleres culturales para todas las edades y fortalecimiento Programa Envi\u00f3n. Esto fue en s\u00edntesis, algunas de las cosas, por ah\u00ed algo se me puede haber escapado, que tratamos de hacer en el 2016 y que no lo hicimos solos, lo hice con un grupo de gente que me acompa\u00f1a, con mucha presencia\u00a0 de Instituciones Intermedias y con todos los Concejales que a veces nos acompa\u00f1aron y otras veces no, pero que\u00a0 siempre los vamos a necesitar porque de eso se trata. No se trata ac\u00e1 solamente de pensar que nosotros estamos para beneficio propio, lo que nosotros tenemos que pensar, que estamos para beneficio de la gente, porque vuelvo a repetir es la que te pone y es la que te saca. As\u00ed que espero que en este a\u00f1o 2017 que para muchos va a ser eleccionario, que para m\u00ed tambi\u00e9n, pero mi forma de trabajo va a seguir siendo la misma del 2016 junto a todo mi grupo de gente\u00a0 que trabaja. Porque de hecho, seguramente si uno hubiera pensado\u00a0 en elecciones los aumentos tarifarios los podr\u00eda haber obviado y haber dado en el 2018 y yo necesito que por primera vez despu\u00e9s de 8 a\u00f1os de gesti\u00f3n anterior se presente un presupuesto acorde a lo ejecutado el a\u00f1o anterior, porque ven\u00edamos ejecutando 200 millones por ejemplo y ten\u00edamos un presupuesto de 178 millones, es imposible, nadie puede presupuestar para el a\u00f1o que viene algo inferior a lo ejecutado, entonces para llegar a eso y el que sabe de n\u00fameros lo puede interpretar mejor que cualquier\u00a0 otro, tuvimos que tocar Tasas, tuvimos que tocar Tasas que realmente estaban muy bajas. Hoy por hoy se critica al Gobierno Nacional que hay un 32% de pobres, antes no se sab\u00eda cu\u00e1nto hab\u00eda, antes realmente no se sab\u00eda porque se escond\u00eda el INDEC, el a\u00f1o pasado se cerr\u00f3 en un 40% de inflaci\u00f3n, todos los a\u00f1os anteriores ven\u00edamos con un 25% y eso es lo que increment\u00e1bamos las Tasas, y eso era mentira, una mentira total porque nunca nos alcanzaba la plata, nunca nos alcanzaba la plata. Ustedes saben bien que incrementamos un 100% la Red Vial, la Red Vial me dicen el 100% es un n\u00famero importante, \u00bf100% de cu\u00e1nto? De 24. Hoy seguimos siendo lo m\u00e1s barato en cuanto a la red vial, llegamos a 48, 36, 24 y algunos no pagan nada, pero no pagan nada por la zona donde est\u00e1. Dorrego la m\u00e1s barata paga 59, Saavedra lo mismo, estoy hablando de Distritos que est\u00e1n muy parecidos a nosotros, la m\u00e1s barata, la m\u00e1s barata, nosotros la m\u00e1s cara es $ 48. Por eso, s\u00ed, 100% es caro, es elevado el porcentaje pero\u00a0 el 100% de 24, un litro de gas-oil vale $ 20 y una champion trabajando gasta un litro y medio de gas-oil por legua, saquen n\u00fameros, es simple, no se puede mantener. As\u00ed que, espero que en este a\u00f1o 2017 podamos seguir trabajando, a veces con el consenso de ustedes por unanimidad y a veces por mayor\u00eda como hemos sacado muchas cosas. Gracias por venir, gracias por el silencio y por el respeto que han tenido. Muchas gracias. A partir de este momento declaro iniciadas las Sesiones del Concejo Deliberante\u201d.<br \/>\nSe establecieron los d\u00edas de sesiones y reuniones de trabajo, y la conformaci\u00f3n de las distintas Comisiones:<br \/>\nD\u00edas de Sesi\u00f3n: 1\u00ba y 3\u00ba martes de cada mes.<br \/>\nReuniones de trabajo: 2\u00ba y 4\u00ba martes de cada mes.<br \/>\nHoras de sesi\u00f3n y reuni\u00f3n de trabajo: 19 hs.<br \/>\nConformaci\u00f3n de las Comisiones:<br \/>\n<u>ECOLOG\u00cdA Y MEDIO AMBIENTE:<\/u><br \/>\nAnt\u00f3n V\u00edctor, Rosas Mar\u00eda y Bag\u00fa M. Graciela.<br \/>\n<u>TURISMO Y DESARROLLO:<\/u><br \/>\nRosas Mar\u00eda, Sagredo M\u00f3nica y Garc\u00eda Laura.<br \/>\n<u>PRODUCCI\u00d3N, COMERCIO E INDUSTRIA:<\/u><br \/>\nSkolak M. Ofelia, De Larena Germ\u00e1n y Musso M. Graciela.<br \/>\n<u>OBRAS P\u00daBLICAS:<\/u><br \/>\nL\u00f6ffler Guillermo, De Larena Germ\u00e1n y Baier Noelia.<br \/>\n<u>PRESUPUESTO Y HACIENDA:<\/u><br \/>\nDe Larena Germ\u00e1n, L\u00f6ffler Guillermo y Musso M. Graciela.<br \/>\n<u>INTERPRETACI\u00d3N Y REGLAMENTO:<\/u><br \/>\nGarc\u00eda Laura, Sagredo M\u00f3nica y Baier Noelia.<br \/>\n<u>ASUNTOS MUNICIPALES:<\/u><br \/>\nBaier Noelia, Skolak M. Ofelia y De Larena Sonia.<br \/>\n<u>SALUD P\u00daBLICA:<\/u><br \/>\nAnt\u00f3n V\u00edctor, Bag\u00fa M. Graciela y De Larena Sonia.<br \/>\nPalabras de los Concejales:<br \/>\nConcejal Sagredo M\u00f3nica:<br \/>\n\u201cBueno, es una pena que en este cuarto intermedio de la Sesi\u00f3n Inaugural se haya retirado el se\u00f1or Intendente y los funcionarios del Poder Ejecutivo, ya que ten\u00edamos algunas inquietudes, algunas cositas que nos hubiese gustado que tambi\u00e9n ellos pudiesen escucharnos. Yo quiero referirme una vez m\u00e1s como lo venimos haciendo desde hace tanto tiempo al medio ambiente, particularmente a lo que son los basurales a cielo abierto, en Saldungaray espec\u00edficamente. En su oratoria el se\u00f1or Intendente habl\u00f3 de un estudio que se ha hecho para un relleno sanitario, y para la construcci\u00f3n del predio de tratamiento de residuos s\u00f3lidos. Vuelvo a insistir en que esto ha sido, es un reclamo constante de los vecinos de Saldungaray, ya que siempre somos quienes m\u00e1s recibimos el humo. Que se ha utilizado siempre como una cr\u00edtica a la gesti\u00f3n de Gustavo Trankels que ha sido una promesa de campa\u00f1a en la cual se dec\u00eda que en pocos meses se iba a solucionar el problema. Reiterar tambi\u00e9n una vez m\u00e1s que hab\u00eda un proyecto ya aprobado de m\u00e1s de siete millones de los cuales hab\u00edan venido dos millones cuatrocientos mil pesos aproximadamente, se hab\u00eda comprado una mini pala con sus accesorios, la cinta transportadora, el compactador. Se hizo la estructura de la planta y muchas acciones tendientes a reducir la cantidad de residuos. Ese proyecto qued\u00f3 aprobado en la Secretar\u00eda de Medio Ambiente de la Naci\u00f3n, que hoy es Ministerio, estuvo presente tambi\u00e9n Irigoin en una reuni\u00f3n con Concejales y dijo que hab\u00eda que seguir con estas acciones. Por eso el deseo es y me hubiese gustado que lo escuchara el se\u00f1or Intendente, es que en este 2017 al fin pueda concretarse este proyecto tan anhelado. Nada m\u00e1s se\u00f1or Presidente\u201d.<br \/>\nConcejal Ant\u00f3n V\u00edctor:<br \/>\n\u201cBueno, me sumo a las palabras de la compa\u00f1era. Lamentablemente no arrancamos demasiado bien, porque ten\u00edamos la esperanza de que teniendo a todos los funcionarios hoy ac\u00e1, y particularmente al se\u00f1or Intendente, poder hablar de algunos temas que nos preocupan, que nos preocupaban, y que ya han obtenido legislaciones a\u00f1os anteriores, y fundamentalmente temas que nos preocupan y de los cuales vamos a trabajar o intentar consensuar durante este a\u00f1o. El Intendente habl\u00f3 de que a veces acompa\u00f1\u00e1bamos y a veces no, es verdad, no lo hacemos por poner palos en la rueda sino defendiendo nuestras convicciones, en alg\u00fan momento tambi\u00e9n el Intendente dijo de que hab\u00eda que hacer todos los papeles como correspond\u00eda, cuando uno manejaba dinero que no es propio, y que es de la comunidad. En las oportunidades que nosotros nos opusimos aprobar alguna Ordenanza o Proyecto de Resoluci\u00f3n, esto era lo que plante\u00e1bamos. Y en alguna oportunidad como en la \u00faltima Sesi\u00f3n de la compra de tierras, que no nos opusimos, sino que lo que hicimos fue abstenernos de votar esperando ver la documentaci\u00f3n que el Proyecto de Ordenanza y el Convenio firmado con la Subsecretar\u00eda de Tierras de la Provincia solicitaba. Es por eso que nosotros nos abstuvimos de votar porque esper\u00e1bamos esa documentaci\u00f3n. No somos adivinos, y no somos expertos como lo mencion\u00f3 el se\u00f1or Intendente, sino que nada m\u00e1s lo \u00fanico que quer\u00edamos era no media hora, sino aunque sea 24 horas de tiempo para poder sentarnos y ver el Expediente, nada m\u00e1s que eso era que est\u00e1bamos pidiendo. Respecto de las obras que ha mencionado la verdad que uno se tiene que poner contento cuando el Distrito crece y cuando vienen obras para nuestra comunidad porque evidentemente es mejorar la calidad de vida de la gente, siempre teniendo como premisa y siempre se tuvo en campa\u00f1a como premisa la buena elecci\u00f3n de las obras que hay que hacer. Respecto de la legislaci\u00f3n tenemos varias Ordenanzas que hoy por hoy son un papel escrito que duermen en un escritorio, nada m\u00e1s que eso, y esto era lo que quer\u00edamos plantearle al se\u00f1or Intendente y a sus funcionarios. Cuanto tiempo nos llev\u00f3 poder aprobar por unanimidad la Ordenanza de aplicaci\u00f3n de agroqu\u00edmicos, mucho tiempo de trabajo, de consenso, de discenso, hasta que finalmente lo pudimos hacer. Hoy la Ordenanza no se aplica, no tiene aplicaci\u00f3n pr\u00e1ctica. El tema del Foro de Lucha contra las Adicciones, tenemos unas instituciones b\u00e1rbaras, como lo dijo el se\u00f1or Intendente, que trabajan todos los d\u00edas para que nuestros chicos no caigan en estos flagelos. Pero tambi\u00e9n ten\u00edamos el Foro de Lucha contra las Adicciones que inclu\u00eda a las instituciones, y a los organismos p\u00fablicos, donde se hac\u00edan reuniones, cursos\u00a0 y dem\u00e1s, y donde pod\u00edamos participar. Ese Foro de Lucha contra las Adicciones que se vot\u00f3 en el a\u00f1o 2015 por unanimidad, el a\u00f1o pasado no funcion\u00f3, y era otra de las cosas que le quer\u00edamos pedir al Intendente. D\u00edas atr\u00e1s un vecino de Tornquist sufri\u00f3 nuevamente la mordedura de un perro de la calle, no hemos visto la aplicaci\u00f3n del chip, no hemos visto medidas que apunten a que esta Ordenanza cobre relevancia y le soluciones estos temas a la gente. Se habl\u00f3 ac\u00e1, hablando de la Secretar\u00eda de Bromatolog\u00eda, el propio Intendente dijo que hab\u00eda 400 an\u00e1lisis de agua que se hab\u00edan hecho, nosotros pedimos uno, no lo pudimos ver, nos dijeron que en octubre del a\u00f1o pasado, a fin de octubre del a\u00f1o pasado iban a estar ac\u00e1 los an\u00e1lisis de agua, no los trajeron, y no solo eso, el 20 de diciembre pasado, habiendo un problema en la localidad con el agua, me dirig\u00ed a la casa de dos vecinos, uno en el barrio Sur, y uno en el barrio Norte, que hab\u00edan denunciado problemas con la calidad del agua, tomamos la muestra en frasco est\u00e9ril, y personalmente la llev\u00e9 a bromatolog\u00eda, donde la dej\u00e9 con el nombre, la direcci\u00f3n y el tel\u00e9fono de estos vecinos, no para que le dijeran a V\u00edctor Ant\u00f3n si el an\u00e1lisis del agua estaba bien o estaba mal, para que le den la tranquilidad a los vecinos que el agua que estaban tomando era potable, y que no ten\u00eda problemas o que ten\u00eda que lavar el tanque, o lo que ten\u00eda que hacer para solucionar el problema, lamentablemente los an\u00e1lisis no s\u00e9 si se hicieron o\u00a0 no, no me supieron decir, pero los vecinos no se enteraron de la calidad del agua que estaban tomando y si hab\u00eda alg\u00fan problema o no. Grandes Generadores de Residuos, otra Ordenanza que fue aprobada y que entr\u00f3 en vigencia el 1\u00ba de diciembre de este a\u00f1o. Yo he consultado, no s\u00e9 si ustedes lo habr\u00e1n visto, habr\u00e1n consultado, yo he consultado con comerciantes que ni siquiera tienen conocimiento de la Ordenanza, y era una Ordenanza que se ten\u00eda que poner en vigencia el primero de diciembre del a\u00f1o pasado, donde todos los grandes generadores de residuos, supermercados, almacenes, hoteles y dem\u00e1s, deber\u00edan reciclar todos los residuos, justamente, que son reciclables, \u00bfno?, y bueno, despu\u00e9s reclamarle al Intendente o al Secretario de Gobierno, si se quiere, cu\u00e1nto tanto se ha hablado de transparencia, por lo menos que nos conteste lo que no nos contest\u00f3 durante la \u00faltima o en la \u00fanica Sesi\u00f3n Extraordinaria de Informe del Secretario de Gobierno.\u00a0 La Ordenanza dice que en 5 d\u00edas deb\u00eda responder de forma escrita a las preguntas que no hab\u00eda podido responder, o las preguntas que se le hicieron y para las cuales no tuvo respuesta. La verdad, no tuvimos la respuesta por escrito de todos los temas como corresponde, y tambi\u00e9n dijo el 23 de noviembre que en 15 d\u00edas se compromet\u00eda a que tuvi\u00e9ramos el sistema RAFAM de Administraci\u00f3n Municipal en cada uno de los Bloques, creo que han pasado m\u00e1s de 15 d\u00edas del 23 de noviembre a esta parte, todav\u00eda no hemos tenido novedades. Si nos ponemos m\u00e1s finitos, la Ordenanza dice que debe venir al Concejo Deliberante cada dos meses, y debi\u00f3 haber venido, no habla de Sesiones Ordinarias, dice que cada dos meses debe venir a dar el informe al Concejo Deliberante, con lo cual ya se nos pasaron dos Sesiones Informativas. Pero bueno, estas son algunas de las cosas que quer\u00edamos plantear, de que nos hubiera gustado que escuche el Intendente y sus funcionarios, para que lo tengan en cuenta, y el Intendente que sepa fundamentalmente de que, como lo dijimos el primer momento, no estamos ac\u00e1 para poner palos en la rueda, que cuando dijimos que \u00edbamos a hacer una oposici\u00f3n responsable, y nuevamente hablamos de que cuando recibimos un Expediente, por lo menos tenemos que tener el tiempo para leerlo, porque \u00bfqu\u00e9 pasa?, concesiones de los Balnearios Municipales, para nosotros hubo irregularidades, y en alg\u00fan punto nos dio la verdad, la raz\u00f3n, el Tribunal de Cuentas con la respuesta que dio a algunos de los Expedientes que enviamos. El Estatuto del Empleado Municipal, que lo trajeron un lunes para aprobarlo el martes, lo empezamos a leer y \u00bfcu\u00e1ntas modificaciones le tuvimos que hacer?, no por mala voluntad del Ejecutivo, porque por ah\u00ed hab\u00eda cosas que hab\u00eda que discutirlas un poco m\u00e1s, hablarlas un poco m\u00e1s, y llegar a un consenso. Lo mismo pas\u00f3 la semana pasada con lo de las tierras. Entonces, para cerrar, cuenten con nosotros, el Intendente, los funcionarios del Ejecutivo, los compa\u00f1eros, usted Presidente, la Secretaria, los compa\u00f1eros de los otros Bloques, cuenten con nosotros, pero t\u00e9ngannos en cuenta, y no nos hagan m\u00e1s un desaire como este de haberse ido de la Sesi\u00f3n cuando m\u00ednimamente tendr\u00edan que haber escuchado lo que nosotros quer\u00edamos plantear para este a\u00f1o. Nada m\u00e1s se\u00f1or Presidente\u201d.<br \/>\nConcejal Baier Noelia:<br \/>\n\u201cBueno, yo simplemente quiero expresar la satisfacci\u00f3n que hemos sentido hoy al recibir la noticia tan anhelada y esperada del anuncio de la construcci\u00f3n de la autopista Bah\u00eda Blanca- Tornquist, y lo que esto significa para nuestras vidas, y la de miles de personas que a diario transitan esta ruta a lo largo de sus 795 km uniendo dos puertos important\u00edsimos como son el de Rosario y el de Bah\u00eda Blanca, m\u00e1s all\u00e1 de que la autopista est\u00e1 anunciada para el tramo de estos 70 km considero que le da un empuje muy importante al turismo de nuestra Comarca, y va a ser un gran alivio para el gran caudal de transporte que vemos a diario, teniendo en cuenta que a lo largo de sus km se distribuye gran parte de la producci\u00f3n agr\u00edcola- ganadera, industrial, como son los combustibles, aceites, y tambi\u00e9n el turismo que no solamente puede venir a nuestra Comarca sino tambi\u00e9n hacia el sur del pa\u00eds. Tambi\u00e9n hoy en varios portales se ha publicado la noticia de que en este mes de marzo se produjo el mayor consumo de asfalto vial de la historia. Creo que todo tiene un enlace, y nada es casualidad. En la \u00faltima Sesi\u00f3n del d\u00eda 22 de marzo, hace poco m\u00e1s de diez d\u00edas, tambi\u00e9n reunidos en este Recinto, aprobamos la adquisici\u00f3n de tierras para la construcci\u00f3n de viviendas sociales. Es una satisfacci\u00f3n reunirnos no solo para debatir sino\u00a0 tambi\u00e9n para aprobar y celebrar estos anuncios que tan bien le hacen a este pueblo. Y en el plano local o distrital agregar tambi\u00e9n la satisfacci\u00f3n que en lo personal me genera\u00a0 a m\u00ed particularmente, ver los avances en las obras y ver y reconocer aquellos trabajadores que lo est\u00e1n haciendo y ejecutando, vecinos de nuestra localidad, que viven ac\u00e1, que conocemos, que trabajan y dan trabajo e invierten aqu\u00ed. Y por otro lado, creo que todos sabemos la importancia y el impacto que tiene la obra p\u00fablica en las econom\u00edas, en la mayor parte de las econom\u00edas del mundo la obra p\u00fablica ocupa un valor fundamental en pol\u00edtica econ\u00f3mica, no tanto por el valor agregado directo, sino por su car\u00e1cter de pol\u00edtica antic\u00edclica, en econom\u00eda sobre todo en recesi\u00f3n. Esto, en un mediano o largo plazo se traduce en mayor empleo, mayor consumo y mayor inversi\u00f3n. Creo personalmente que vamos por un buen camino, esperemos que sigamos as\u00ed, que podamos mejorar y que los efectos se vean pronto. Agradezco a todos los presentes por haberse acercado a esta Sesi\u00f3n Inaugural. Gracias.\u201d<br \/>\nConcejal Ant\u00f3n V\u00edctor:<br \/>\n\u201cNobleza obliga, omit\u00ed manifestar mi agrado por haber conocido esta noticia y que ojal\u00e1 que se pueda cristalizar en una obra que va a salvar la vida de muchas personas, hablo de la obra de la Ruta 33. Pero no puedo dejar de disentir con la Concejal Baier en que vamos por un buen camino. Hablaba de que fue el record de utilizaci\u00f3n de asfalto vial, pero lamentablemente por otro lado de hace muchos a\u00f1os a esta parte tenemos el record de disminuci\u00f3n de compra de leche, con lo cual tenemos que ver tambi\u00e9n toda la foto, y no nada m\u00e1s que la pel\u00edcula. Est\u00e1 buen\u00edsimo\u00a0 que se puedan hacer obras, est\u00e1 b\u00e1rbaro que lleguen al Distrito, que la ayuden a nuestra gente, que haya trabajo para nuestra gente, pero evidentemente las pol\u00edticas econ\u00f3micas\u00a0 del Presidente Macri no benefician al pueblo trabajador, del cual tanto se habl\u00f3 hoy ac\u00e1, no benefician a los jubilados que cada vez ganan menos, y cada vez tienen menos acceso por ejemplo a los medicamentos, no benefician a los chicos que hoy ya no tienen las netbooks, y no benefician a los chicos que hoy ya no tienen el Programa Progresar para poder estudiar. Entonces, hay muchas cuestiones que m\u00e1s all\u00e1 de un discurso y decir que vamos por un buen camino, hay que analizar. Lo dijo el Intendente, que hab\u00eda sido un a\u00f1o dif\u00edcil y que este iba a ser otro a\u00f1o dif\u00edcil, entonces no me queda m\u00e1s que plantearlo, ideol\u00f3gicamente estamos absolutamente en las ant\u00edpodas de todas las pol\u00edticas econ\u00f3micas que ha tomado el Presidente Macri, porque nosotros creemos que la obra p\u00fablica puede ser uno de los factores de la econom\u00eda antic\u00edclica, pero tambi\u00e9n lo es el consumo, y lamentablemente el consumo cada vez es menos, porque la gente cada vez tiene menos plata en los bolsillos, entonces hay que ver c\u00f3mo se hace para que la obra p\u00fablica llegue al pueblo, pero que tambi\u00e9n llegue a los pueblos, a los bolsillos de los trabajadores la plata, el dinero de un sueldo digno, como lo est\u00e1n solicitando los docentes, como lo solicitan mucho de los gremios que van a hacer un paro nacional el pr\u00f3ximo 6 de abril, porque todas las pol\u00edticas han ido, todas las pol\u00edticas econ\u00f3micas implementadas han ido en desmedro del sueldo del pueblo trabajador. Nada m\u00e1s se\u00f1or Presidente\u201d.<br \/>\n<strong>HONORABLE CONCEJO DELIBERANTE<\/strong><strong>\u00a0<\/strong><\/p>\n","protected":false},"excerpt":{"rendered":"<p>&nbsp; Los Ediles fueron convocados por \u00a0el Decreto N\u00ba 05\/17 para la Sesi\u00f3n Inaugural del per\u00edodo de Sesiones Ordinarias 2017. A partir de las 20:10 hs. aproximadamente,\u00a0 \u00a0y ante la presencia del Sr. Intendente Municipal Sergio Bordoni, integrantes del Gabinete Municipal, autoridades del distrito \u00a0y p\u00fablico en general, dio \u00a0comienzo dicha Sesi\u00f3n.<\/p>\n","protected":false},"author":3,"featured_media":0,"comment_status":"closed","ping_status":"open","sticky":false,"template":"","format":"standard","meta":{"footnotes":""},"categories":[28],"tags":[],"class_list":["post-8980","post","type-post","status-publish","format-standard","hentry","category-municipales"],"yoast_head":"<!-- This site is optimized with the Yoast SEO plugin v25.9 - https:\/\/yoast.com\/wordpress\/plugins\/seo\/ -->\n<title>El Honorable Concejo Deliberante present\u00f3 la Sesi\u00f3n Inaugural del 3 de abril - Noticias Radio Reflejos<\/title>\n<meta name=\"robots\" content=\"index, follow, max-snippet:-1, max-image-preview:large, max-video-preview:-1\" \/>\n<link rel=\"canonical\" href=\"https:\/\/www.noticiasradioreflejos.com.ar\/2021\/el-honorable-concejo-deliberante-presento-la-sesion-inaugural-del-3-de-abril\/\" \/>\n<meta property=\"og:locale\" content=\"es_ES\" \/>\n<meta property=\"og:type\" content=\"article\" \/>\n<meta property=\"og:title\" content=\"El Honorable Concejo Deliberante present\u00f3 la Sesi\u00f3n Inaugural del 3 de abril - Noticias Radio Reflejos\" \/>\n<meta property=\"og:description\" content=\"&nbsp; Los Ediles fueron convocados por \u00a0el Decreto N\u00ba 05\/17 para la Sesi\u00f3n Inaugural del per\u00edodo de Sesiones Ordinarias 2017. A partir de las 20:10 hs. aproximadamente,\u00a0 \u00a0y ante la presencia del Sr. Intendente Municipal Sergio Bordoni, integrantes del Gabinete Municipal, autoridades del distrito \u00a0y p\u00fablico en general, dio \u00a0comienzo dicha Sesi\u00f3n.\" \/>\n<meta property=\"og:url\" content=\"https:\/\/www.noticiasradioreflejos.com.ar\/2021\/el-honorable-concejo-deliberante-presento-la-sesion-inaugural-del-3-de-abril\/\" \/>\n<meta property=\"og:site_name\" content=\"Noticias Radio Reflejos\" \/>\n<meta property=\"article:published_time\" content=\"2017-04-11T15:53:59+00:00\" \/>\n<meta property=\"og:image\" content=\"https:\/\/www.noticiasradioreflejos.com.ar\/2021\/wp-content\/uploads\/2021\/07\/logosol300x200.png\" \/>\n\t<meta property=\"og:image:width\" content=\"300\" \/>\n\t<meta property=\"og:image:height\" content=\"200\" \/>\n\t<meta property=\"og:image:type\" content=\"image\/png\" \/>\n<meta name=\"author\" content=\"Arnaldo Botto\" \/>\n<meta name=\"twitter:card\" content=\"summary_large_image\" \/>\n<script type=\"application\/ld+json\" class=\"yoast-schema-graph\">{\"@context\":\"https:\/\/schema.org\",\"@graph\":[{\"@type\":\"WebPage\",\"@id\":\"https:\/\/www.noticiasradioreflejos.com.ar\/2021\/el-honorable-concejo-deliberante-presento-la-sesion-inaugural-del-3-de-abril\/\",\"url\":\"https:\/\/www.noticiasradioreflejos.com.ar\/2021\/el-honorable-concejo-deliberante-presento-la-sesion-inaugural-del-3-de-abril\/\",\"name\":\"El Honorable Concejo Deliberante present\u00f3 la Sesi\u00f3n Inaugural del 3 de abril - Noticias Radio Reflejos\",\"isPartOf\":{\"@id\":\"https:\/\/www.noticiasradioreflejos.com.ar\/2021\/#website\"},\"datePublished\":\"2017-04-11T15:53:59+00:00\",\"author\":{\"@id\":\"https:\/\/www.noticiasradioreflejos.com.ar\/2021\/#\/schema\/person\/ad82545263dcc5ec0996818884fd5fb1\"},\"breadcrumb\":{\"@id\":\"https:\/\/www.noticiasradioreflejos.com.ar\/2021\/el-honorable-concejo-deliberante-presento-la-sesion-inaugural-del-3-de-abril\/#breadcrumb\"},\"inLanguage\":\"es\",\"potentialAction\":[{\"@type\":\"ReadAction\",\"target\":[\"https:\/\/www.noticiasradioreflejos.com.ar\/2021\/el-honorable-concejo-deliberante-presento-la-sesion-inaugural-del-3-de-abril\/\"]}]},{\"@type\":\"BreadcrumbList\",\"@id\":\"https:\/\/www.noticiasradioreflejos.com.ar\/2021\/el-honorable-concejo-deliberante-presento-la-sesion-inaugural-del-3-de-abril\/#breadcrumb\",\"itemListElement\":[{\"@type\":\"ListItem\",\"position\":1,\"name\":\"Portada\",\"item\":\"https:\/\/www.noticiasradioreflejos.com.ar\/2021\/\"},{\"@type\":\"ListItem\",\"position\":2,\"name\":\"El Honorable Concejo Deliberante present\u00f3 la Sesi\u00f3n Inaugural del 3 de abril\"}]},{\"@type\":\"WebSite\",\"@id\":\"https:\/\/www.noticiasradioreflejos.com.ar\/2021\/#website\",\"url\":\"https:\/\/www.noticiasradioreflejos.com.ar\/2021\/\",\"name\":\"Noticias Radio Reflejos\",\"description\":\"Las noticias de mi comarca\",\"potentialAction\":[{\"@type\":\"SearchAction\",\"target\":{\"@type\":\"EntryPoint\",\"urlTemplate\":\"https:\/\/www.noticiasradioreflejos.com.ar\/2021\/?s={search_term_string}\"},\"query-input\":{\"@type\":\"PropertyValueSpecification\",\"valueRequired\":true,\"valueName\":\"search_term_string\"}}],\"inLanguage\":\"es\"},{\"@type\":\"Person\",\"@id\":\"https:\/\/www.noticiasradioreflejos.com.ar\/2021\/#\/schema\/person\/ad82545263dcc5ec0996818884fd5fb1\",\"name\":\"Arnaldo Botto\",\"image\":{\"@type\":\"ImageObject\",\"inLanguage\":\"es\",\"@id\":\"https:\/\/www.noticiasradioreflejos.com.ar\/2021\/#\/schema\/person\/image\/\",\"url\":\"https:\/\/secure.gravatar.com\/avatar\/55cb5e37c1efa326397366e6974cb338056df65cb50e7d64d1cf314e87504837?s=96&d=mm&r=g\",\"contentUrl\":\"https:\/\/secure.gravatar.com\/avatar\/55cb5e37c1efa326397366e6974cb338056df65cb50e7d64d1cf314e87504837?s=96&d=mm&r=g\",\"caption\":\"Arnaldo Botto\"},\"url\":\"https:\/\/www.noticiasradioreflejos.com.ar\/2021\/author\/arnaldo\/\"}]}<\/script>\n<!-- \/ Yoast SEO plugin. -->","yoast_head_json":{"title":"El Honorable Concejo Deliberante present\u00f3 la Sesi\u00f3n Inaugural del 3 de abril - Noticias Radio Reflejos","robots":{"index":"index","follow":"follow","max-snippet":"max-snippet:-1","max-image-preview":"max-image-preview:large","max-video-preview":"max-video-preview:-1"},"canonical":"https:\/\/www.noticiasradioreflejos.com.ar\/2021\/el-honorable-concejo-deliberante-presento-la-sesion-inaugural-del-3-de-abril\/","og_locale":"es_ES","og_type":"article","og_title":"El Honorable Concejo Deliberante present\u00f3 la Sesi\u00f3n Inaugural del 3 de abril - Noticias Radio Reflejos","og_description":"&nbsp; Los Ediles fueron convocados por \u00a0el Decreto N\u00ba 05\/17 para la Sesi\u00f3n Inaugural del per\u00edodo de Sesiones Ordinarias 2017. A partir de las 20:10 hs. aproximadamente,\u00a0 \u00a0y ante la presencia del Sr. Intendente Municipal Sergio Bordoni, integrantes del Gabinete Municipal, autoridades del distrito \u00a0y p\u00fablico en general, dio \u00a0comienzo dicha Sesi\u00f3n.","og_url":"https:\/\/www.noticiasradioreflejos.com.ar\/2021\/el-honorable-concejo-deliberante-presento-la-sesion-inaugural-del-3-de-abril\/","og_site_name":"Noticias Radio Reflejos","article_published_time":"2017-04-11T15:53:59+00:00","og_image":[{"width":300,"height":200,"url":"https:\/\/www.noticiasradioreflejos.com.ar\/2021\/wp-content\/uploads\/2021\/07\/logosol300x200.png","type":"image\/png"}],"author":"Arnaldo Botto","twitter_card":"summary_large_image","schema":{"@context":"https:\/\/schema.org","@graph":[{"@type":"WebPage","@id":"https:\/\/www.noticiasradioreflejos.com.ar\/2021\/el-honorable-concejo-deliberante-presento-la-sesion-inaugural-del-3-de-abril\/","url":"https:\/\/www.noticiasradioreflejos.com.ar\/2021\/el-honorable-concejo-deliberante-presento-la-sesion-inaugural-del-3-de-abril\/","name":"El Honorable Concejo Deliberante present\u00f3 la Sesi\u00f3n Inaugural del 3 de abril - Noticias Radio Reflejos","isPartOf":{"@id":"https:\/\/www.noticiasradioreflejos.com.ar\/2021\/#website"},"datePublished":"2017-04-11T15:53:59+00:00","author":{"@id":"https:\/\/www.noticiasradioreflejos.com.ar\/2021\/#\/schema\/person\/ad82545263dcc5ec0996818884fd5fb1"},"breadcrumb":{"@id":"https:\/\/www.noticiasradioreflejos.com.ar\/2021\/el-honorable-concejo-deliberante-presento-la-sesion-inaugural-del-3-de-abril\/#breadcrumb"},"inLanguage":"es","potentialAction":[{"@type":"ReadAction","target":["https:\/\/www.noticiasradioreflejos.com.ar\/2021\/el-honorable-concejo-deliberante-presento-la-sesion-inaugural-del-3-de-abril\/"]}]},{"@type":"BreadcrumbList","@id":"https:\/\/www.noticiasradioreflejos.com.ar\/2021\/el-honorable-concejo-deliberante-presento-la-sesion-inaugural-del-3-de-abril\/#breadcrumb","itemListElement":[{"@type":"ListItem","position":1,"name":"Portada","item":"https:\/\/www.noticiasradioreflejos.com.ar\/2021\/"},{"@type":"ListItem","position":2,"name":"El Honorable Concejo Deliberante present\u00f3 la Sesi\u00f3n Inaugural del 3 de abril"}]},{"@type":"WebSite","@id":"https:\/\/www.noticiasradioreflejos.com.ar\/2021\/#website","url":"https:\/\/www.noticiasradioreflejos.com.ar\/2021\/","name":"Noticias Radio Reflejos","description":"Las noticias de mi comarca","potentialAction":[{"@type":"SearchAction","target":{"@type":"EntryPoint","urlTemplate":"https:\/\/www.noticiasradioreflejos.com.ar\/2021\/?s={search_term_string}"},"query-input":{"@type":"PropertyValueSpecification","valueRequired":true,"valueName":"search_term_string"}}],"inLanguage":"es"},{"@type":"Person","@id":"https:\/\/www.noticiasradioreflejos.com.ar\/2021\/#\/schema\/person\/ad82545263dcc5ec0996818884fd5fb1","name":"Arnaldo Botto","image":{"@type":"ImageObject","inLanguage":"es","@id":"https:\/\/www.noticiasradioreflejos.com.ar\/2021\/#\/schema\/person\/image\/","url":"https:\/\/secure.gravatar.com\/avatar\/55cb5e37c1efa326397366e6974cb338056df65cb50e7d64d1cf314e87504837?s=96&d=mm&r=g","contentUrl":"https:\/\/secure.gravatar.com\/avatar\/55cb5e37c1efa326397366e6974cb338056df65cb50e7d64d1cf314e87504837?s=96&d=mm&r=g","caption":"Arnaldo Botto"},"url":"https:\/\/www.noticiasradioreflejos.com.ar\/2021\/author\/arnaldo\/"}]}},"_links":{"self":[{"href":"https:\/\/www.noticiasradioreflejos.com.ar\/2021\/wp-json\/wp\/v2\/posts\/8980","targetHints":{"allow":["GET"]}}],"collection":[{"href":"https:\/\/www.noticiasradioreflejos.com.ar\/2021\/wp-json\/wp\/v2\/posts"}],"about":[{"href":"https:\/\/www.noticiasradioreflejos.com.ar\/2021\/wp-json\/wp\/v2\/types\/post"}],"author":[{"embeddable":true,"href":"https:\/\/www.noticiasradioreflejos.com.ar\/2021\/wp-json\/wp\/v2\/users\/3"}],"replies":[{"embeddable":true,"href":"https:\/\/www.noticiasradioreflejos.com.ar\/2021\/wp-json\/wp\/v2\/comments?post=8980"}],"version-history":[{"count":0,"href":"https:\/\/www.noticiasradioreflejos.com.ar\/2021\/wp-json\/wp\/v2\/posts\/8980\/revisions"}],"wp:attachment":[{"href":"https:\/\/www.noticiasradioreflejos.com.ar\/2021\/wp-json\/wp\/v2\/media?parent=8980"}],"wp:term":[{"taxonomy":"category","embeddable":true,"href":"https:\/\/www.noticiasradioreflejos.com.ar\/2021\/wp-json\/wp\/v2\/categories?post=8980"},{"taxonomy":"post_tag","embeddable":true,"href":"https:\/\/www.noticiasradioreflejos.com.ar\/2021\/wp-json\/wp\/v2\/tags?post=8980"}],"curies":[{"name":"wp","href":"https:\/\/api.w.org\/{rel}","templated":true}]}}