{"id":89771,"date":"2023-06-26T15:12:12","date_gmt":"2023-06-26T15:12:12","guid":{"rendered":"https:\/\/www.noticiasradioreflejos.com.ar\/2021\/?p=89771"},"modified":"2023-06-26T15:12:12","modified_gmt":"2023-06-26T15:12:12","slug":"el-po-impugno-la-precandidatura-de-jorge-macri-para-jefe-de-gobierno-porteno","status":"publish","type":"post","link":"https:\/\/www.noticiasradioreflejos.com.ar\/2021\/el-po-impugno-la-precandidatura-de-jorge-macri-para-jefe-de-gobierno-porteno\/","title":{"rendered":"El PO impugn\u00f3 la precandidatura de Jorge Macri para jefe de Gobierno porte\u00f1o"},"content":{"rendered":"<p>La precandidatura de Jorge Macri a la jefatura de Gobierno de la ciudad de Buenos Aires fue impugnada hoy ante la Justicia por el Partido Obrero-MST. que denunci\u00f3 que el dirigente no cumplir\u00eda con los requisitos de nacimiento o residencia m\u00ednima en el distrito para el cual se postula.<!--more--><\/p>\n<p>Por su parte, Jorge Macri dijo que \u00abest\u00e1 tranquilo\u00bb y que los requerimientos legales para su precandidatura \u00abse cumplen\u00bb, por lo que responder\u00e1 a la impugnaci\u00f3n ante la Justicia.<\/p>\n<p>\u00abEst\u00e1 claro qui\u00e9nes no quieren que llegue. Los mismos que hacen la mayor\u00eda de los piquetes m\u00e1s violentos en la Ciudad\u00bb, remarc\u00f3 el actual ministro de Gobierno porte\u00f1o en declaraciones a Radio Continental.<\/p>\n<p>Adem\u00e1s, el exintendente del partido bonaerense de Vicente L\u00f3pez sostuvo que lleva \u00abm\u00e1s de 41 a\u00f1os vividos\u00bb en la ciudad de Buenos Aires e insisti\u00f3 en que \u00abest\u00e1 claro que los muchachos que viven desordenando esta ciudad no van a ahorrarse ninguna herramienta\u00bb para tratar de que no pueda ser candidato.<\/p>\n<p>La presentaci\u00f3n se formaliz\u00f3 ante el Tribunal Electoral de CABA y la Corte Suprema de Justicia, seg\u00fan inform\u00f3 en un comunicado Vanina Biasi, precandidata a jefa de Gobierno por el PO-MST en el Frente de Izquierda (FIT).<\/p>\n<p>\u00abSi no puede reelegirse en un distrito se presenta en el de al lado. Todo este mamarracho tiene un responsable y es Mauricio Macri que lo mand\u00f3 a la Ciudad a recuperar la caja para la familia\u00bb, sostuvo Biasi.<\/p>\n<p>Para este sector, Jorge Macri \u00abno cumple con los requisitos para presentarse en la ciudad de Buenos Aires. Su salto de ser intendente de Vicente L\u00f3pez a candidato a jefe de Gobierno en CABA es completamente ilegal y una trampa inadmisible\u00bb, sostuvo Biasi en el comunicado.<\/p>\n<p>Seg\u00fan el art\u00edculo 97 de la Constituci\u00f3n de la ciudad de Buenos Aires, para postularse en CABA se debe haber nacido en el distrito o residido en \u00e9l cinco a\u00f1os de manera previa a la presentaci\u00f3n electoral.<\/p>\n<p>\u00abClaramente, el hasta hace un mes intendente de Vicente L\u00f3pez incumple esta pauta ya que naci\u00f3 en la provincia de Bueno Aires y vivi\u00f3 all\u00ed el \u00faltimo tiempo, lo cual es l\u00f3gico ya que fue electo intendente en 2019\u00bb, expres\u00f3 la dirigente de izquierda.<\/p>\n<p>Biasi exigi\u00f3 que \u00abla Justicia electoral de CABA haga valer por igual los requisitos que se establecen en el distrito para ser jefe de Gobierno. Basta de nepotismo, privilegios y truchadas\u00bb, reclam\u00f3.<\/p>\n<p>Jorge Macri, primo del expresidente, fue intendente del partido bonaerense de Vicente L\u00f3pez desde 2011 hasta 2023, y dej\u00f3 ese puesto para postularse como precandidato a jefe de Gobierno de la Ciudad Juntos por el Cambio (JxC).<\/p>\n","protected":false},"excerpt":{"rendered":"<p>La precandidatura de Jorge Macri a la jefatura de Gobierno de la ciudad de Buenos Aires fue impugnada hoy ante la Justicia por el Partido Obrero-MST. que denunci\u00f3 que el dirigente no cumplir\u00eda con los requisitos de nacimiento o residencia m\u00ednima en el distrito para el cual se postula.<\/p>\n","protected":false},"author":3,"featured_media":0,"comment_status":"closed","ping_status":"closed","sticky":false,"template":"","format":"standard","meta":{"footnotes":""},"categories":[24],"tags":[],"class_list":["post-89771","post","type-post","status-publish","format-standard","hentry","category-politica"],"yoast_head":"<!-- This site is optimized with the Yoast SEO plugin v25.9 - https:\/\/yoast.com\/wordpress\/plugins\/seo\/ -->\n<title>El PO impugn\u00f3 la precandidatura de Jorge Macri para jefe de Gobierno porte\u00f1o - Noticias Radio Reflejos<\/title>\n<meta name=\"robots\" content=\"index, follow, max-snippet:-1, max-image-preview:large, max-video-preview:-1\" \/>\n<link rel=\"canonical\" href=\"https:\/\/www.noticiasradioreflejos.com.ar\/2021\/el-po-impugno-la-precandidatura-de-jorge-macri-para-jefe-de-gobierno-porteno\/\" \/>\n<meta property=\"og:locale\" content=\"es_ES\" \/>\n<meta property=\"og:type\" content=\"article\" \/>\n<meta property=\"og:title\" content=\"El PO impugn\u00f3 la precandidatura de Jorge Macri para jefe de Gobierno porte\u00f1o - Noticias Radio Reflejos\" \/>\n<meta property=\"og:description\" content=\"La precandidatura de Jorge Macri a la jefatura de Gobierno de la ciudad de Buenos Aires fue impugnada hoy ante la Justicia por el Partido Obrero-MST. que denunci\u00f3 que el dirigente no cumplir\u00eda con los requisitos de nacimiento o residencia m\u00ednima en el distrito para el cual se postula.\" \/>\n<meta property=\"og:url\" content=\"https:\/\/www.noticiasradioreflejos.com.ar\/2021\/el-po-impugno-la-precandidatura-de-jorge-macri-para-jefe-de-gobierno-porteno\/\" \/>\n<meta property=\"og:site_name\" content=\"Noticias Radio Reflejos\" \/>\n<meta property=\"article:published_time\" content=\"2023-06-26T15:12:12+00:00\" \/>\n<meta property=\"og:image\" content=\"https:\/\/www.noticiasradioreflejos.com.ar\/2021\/wp-content\/uploads\/2021\/07\/logosol300x200.png\" \/>\n\t<meta property=\"og:image:width\" content=\"300\" \/>\n\t<meta property=\"og:image:height\" content=\"200\" \/>\n\t<meta property=\"og:image:type\" content=\"image\/png\" \/>\n<meta name=\"author\" content=\"Arnaldo Botto\" \/>\n<meta name=\"twitter:card\" content=\"summary_large_image\" \/>\n<script type=\"application\/ld+json\" class=\"yoast-schema-graph\">{\"@context\":\"https:\/\/schema.org\",\"@graph\":[{\"@type\":\"WebPage\",\"@id\":\"https:\/\/www.noticiasradioreflejos.com.ar\/2021\/el-po-impugno-la-precandidatura-de-jorge-macri-para-jefe-de-gobierno-porteno\/\",\"url\":\"https:\/\/www.noticiasradioreflejos.com.ar\/2021\/el-po-impugno-la-precandidatura-de-jorge-macri-para-jefe-de-gobierno-porteno\/\",\"name\":\"El PO impugn\u00f3 la precandidatura de Jorge Macri para jefe de Gobierno porte\u00f1o - Noticias Radio Reflejos\",\"isPartOf\":{\"@id\":\"https:\/\/www.noticiasradioreflejos.com.ar\/2021\/#website\"},\"datePublished\":\"2023-06-26T15:12:12+00:00\",\"author\":{\"@id\":\"https:\/\/www.noticiasradioreflejos.com.ar\/2021\/#\/schema\/person\/ad82545263dcc5ec0996818884fd5fb1\"},\"breadcrumb\":{\"@id\":\"https:\/\/www.noticiasradioreflejos.com.ar\/2021\/el-po-impugno-la-precandidatura-de-jorge-macri-para-jefe-de-gobierno-porteno\/#breadcrumb\"},\"inLanguage\":\"es\",\"potentialAction\":[{\"@type\":\"ReadAction\",\"target\":[\"https:\/\/www.noticiasradioreflejos.com.ar\/2021\/el-po-impugno-la-precandidatura-de-jorge-macri-para-jefe-de-gobierno-porteno\/\"]}]},{\"@type\":\"BreadcrumbList\",\"@id\":\"https:\/\/www.noticiasradioreflejos.com.ar\/2021\/el-po-impugno-la-precandidatura-de-jorge-macri-para-jefe-de-gobierno-porteno\/#breadcrumb\",\"itemListElement\":[{\"@type\":\"ListItem\",\"position\":1,\"name\":\"Portada\",\"item\":\"https:\/\/www.noticiasradioreflejos.com.ar\/2021\/\"},{\"@type\":\"ListItem\",\"position\":2,\"name\":\"El PO impugn\u00f3 la precandidatura de Jorge Macri para jefe de Gobierno porte\u00f1o\"}]},{\"@type\":\"WebSite\",\"@id\":\"https:\/\/www.noticiasradioreflejos.com.ar\/2021\/#website\",\"url\":\"https:\/\/www.noticiasradioreflejos.com.ar\/2021\/\",\"name\":\"Noticias Radio Reflejos\",\"description\":\"Las noticias de mi comarca\",\"potentialAction\":[{\"@type\":\"SearchAction\",\"target\":{\"@type\":\"EntryPoint\",\"urlTemplate\":\"https:\/\/www.noticiasradioreflejos.com.ar\/2021\/?s={search_term_string}\"},\"query-input\":{\"@type\":\"PropertyValueSpecification\",\"valueRequired\":true,\"valueName\":\"search_term_string\"}}],\"inLanguage\":\"es\"},{\"@type\":\"Person\",\"@id\":\"https:\/\/www.noticiasradioreflejos.com.ar\/2021\/#\/schema\/person\/ad82545263dcc5ec0996818884fd5fb1\",\"name\":\"Arnaldo Botto\",\"image\":{\"@type\":\"ImageObject\",\"inLanguage\":\"es\",\"@id\":\"https:\/\/www.noticiasradioreflejos.com.ar\/2021\/#\/schema\/person\/image\/\",\"url\":\"https:\/\/secure.gravatar.com\/avatar\/55cb5e37c1efa326397366e6974cb338056df65cb50e7d64d1cf314e87504837?s=96&d=mm&r=g\",\"contentUrl\":\"https:\/\/secure.gravatar.com\/avatar\/55cb5e37c1efa326397366e6974cb338056df65cb50e7d64d1cf314e87504837?s=96&d=mm&r=g\",\"caption\":\"Arnaldo Botto\"},\"url\":\"https:\/\/www.noticiasradioreflejos.com.ar\/2021\/author\/arnaldo\/\"}]}<\/script>\n<!-- \/ Yoast SEO plugin. -->","yoast_head_json":{"title":"El PO impugn\u00f3 la precandidatura de Jorge Macri para jefe de Gobierno porte\u00f1o - Noticias Radio Reflejos","robots":{"index":"index","follow":"follow","max-snippet":"max-snippet:-1","max-image-preview":"max-image-preview:large","max-video-preview":"max-video-preview:-1"},"canonical":"https:\/\/www.noticiasradioreflejos.com.ar\/2021\/el-po-impugno-la-precandidatura-de-jorge-macri-para-jefe-de-gobierno-porteno\/","og_locale":"es_ES","og_type":"article","og_title":"El PO impugn\u00f3 la precandidatura de Jorge Macri para jefe de Gobierno porte\u00f1o - Noticias Radio Reflejos","og_description":"La precandidatura de Jorge Macri a la jefatura de Gobierno de la ciudad de Buenos Aires fue impugnada hoy ante la Justicia por el Partido Obrero-MST. que denunci\u00f3 que el dirigente no cumplir\u00eda con los requisitos de nacimiento o residencia m\u00ednima en el distrito para el cual se postula.","og_url":"https:\/\/www.noticiasradioreflejos.com.ar\/2021\/el-po-impugno-la-precandidatura-de-jorge-macri-para-jefe-de-gobierno-porteno\/","og_site_name":"Noticias Radio Reflejos","article_published_time":"2023-06-26T15:12:12+00:00","og_image":[{"width":300,"height":200,"url":"https:\/\/www.noticiasradioreflejos.com.ar\/2021\/wp-content\/uploads\/2021\/07\/logosol300x200.png","type":"image\/png"}],"author":"Arnaldo Botto","twitter_card":"summary_large_image","schema":{"@context":"https:\/\/schema.org","@graph":[{"@type":"WebPage","@id":"https:\/\/www.noticiasradioreflejos.com.ar\/2021\/el-po-impugno-la-precandidatura-de-jorge-macri-para-jefe-de-gobierno-porteno\/","url":"https:\/\/www.noticiasradioreflejos.com.ar\/2021\/el-po-impugno-la-precandidatura-de-jorge-macri-para-jefe-de-gobierno-porteno\/","name":"El PO impugn\u00f3 la precandidatura de Jorge Macri para jefe de Gobierno porte\u00f1o - Noticias Radio Reflejos","isPartOf":{"@id":"https:\/\/www.noticiasradioreflejos.com.ar\/2021\/#website"},"datePublished":"2023-06-26T15:12:12+00:00","author":{"@id":"https:\/\/www.noticiasradioreflejos.com.ar\/2021\/#\/schema\/person\/ad82545263dcc5ec0996818884fd5fb1"},"breadcrumb":{"@id":"https:\/\/www.noticiasradioreflejos.com.ar\/2021\/el-po-impugno-la-precandidatura-de-jorge-macri-para-jefe-de-gobierno-porteno\/#breadcrumb"},"inLanguage":"es","potentialAction":[{"@type":"ReadAction","target":["https:\/\/www.noticiasradioreflejos.com.ar\/2021\/el-po-impugno-la-precandidatura-de-jorge-macri-para-jefe-de-gobierno-porteno\/"]}]},{"@type":"BreadcrumbList","@id":"https:\/\/www.noticiasradioreflejos.com.ar\/2021\/el-po-impugno-la-precandidatura-de-jorge-macri-para-jefe-de-gobierno-porteno\/#breadcrumb","itemListElement":[{"@type":"ListItem","position":1,"name":"Portada","item":"https:\/\/www.noticiasradioreflejos.com.ar\/2021\/"},{"@type":"ListItem","position":2,"name":"El PO impugn\u00f3 la precandidatura de Jorge Macri para jefe de Gobierno porte\u00f1o"}]},{"@type":"WebSite","@id":"https:\/\/www.noticiasradioreflejos.com.ar\/2021\/#website","url":"https:\/\/www.noticiasradioreflejos.com.ar\/2021\/","name":"Noticias Radio Reflejos","description":"Las noticias de mi comarca","potentialAction":[{"@type":"SearchAction","target":{"@type":"EntryPoint","urlTemplate":"https:\/\/www.noticiasradioreflejos.com.ar\/2021\/?s={search_term_string}"},"query-input":{"@type":"PropertyValueSpecification","valueRequired":true,"valueName":"search_term_string"}}],"inLanguage":"es"},{"@type":"Person","@id":"https:\/\/www.noticiasradioreflejos.com.ar\/2021\/#\/schema\/person\/ad82545263dcc5ec0996818884fd5fb1","name":"Arnaldo Botto","image":{"@type":"ImageObject","inLanguage":"es","@id":"https:\/\/www.noticiasradioreflejos.com.ar\/2021\/#\/schema\/person\/image\/","url":"https:\/\/secure.gravatar.com\/avatar\/55cb5e37c1efa326397366e6974cb338056df65cb50e7d64d1cf314e87504837?s=96&d=mm&r=g","contentUrl":"https:\/\/secure.gravatar.com\/avatar\/55cb5e37c1efa326397366e6974cb338056df65cb50e7d64d1cf314e87504837?s=96&d=mm&r=g","caption":"Arnaldo Botto"},"url":"https:\/\/www.noticiasradioreflejos.com.ar\/2021\/author\/arnaldo\/"}]}},"_links":{"self":[{"href":"https:\/\/www.noticiasradioreflejos.com.ar\/2021\/wp-json\/wp\/v2\/posts\/89771","targetHints":{"allow":["GET"]}}],"collection":[{"href":"https:\/\/www.noticiasradioreflejos.com.ar\/2021\/wp-json\/wp\/v2\/posts"}],"about":[{"href":"https:\/\/www.noticiasradioreflejos.com.ar\/2021\/wp-json\/wp\/v2\/types\/post"}],"author":[{"embeddable":true,"href":"https:\/\/www.noticiasradioreflejos.com.ar\/2021\/wp-json\/wp\/v2\/users\/3"}],"replies":[{"embeddable":true,"href":"https:\/\/www.noticiasradioreflejos.com.ar\/2021\/wp-json\/wp\/v2\/comments?post=89771"}],"version-history":[{"count":1,"href":"https:\/\/www.noticiasradioreflejos.com.ar\/2021\/wp-json\/wp\/v2\/posts\/89771\/revisions"}],"predecessor-version":[{"id":89772,"href":"https:\/\/www.noticiasradioreflejos.com.ar\/2021\/wp-json\/wp\/v2\/posts\/89771\/revisions\/89772"}],"wp:attachment":[{"href":"https:\/\/www.noticiasradioreflejos.com.ar\/2021\/wp-json\/wp\/v2\/media?parent=89771"}],"wp:term":[{"taxonomy":"category","embeddable":true,"href":"https:\/\/www.noticiasradioreflejos.com.ar\/2021\/wp-json\/wp\/v2\/categories?post=89771"},{"taxonomy":"post_tag","embeddable":true,"href":"https:\/\/www.noticiasradioreflejos.com.ar\/2021\/wp-json\/wp\/v2\/tags?post=89771"}],"curies":[{"name":"wp","href":"https:\/\/api.w.org\/{rel}","templated":true}]}}