{"id":89766,"date":"2023-06-26T14:09:56","date_gmt":"2023-06-26T14:09:56","guid":{"rendered":"https:\/\/www.noticiasradioreflejos.com.ar\/2021\/?p=89766"},"modified":"2023-06-26T14:09:56","modified_gmt":"2023-06-26T14:09:56","slug":"acciones-y-bonos-trepan-luego-del-anuncio-de-massa-como-candidato","status":"publish","type":"post","link":"https:\/\/www.noticiasradioreflejos.com.ar\/2021\/acciones-y-bonos-trepan-luego-del-anuncio-de-massa-como-candidato\/","title":{"rendered":"Acciones y bonos trepan luego del anuncio de Massa como candidato"},"content":{"rendered":"<header id=\"mvp-post-head\" class=\"left relative\">Ascienden hasta 4%. Este lunes se esperan anuncios del Ministerio de Econom\u00eda sobre avances con el Club de Par\u00eds.<\/p>\n<\/header>\n<p><!--more--><\/p>\n<div class=\"mvp-post-main-out left relative\">\n<div class=\"mvp-post-main-in\">\n<div id=\"mvp-post-content\" class=\"left relative\">\n<div id=\"mvp-post-feat-img\" class=\"left relative mvp-post-feat-img-wide2\"><img loading=\"lazy\" decoding=\"async\" class=\"attachment- size- wp-post-image\" src=\"https:\/\/www.labrujula24.com\/wp-content\/uploads\/2023\/06\/mercados-scaled.jpg\" sizes=\"auto, (max-width: 2560px) 100vw, 2560px\" srcset=\"https:\/\/www.labrujula24.com\/wp-content\/uploads\/2023\/06\/mercados-scaled.jpg 2560w, https:\/\/www.labrujula24.com\/wp-content\/uploads\/2023\/06\/mercados-768x512.jpg 768w, https:\/\/www.labrujula24.com\/wp-content\/uploads\/2023\/06\/mercados-1536x1024.jpg 1536w, https:\/\/www.labrujula24.com\/wp-content\/uploads\/2023\/06\/mercados-2048x1365.jpg 2048w\" alt=\"\" width=\"2560\" height=\"1707\" \/><\/div>\n<div id=\"mvp-content-wrap\" class=\"left relative\">\n<div class=\"mvp-post-soc-out right relative\">\n<div class=\"mvp-post-soc-in\">\n<div id=\"mvp-content-body\" class=\"left relative\">\n<div id=\"mvp-content-body-top\" class=\"left relative\">\n<div id=\"mvp-content-main\" class=\"left relative\">\n<div id=\"textbody\">\n<p>Tras el cierre de las candidaturas durante el s\u00e1bado y la confirmaci\u00f3n de Sergio Massa como candidato a Presidente por la lista de Uni\u00f3n por la Patria, los bonos y las acciones argentinas en Wall Street suben con fuerza.<\/p>\n<p>Los bonos en d\u00f3lares suben hasta 2,1% de la mano del GD35 y el GD46, seguido del GD41 (1,7%) y el GD30 (1%). En tanto, las acciones argentinas que cotizan en Wall Street suben hasta 3,7% en premarket encabezadas por Grupo Financiero Galicia e Irsa, seguido de YPF (2,8%), Superville (3%) y Telecom (2,5%).<\/p>\n<p>El ministro de Econom\u00eda, Sergio Massa, seguir\u00e1 en su cargo mientras se desarrolla la campa\u00f1a que lo tiene como pre candidato a presidente. As\u00ed lo confirmaron altas fuentes del Palacio de Hacienda. Incluso, una vez conocida la f\u00f3rmula, sostuvo una serie de reuniones con funcionarios de su mesa chica, como el jefe de Asesores, Leonardo Madcur; el director del Banco Central, Lisandro Cleri; y el titular de la Aduana, Guillermo Michel. Tambi\u00e9n tuvo contactos con Estados Unidos para acelerar las negociaciones con el Fondo Monetario Internacional.<\/p>\n<p>El ministro de Econom\u00eda ya tiene agenda para este lunes. Al mediod\u00eda firmar\u00e1 un convenio con pa\u00edses que integran el Club de Par\u00eds. Seg\u00fan fuentes de Econom\u00eda esto implica \u201ccerrar individualmente con Francia, Espa\u00f1a y Suecia lo acordado con el conjunto al comienzo de la gesti\u00f3n de Massa\u201d. En la misma l\u00ednea, anticiparon que a esos pa\u00edses se sumar\u00e1 Jap\u00f3n en los pr\u00f3ximos d\u00edas y eso abrir\u00e1 las puerta de nuevo financiamiento bilateral.<\/p>\n<p>En el Palacio de Hacienda se mueven r\u00e1pido para mostrar gesti\u00f3n: \u201cEse ser\u00e1 el eje de nuestra campa\u00f1a\u201d, explic\u00f3 un intendente del conurbano que orbita en el Frente Renovador.<\/p>\n<p><strong>Fuente:<\/strong>\u00a0LB24 \/ \u00c1mbito.<\/p>\n<\/div>\n<\/div>\n<\/div>\n<\/div>\n<\/div>\n<\/div>\n<\/div>\n<\/div>\n<\/div>\n<\/div>\n","protected":false},"excerpt":{"rendered":"<p>Ascienden hasta 4%. Este lunes se esperan anuncios del Ministerio de Econom\u00eda sobre avances con el Club de Par\u00eds.<\/p>\n","protected":false},"author":3,"featured_media":0,"comment_status":"closed","ping_status":"closed","sticky":false,"template":"","format":"standard","meta":{"footnotes":""},"categories":[36],"tags":[],"class_list":["post-89766","post","type-post","status-publish","format-standard","hentry","category-economia"],"yoast_head":"<!-- This site is optimized with the Yoast SEO plugin v25.9 - https:\/\/yoast.com\/wordpress\/plugins\/seo\/ -->\n<title>Acciones y bonos trepan luego del anuncio de Massa como candidato - Noticias Radio Reflejos<\/title>\n<meta name=\"robots\" content=\"index, follow, max-snippet:-1, max-image-preview:large, max-video-preview:-1\" \/>\n<link rel=\"canonical\" href=\"https:\/\/www.noticiasradioreflejos.com.ar\/2021\/acciones-y-bonos-trepan-luego-del-anuncio-de-massa-como-candidato\/\" \/>\n<meta property=\"og:locale\" content=\"es_ES\" \/>\n<meta property=\"og:type\" content=\"article\" \/>\n<meta property=\"og:title\" content=\"Acciones y bonos trepan luego del anuncio de Massa como candidato - Noticias Radio Reflejos\" \/>\n<meta property=\"og:description\" content=\"Ascienden hasta 4%. Este lunes se esperan anuncios del Ministerio de Econom\u00eda sobre avances con el Club de Par\u00eds.\" \/>\n<meta property=\"og:url\" content=\"https:\/\/www.noticiasradioreflejos.com.ar\/2021\/acciones-y-bonos-trepan-luego-del-anuncio-de-massa-como-candidato\/\" \/>\n<meta property=\"og:site_name\" content=\"Noticias Radio Reflejos\" \/>\n<meta property=\"article:published_time\" content=\"2023-06-26T14:09:56+00:00\" \/>\n<meta property=\"og:image\" content=\"https:\/\/www.labrujula24.com\/wp-content\/uploads\/2023\/06\/mercados-scaled.jpg\" \/>\n<meta name=\"author\" content=\"Arnaldo Botto\" \/>\n<meta name=\"twitter:card\" content=\"summary_large_image\" \/>\n<script type=\"application\/ld+json\" class=\"yoast-schema-graph\">{\"@context\":\"https:\/\/schema.org\",\"@graph\":[{\"@type\":\"WebPage\",\"@id\":\"https:\/\/www.noticiasradioreflejos.com.ar\/2021\/acciones-y-bonos-trepan-luego-del-anuncio-de-massa-como-candidato\/\",\"url\":\"https:\/\/www.noticiasradioreflejos.com.ar\/2021\/acciones-y-bonos-trepan-luego-del-anuncio-de-massa-como-candidato\/\",\"name\":\"Acciones y bonos trepan luego del anuncio de Massa como candidato - Noticias Radio Reflejos\",\"isPartOf\":{\"@id\":\"https:\/\/www.noticiasradioreflejos.com.ar\/2021\/#website\"},\"primaryImageOfPage\":{\"@id\":\"https:\/\/www.noticiasradioreflejos.com.ar\/2021\/acciones-y-bonos-trepan-luego-del-anuncio-de-massa-como-candidato\/#primaryimage\"},\"image\":{\"@id\":\"https:\/\/www.noticiasradioreflejos.com.ar\/2021\/acciones-y-bonos-trepan-luego-del-anuncio-de-massa-como-candidato\/#primaryimage\"},\"thumbnailUrl\":\"https:\/\/www.labrujula24.com\/wp-content\/uploads\/2023\/06\/mercados-scaled.jpg\",\"datePublished\":\"2023-06-26T14:09:56+00:00\",\"author\":{\"@id\":\"https:\/\/www.noticiasradioreflejos.com.ar\/2021\/#\/schema\/person\/ad82545263dcc5ec0996818884fd5fb1\"},\"breadcrumb\":{\"@id\":\"https:\/\/www.noticiasradioreflejos.com.ar\/2021\/acciones-y-bonos-trepan-luego-del-anuncio-de-massa-como-candidato\/#breadcrumb\"},\"inLanguage\":\"es\",\"potentialAction\":[{\"@type\":\"ReadAction\",\"target\":[\"https:\/\/www.noticiasradioreflejos.com.ar\/2021\/acciones-y-bonos-trepan-luego-del-anuncio-de-massa-como-candidato\/\"]}]},{\"@type\":\"ImageObject\",\"inLanguage\":\"es\",\"@id\":\"https:\/\/www.noticiasradioreflejos.com.ar\/2021\/acciones-y-bonos-trepan-luego-del-anuncio-de-massa-como-candidato\/#primaryimage\",\"url\":\"https:\/\/www.labrujula24.com\/wp-content\/uploads\/2023\/06\/mercados-scaled.jpg\",\"contentUrl\":\"https:\/\/www.labrujula24.com\/wp-content\/uploads\/2023\/06\/mercados-scaled.jpg\"},{\"@type\":\"BreadcrumbList\",\"@id\":\"https:\/\/www.noticiasradioreflejos.com.ar\/2021\/acciones-y-bonos-trepan-luego-del-anuncio-de-massa-como-candidato\/#breadcrumb\",\"itemListElement\":[{\"@type\":\"ListItem\",\"position\":1,\"name\":\"Portada\",\"item\":\"https:\/\/www.noticiasradioreflejos.com.ar\/2021\/\"},{\"@type\":\"ListItem\",\"position\":2,\"name\":\"Acciones y bonos trepan luego del anuncio de Massa como candidato\"}]},{\"@type\":\"WebSite\",\"@id\":\"https:\/\/www.noticiasradioreflejos.com.ar\/2021\/#website\",\"url\":\"https:\/\/www.noticiasradioreflejos.com.ar\/2021\/\",\"name\":\"Noticias Radio Reflejos\",\"description\":\"Las noticias de mi comarca\",\"potentialAction\":[{\"@type\":\"SearchAction\",\"target\":{\"@type\":\"EntryPoint\",\"urlTemplate\":\"https:\/\/www.noticiasradioreflejos.com.ar\/2021\/?s={search_term_string}\"},\"query-input\":{\"@type\":\"PropertyValueSpecification\",\"valueRequired\":true,\"valueName\":\"search_term_string\"}}],\"inLanguage\":\"es\"},{\"@type\":\"Person\",\"@id\":\"https:\/\/www.noticiasradioreflejos.com.ar\/2021\/#\/schema\/person\/ad82545263dcc5ec0996818884fd5fb1\",\"name\":\"Arnaldo Botto\",\"image\":{\"@type\":\"ImageObject\",\"inLanguage\":\"es\",\"@id\":\"https:\/\/www.noticiasradioreflejos.com.ar\/2021\/#\/schema\/person\/image\/\",\"url\":\"https:\/\/secure.gravatar.com\/avatar\/55cb5e37c1efa326397366e6974cb338056df65cb50e7d64d1cf314e87504837?s=96&d=mm&r=g\",\"contentUrl\":\"https:\/\/secure.gravatar.com\/avatar\/55cb5e37c1efa326397366e6974cb338056df65cb50e7d64d1cf314e87504837?s=96&d=mm&r=g\",\"caption\":\"Arnaldo Botto\"},\"url\":\"https:\/\/www.noticiasradioreflejos.com.ar\/2021\/author\/arnaldo\/\"}]}<\/script>\n<!-- \/ Yoast SEO plugin. -->","yoast_head_json":{"title":"Acciones y bonos trepan luego del anuncio de Massa como candidato - Noticias Radio Reflejos","robots":{"index":"index","follow":"follow","max-snippet":"max-snippet:-1","max-image-preview":"max-image-preview:large","max-video-preview":"max-video-preview:-1"},"canonical":"https:\/\/www.noticiasradioreflejos.com.ar\/2021\/acciones-y-bonos-trepan-luego-del-anuncio-de-massa-como-candidato\/","og_locale":"es_ES","og_type":"article","og_title":"Acciones y bonos trepan luego del anuncio de Massa como candidato - Noticias Radio Reflejos","og_description":"Ascienden hasta 4%. Este lunes se esperan anuncios del Ministerio de Econom\u00eda sobre avances con el Club de Par\u00eds.","og_url":"https:\/\/www.noticiasradioreflejos.com.ar\/2021\/acciones-y-bonos-trepan-luego-del-anuncio-de-massa-como-candidato\/","og_site_name":"Noticias Radio Reflejos","article_published_time":"2023-06-26T14:09:56+00:00","og_image":[{"url":"https:\/\/www.labrujula24.com\/wp-content\/uploads\/2023\/06\/mercados-scaled.jpg","type":"","width":"","height":""}],"author":"Arnaldo Botto","twitter_card":"summary_large_image","schema":{"@context":"https:\/\/schema.org","@graph":[{"@type":"WebPage","@id":"https:\/\/www.noticiasradioreflejos.com.ar\/2021\/acciones-y-bonos-trepan-luego-del-anuncio-de-massa-como-candidato\/","url":"https:\/\/www.noticiasradioreflejos.com.ar\/2021\/acciones-y-bonos-trepan-luego-del-anuncio-de-massa-como-candidato\/","name":"Acciones y bonos trepan luego del anuncio de Massa como candidato - Noticias Radio Reflejos","isPartOf":{"@id":"https:\/\/www.noticiasradioreflejos.com.ar\/2021\/#website"},"primaryImageOfPage":{"@id":"https:\/\/www.noticiasradioreflejos.com.ar\/2021\/acciones-y-bonos-trepan-luego-del-anuncio-de-massa-como-candidato\/#primaryimage"},"image":{"@id":"https:\/\/www.noticiasradioreflejos.com.ar\/2021\/acciones-y-bonos-trepan-luego-del-anuncio-de-massa-como-candidato\/#primaryimage"},"thumbnailUrl":"https:\/\/www.labrujula24.com\/wp-content\/uploads\/2023\/06\/mercados-scaled.jpg","datePublished":"2023-06-26T14:09:56+00:00","author":{"@id":"https:\/\/www.noticiasradioreflejos.com.ar\/2021\/#\/schema\/person\/ad82545263dcc5ec0996818884fd5fb1"},"breadcrumb":{"@id":"https:\/\/www.noticiasradioreflejos.com.ar\/2021\/acciones-y-bonos-trepan-luego-del-anuncio-de-massa-como-candidato\/#breadcrumb"},"inLanguage":"es","potentialAction":[{"@type":"ReadAction","target":["https:\/\/www.noticiasradioreflejos.com.ar\/2021\/acciones-y-bonos-trepan-luego-del-anuncio-de-massa-como-candidato\/"]}]},{"@type":"ImageObject","inLanguage":"es","@id":"https:\/\/www.noticiasradioreflejos.com.ar\/2021\/acciones-y-bonos-trepan-luego-del-anuncio-de-massa-como-candidato\/#primaryimage","url":"https:\/\/www.labrujula24.com\/wp-content\/uploads\/2023\/06\/mercados-scaled.jpg","contentUrl":"https:\/\/www.labrujula24.com\/wp-content\/uploads\/2023\/06\/mercados-scaled.jpg"},{"@type":"BreadcrumbList","@id":"https:\/\/www.noticiasradioreflejos.com.ar\/2021\/acciones-y-bonos-trepan-luego-del-anuncio-de-massa-como-candidato\/#breadcrumb","itemListElement":[{"@type":"ListItem","position":1,"name":"Portada","item":"https:\/\/www.noticiasradioreflejos.com.ar\/2021\/"},{"@type":"ListItem","position":2,"name":"Acciones y bonos trepan luego del anuncio de Massa como candidato"}]},{"@type":"WebSite","@id":"https:\/\/www.noticiasradioreflejos.com.ar\/2021\/#website","url":"https:\/\/www.noticiasradioreflejos.com.ar\/2021\/","name":"Noticias Radio Reflejos","description":"Las noticias de mi comarca","potentialAction":[{"@type":"SearchAction","target":{"@type":"EntryPoint","urlTemplate":"https:\/\/www.noticiasradioreflejos.com.ar\/2021\/?s={search_term_string}"},"query-input":{"@type":"PropertyValueSpecification","valueRequired":true,"valueName":"search_term_string"}}],"inLanguage":"es"},{"@type":"Person","@id":"https:\/\/www.noticiasradioreflejos.com.ar\/2021\/#\/schema\/person\/ad82545263dcc5ec0996818884fd5fb1","name":"Arnaldo Botto","image":{"@type":"ImageObject","inLanguage":"es","@id":"https:\/\/www.noticiasradioreflejos.com.ar\/2021\/#\/schema\/person\/image\/","url":"https:\/\/secure.gravatar.com\/avatar\/55cb5e37c1efa326397366e6974cb338056df65cb50e7d64d1cf314e87504837?s=96&d=mm&r=g","contentUrl":"https:\/\/secure.gravatar.com\/avatar\/55cb5e37c1efa326397366e6974cb338056df65cb50e7d64d1cf314e87504837?s=96&d=mm&r=g","caption":"Arnaldo Botto"},"url":"https:\/\/www.noticiasradioreflejos.com.ar\/2021\/author\/arnaldo\/"}]}},"_links":{"self":[{"href":"https:\/\/www.noticiasradioreflejos.com.ar\/2021\/wp-json\/wp\/v2\/posts\/89766","targetHints":{"allow":["GET"]}}],"collection":[{"href":"https:\/\/www.noticiasradioreflejos.com.ar\/2021\/wp-json\/wp\/v2\/posts"}],"about":[{"href":"https:\/\/www.noticiasradioreflejos.com.ar\/2021\/wp-json\/wp\/v2\/types\/post"}],"author":[{"embeddable":true,"href":"https:\/\/www.noticiasradioreflejos.com.ar\/2021\/wp-json\/wp\/v2\/users\/3"}],"replies":[{"embeddable":true,"href":"https:\/\/www.noticiasradioreflejos.com.ar\/2021\/wp-json\/wp\/v2\/comments?post=89766"}],"version-history":[{"count":1,"href":"https:\/\/www.noticiasradioreflejos.com.ar\/2021\/wp-json\/wp\/v2\/posts\/89766\/revisions"}],"predecessor-version":[{"id":89767,"href":"https:\/\/www.noticiasradioreflejos.com.ar\/2021\/wp-json\/wp\/v2\/posts\/89766\/revisions\/89767"}],"wp:attachment":[{"href":"https:\/\/www.noticiasradioreflejos.com.ar\/2021\/wp-json\/wp\/v2\/media?parent=89766"}],"wp:term":[{"taxonomy":"category","embeddable":true,"href":"https:\/\/www.noticiasradioreflejos.com.ar\/2021\/wp-json\/wp\/v2\/categories?post=89766"},{"taxonomy":"post_tag","embeddable":true,"href":"https:\/\/www.noticiasradioreflejos.com.ar\/2021\/wp-json\/wp\/v2\/tags?post=89766"}],"curies":[{"name":"wp","href":"https:\/\/api.w.org\/{rel}","templated":true}]}}