{"id":89609,"date":"2023-06-22T11:29:45","date_gmt":"2023-06-22T11:29:45","guid":{"rendered":"https:\/\/www.noticiasradioreflejos.com.ar\/2021\/?p=89609"},"modified":"2023-06-22T11:29:45","modified_gmt":"2023-06-22T11:29:45","slug":"vencen-los-plazos-para-presentar-declaraciones-juradas-de-ganancias-y-bienes-personales","status":"publish","type":"post","link":"https:\/\/www.noticiasradioreflejos.com.ar\/2021\/vencen-los-plazos-para-presentar-declaraciones-juradas-de-ganancias-y-bienes-personales\/","title":{"rendered":"Vencen los plazos para presentar declaraciones juradas de Ganancias y Bienes Personales"},"content":{"rendered":"<p>Los plazos para la presentaci\u00f3n de declaraciones juradas del impuesto a las Ganancias y Bienes Personales de personas humanas y sucesiones indivisas, y del impuesto cedular, comenzar\u00e1n a vencer desde hoy y hasta el lunes pr\u00f3ximo, seg\u00fan corresponda al n\u00famero de finalizaci\u00f3n del CUIT de cada contribuyente.<!--more--><\/p>\n<p>Seg\u00fan determin\u00f3 la Administraci\u00f3n Federal de Ingresos P\u00fablicos (AFIP), la presentaci\u00f3n de las declaraciones vence los d\u00edas 22, 23 y 26 de junio, mientras que las fechas de pago son 23, 26 y 28.<\/p>\n<p>Los y las contribuyentes obligados a presentar la declaraci\u00f3n jurada del impuesto a los Bienes Personales rige para bienes gravados cuyo valor supere los $ 11.282.141,08.<\/p>\n<p>La casa habitaci\u00f3n no queda incluida en el tributo en la medida en que sea inferior a $ 56.410.705,41.<\/p>\n<p>Por su parte, las declaraciones juradas correspondientes al impuesto cedular tienen los mismos plazos que las del impuesto a las Ganancias.<\/p>\n<p>El calendario de vencimientos operar\u00e1 de acuerdo a la terminaci\u00f3n de la CUIT de cada contribuyente, de la siguiente forma:<\/p>\n<p>&#8211; Finalizados en 0, 1, 2 y 3 tendr\u00e1n fecha de presentaci\u00f3n hoy y fecha de pago ma\u00f1ana.<\/p>\n<p>&#8211; Finalizados en 4, 5 y 6 tendr\u00e1n fecha de presentaci\u00f3n ma\u00f1ana y fecha de pago el lunes 26.<\/p>\n<p>&#8211; Finalizados en 7, 8 y 9 tendr\u00e1n fecha de presentaci\u00f3n el pr\u00f3ximo lunes y fecha de pago el mi\u00e9rcoles 28.<\/p>\n<p>En tanto, las declaraciones juradas de Ganancias y del impuesto cedular se realizan a trav\u00e9s del servicio con clave fiscal Ganancias Personas Humanas-Portal integrado.<\/p>\n<p>En el caso de Bienes Personales, la presentaci\u00f3n se realiza mediante el servicio web con clave fiscal Bienes Personales Web.<\/p>\n","protected":false},"excerpt":{"rendered":"<p>Los plazos para la presentaci\u00f3n de declaraciones juradas del impuesto a las Ganancias y Bienes Personales de personas humanas y sucesiones indivisas, y del impuesto cedular, comenzar\u00e1n a vencer desde hoy y hasta el lunes pr\u00f3ximo, seg\u00fan corresponda al n\u00famero de finalizaci\u00f3n del CUIT de cada contribuyente.<\/p>\n","protected":false},"author":3,"featured_media":55951,"comment_status":"closed","ping_status":"closed","sticky":false,"template":"","format":"standard","meta":{"footnotes":""},"categories":[36],"tags":[],"class_list":["post-89609","post","type-post","status-publish","format-standard","has-post-thumbnail","hentry","category-economia"],"yoast_head":"<!-- This site is optimized with the Yoast SEO plugin v25.9 - https:\/\/yoast.com\/wordpress\/plugins\/seo\/ -->\n<title>Vencen los plazos para presentar declaraciones juradas de Ganancias y Bienes Personales - Noticias Radio Reflejos<\/title>\n<meta name=\"robots\" content=\"index, follow, max-snippet:-1, max-image-preview:large, max-video-preview:-1\" \/>\n<link rel=\"canonical\" href=\"https:\/\/www.noticiasradioreflejos.com.ar\/2021\/vencen-los-plazos-para-presentar-declaraciones-juradas-de-ganancias-y-bienes-personales\/\" \/>\n<meta property=\"og:locale\" content=\"es_ES\" \/>\n<meta property=\"og:type\" content=\"article\" \/>\n<meta property=\"og:title\" content=\"Vencen los plazos para presentar declaraciones juradas de Ganancias y Bienes Personales - Noticias Radio Reflejos\" \/>\n<meta property=\"og:description\" content=\"Los plazos para la presentaci\u00f3n de declaraciones juradas del impuesto a las Ganancias y Bienes Personales de personas humanas y sucesiones indivisas, y del impuesto cedular, comenzar\u00e1n a vencer desde hoy y hasta el lunes pr\u00f3ximo, seg\u00fan corresponda al n\u00famero de finalizaci\u00f3n del CUIT de cada contribuyente.\" \/>\n<meta property=\"og:url\" content=\"https:\/\/www.noticiasradioreflejos.com.ar\/2021\/vencen-los-plazos-para-presentar-declaraciones-juradas-de-ganancias-y-bienes-personales\/\" \/>\n<meta property=\"og:site_name\" content=\"Noticias Radio Reflejos\" \/>\n<meta property=\"article:published_time\" content=\"2023-06-22T11:29:45+00:00\" \/>\n<meta property=\"og:image\" content=\"https:\/\/www.noticiasradioreflejos.com.ar\/2021\/wp-content\/uploads\/2021\/04\/afip.jpg\" \/>\n\t<meta property=\"og:image:width\" content=\"1004\" \/>\n\t<meta property=\"og:image:height\" content=\"669\" \/>\n\t<meta property=\"og:image:type\" content=\"image\/jpeg\" \/>\n<meta name=\"author\" content=\"Arnaldo Botto\" \/>\n<meta name=\"twitter:card\" content=\"summary_large_image\" \/>\n<script type=\"application\/ld+json\" class=\"yoast-schema-graph\">{\"@context\":\"https:\/\/schema.org\",\"@graph\":[{\"@type\":\"WebPage\",\"@id\":\"https:\/\/www.noticiasradioreflejos.com.ar\/2021\/vencen-los-plazos-para-presentar-declaraciones-juradas-de-ganancias-y-bienes-personales\/\",\"url\":\"https:\/\/www.noticiasradioreflejos.com.ar\/2021\/vencen-los-plazos-para-presentar-declaraciones-juradas-de-ganancias-y-bienes-personales\/\",\"name\":\"Vencen los plazos para presentar declaraciones juradas de Ganancias y Bienes Personales - Noticias Radio Reflejos\",\"isPartOf\":{\"@id\":\"https:\/\/www.noticiasradioreflejos.com.ar\/2021\/#website\"},\"primaryImageOfPage\":{\"@id\":\"https:\/\/www.noticiasradioreflejos.com.ar\/2021\/vencen-los-plazos-para-presentar-declaraciones-juradas-de-ganancias-y-bienes-personales\/#primaryimage\"},\"image\":{\"@id\":\"https:\/\/www.noticiasradioreflejos.com.ar\/2021\/vencen-los-plazos-para-presentar-declaraciones-juradas-de-ganancias-y-bienes-personales\/#primaryimage\"},\"thumbnailUrl\":\"https:\/\/www.noticiasradioreflejos.com.ar\/2021\/wp-content\/uploads\/2021\/04\/afip.jpg\",\"datePublished\":\"2023-06-22T11:29:45+00:00\",\"author\":{\"@id\":\"https:\/\/www.noticiasradioreflejos.com.ar\/2021\/#\/schema\/person\/ad82545263dcc5ec0996818884fd5fb1\"},\"breadcrumb\":{\"@id\":\"https:\/\/www.noticiasradioreflejos.com.ar\/2021\/vencen-los-plazos-para-presentar-declaraciones-juradas-de-ganancias-y-bienes-personales\/#breadcrumb\"},\"inLanguage\":\"es\",\"potentialAction\":[{\"@type\":\"ReadAction\",\"target\":[\"https:\/\/www.noticiasradioreflejos.com.ar\/2021\/vencen-los-plazos-para-presentar-declaraciones-juradas-de-ganancias-y-bienes-personales\/\"]}]},{\"@type\":\"ImageObject\",\"inLanguage\":\"es\",\"@id\":\"https:\/\/www.noticiasradioreflejos.com.ar\/2021\/vencen-los-plazos-para-presentar-declaraciones-juradas-de-ganancias-y-bienes-personales\/#primaryimage\",\"url\":\"https:\/\/www.noticiasradioreflejos.com.ar\/2021\/wp-content\/uploads\/2021\/04\/afip.jpg\",\"contentUrl\":\"https:\/\/www.noticiasradioreflejos.com.ar\/2021\/wp-content\/uploads\/2021\/04\/afip.jpg\",\"width\":1004,\"height\":669},{\"@type\":\"BreadcrumbList\",\"@id\":\"https:\/\/www.noticiasradioreflejos.com.ar\/2021\/vencen-los-plazos-para-presentar-declaraciones-juradas-de-ganancias-y-bienes-personales\/#breadcrumb\",\"itemListElement\":[{\"@type\":\"ListItem\",\"position\":1,\"name\":\"Portada\",\"item\":\"https:\/\/www.noticiasradioreflejos.com.ar\/2021\/\"},{\"@type\":\"ListItem\",\"position\":2,\"name\":\"Vencen los plazos para presentar declaraciones juradas de Ganancias y Bienes Personales\"}]},{\"@type\":\"WebSite\",\"@id\":\"https:\/\/www.noticiasradioreflejos.com.ar\/2021\/#website\",\"url\":\"https:\/\/www.noticiasradioreflejos.com.ar\/2021\/\",\"name\":\"Noticias Radio Reflejos\",\"description\":\"Las noticias de mi comarca\",\"potentialAction\":[{\"@type\":\"SearchAction\",\"target\":{\"@type\":\"EntryPoint\",\"urlTemplate\":\"https:\/\/www.noticiasradioreflejos.com.ar\/2021\/?s={search_term_string}\"},\"query-input\":{\"@type\":\"PropertyValueSpecification\",\"valueRequired\":true,\"valueName\":\"search_term_string\"}}],\"inLanguage\":\"es\"},{\"@type\":\"Person\",\"@id\":\"https:\/\/www.noticiasradioreflejos.com.ar\/2021\/#\/schema\/person\/ad82545263dcc5ec0996818884fd5fb1\",\"name\":\"Arnaldo Botto\",\"image\":{\"@type\":\"ImageObject\",\"inLanguage\":\"es\",\"@id\":\"https:\/\/www.noticiasradioreflejos.com.ar\/2021\/#\/schema\/person\/image\/\",\"url\":\"https:\/\/secure.gravatar.com\/avatar\/55cb5e37c1efa326397366e6974cb338056df65cb50e7d64d1cf314e87504837?s=96&d=mm&r=g\",\"contentUrl\":\"https:\/\/secure.gravatar.com\/avatar\/55cb5e37c1efa326397366e6974cb338056df65cb50e7d64d1cf314e87504837?s=96&d=mm&r=g\",\"caption\":\"Arnaldo Botto\"},\"url\":\"https:\/\/www.noticiasradioreflejos.com.ar\/2021\/author\/arnaldo\/\"}]}<\/script>\n<!-- \/ Yoast SEO plugin. -->","yoast_head_json":{"title":"Vencen los plazos para presentar declaraciones juradas de Ganancias y Bienes Personales - Noticias Radio Reflejos","robots":{"index":"index","follow":"follow","max-snippet":"max-snippet:-1","max-image-preview":"max-image-preview:large","max-video-preview":"max-video-preview:-1"},"canonical":"https:\/\/www.noticiasradioreflejos.com.ar\/2021\/vencen-los-plazos-para-presentar-declaraciones-juradas-de-ganancias-y-bienes-personales\/","og_locale":"es_ES","og_type":"article","og_title":"Vencen los plazos para presentar declaraciones juradas de Ganancias y Bienes Personales - Noticias Radio Reflejos","og_description":"Los plazos para la presentaci\u00f3n de declaraciones juradas del impuesto a las Ganancias y Bienes Personales de personas humanas y sucesiones indivisas, y del impuesto cedular, comenzar\u00e1n a vencer desde hoy y hasta el lunes pr\u00f3ximo, seg\u00fan corresponda al n\u00famero de finalizaci\u00f3n del CUIT de cada contribuyente.","og_url":"https:\/\/www.noticiasradioreflejos.com.ar\/2021\/vencen-los-plazos-para-presentar-declaraciones-juradas-de-ganancias-y-bienes-personales\/","og_site_name":"Noticias Radio Reflejos","article_published_time":"2023-06-22T11:29:45+00:00","og_image":[{"width":1004,"height":669,"url":"https:\/\/www.noticiasradioreflejos.com.ar\/2021\/wp-content\/uploads\/2021\/04\/afip.jpg","type":"image\/jpeg"}],"author":"Arnaldo Botto","twitter_card":"summary_large_image","schema":{"@context":"https:\/\/schema.org","@graph":[{"@type":"WebPage","@id":"https:\/\/www.noticiasradioreflejos.com.ar\/2021\/vencen-los-plazos-para-presentar-declaraciones-juradas-de-ganancias-y-bienes-personales\/","url":"https:\/\/www.noticiasradioreflejos.com.ar\/2021\/vencen-los-plazos-para-presentar-declaraciones-juradas-de-ganancias-y-bienes-personales\/","name":"Vencen los plazos para presentar declaraciones juradas de Ganancias y Bienes Personales - Noticias Radio Reflejos","isPartOf":{"@id":"https:\/\/www.noticiasradioreflejos.com.ar\/2021\/#website"},"primaryImageOfPage":{"@id":"https:\/\/www.noticiasradioreflejos.com.ar\/2021\/vencen-los-plazos-para-presentar-declaraciones-juradas-de-ganancias-y-bienes-personales\/#primaryimage"},"image":{"@id":"https:\/\/www.noticiasradioreflejos.com.ar\/2021\/vencen-los-plazos-para-presentar-declaraciones-juradas-de-ganancias-y-bienes-personales\/#primaryimage"},"thumbnailUrl":"https:\/\/www.noticiasradioreflejos.com.ar\/2021\/wp-content\/uploads\/2021\/04\/afip.jpg","datePublished":"2023-06-22T11:29:45+00:00","author":{"@id":"https:\/\/www.noticiasradioreflejos.com.ar\/2021\/#\/schema\/person\/ad82545263dcc5ec0996818884fd5fb1"},"breadcrumb":{"@id":"https:\/\/www.noticiasradioreflejos.com.ar\/2021\/vencen-los-plazos-para-presentar-declaraciones-juradas-de-ganancias-y-bienes-personales\/#breadcrumb"},"inLanguage":"es","potentialAction":[{"@type":"ReadAction","target":["https:\/\/www.noticiasradioreflejos.com.ar\/2021\/vencen-los-plazos-para-presentar-declaraciones-juradas-de-ganancias-y-bienes-personales\/"]}]},{"@type":"ImageObject","inLanguage":"es","@id":"https:\/\/www.noticiasradioreflejos.com.ar\/2021\/vencen-los-plazos-para-presentar-declaraciones-juradas-de-ganancias-y-bienes-personales\/#primaryimage","url":"https:\/\/www.noticiasradioreflejos.com.ar\/2021\/wp-content\/uploads\/2021\/04\/afip.jpg","contentUrl":"https:\/\/www.noticiasradioreflejos.com.ar\/2021\/wp-content\/uploads\/2021\/04\/afip.jpg","width":1004,"height":669},{"@type":"BreadcrumbList","@id":"https:\/\/www.noticiasradioreflejos.com.ar\/2021\/vencen-los-plazos-para-presentar-declaraciones-juradas-de-ganancias-y-bienes-personales\/#breadcrumb","itemListElement":[{"@type":"ListItem","position":1,"name":"Portada","item":"https:\/\/www.noticiasradioreflejos.com.ar\/2021\/"},{"@type":"ListItem","position":2,"name":"Vencen los plazos para presentar declaraciones juradas de Ganancias y Bienes Personales"}]},{"@type":"WebSite","@id":"https:\/\/www.noticiasradioreflejos.com.ar\/2021\/#website","url":"https:\/\/www.noticiasradioreflejos.com.ar\/2021\/","name":"Noticias Radio Reflejos","description":"Las noticias de mi comarca","potentialAction":[{"@type":"SearchAction","target":{"@type":"EntryPoint","urlTemplate":"https:\/\/www.noticiasradioreflejos.com.ar\/2021\/?s={search_term_string}"},"query-input":{"@type":"PropertyValueSpecification","valueRequired":true,"valueName":"search_term_string"}}],"inLanguage":"es"},{"@type":"Person","@id":"https:\/\/www.noticiasradioreflejos.com.ar\/2021\/#\/schema\/person\/ad82545263dcc5ec0996818884fd5fb1","name":"Arnaldo Botto","image":{"@type":"ImageObject","inLanguage":"es","@id":"https:\/\/www.noticiasradioreflejos.com.ar\/2021\/#\/schema\/person\/image\/","url":"https:\/\/secure.gravatar.com\/avatar\/55cb5e37c1efa326397366e6974cb338056df65cb50e7d64d1cf314e87504837?s=96&d=mm&r=g","contentUrl":"https:\/\/secure.gravatar.com\/avatar\/55cb5e37c1efa326397366e6974cb338056df65cb50e7d64d1cf314e87504837?s=96&d=mm&r=g","caption":"Arnaldo Botto"},"url":"https:\/\/www.noticiasradioreflejos.com.ar\/2021\/author\/arnaldo\/"}]}},"_links":{"self":[{"href":"https:\/\/www.noticiasradioreflejos.com.ar\/2021\/wp-json\/wp\/v2\/posts\/89609","targetHints":{"allow":["GET"]}}],"collection":[{"href":"https:\/\/www.noticiasradioreflejos.com.ar\/2021\/wp-json\/wp\/v2\/posts"}],"about":[{"href":"https:\/\/www.noticiasradioreflejos.com.ar\/2021\/wp-json\/wp\/v2\/types\/post"}],"author":[{"embeddable":true,"href":"https:\/\/www.noticiasradioreflejos.com.ar\/2021\/wp-json\/wp\/v2\/users\/3"}],"replies":[{"embeddable":true,"href":"https:\/\/www.noticiasradioreflejos.com.ar\/2021\/wp-json\/wp\/v2\/comments?post=89609"}],"version-history":[{"count":1,"href":"https:\/\/www.noticiasradioreflejos.com.ar\/2021\/wp-json\/wp\/v2\/posts\/89609\/revisions"}],"predecessor-version":[{"id":89610,"href":"https:\/\/www.noticiasradioreflejos.com.ar\/2021\/wp-json\/wp\/v2\/posts\/89609\/revisions\/89610"}],"wp:featuredmedia":[{"embeddable":true,"href":"https:\/\/www.noticiasradioreflejos.com.ar\/2021\/wp-json\/wp\/v2\/media\/55951"}],"wp:attachment":[{"href":"https:\/\/www.noticiasradioreflejos.com.ar\/2021\/wp-json\/wp\/v2\/media?parent=89609"}],"wp:term":[{"taxonomy":"category","embeddable":true,"href":"https:\/\/www.noticiasradioreflejos.com.ar\/2021\/wp-json\/wp\/v2\/categories?post=89609"},{"taxonomy":"post_tag","embeddable":true,"href":"https:\/\/www.noticiasradioreflejos.com.ar\/2021\/wp-json\/wp\/v2\/tags?post=89609"}],"curies":[{"name":"wp","href":"https:\/\/api.w.org\/{rel}","templated":true}]}}