{"id":89603,"date":"2023-06-22T11:23:13","date_gmt":"2023-06-22T11:23:13","guid":{"rendered":"https:\/\/www.noticiasradioreflejos.com.ar\/2021\/?p=89603"},"modified":"2023-06-22T11:23:13","modified_gmt":"2023-06-22T11:23:13","slug":"alertas-por-lluvias-nevadas-y-vientos-intensos-para-zona-cordillerana-y-por-tormentas-en-misiones","status":"publish","type":"post","link":"https:\/\/www.noticiasradioreflejos.com.ar\/2021\/alertas-por-lluvias-nevadas-y-vientos-intensos-para-zona-cordillerana-y-por-tormentas-en-misiones\/","title":{"rendered":"Alertas por lluvias, nevadas y vientos intensos para zona cordillerana y por tormentas en Misiones"},"content":{"rendered":"<p>El Servicio Meteorol\u00f3gico Nacional (SMN) emiti\u00f3 alertas por fuertes lluvias, nevadas y vientos para la regi\u00f3n cordillerana de San Juan, Mendoza, Neuqu\u00e9n, R\u00edo Negro, Chubut y Santa Cruz, en tanto rige una advertencia por tormentas para Misiones.<!--more--><\/p>\n<p>En la cordillera de Calingasta (San Juan) hay alerta amarilla por nevadas de variada intensidad y se esperan valores de nieve acumulada entre 50 y 80 centr\u00edmetros, pudiendo ser superados en forma puntual.<\/p>\n<p>Adem\u00e1s, el fen\u00f3meno estar\u00e1 acompa\u00f1ado por vientos fuertes, por lo que puede generarse reducci\u00f3n de visibilidad por nieve en suspensi\u00f3n, seg\u00fan inform\u00f3 el SMN.<\/p>\n<p>Las mismas condiciones meteorol\u00f3gicas se prev\u00e9n en las zonas cordilleranas de Las Heras, de Luj\u00e1n de Cuyo y Tupungato (Mendoza), donde adem\u00e1s hacia el sur rige alerta de nivel naranja porque la nieve acumulada puede alcanzar valores entre 100 y 150 cent\u00edmetros.<\/p>\n<p>En Neuqu\u00e9n, en la zona cordillerana de Alumin\u00e9, de Chos Malal, de Loncopu\u00e9, de Minas, de Picunches, de \u00d1orqu\u00edn, de L\u00e1car, de Huiliches y sur de Alumin\u00e9 hay alertas amarillas y naranja por lluvias fuertes y persistentes y se esperan valores de precipitaci\u00f3n acumulada de entre 20 y 30 mil\u00edmetros y entre 40 y 70 mil\u00edmetros, seg\u00fan las zonas.<\/p>\n<p>Hacia el centro de la provincia tambi\u00e9n rige alerta amarilla por vientos intensos del sector oeste con velocidades entre 60 y 75 kil\u00f3metros por hora y r\u00e1fagas que pueden superar los 90 kil\u00f3metros por hora.<\/p>\n<p>En Bariloche y las cordilleras de Pilcaniyeu y de \u00d1orquinc\u00f3, en R\u00edo Negro, hay alerta amarilla por lluvias persistentes y localmente fuertes, con valores esperado de acumulaci\u00f3n entre 20 y 30 mil\u00edmetros, y tambi\u00e9n por nevadas persistentes, con valores acumulados de nieve entre 20 y 30 cent\u00edmetros.<\/p>\n<p>Las mismas alertas rigen para las cordilleras de Futaleuf\u00fa, de Langui\u00f1eo y de Tehuelches, en Chubut, en tanto que para la Meseta de Escalante, Sarmiento y sudoeste de Florentino Ameghino rige alerta amarillo por vientos intensos del sector oeste con velocidades entre 60 y 75 kil\u00f3metros por hora y r\u00e1fagas que pueden superar los 90 kil\u00f3metros por hora.<\/p>\n<p>Iguales condiciones de vientos intensos se esperan en Santa Cruz, en las zonas de cordillera y de mesetas de Lago Buenos Aires y de R\u00edo Chico, y en las mesetas de Deseado y de Magallanes.<\/p>\n<p>Finalmente, el SMN mantiene alerta amarilla para Misiones por lluvias y tormentas, algunas localmente fuertes, acompa\u00f1adas de r\u00e1fagas, ocasional ca\u00edda de granizo e importantes valores de precipitaci\u00f3n acumulada, que se estiman entre 30 y 60 mil\u00edmetros.<\/p>\n","protected":false},"excerpt":{"rendered":"<p>El Servicio Meteorol\u00f3gico Nacional (SMN) emiti\u00f3 alertas por fuertes lluvias, nevadas y vientos para la regi\u00f3n cordillerana de San Juan, Mendoza, Neuqu\u00e9n, R\u00edo Negro, Chubut y Santa Cruz, en tanto rige una advertencia por tormentas para Misiones.<\/p>\n","protected":false},"author":3,"featured_media":89604,"comment_status":"closed","ping_status":"closed","sticky":false,"template":"","format":"standard","meta":{"footnotes":""},"categories":[46],"tags":[],"class_list":["post-89603","post","type-post","status-publish","format-standard","has-post-thumbnail","hentry","category-ciencia-y-tecnologia"],"yoast_head":"<!-- This site is optimized with the Yoast SEO plugin v25.9 - https:\/\/yoast.com\/wordpress\/plugins\/seo\/ -->\n<title>Alertas por lluvias, nevadas y vientos intensos para zona cordillerana y por tormentas en Misiones - Noticias Radio Reflejos<\/title>\n<meta name=\"robots\" content=\"index, follow, max-snippet:-1, max-image-preview:large, max-video-preview:-1\" \/>\n<link rel=\"canonical\" href=\"https:\/\/www.noticiasradioreflejos.com.ar\/2021\/alertas-por-lluvias-nevadas-y-vientos-intensos-para-zona-cordillerana-y-por-tormentas-en-misiones\/\" \/>\n<meta property=\"og:locale\" content=\"es_ES\" \/>\n<meta property=\"og:type\" content=\"article\" \/>\n<meta property=\"og:title\" content=\"Alertas por lluvias, nevadas y vientos intensos para zona cordillerana y por tormentas en Misiones - Noticias Radio Reflejos\" \/>\n<meta property=\"og:description\" content=\"El Servicio Meteorol\u00f3gico Nacional (SMN) emiti\u00f3 alertas por fuertes lluvias, nevadas y vientos para la regi\u00f3n cordillerana de San Juan, Mendoza, Neuqu\u00e9n, R\u00edo Negro, Chubut y Santa Cruz, en tanto rige una advertencia por tormentas para Misiones.\" \/>\n<meta property=\"og:url\" content=\"https:\/\/www.noticiasradioreflejos.com.ar\/2021\/alertas-por-lluvias-nevadas-y-vientos-intensos-para-zona-cordillerana-y-por-tormentas-en-misiones\/\" \/>\n<meta property=\"og:site_name\" content=\"Noticias Radio Reflejos\" \/>\n<meta property=\"article:published_time\" content=\"2023-06-22T11:23:13+00:00\" \/>\n<meta property=\"og:image\" content=\"https:\/\/www.noticiasradioreflejos.com.ar\/2021\/wp-content\/uploads\/2023\/06\/nevada.jpg\" \/>\n\t<meta property=\"og:image:width\" content=\"1920\" \/>\n\t<meta property=\"og:image:height\" content=\"1080\" \/>\n\t<meta property=\"og:image:type\" content=\"image\/jpeg\" \/>\n<meta name=\"author\" content=\"Arnaldo Botto\" \/>\n<meta name=\"twitter:card\" content=\"summary_large_image\" \/>\n<script type=\"application\/ld+json\" class=\"yoast-schema-graph\">{\"@context\":\"https:\/\/schema.org\",\"@graph\":[{\"@type\":\"WebPage\",\"@id\":\"https:\/\/www.noticiasradioreflejos.com.ar\/2021\/alertas-por-lluvias-nevadas-y-vientos-intensos-para-zona-cordillerana-y-por-tormentas-en-misiones\/\",\"url\":\"https:\/\/www.noticiasradioreflejos.com.ar\/2021\/alertas-por-lluvias-nevadas-y-vientos-intensos-para-zona-cordillerana-y-por-tormentas-en-misiones\/\",\"name\":\"Alertas por lluvias, nevadas y vientos intensos para zona cordillerana y por tormentas en Misiones - Noticias Radio Reflejos\",\"isPartOf\":{\"@id\":\"https:\/\/www.noticiasradioreflejos.com.ar\/2021\/#website\"},\"primaryImageOfPage\":{\"@id\":\"https:\/\/www.noticiasradioreflejos.com.ar\/2021\/alertas-por-lluvias-nevadas-y-vientos-intensos-para-zona-cordillerana-y-por-tormentas-en-misiones\/#primaryimage\"},\"image\":{\"@id\":\"https:\/\/www.noticiasradioreflejos.com.ar\/2021\/alertas-por-lluvias-nevadas-y-vientos-intensos-para-zona-cordillerana-y-por-tormentas-en-misiones\/#primaryimage\"},\"thumbnailUrl\":\"https:\/\/www.noticiasradioreflejos.com.ar\/2021\/wp-content\/uploads\/2023\/06\/nevada.jpg\",\"datePublished\":\"2023-06-22T11:23:13+00:00\",\"author\":{\"@id\":\"https:\/\/www.noticiasradioreflejos.com.ar\/2021\/#\/schema\/person\/ad82545263dcc5ec0996818884fd5fb1\"},\"breadcrumb\":{\"@id\":\"https:\/\/www.noticiasradioreflejos.com.ar\/2021\/alertas-por-lluvias-nevadas-y-vientos-intensos-para-zona-cordillerana-y-por-tormentas-en-misiones\/#breadcrumb\"},\"inLanguage\":\"es\",\"potentialAction\":[{\"@type\":\"ReadAction\",\"target\":[\"https:\/\/www.noticiasradioreflejos.com.ar\/2021\/alertas-por-lluvias-nevadas-y-vientos-intensos-para-zona-cordillerana-y-por-tormentas-en-misiones\/\"]}]},{\"@type\":\"ImageObject\",\"inLanguage\":\"es\",\"@id\":\"https:\/\/www.noticiasradioreflejos.com.ar\/2021\/alertas-por-lluvias-nevadas-y-vientos-intensos-para-zona-cordillerana-y-por-tormentas-en-misiones\/#primaryimage\",\"url\":\"https:\/\/www.noticiasradioreflejos.com.ar\/2021\/wp-content\/uploads\/2023\/06\/nevada.jpg\",\"contentUrl\":\"https:\/\/www.noticiasradioreflejos.com.ar\/2021\/wp-content\/uploads\/2023\/06\/nevada.jpg\",\"width\":1920,\"height\":1080},{\"@type\":\"BreadcrumbList\",\"@id\":\"https:\/\/www.noticiasradioreflejos.com.ar\/2021\/alertas-por-lluvias-nevadas-y-vientos-intensos-para-zona-cordillerana-y-por-tormentas-en-misiones\/#breadcrumb\",\"itemListElement\":[{\"@type\":\"ListItem\",\"position\":1,\"name\":\"Portada\",\"item\":\"https:\/\/www.noticiasradioreflejos.com.ar\/2021\/\"},{\"@type\":\"ListItem\",\"position\":2,\"name\":\"Alertas por lluvias, nevadas y vientos intensos para zona cordillerana y por tormentas en Misiones\"}]},{\"@type\":\"WebSite\",\"@id\":\"https:\/\/www.noticiasradioreflejos.com.ar\/2021\/#website\",\"url\":\"https:\/\/www.noticiasradioreflejos.com.ar\/2021\/\",\"name\":\"Noticias Radio Reflejos\",\"description\":\"Las noticias de mi comarca\",\"potentialAction\":[{\"@type\":\"SearchAction\",\"target\":{\"@type\":\"EntryPoint\",\"urlTemplate\":\"https:\/\/www.noticiasradioreflejos.com.ar\/2021\/?s={search_term_string}\"},\"query-input\":{\"@type\":\"PropertyValueSpecification\",\"valueRequired\":true,\"valueName\":\"search_term_string\"}}],\"inLanguage\":\"es\"},{\"@type\":\"Person\",\"@id\":\"https:\/\/www.noticiasradioreflejos.com.ar\/2021\/#\/schema\/person\/ad82545263dcc5ec0996818884fd5fb1\",\"name\":\"Arnaldo Botto\",\"image\":{\"@type\":\"ImageObject\",\"inLanguage\":\"es\",\"@id\":\"https:\/\/www.noticiasradioreflejos.com.ar\/2021\/#\/schema\/person\/image\/\",\"url\":\"https:\/\/secure.gravatar.com\/avatar\/55cb5e37c1efa326397366e6974cb338056df65cb50e7d64d1cf314e87504837?s=96&d=mm&r=g\",\"contentUrl\":\"https:\/\/secure.gravatar.com\/avatar\/55cb5e37c1efa326397366e6974cb338056df65cb50e7d64d1cf314e87504837?s=96&d=mm&r=g\",\"caption\":\"Arnaldo Botto\"},\"url\":\"https:\/\/www.noticiasradioreflejos.com.ar\/2021\/author\/arnaldo\/\"}]}<\/script>\n<!-- \/ Yoast SEO plugin. -->","yoast_head_json":{"title":"Alertas por lluvias, nevadas y vientos intensos para zona cordillerana y por tormentas en Misiones - Noticias Radio Reflejos","robots":{"index":"index","follow":"follow","max-snippet":"max-snippet:-1","max-image-preview":"max-image-preview:large","max-video-preview":"max-video-preview:-1"},"canonical":"https:\/\/www.noticiasradioreflejos.com.ar\/2021\/alertas-por-lluvias-nevadas-y-vientos-intensos-para-zona-cordillerana-y-por-tormentas-en-misiones\/","og_locale":"es_ES","og_type":"article","og_title":"Alertas por lluvias, nevadas y vientos intensos para zona cordillerana y por tormentas en Misiones - Noticias Radio Reflejos","og_description":"El Servicio Meteorol\u00f3gico Nacional (SMN) emiti\u00f3 alertas por fuertes lluvias, nevadas y vientos para la regi\u00f3n cordillerana de San Juan, Mendoza, Neuqu\u00e9n, R\u00edo Negro, Chubut y Santa Cruz, en tanto rige una advertencia por tormentas para Misiones.","og_url":"https:\/\/www.noticiasradioreflejos.com.ar\/2021\/alertas-por-lluvias-nevadas-y-vientos-intensos-para-zona-cordillerana-y-por-tormentas-en-misiones\/","og_site_name":"Noticias Radio Reflejos","article_published_time":"2023-06-22T11:23:13+00:00","og_image":[{"width":1920,"height":1080,"url":"https:\/\/www.noticiasradioreflejos.com.ar\/2021\/wp-content\/uploads\/2023\/06\/nevada.jpg","type":"image\/jpeg"}],"author":"Arnaldo Botto","twitter_card":"summary_large_image","schema":{"@context":"https:\/\/schema.org","@graph":[{"@type":"WebPage","@id":"https:\/\/www.noticiasradioreflejos.com.ar\/2021\/alertas-por-lluvias-nevadas-y-vientos-intensos-para-zona-cordillerana-y-por-tormentas-en-misiones\/","url":"https:\/\/www.noticiasradioreflejos.com.ar\/2021\/alertas-por-lluvias-nevadas-y-vientos-intensos-para-zona-cordillerana-y-por-tormentas-en-misiones\/","name":"Alertas por lluvias, nevadas y vientos intensos para zona cordillerana y por tormentas en Misiones - Noticias Radio Reflejos","isPartOf":{"@id":"https:\/\/www.noticiasradioreflejos.com.ar\/2021\/#website"},"primaryImageOfPage":{"@id":"https:\/\/www.noticiasradioreflejos.com.ar\/2021\/alertas-por-lluvias-nevadas-y-vientos-intensos-para-zona-cordillerana-y-por-tormentas-en-misiones\/#primaryimage"},"image":{"@id":"https:\/\/www.noticiasradioreflejos.com.ar\/2021\/alertas-por-lluvias-nevadas-y-vientos-intensos-para-zona-cordillerana-y-por-tormentas-en-misiones\/#primaryimage"},"thumbnailUrl":"https:\/\/www.noticiasradioreflejos.com.ar\/2021\/wp-content\/uploads\/2023\/06\/nevada.jpg","datePublished":"2023-06-22T11:23:13+00:00","author":{"@id":"https:\/\/www.noticiasradioreflejos.com.ar\/2021\/#\/schema\/person\/ad82545263dcc5ec0996818884fd5fb1"},"breadcrumb":{"@id":"https:\/\/www.noticiasradioreflejos.com.ar\/2021\/alertas-por-lluvias-nevadas-y-vientos-intensos-para-zona-cordillerana-y-por-tormentas-en-misiones\/#breadcrumb"},"inLanguage":"es","potentialAction":[{"@type":"ReadAction","target":["https:\/\/www.noticiasradioreflejos.com.ar\/2021\/alertas-por-lluvias-nevadas-y-vientos-intensos-para-zona-cordillerana-y-por-tormentas-en-misiones\/"]}]},{"@type":"ImageObject","inLanguage":"es","@id":"https:\/\/www.noticiasradioreflejos.com.ar\/2021\/alertas-por-lluvias-nevadas-y-vientos-intensos-para-zona-cordillerana-y-por-tormentas-en-misiones\/#primaryimage","url":"https:\/\/www.noticiasradioreflejos.com.ar\/2021\/wp-content\/uploads\/2023\/06\/nevada.jpg","contentUrl":"https:\/\/www.noticiasradioreflejos.com.ar\/2021\/wp-content\/uploads\/2023\/06\/nevada.jpg","width":1920,"height":1080},{"@type":"BreadcrumbList","@id":"https:\/\/www.noticiasradioreflejos.com.ar\/2021\/alertas-por-lluvias-nevadas-y-vientos-intensos-para-zona-cordillerana-y-por-tormentas-en-misiones\/#breadcrumb","itemListElement":[{"@type":"ListItem","position":1,"name":"Portada","item":"https:\/\/www.noticiasradioreflejos.com.ar\/2021\/"},{"@type":"ListItem","position":2,"name":"Alertas por lluvias, nevadas y vientos intensos para zona cordillerana y por tormentas en Misiones"}]},{"@type":"WebSite","@id":"https:\/\/www.noticiasradioreflejos.com.ar\/2021\/#website","url":"https:\/\/www.noticiasradioreflejos.com.ar\/2021\/","name":"Noticias Radio Reflejos","description":"Las noticias de mi comarca","potentialAction":[{"@type":"SearchAction","target":{"@type":"EntryPoint","urlTemplate":"https:\/\/www.noticiasradioreflejos.com.ar\/2021\/?s={search_term_string}"},"query-input":{"@type":"PropertyValueSpecification","valueRequired":true,"valueName":"search_term_string"}}],"inLanguage":"es"},{"@type":"Person","@id":"https:\/\/www.noticiasradioreflejos.com.ar\/2021\/#\/schema\/person\/ad82545263dcc5ec0996818884fd5fb1","name":"Arnaldo Botto","image":{"@type":"ImageObject","inLanguage":"es","@id":"https:\/\/www.noticiasradioreflejos.com.ar\/2021\/#\/schema\/person\/image\/","url":"https:\/\/secure.gravatar.com\/avatar\/55cb5e37c1efa326397366e6974cb338056df65cb50e7d64d1cf314e87504837?s=96&d=mm&r=g","contentUrl":"https:\/\/secure.gravatar.com\/avatar\/55cb5e37c1efa326397366e6974cb338056df65cb50e7d64d1cf314e87504837?s=96&d=mm&r=g","caption":"Arnaldo Botto"},"url":"https:\/\/www.noticiasradioreflejos.com.ar\/2021\/author\/arnaldo\/"}]}},"_links":{"self":[{"href":"https:\/\/www.noticiasradioreflejos.com.ar\/2021\/wp-json\/wp\/v2\/posts\/89603","targetHints":{"allow":["GET"]}}],"collection":[{"href":"https:\/\/www.noticiasradioreflejos.com.ar\/2021\/wp-json\/wp\/v2\/posts"}],"about":[{"href":"https:\/\/www.noticiasradioreflejos.com.ar\/2021\/wp-json\/wp\/v2\/types\/post"}],"author":[{"embeddable":true,"href":"https:\/\/www.noticiasradioreflejos.com.ar\/2021\/wp-json\/wp\/v2\/users\/3"}],"replies":[{"embeddable":true,"href":"https:\/\/www.noticiasradioreflejos.com.ar\/2021\/wp-json\/wp\/v2\/comments?post=89603"}],"version-history":[{"count":1,"href":"https:\/\/www.noticiasradioreflejos.com.ar\/2021\/wp-json\/wp\/v2\/posts\/89603\/revisions"}],"predecessor-version":[{"id":89605,"href":"https:\/\/www.noticiasradioreflejos.com.ar\/2021\/wp-json\/wp\/v2\/posts\/89603\/revisions\/89605"}],"wp:featuredmedia":[{"embeddable":true,"href":"https:\/\/www.noticiasradioreflejos.com.ar\/2021\/wp-json\/wp\/v2\/media\/89604"}],"wp:attachment":[{"href":"https:\/\/www.noticiasradioreflejos.com.ar\/2021\/wp-json\/wp\/v2\/media?parent=89603"}],"wp:term":[{"taxonomy":"category","embeddable":true,"href":"https:\/\/www.noticiasradioreflejos.com.ar\/2021\/wp-json\/wp\/v2\/categories?post=89603"},{"taxonomy":"post_tag","embeddable":true,"href":"https:\/\/www.noticiasradioreflejos.com.ar\/2021\/wp-json\/wp\/v2\/tags?post=89603"}],"curies":[{"name":"wp","href":"https:\/\/api.w.org\/{rel}","templated":true}]}}