{"id":89601,"date":"2023-06-22T11:20:45","date_gmt":"2023-06-22T11:20:45","guid":{"rendered":"https:\/\/www.noticiasradioreflejos.com.ar\/2021\/?p=89601"},"modified":"2023-06-22T11:20:45","modified_gmt":"2023-06-22T11:20:45","slug":"docentes-nucleados-en-ctera-cumplen-un-paro-nacional-de-24-horas-en-repudio-a-la-represion-en-jujuy","status":"publish","type":"post","link":"https:\/\/www.noticiasradioreflejos.com.ar\/2021\/docentes-nucleados-en-ctera-cumplen-un-paro-nacional-de-24-horas-en-repudio-a-la-represion-en-jujuy\/","title":{"rendered":"Docentes nucleados en Ctera cumplen un paro nacional de 24 horas en repudio a la represi\u00f3n en Jujuy"},"content":{"rendered":"<p>Docentes nucleados en la Confederaci\u00f3n de Trabajadores de la Educaci\u00f3n (Ctera) cumplen hoy un paro nacional de 24 horas ante \u00abla grave situaci\u00f3n que vive\u00bb el sector y \u00abel pueblo juje\u00f1o\u00bb, y en rechazo a la represi\u00f3n policial del martes contra manifestantes que reclamaban por la reforma de la Constituci\u00f3n de esa provincia.<!--more--><\/p>\n<p>La confederaci\u00f3n que nuclea a educadores de todo el pa\u00eds responsabiliz\u00f3 por la \u00abcreciente conflictividad en Jujuy\u00bb al \u00abaccionar\u00bb del gobierno de Gerardo Morales, a quien denunciaron por \u00abotorgar aumentos por decretos, sin di\u00e1logo\u00bb.<\/p>\n<p>Adem\u00e1s, apuntaron contra el gobernador y precandidato presidencial de Juntos por el Cambio por impulsar una \u00abConstituci\u00f3n inconsulta y antidemocr\u00e1tica\u00bb.<\/p>\n<p>En tanto, en la ciudad de Buenos Aires, los gremios de docentes porte\u00f1os Ademys y UTE cumplen desde ayer un paro de 48 horas por reclamos salariales y en repudio a la represi\u00f3n a las protestas por parte del gobierno de Morales en Jujuy.<\/p>\n<p>En la provincia de Buenos Aires, el Sindicato \u00danico de Trabajadores de la Educaci\u00f3n bonaerense (Suteba) y los gremios AMET, FEB y Udocba declararon su adhesi\u00f3n a la medida de fuerza de Ctera para denunciar la situaci\u00f3n de los trabajadores del sector en Jujuy y repudiar la represi\u00f3n policial.<\/p>\n<p>En la provincia de Santa Fe, en tanto, los secretarios generales de los gremios docentes ratificaron su adhesi\u00f3n al paro nacional por 24 horas convocado para hoy por la Ctera en solidaridad con \u00ablos docentes y el pueblo juje\u00f1o, que en sus distintas expresiones ha sido avasallado y ha sido reprimido\u00bb.<\/p>\n<p>En Tucum\u00e1n, a su vez, gremios docentes de instituciones p\u00fablicas, de la Universidad Nacional y privados anunciaron que se sumar\u00e1n al paro de Ctera en respuesta a \u00abla represi\u00f3n brutal, y a la reforma constitucional que lleva adelante el gobernador Morales, que afecta los derechos de toda la sociedad\u00bb.<\/p>\n","protected":false},"excerpt":{"rendered":"<p>Docentes nucleados en la Confederaci\u00f3n de Trabajadores de la Educaci\u00f3n (Ctera) cumplen hoy un paro nacional de 24 horas ante \u00abla grave situaci\u00f3n que vive\u00bb el sector y \u00abel pueblo juje\u00f1o\u00bb, y en rechazo a la represi\u00f3n policial del martes contra manifestantes que reclamaban por la reforma de la Constituci\u00f3n de esa provincia.<\/p>\n","protected":false},"author":3,"featured_media":1184,"comment_status":"closed","ping_status":"closed","sticky":false,"template":"","format":"standard","meta":{"footnotes":""},"categories":[34,24,26],"tags":[],"class_list":["post-89601","post","type-post","status-publish","format-standard","has-post-thumbnail","hentry","category-educacion","category-politica","category-sociedad"],"yoast_head":"<!-- This site is optimized with the Yoast SEO plugin v25.9 - https:\/\/yoast.com\/wordpress\/plugins\/seo\/ -->\n<title>Docentes nucleados en Ctera cumplen un paro nacional de 24 horas en repudio a la represi\u00f3n en Jujuy - Noticias Radio Reflejos<\/title>\n<meta name=\"robots\" content=\"index, follow, max-snippet:-1, max-image-preview:large, max-video-preview:-1\" \/>\n<link rel=\"canonical\" href=\"https:\/\/www.noticiasradioreflejos.com.ar\/2021\/docentes-nucleados-en-ctera-cumplen-un-paro-nacional-de-24-horas-en-repudio-a-la-represion-en-jujuy\/\" \/>\n<meta property=\"og:locale\" content=\"es_ES\" \/>\n<meta property=\"og:type\" content=\"article\" \/>\n<meta property=\"og:title\" content=\"Docentes nucleados en Ctera cumplen un paro nacional de 24 horas en repudio a la represi\u00f3n en Jujuy - Noticias Radio Reflejos\" \/>\n<meta property=\"og:description\" content=\"Docentes nucleados en la Confederaci\u00f3n de Trabajadores de la Educaci\u00f3n (Ctera) cumplen hoy un paro nacional de 24 horas ante \u00abla grave situaci\u00f3n que vive\u00bb el sector y \u00abel pueblo juje\u00f1o\u00bb, y en rechazo a la represi\u00f3n policial del martes contra manifestantes que reclamaban por la reforma de la Constituci\u00f3n de esa provincia.\" \/>\n<meta property=\"og:url\" content=\"https:\/\/www.noticiasradioreflejos.com.ar\/2021\/docentes-nucleados-en-ctera-cumplen-un-paro-nacional-de-24-horas-en-repudio-a-la-represion-en-jujuy\/\" \/>\n<meta property=\"og:site_name\" content=\"Noticias Radio Reflejos\" \/>\n<meta property=\"article:published_time\" content=\"2023-06-22T11:20:45+00:00\" \/>\n<meta property=\"og:image\" content=\"https:\/\/www.noticiasradioreflejos.com.ar\/2021\/wp-content\/uploads\/2016\/09\/paro-docente.jpg\" \/>\n\t<meta property=\"og:image:width\" content=\"746\" \/>\n\t<meta property=\"og:image:height\" content=\"418\" \/>\n\t<meta property=\"og:image:type\" content=\"image\/jpeg\" \/>\n<meta name=\"author\" content=\"Arnaldo Botto\" \/>\n<meta name=\"twitter:card\" content=\"summary_large_image\" \/>\n<script type=\"application\/ld+json\" class=\"yoast-schema-graph\">{\"@context\":\"https:\/\/schema.org\",\"@graph\":[{\"@type\":\"WebPage\",\"@id\":\"https:\/\/www.noticiasradioreflejos.com.ar\/2021\/docentes-nucleados-en-ctera-cumplen-un-paro-nacional-de-24-horas-en-repudio-a-la-represion-en-jujuy\/\",\"url\":\"https:\/\/www.noticiasradioreflejos.com.ar\/2021\/docentes-nucleados-en-ctera-cumplen-un-paro-nacional-de-24-horas-en-repudio-a-la-represion-en-jujuy\/\",\"name\":\"Docentes nucleados en Ctera cumplen un paro nacional de 24 horas en repudio a la represi\u00f3n en Jujuy - Noticias Radio Reflejos\",\"isPartOf\":{\"@id\":\"https:\/\/www.noticiasradioreflejos.com.ar\/2021\/#website\"},\"primaryImageOfPage\":{\"@id\":\"https:\/\/www.noticiasradioreflejos.com.ar\/2021\/docentes-nucleados-en-ctera-cumplen-un-paro-nacional-de-24-horas-en-repudio-a-la-represion-en-jujuy\/#primaryimage\"},\"image\":{\"@id\":\"https:\/\/www.noticiasradioreflejos.com.ar\/2021\/docentes-nucleados-en-ctera-cumplen-un-paro-nacional-de-24-horas-en-repudio-a-la-represion-en-jujuy\/#primaryimage\"},\"thumbnailUrl\":\"https:\/\/www.noticiasradioreflejos.com.ar\/2021\/wp-content\/uploads\/2016\/09\/paro-docente.jpg\",\"datePublished\":\"2023-06-22T11:20:45+00:00\",\"author\":{\"@id\":\"https:\/\/www.noticiasradioreflejos.com.ar\/2021\/#\/schema\/person\/ad82545263dcc5ec0996818884fd5fb1\"},\"breadcrumb\":{\"@id\":\"https:\/\/www.noticiasradioreflejos.com.ar\/2021\/docentes-nucleados-en-ctera-cumplen-un-paro-nacional-de-24-horas-en-repudio-a-la-represion-en-jujuy\/#breadcrumb\"},\"inLanguage\":\"es\",\"potentialAction\":[{\"@type\":\"ReadAction\",\"target\":[\"https:\/\/www.noticiasradioreflejos.com.ar\/2021\/docentes-nucleados-en-ctera-cumplen-un-paro-nacional-de-24-horas-en-repudio-a-la-represion-en-jujuy\/\"]}]},{\"@type\":\"ImageObject\",\"inLanguage\":\"es\",\"@id\":\"https:\/\/www.noticiasradioreflejos.com.ar\/2021\/docentes-nucleados-en-ctera-cumplen-un-paro-nacional-de-24-horas-en-repudio-a-la-represion-en-jujuy\/#primaryimage\",\"url\":\"https:\/\/www.noticiasradioreflejos.com.ar\/2021\/wp-content\/uploads\/2016\/09\/paro-docente.jpg\",\"contentUrl\":\"https:\/\/www.noticiasradioreflejos.com.ar\/2021\/wp-content\/uploads\/2016\/09\/paro-docente.jpg\",\"width\":746,\"height\":418},{\"@type\":\"BreadcrumbList\",\"@id\":\"https:\/\/www.noticiasradioreflejos.com.ar\/2021\/docentes-nucleados-en-ctera-cumplen-un-paro-nacional-de-24-horas-en-repudio-a-la-represion-en-jujuy\/#breadcrumb\",\"itemListElement\":[{\"@type\":\"ListItem\",\"position\":1,\"name\":\"Portada\",\"item\":\"https:\/\/www.noticiasradioreflejos.com.ar\/2021\/\"},{\"@type\":\"ListItem\",\"position\":2,\"name\":\"Docentes nucleados en Ctera cumplen un paro nacional de 24 horas en repudio a la represi\u00f3n en Jujuy\"}]},{\"@type\":\"WebSite\",\"@id\":\"https:\/\/www.noticiasradioreflejos.com.ar\/2021\/#website\",\"url\":\"https:\/\/www.noticiasradioreflejos.com.ar\/2021\/\",\"name\":\"Noticias Radio Reflejos\",\"description\":\"Las noticias de mi comarca\",\"potentialAction\":[{\"@type\":\"SearchAction\",\"target\":{\"@type\":\"EntryPoint\",\"urlTemplate\":\"https:\/\/www.noticiasradioreflejos.com.ar\/2021\/?s={search_term_string}\"},\"query-input\":{\"@type\":\"PropertyValueSpecification\",\"valueRequired\":true,\"valueName\":\"search_term_string\"}}],\"inLanguage\":\"es\"},{\"@type\":\"Person\",\"@id\":\"https:\/\/www.noticiasradioreflejos.com.ar\/2021\/#\/schema\/person\/ad82545263dcc5ec0996818884fd5fb1\",\"name\":\"Arnaldo Botto\",\"image\":{\"@type\":\"ImageObject\",\"inLanguage\":\"es\",\"@id\":\"https:\/\/www.noticiasradioreflejos.com.ar\/2021\/#\/schema\/person\/image\/\",\"url\":\"https:\/\/secure.gravatar.com\/avatar\/55cb5e37c1efa326397366e6974cb338056df65cb50e7d64d1cf314e87504837?s=96&d=mm&r=g\",\"contentUrl\":\"https:\/\/secure.gravatar.com\/avatar\/55cb5e37c1efa326397366e6974cb338056df65cb50e7d64d1cf314e87504837?s=96&d=mm&r=g\",\"caption\":\"Arnaldo Botto\"},\"url\":\"https:\/\/www.noticiasradioreflejos.com.ar\/2021\/author\/arnaldo\/\"}]}<\/script>\n<!-- \/ Yoast SEO plugin. -->","yoast_head_json":{"title":"Docentes nucleados en Ctera cumplen un paro nacional de 24 horas en repudio a la represi\u00f3n en Jujuy - Noticias Radio Reflejos","robots":{"index":"index","follow":"follow","max-snippet":"max-snippet:-1","max-image-preview":"max-image-preview:large","max-video-preview":"max-video-preview:-1"},"canonical":"https:\/\/www.noticiasradioreflejos.com.ar\/2021\/docentes-nucleados-en-ctera-cumplen-un-paro-nacional-de-24-horas-en-repudio-a-la-represion-en-jujuy\/","og_locale":"es_ES","og_type":"article","og_title":"Docentes nucleados en Ctera cumplen un paro nacional de 24 horas en repudio a la represi\u00f3n en Jujuy - Noticias Radio Reflejos","og_description":"Docentes nucleados en la Confederaci\u00f3n de Trabajadores de la Educaci\u00f3n (Ctera) cumplen hoy un paro nacional de 24 horas ante \u00abla grave situaci\u00f3n que vive\u00bb el sector y \u00abel pueblo juje\u00f1o\u00bb, y en rechazo a la represi\u00f3n policial del martes contra manifestantes que reclamaban por la reforma de la Constituci\u00f3n de esa provincia.","og_url":"https:\/\/www.noticiasradioreflejos.com.ar\/2021\/docentes-nucleados-en-ctera-cumplen-un-paro-nacional-de-24-horas-en-repudio-a-la-represion-en-jujuy\/","og_site_name":"Noticias Radio Reflejos","article_published_time":"2023-06-22T11:20:45+00:00","og_image":[{"width":746,"height":418,"url":"https:\/\/www.noticiasradioreflejos.com.ar\/2021\/wp-content\/uploads\/2016\/09\/paro-docente.jpg","type":"image\/jpeg"}],"author":"Arnaldo Botto","twitter_card":"summary_large_image","schema":{"@context":"https:\/\/schema.org","@graph":[{"@type":"WebPage","@id":"https:\/\/www.noticiasradioreflejos.com.ar\/2021\/docentes-nucleados-en-ctera-cumplen-un-paro-nacional-de-24-horas-en-repudio-a-la-represion-en-jujuy\/","url":"https:\/\/www.noticiasradioreflejos.com.ar\/2021\/docentes-nucleados-en-ctera-cumplen-un-paro-nacional-de-24-horas-en-repudio-a-la-represion-en-jujuy\/","name":"Docentes nucleados en Ctera cumplen un paro nacional de 24 horas en repudio a la represi\u00f3n en Jujuy - Noticias Radio Reflejos","isPartOf":{"@id":"https:\/\/www.noticiasradioreflejos.com.ar\/2021\/#website"},"primaryImageOfPage":{"@id":"https:\/\/www.noticiasradioreflejos.com.ar\/2021\/docentes-nucleados-en-ctera-cumplen-un-paro-nacional-de-24-horas-en-repudio-a-la-represion-en-jujuy\/#primaryimage"},"image":{"@id":"https:\/\/www.noticiasradioreflejos.com.ar\/2021\/docentes-nucleados-en-ctera-cumplen-un-paro-nacional-de-24-horas-en-repudio-a-la-represion-en-jujuy\/#primaryimage"},"thumbnailUrl":"https:\/\/www.noticiasradioreflejos.com.ar\/2021\/wp-content\/uploads\/2016\/09\/paro-docente.jpg","datePublished":"2023-06-22T11:20:45+00:00","author":{"@id":"https:\/\/www.noticiasradioreflejos.com.ar\/2021\/#\/schema\/person\/ad82545263dcc5ec0996818884fd5fb1"},"breadcrumb":{"@id":"https:\/\/www.noticiasradioreflejos.com.ar\/2021\/docentes-nucleados-en-ctera-cumplen-un-paro-nacional-de-24-horas-en-repudio-a-la-represion-en-jujuy\/#breadcrumb"},"inLanguage":"es","potentialAction":[{"@type":"ReadAction","target":["https:\/\/www.noticiasradioreflejos.com.ar\/2021\/docentes-nucleados-en-ctera-cumplen-un-paro-nacional-de-24-horas-en-repudio-a-la-represion-en-jujuy\/"]}]},{"@type":"ImageObject","inLanguage":"es","@id":"https:\/\/www.noticiasradioreflejos.com.ar\/2021\/docentes-nucleados-en-ctera-cumplen-un-paro-nacional-de-24-horas-en-repudio-a-la-represion-en-jujuy\/#primaryimage","url":"https:\/\/www.noticiasradioreflejos.com.ar\/2021\/wp-content\/uploads\/2016\/09\/paro-docente.jpg","contentUrl":"https:\/\/www.noticiasradioreflejos.com.ar\/2021\/wp-content\/uploads\/2016\/09\/paro-docente.jpg","width":746,"height":418},{"@type":"BreadcrumbList","@id":"https:\/\/www.noticiasradioreflejos.com.ar\/2021\/docentes-nucleados-en-ctera-cumplen-un-paro-nacional-de-24-horas-en-repudio-a-la-represion-en-jujuy\/#breadcrumb","itemListElement":[{"@type":"ListItem","position":1,"name":"Portada","item":"https:\/\/www.noticiasradioreflejos.com.ar\/2021\/"},{"@type":"ListItem","position":2,"name":"Docentes nucleados en Ctera cumplen un paro nacional de 24 horas en repudio a la represi\u00f3n en Jujuy"}]},{"@type":"WebSite","@id":"https:\/\/www.noticiasradioreflejos.com.ar\/2021\/#website","url":"https:\/\/www.noticiasradioreflejos.com.ar\/2021\/","name":"Noticias Radio Reflejos","description":"Las noticias de mi comarca","potentialAction":[{"@type":"SearchAction","target":{"@type":"EntryPoint","urlTemplate":"https:\/\/www.noticiasradioreflejos.com.ar\/2021\/?s={search_term_string}"},"query-input":{"@type":"PropertyValueSpecification","valueRequired":true,"valueName":"search_term_string"}}],"inLanguage":"es"},{"@type":"Person","@id":"https:\/\/www.noticiasradioreflejos.com.ar\/2021\/#\/schema\/person\/ad82545263dcc5ec0996818884fd5fb1","name":"Arnaldo Botto","image":{"@type":"ImageObject","inLanguage":"es","@id":"https:\/\/www.noticiasradioreflejos.com.ar\/2021\/#\/schema\/person\/image\/","url":"https:\/\/secure.gravatar.com\/avatar\/55cb5e37c1efa326397366e6974cb338056df65cb50e7d64d1cf314e87504837?s=96&d=mm&r=g","contentUrl":"https:\/\/secure.gravatar.com\/avatar\/55cb5e37c1efa326397366e6974cb338056df65cb50e7d64d1cf314e87504837?s=96&d=mm&r=g","caption":"Arnaldo Botto"},"url":"https:\/\/www.noticiasradioreflejos.com.ar\/2021\/author\/arnaldo\/"}]}},"_links":{"self":[{"href":"https:\/\/www.noticiasradioreflejos.com.ar\/2021\/wp-json\/wp\/v2\/posts\/89601","targetHints":{"allow":["GET"]}}],"collection":[{"href":"https:\/\/www.noticiasradioreflejos.com.ar\/2021\/wp-json\/wp\/v2\/posts"}],"about":[{"href":"https:\/\/www.noticiasradioreflejos.com.ar\/2021\/wp-json\/wp\/v2\/types\/post"}],"author":[{"embeddable":true,"href":"https:\/\/www.noticiasradioreflejos.com.ar\/2021\/wp-json\/wp\/v2\/users\/3"}],"replies":[{"embeddable":true,"href":"https:\/\/www.noticiasradioreflejos.com.ar\/2021\/wp-json\/wp\/v2\/comments?post=89601"}],"version-history":[{"count":1,"href":"https:\/\/www.noticiasradioreflejos.com.ar\/2021\/wp-json\/wp\/v2\/posts\/89601\/revisions"}],"predecessor-version":[{"id":89602,"href":"https:\/\/www.noticiasradioreflejos.com.ar\/2021\/wp-json\/wp\/v2\/posts\/89601\/revisions\/89602"}],"wp:featuredmedia":[{"embeddable":true,"href":"https:\/\/www.noticiasradioreflejos.com.ar\/2021\/wp-json\/wp\/v2\/media\/1184"}],"wp:attachment":[{"href":"https:\/\/www.noticiasradioreflejos.com.ar\/2021\/wp-json\/wp\/v2\/media?parent=89601"}],"wp:term":[{"taxonomy":"category","embeddable":true,"href":"https:\/\/www.noticiasradioreflejos.com.ar\/2021\/wp-json\/wp\/v2\/categories?post=89601"},{"taxonomy":"post_tag","embeddable":true,"href":"https:\/\/www.noticiasradioreflejos.com.ar\/2021\/wp-json\/wp\/v2\/tags?post=89601"}],"curies":[{"name":"wp","href":"https:\/\/api.w.org\/{rel}","templated":true}]}}