{"id":89598,"date":"2023-06-22T11:17:30","date_gmt":"2023-06-22T11:17:30","guid":{"rendered":"https:\/\/www.noticiasradioreflejos.com.ar\/2021\/?p=89598"},"modified":"2023-06-22T11:17:30","modified_gmt":"2023-06-22T11:17:30","slug":"la-afa-busca-reducir-de-tres-a-dos-los-descensos-para-esta-temporada","status":"publish","type":"post","link":"https:\/\/www.noticiasradioreflejos.com.ar\/2021\/la-afa-busca-reducir-de-tres-a-dos-los-descensos-para-esta-temporada\/","title":{"rendered":"La AFA busca reducir de tres a dos los descensos para esta temporada"},"content":{"rendered":"<p>La Asamblea Extraordinaria de AFA que se llevar\u00e1 a cabo esta tarde en el predio de Ezeiza procurar\u00e1 resolver la reducci\u00f3n de tres a dos descensos para esta temporada de la Liga Profesional de F\u00fatbol (LPF) cuando ya se llevan disputadas 21 fechas del primer campeonato del a\u00f1o.<!--more--><\/p>\n<p>(T\u00e9lam) Hasta hoy est\u00e1n previstos tres descensos, dos por promedios y el restante por Tabla Anual, que ser\u00eda el que se eliminar\u00eda, seg\u00fan anticip\u00f3 el secretario general de AFA y presidente de Racing Club, V\u00edctor Blanco.<\/p>\n<p>Esto ocurrir\u00eda tambi\u00e9n a favor de las presiones ejercidas especialmente por tres clubes grandes como Independiente, V\u00e9lez Sarsfield y Hurac\u00e1n, que hoy en d\u00eda est\u00e1n comprometidos justamente por Tabla Anual.<\/p>\n<p>Si bien Blanco consider\u00f3 \u00abdesprolijo\u00bb que se tome esta decisi\u00f3n cuando se est\u00e1 atravesando el tramo final de este primer campeonato de la temporada y todav\u00eda falta disputar la Copa de la Liga, apunt\u00f3 que va a \u00abacompa\u00f1ar\u00bb la postura que se adopte.<\/p>\n<p>La visita del presidente de FIFA, Gianni Infantino, para la disputa del Mundial Sub-20 de Argentina, cuando en uno de sus tantos encuentros le ponder\u00f3 al titular de AFA, Claudio Tapia, el formato del campeonato argentino con 28 participantes, estimul\u00f3 entonces la continuidad de este modelo que va en sinton\u00eda con la idea del suizo respecto de la realizaci\u00f3n de competencias multitudinarias.<\/p>\n<p>De hecho Infantino ya increment\u00f3 nada menos que en 16 participantes a los que competir\u00e1n en el pr\u00f3ximo Mundial de Estados Unidos, M\u00e9xico y Canad\u00e1 2026, que se elevar\u00e1 de 32 a 48 seleccionados.<\/p>\n<p>En un jueves en el que la atenci\u00f3n estar\u00e1 especialmente concentrada en los partidos de River Plate con Instituto desde las 19.45 y Godoy Cruz ante Boca Juniors, a partir de las 21.45, un rato antes desde AFA se tomar\u00e1 una decisi\u00f3n que va m\u00e1s all\u00e1 de la eliminaci\u00f3n del descenso mencionado, ya que definir\u00e1 la consolidaci\u00f3n del actual modelo a futuro.<\/p>\n<p>Un formato que hasta poco tiempo atr\u00e1s se planteaba la reducci\u00f3n paulatina del n\u00famero de participantes hasta llegar a 22 en 2026, con una aprobaci\u00f3n que superaba en n\u00famero la cantidad de los que la desaprobaban.<\/p>\n<p>Pero ahora la tendencia parece girar 180 grados, o mejor dicho, visto de manera f\u00e1ctica, dejar todo como est\u00e1 porque hay muchos clubes chicos y del interior que encuentran as\u00ed mayores chances de subirse y permanecer en primera divisi\u00f3n.<\/p>\n<p>Y de hecho la profesionalizaci\u00f3n de todas las categor\u00edas del f\u00fatbol de AFA a partir de la reestructuraci\u00f3n del a\u00f1o pr\u00f3ximo que determinar\u00e1 la fusi\u00f3n de las categor\u00edas de ascenso Primera C y D, tambi\u00e9n avanza en el mismo sentido.<\/p><\/div>\n","protected":false},"excerpt":{"rendered":"<p>La Asamblea Extraordinaria de AFA que se llevar\u00e1 a cabo esta tarde en el predio de Ezeiza procurar\u00e1 resolver la reducci\u00f3n de tres a dos descensos para esta temporada de la Liga Profesional de F\u00fatbol (LPF) cuando ya se llevan disputadas 21 fechas del primer campeonato del a\u00f1o.<\/p>\n","protected":false},"author":3,"featured_media":0,"comment_status":"closed","ping_status":"closed","sticky":false,"template":"","format":"standard","meta":{"footnotes":""},"categories":[27],"tags":[],"class_list":["post-89598","post","type-post","status-publish","format-standard","hentry","category-deportes"],"yoast_head":"<!-- This site is optimized with the Yoast SEO plugin v25.9 - https:\/\/yoast.com\/wordpress\/plugins\/seo\/ -->\n<title>La AFA busca reducir de tres a dos los descensos para esta temporada - Noticias Radio Reflejos<\/title>\n<meta name=\"robots\" content=\"index, follow, max-snippet:-1, max-image-preview:large, max-video-preview:-1\" \/>\n<link rel=\"canonical\" href=\"https:\/\/www.noticiasradioreflejos.com.ar\/2021\/la-afa-busca-reducir-de-tres-a-dos-los-descensos-para-esta-temporada\/\" \/>\n<meta property=\"og:locale\" content=\"es_ES\" \/>\n<meta property=\"og:type\" content=\"article\" \/>\n<meta property=\"og:title\" content=\"La AFA busca reducir de tres a dos los descensos para esta temporada - Noticias Radio Reflejos\" \/>\n<meta property=\"og:description\" content=\"La Asamblea Extraordinaria de AFA que se llevar\u00e1 a cabo esta tarde en el predio de Ezeiza procurar\u00e1 resolver la reducci\u00f3n de tres a dos descensos para esta temporada de la Liga Profesional de F\u00fatbol (LPF) cuando ya se llevan disputadas 21 fechas del primer campeonato del a\u00f1o.\" \/>\n<meta property=\"og:url\" content=\"https:\/\/www.noticiasradioreflejos.com.ar\/2021\/la-afa-busca-reducir-de-tres-a-dos-los-descensos-para-esta-temporada\/\" \/>\n<meta property=\"og:site_name\" content=\"Noticias Radio Reflejos\" \/>\n<meta property=\"article:published_time\" content=\"2023-06-22T11:17:30+00:00\" \/>\n<meta property=\"og:image\" content=\"https:\/\/www.noticiasradioreflejos.com.ar\/2021\/wp-content\/uploads\/2021\/07\/logosol300x200.png\" \/>\n\t<meta property=\"og:image:width\" content=\"300\" \/>\n\t<meta property=\"og:image:height\" content=\"200\" \/>\n\t<meta property=\"og:image:type\" content=\"image\/png\" \/>\n<meta name=\"author\" content=\"Arnaldo Botto\" \/>\n<meta name=\"twitter:card\" content=\"summary_large_image\" \/>\n<script type=\"application\/ld+json\" class=\"yoast-schema-graph\">{\"@context\":\"https:\/\/schema.org\",\"@graph\":[{\"@type\":\"WebPage\",\"@id\":\"https:\/\/www.noticiasradioreflejos.com.ar\/2021\/la-afa-busca-reducir-de-tres-a-dos-los-descensos-para-esta-temporada\/\",\"url\":\"https:\/\/www.noticiasradioreflejos.com.ar\/2021\/la-afa-busca-reducir-de-tres-a-dos-los-descensos-para-esta-temporada\/\",\"name\":\"La AFA busca reducir de tres a dos los descensos para esta temporada - Noticias Radio Reflejos\",\"isPartOf\":{\"@id\":\"https:\/\/www.noticiasradioreflejos.com.ar\/2021\/#website\"},\"datePublished\":\"2023-06-22T11:17:30+00:00\",\"author\":{\"@id\":\"https:\/\/www.noticiasradioreflejos.com.ar\/2021\/#\/schema\/person\/ad82545263dcc5ec0996818884fd5fb1\"},\"breadcrumb\":{\"@id\":\"https:\/\/www.noticiasradioreflejos.com.ar\/2021\/la-afa-busca-reducir-de-tres-a-dos-los-descensos-para-esta-temporada\/#breadcrumb\"},\"inLanguage\":\"es\",\"potentialAction\":[{\"@type\":\"ReadAction\",\"target\":[\"https:\/\/www.noticiasradioreflejos.com.ar\/2021\/la-afa-busca-reducir-de-tres-a-dos-los-descensos-para-esta-temporada\/\"]}]},{\"@type\":\"BreadcrumbList\",\"@id\":\"https:\/\/www.noticiasradioreflejos.com.ar\/2021\/la-afa-busca-reducir-de-tres-a-dos-los-descensos-para-esta-temporada\/#breadcrumb\",\"itemListElement\":[{\"@type\":\"ListItem\",\"position\":1,\"name\":\"Portada\",\"item\":\"https:\/\/www.noticiasradioreflejos.com.ar\/2021\/\"},{\"@type\":\"ListItem\",\"position\":2,\"name\":\"La AFA busca reducir de tres a dos los descensos para esta temporada\"}]},{\"@type\":\"WebSite\",\"@id\":\"https:\/\/www.noticiasradioreflejos.com.ar\/2021\/#website\",\"url\":\"https:\/\/www.noticiasradioreflejos.com.ar\/2021\/\",\"name\":\"Noticias Radio Reflejos\",\"description\":\"Las noticias de mi comarca\",\"potentialAction\":[{\"@type\":\"SearchAction\",\"target\":{\"@type\":\"EntryPoint\",\"urlTemplate\":\"https:\/\/www.noticiasradioreflejos.com.ar\/2021\/?s={search_term_string}\"},\"query-input\":{\"@type\":\"PropertyValueSpecification\",\"valueRequired\":true,\"valueName\":\"search_term_string\"}}],\"inLanguage\":\"es\"},{\"@type\":\"Person\",\"@id\":\"https:\/\/www.noticiasradioreflejos.com.ar\/2021\/#\/schema\/person\/ad82545263dcc5ec0996818884fd5fb1\",\"name\":\"Arnaldo Botto\",\"image\":{\"@type\":\"ImageObject\",\"inLanguage\":\"es\",\"@id\":\"https:\/\/www.noticiasradioreflejos.com.ar\/2021\/#\/schema\/person\/image\/\",\"url\":\"https:\/\/secure.gravatar.com\/avatar\/55cb5e37c1efa326397366e6974cb338056df65cb50e7d64d1cf314e87504837?s=96&d=mm&r=g\",\"contentUrl\":\"https:\/\/secure.gravatar.com\/avatar\/55cb5e37c1efa326397366e6974cb338056df65cb50e7d64d1cf314e87504837?s=96&d=mm&r=g\",\"caption\":\"Arnaldo Botto\"},\"url\":\"https:\/\/www.noticiasradioreflejos.com.ar\/2021\/author\/arnaldo\/\"}]}<\/script>\n<!-- \/ Yoast SEO plugin. -->","yoast_head_json":{"title":"La AFA busca reducir de tres a dos los descensos para esta temporada - Noticias Radio Reflejos","robots":{"index":"index","follow":"follow","max-snippet":"max-snippet:-1","max-image-preview":"max-image-preview:large","max-video-preview":"max-video-preview:-1"},"canonical":"https:\/\/www.noticiasradioreflejos.com.ar\/2021\/la-afa-busca-reducir-de-tres-a-dos-los-descensos-para-esta-temporada\/","og_locale":"es_ES","og_type":"article","og_title":"La AFA busca reducir de tres a dos los descensos para esta temporada - Noticias Radio Reflejos","og_description":"La Asamblea Extraordinaria de AFA que se llevar\u00e1 a cabo esta tarde en el predio de Ezeiza procurar\u00e1 resolver la reducci\u00f3n de tres a dos descensos para esta temporada de la Liga Profesional de F\u00fatbol (LPF) cuando ya se llevan disputadas 21 fechas del primer campeonato del a\u00f1o.","og_url":"https:\/\/www.noticiasradioreflejos.com.ar\/2021\/la-afa-busca-reducir-de-tres-a-dos-los-descensos-para-esta-temporada\/","og_site_name":"Noticias Radio Reflejos","article_published_time":"2023-06-22T11:17:30+00:00","og_image":[{"width":300,"height":200,"url":"https:\/\/www.noticiasradioreflejos.com.ar\/2021\/wp-content\/uploads\/2021\/07\/logosol300x200.png","type":"image\/png"}],"author":"Arnaldo Botto","twitter_card":"summary_large_image","schema":{"@context":"https:\/\/schema.org","@graph":[{"@type":"WebPage","@id":"https:\/\/www.noticiasradioreflejos.com.ar\/2021\/la-afa-busca-reducir-de-tres-a-dos-los-descensos-para-esta-temporada\/","url":"https:\/\/www.noticiasradioreflejos.com.ar\/2021\/la-afa-busca-reducir-de-tres-a-dos-los-descensos-para-esta-temporada\/","name":"La AFA busca reducir de tres a dos los descensos para esta temporada - Noticias Radio Reflejos","isPartOf":{"@id":"https:\/\/www.noticiasradioreflejos.com.ar\/2021\/#website"},"datePublished":"2023-06-22T11:17:30+00:00","author":{"@id":"https:\/\/www.noticiasradioreflejos.com.ar\/2021\/#\/schema\/person\/ad82545263dcc5ec0996818884fd5fb1"},"breadcrumb":{"@id":"https:\/\/www.noticiasradioreflejos.com.ar\/2021\/la-afa-busca-reducir-de-tres-a-dos-los-descensos-para-esta-temporada\/#breadcrumb"},"inLanguage":"es","potentialAction":[{"@type":"ReadAction","target":["https:\/\/www.noticiasradioreflejos.com.ar\/2021\/la-afa-busca-reducir-de-tres-a-dos-los-descensos-para-esta-temporada\/"]}]},{"@type":"BreadcrumbList","@id":"https:\/\/www.noticiasradioreflejos.com.ar\/2021\/la-afa-busca-reducir-de-tres-a-dos-los-descensos-para-esta-temporada\/#breadcrumb","itemListElement":[{"@type":"ListItem","position":1,"name":"Portada","item":"https:\/\/www.noticiasradioreflejos.com.ar\/2021\/"},{"@type":"ListItem","position":2,"name":"La AFA busca reducir de tres a dos los descensos para esta temporada"}]},{"@type":"WebSite","@id":"https:\/\/www.noticiasradioreflejos.com.ar\/2021\/#website","url":"https:\/\/www.noticiasradioreflejos.com.ar\/2021\/","name":"Noticias Radio Reflejos","description":"Las noticias de mi comarca","potentialAction":[{"@type":"SearchAction","target":{"@type":"EntryPoint","urlTemplate":"https:\/\/www.noticiasradioreflejos.com.ar\/2021\/?s={search_term_string}"},"query-input":{"@type":"PropertyValueSpecification","valueRequired":true,"valueName":"search_term_string"}}],"inLanguage":"es"},{"@type":"Person","@id":"https:\/\/www.noticiasradioreflejos.com.ar\/2021\/#\/schema\/person\/ad82545263dcc5ec0996818884fd5fb1","name":"Arnaldo Botto","image":{"@type":"ImageObject","inLanguage":"es","@id":"https:\/\/www.noticiasradioreflejos.com.ar\/2021\/#\/schema\/person\/image\/","url":"https:\/\/secure.gravatar.com\/avatar\/55cb5e37c1efa326397366e6974cb338056df65cb50e7d64d1cf314e87504837?s=96&d=mm&r=g","contentUrl":"https:\/\/secure.gravatar.com\/avatar\/55cb5e37c1efa326397366e6974cb338056df65cb50e7d64d1cf314e87504837?s=96&d=mm&r=g","caption":"Arnaldo Botto"},"url":"https:\/\/www.noticiasradioreflejos.com.ar\/2021\/author\/arnaldo\/"}]}},"_links":{"self":[{"href":"https:\/\/www.noticiasradioreflejos.com.ar\/2021\/wp-json\/wp\/v2\/posts\/89598","targetHints":{"allow":["GET"]}}],"collection":[{"href":"https:\/\/www.noticiasradioreflejos.com.ar\/2021\/wp-json\/wp\/v2\/posts"}],"about":[{"href":"https:\/\/www.noticiasradioreflejos.com.ar\/2021\/wp-json\/wp\/v2\/types\/post"}],"author":[{"embeddable":true,"href":"https:\/\/www.noticiasradioreflejos.com.ar\/2021\/wp-json\/wp\/v2\/users\/3"}],"replies":[{"embeddable":true,"href":"https:\/\/www.noticiasradioreflejos.com.ar\/2021\/wp-json\/wp\/v2\/comments?post=89598"}],"version-history":[{"count":1,"href":"https:\/\/www.noticiasradioreflejos.com.ar\/2021\/wp-json\/wp\/v2\/posts\/89598\/revisions"}],"predecessor-version":[{"id":89600,"href":"https:\/\/www.noticiasradioreflejos.com.ar\/2021\/wp-json\/wp\/v2\/posts\/89598\/revisions\/89600"}],"wp:attachment":[{"href":"https:\/\/www.noticiasradioreflejos.com.ar\/2021\/wp-json\/wp\/v2\/media?parent=89598"}],"wp:term":[{"taxonomy":"category","embeddable":true,"href":"https:\/\/www.noticiasradioreflejos.com.ar\/2021\/wp-json\/wp\/v2\/categories?post=89598"},{"taxonomy":"post_tag","embeddable":true,"href":"https:\/\/www.noticiasradioreflejos.com.ar\/2021\/wp-json\/wp\/v2\/tags?post=89598"}],"curies":[{"name":"wp","href":"https:\/\/api.w.org\/{rel}","templated":true}]}}