{"id":89591,"date":"2023-06-22T10:25:30","date_gmt":"2023-06-22T10:25:30","guid":{"rendered":"https:\/\/www.noticiasradioreflejos.com.ar\/2021\/?p=89591"},"modified":"2023-06-22T10:25:30","modified_gmt":"2023-06-22T10:25:30","slug":"convocan-a-una-manifestacion-de-repudio-en-sierra-de-la-ventana","status":"publish","type":"post","link":"https:\/\/www.noticiasradioreflejos.com.ar\/2021\/convocan-a-una-manifestacion-de-repudio-en-sierra-de-la-ventana\/","title":{"rendered":"Convocan a una manifestaci\u00f3n de repudio en Sierra de la Ventana."},"content":{"rendered":"<p>Los Vecinos y Vecinas Autoconvocados de Sierra de la Ventana invitamos a la ciudadan\u00eda, sin distinci\u00f3n de bander\u00edas pol\u00edticas, a la jornada de reflexi\u00f3n y manifestaci\u00f3n en repudio a la brutal represi\u00f3n desatada contra el pueblo de Jujuy, en las \u00faltimas jornadas. Creemos firmemente que el ejercicio de la ciudadan\u00eda implica pronunciarse toda vez que las libertades y derechos consagrados en nuestra Carta Magna se vean vulnerados.<!--more--><\/p>\n<p>Asimismo nos seguimos pronunciando contra la supuesta designaci\u00f3n del Sr. Julio Baamonde en nuestra Delegaci\u00f3n Municipal y en cualquier otro cargo p\u00fablico de la democracia, habida cuenta de su participaci\u00f3n activa como esp\u00eda ilegal en el tambi\u00e9n ilegal Batall\u00f3n 601 de Inteligencia, durante los nefastos tiempos de la \u00faltima dictadura c\u00edvico militar. <strong>Nos negamos a que con nuestros impuestos, se le pague un sueldo a un delator ilegal de compatriotas. <\/strong><\/p>\n<p>Por \u00faltimo, <strong>repudiamos en\u00e9rgicamente <\/strong>los dichos y manifestaciones p\u00fablicas de dirigentes pol\u00edticos con responsabilidades legislativas en el \u00e1mbito local, expresiones vertidas en redes sociales en tono amenazante contra los y las activistas sociales<strong>, <\/strong>tildando de \u201cdelincuentes\u201d a los y las manifestantes, y amedrentando con el uso de la fuerza y de los \u201cpalos\u201d a quienes ejercen el leg\u00edtimo derecho a la protesta pac\u00edfica.<\/p>\n<p>&nbsp;<\/p>\n<p><iframe loading=\"lazy\" style=\"border: none; overflow: hidden;\" src=\"https:\/\/www.facebook.com\/plugins\/post.php?href=https%3A%2F%2Fwww.facebook.com%2Fluis.castro.16752%2Fposts%2Fpfbid0tr48fLmtMbPXqwa38sm1Hr5VzzcTWCqxPvUQ2qdoYV6XggnBeoVVXsz1JoDCr8S3l&amp;show_text=true&amp;width=500\" width=\"500\" height=\"251\" frameborder=\"0\" scrolling=\"no\" allowfullscreen=\"allowfullscreen\"><\/iframe><\/p>\n<p><span style=\"color: #ff0000;\"><em><strong>Audio del concejal de JXC Luis Castro<\/strong><\/em><\/span><\/p>\n<p><iframe loading=\"lazy\" src=\"https:\/\/w.soundcloud.com\/player\/?url=https%3A\/\/api.soundcloud.com\/tracks\/1546895458&amp;color=%23ff5500&amp;auto_play=false&amp;hide_related=false&amp;show_comments=true&amp;show_user=true&amp;show_reposts=false&amp;show_teaser=true\" width=\"100%\" height=\"166\" frameborder=\"no\" scrolling=\"no\"><\/iframe><\/p>\n<div style=\"font-size: 10px; color: #cccccc; line-break: anywhere; word-break: normal; overflow: hidden; white-space: nowrap; text-overflow: ellipsis; font-family: Interstate,Lucida Grande,Lucida Sans Unicode,Lucida Sans,Garuda,Verdana,Tahoma,sans-serif; font-weight: 100;\"><a style=\"color: #cccccc; text-decoration: none;\" title=\"fmreflejos 103.7\" href=\"https:\/\/soundcloud.com\/fmreflejos-103-7\" target=\"_blank\" rel=\"noopener\">fmreflejos 103.7<\/a> \u00b7 <a style=\"color: #cccccc; text-decoration: none;\" title=\"Luis Castro\" href=\"https:\/\/soundcloud.com\/fmreflejos-103-7\/luis-castro-323711466\" target=\"_blank\" rel=\"noopener\">Luis Castro<\/a><\/div>\n<p><strong>Reiteramos nuestro compromiso ciudadano. A 40 a\u00f1os de la recuperaci\u00f3n de la democracia: Nunca m\u00e1s es NUNCA MAS.<\/strong><\/p>\n","protected":false},"excerpt":{"rendered":"<p>Los Vecinos y Vecinas Autoconvocados de Sierra de la Ventana invitamos a la ciudadan\u00eda, sin distinci\u00f3n de bander\u00edas pol\u00edticas, a la jornada de reflexi\u00f3n y manifestaci\u00f3n en repudio a la brutal represi\u00f3n desatada contra el pueblo de Jujuy, en las \u00faltimas jornadas. Creemos firmemente que el ejercicio de la ciudadan\u00eda implica pronunciarse toda vez que [&hellip;]<\/p>\n","protected":false},"author":3,"featured_media":0,"comment_status":"closed","ping_status":"closed","sticky":false,"template":"","format":"standard","meta":{"footnotes":""},"categories":[24],"tags":[48],"class_list":["post-89591","post","type-post","status-publish","format-standard","hentry","category-politica","tag-destacada"],"yoast_head":"<!-- This site is optimized with the Yoast SEO plugin v25.9 - https:\/\/yoast.com\/wordpress\/plugins\/seo\/ -->\n<title>Convocan a una manifestaci\u00f3n de repudio en Sierra de la Ventana. - Noticias Radio Reflejos<\/title>\n<meta name=\"robots\" content=\"index, follow, max-snippet:-1, max-image-preview:large, max-video-preview:-1\" \/>\n<link rel=\"canonical\" href=\"https:\/\/www.noticiasradioreflejos.com.ar\/2021\/convocan-a-una-manifestacion-de-repudio-en-sierra-de-la-ventana\/\" \/>\n<meta property=\"og:locale\" content=\"es_ES\" \/>\n<meta property=\"og:type\" content=\"article\" \/>\n<meta property=\"og:title\" content=\"Convocan a una manifestaci\u00f3n de repudio en Sierra de la Ventana. - Noticias Radio Reflejos\" \/>\n<meta property=\"og:description\" content=\"Los Vecinos y Vecinas Autoconvocados de Sierra de la Ventana invitamos a la ciudadan\u00eda, sin distinci\u00f3n de bander\u00edas pol\u00edticas, a la jornada de reflexi\u00f3n y manifestaci\u00f3n en repudio a la brutal represi\u00f3n desatada contra el pueblo de Jujuy, en las \u00faltimas jornadas. Creemos firmemente que el ejercicio de la ciudadan\u00eda implica pronunciarse toda vez que [&hellip;]\" \/>\n<meta property=\"og:url\" content=\"https:\/\/www.noticiasradioreflejos.com.ar\/2021\/convocan-a-una-manifestacion-de-repudio-en-sierra-de-la-ventana\/\" \/>\n<meta property=\"og:site_name\" content=\"Noticias Radio Reflejos\" \/>\n<meta property=\"article:published_time\" content=\"2023-06-22T10:25:30+00:00\" \/>\n<meta property=\"og:image\" content=\"https:\/\/www.noticiasradioreflejos.com.ar\/2021\/wp-content\/uploads\/2021\/07\/logosol300x200.png\" \/>\n\t<meta property=\"og:image:width\" content=\"300\" \/>\n\t<meta property=\"og:image:height\" content=\"200\" \/>\n\t<meta property=\"og:image:type\" content=\"image\/png\" \/>\n<meta name=\"author\" content=\"Arnaldo Botto\" \/>\n<meta name=\"twitter:card\" content=\"summary_large_image\" \/>\n<script type=\"application\/ld+json\" class=\"yoast-schema-graph\">{\"@context\":\"https:\/\/schema.org\",\"@graph\":[{\"@type\":\"WebPage\",\"@id\":\"https:\/\/www.noticiasradioreflejos.com.ar\/2021\/convocan-a-una-manifestacion-de-repudio-en-sierra-de-la-ventana\/\",\"url\":\"https:\/\/www.noticiasradioreflejos.com.ar\/2021\/convocan-a-una-manifestacion-de-repudio-en-sierra-de-la-ventana\/\",\"name\":\"Convocan a una manifestaci\u00f3n de repudio en Sierra de la Ventana. - Noticias Radio Reflejos\",\"isPartOf\":{\"@id\":\"https:\/\/www.noticiasradioreflejos.com.ar\/2021\/#website\"},\"datePublished\":\"2023-06-22T10:25:30+00:00\",\"author\":{\"@id\":\"https:\/\/www.noticiasradioreflejos.com.ar\/2021\/#\/schema\/person\/ad82545263dcc5ec0996818884fd5fb1\"},\"breadcrumb\":{\"@id\":\"https:\/\/www.noticiasradioreflejos.com.ar\/2021\/convocan-a-una-manifestacion-de-repudio-en-sierra-de-la-ventana\/#breadcrumb\"},\"inLanguage\":\"es\",\"potentialAction\":[{\"@type\":\"ReadAction\",\"target\":[\"https:\/\/www.noticiasradioreflejos.com.ar\/2021\/convocan-a-una-manifestacion-de-repudio-en-sierra-de-la-ventana\/\"]}]},{\"@type\":\"BreadcrumbList\",\"@id\":\"https:\/\/www.noticiasradioreflejos.com.ar\/2021\/convocan-a-una-manifestacion-de-repudio-en-sierra-de-la-ventana\/#breadcrumb\",\"itemListElement\":[{\"@type\":\"ListItem\",\"position\":1,\"name\":\"Portada\",\"item\":\"https:\/\/www.noticiasradioreflejos.com.ar\/2021\/\"},{\"@type\":\"ListItem\",\"position\":2,\"name\":\"Convocan a una manifestaci\u00f3n de repudio en Sierra de la Ventana.\"}]},{\"@type\":\"WebSite\",\"@id\":\"https:\/\/www.noticiasradioreflejos.com.ar\/2021\/#website\",\"url\":\"https:\/\/www.noticiasradioreflejos.com.ar\/2021\/\",\"name\":\"Noticias Radio Reflejos\",\"description\":\"Las noticias de mi comarca\",\"potentialAction\":[{\"@type\":\"SearchAction\",\"target\":{\"@type\":\"EntryPoint\",\"urlTemplate\":\"https:\/\/www.noticiasradioreflejos.com.ar\/2021\/?s={search_term_string}\"},\"query-input\":{\"@type\":\"PropertyValueSpecification\",\"valueRequired\":true,\"valueName\":\"search_term_string\"}}],\"inLanguage\":\"es\"},{\"@type\":\"Person\",\"@id\":\"https:\/\/www.noticiasradioreflejos.com.ar\/2021\/#\/schema\/person\/ad82545263dcc5ec0996818884fd5fb1\",\"name\":\"Arnaldo Botto\",\"image\":{\"@type\":\"ImageObject\",\"inLanguage\":\"es\",\"@id\":\"https:\/\/www.noticiasradioreflejos.com.ar\/2021\/#\/schema\/person\/image\/\",\"url\":\"https:\/\/secure.gravatar.com\/avatar\/55cb5e37c1efa326397366e6974cb338056df65cb50e7d64d1cf314e87504837?s=96&d=mm&r=g\",\"contentUrl\":\"https:\/\/secure.gravatar.com\/avatar\/55cb5e37c1efa326397366e6974cb338056df65cb50e7d64d1cf314e87504837?s=96&d=mm&r=g\",\"caption\":\"Arnaldo Botto\"},\"url\":\"https:\/\/www.noticiasradioreflejos.com.ar\/2021\/author\/arnaldo\/\"}]}<\/script>\n<!-- \/ Yoast SEO plugin. -->","yoast_head_json":{"title":"Convocan a una manifestaci\u00f3n de repudio en Sierra de la Ventana. - Noticias Radio Reflejos","robots":{"index":"index","follow":"follow","max-snippet":"max-snippet:-1","max-image-preview":"max-image-preview:large","max-video-preview":"max-video-preview:-1"},"canonical":"https:\/\/www.noticiasradioreflejos.com.ar\/2021\/convocan-a-una-manifestacion-de-repudio-en-sierra-de-la-ventana\/","og_locale":"es_ES","og_type":"article","og_title":"Convocan a una manifestaci\u00f3n de repudio en Sierra de la Ventana. - Noticias Radio Reflejos","og_description":"Los Vecinos y Vecinas Autoconvocados de Sierra de la Ventana invitamos a la ciudadan\u00eda, sin distinci\u00f3n de bander\u00edas pol\u00edticas, a la jornada de reflexi\u00f3n y manifestaci\u00f3n en repudio a la brutal represi\u00f3n desatada contra el pueblo de Jujuy, en las \u00faltimas jornadas. Creemos firmemente que el ejercicio de la ciudadan\u00eda implica pronunciarse toda vez que [&hellip;]","og_url":"https:\/\/www.noticiasradioreflejos.com.ar\/2021\/convocan-a-una-manifestacion-de-repudio-en-sierra-de-la-ventana\/","og_site_name":"Noticias Radio Reflejos","article_published_time":"2023-06-22T10:25:30+00:00","og_image":[{"width":300,"height":200,"url":"https:\/\/www.noticiasradioreflejos.com.ar\/2021\/wp-content\/uploads\/2021\/07\/logosol300x200.png","type":"image\/png"}],"author":"Arnaldo Botto","twitter_card":"summary_large_image","schema":{"@context":"https:\/\/schema.org","@graph":[{"@type":"WebPage","@id":"https:\/\/www.noticiasradioreflejos.com.ar\/2021\/convocan-a-una-manifestacion-de-repudio-en-sierra-de-la-ventana\/","url":"https:\/\/www.noticiasradioreflejos.com.ar\/2021\/convocan-a-una-manifestacion-de-repudio-en-sierra-de-la-ventana\/","name":"Convocan a una manifestaci\u00f3n de repudio en Sierra de la Ventana. - Noticias Radio Reflejos","isPartOf":{"@id":"https:\/\/www.noticiasradioreflejos.com.ar\/2021\/#website"},"datePublished":"2023-06-22T10:25:30+00:00","author":{"@id":"https:\/\/www.noticiasradioreflejos.com.ar\/2021\/#\/schema\/person\/ad82545263dcc5ec0996818884fd5fb1"},"breadcrumb":{"@id":"https:\/\/www.noticiasradioreflejos.com.ar\/2021\/convocan-a-una-manifestacion-de-repudio-en-sierra-de-la-ventana\/#breadcrumb"},"inLanguage":"es","potentialAction":[{"@type":"ReadAction","target":["https:\/\/www.noticiasradioreflejos.com.ar\/2021\/convocan-a-una-manifestacion-de-repudio-en-sierra-de-la-ventana\/"]}]},{"@type":"BreadcrumbList","@id":"https:\/\/www.noticiasradioreflejos.com.ar\/2021\/convocan-a-una-manifestacion-de-repudio-en-sierra-de-la-ventana\/#breadcrumb","itemListElement":[{"@type":"ListItem","position":1,"name":"Portada","item":"https:\/\/www.noticiasradioreflejos.com.ar\/2021\/"},{"@type":"ListItem","position":2,"name":"Convocan a una manifestaci\u00f3n de repudio en Sierra de la Ventana."}]},{"@type":"WebSite","@id":"https:\/\/www.noticiasradioreflejos.com.ar\/2021\/#website","url":"https:\/\/www.noticiasradioreflejos.com.ar\/2021\/","name":"Noticias Radio Reflejos","description":"Las noticias de mi comarca","potentialAction":[{"@type":"SearchAction","target":{"@type":"EntryPoint","urlTemplate":"https:\/\/www.noticiasradioreflejos.com.ar\/2021\/?s={search_term_string}"},"query-input":{"@type":"PropertyValueSpecification","valueRequired":true,"valueName":"search_term_string"}}],"inLanguage":"es"},{"@type":"Person","@id":"https:\/\/www.noticiasradioreflejos.com.ar\/2021\/#\/schema\/person\/ad82545263dcc5ec0996818884fd5fb1","name":"Arnaldo Botto","image":{"@type":"ImageObject","inLanguage":"es","@id":"https:\/\/www.noticiasradioreflejos.com.ar\/2021\/#\/schema\/person\/image\/","url":"https:\/\/secure.gravatar.com\/avatar\/55cb5e37c1efa326397366e6974cb338056df65cb50e7d64d1cf314e87504837?s=96&d=mm&r=g","contentUrl":"https:\/\/secure.gravatar.com\/avatar\/55cb5e37c1efa326397366e6974cb338056df65cb50e7d64d1cf314e87504837?s=96&d=mm&r=g","caption":"Arnaldo Botto"},"url":"https:\/\/www.noticiasradioreflejos.com.ar\/2021\/author\/arnaldo\/"}]}},"_links":{"self":[{"href":"https:\/\/www.noticiasradioreflejos.com.ar\/2021\/wp-json\/wp\/v2\/posts\/89591","targetHints":{"allow":["GET"]}}],"collection":[{"href":"https:\/\/www.noticiasradioreflejos.com.ar\/2021\/wp-json\/wp\/v2\/posts"}],"about":[{"href":"https:\/\/www.noticiasradioreflejos.com.ar\/2021\/wp-json\/wp\/v2\/types\/post"}],"author":[{"embeddable":true,"href":"https:\/\/www.noticiasradioreflejos.com.ar\/2021\/wp-json\/wp\/v2\/users\/3"}],"replies":[{"embeddable":true,"href":"https:\/\/www.noticiasradioreflejos.com.ar\/2021\/wp-json\/wp\/v2\/comments?post=89591"}],"version-history":[{"count":1,"href":"https:\/\/www.noticiasradioreflejos.com.ar\/2021\/wp-json\/wp\/v2\/posts\/89591\/revisions"}],"predecessor-version":[{"id":89594,"href":"https:\/\/www.noticiasradioreflejos.com.ar\/2021\/wp-json\/wp\/v2\/posts\/89591\/revisions\/89594"}],"wp:attachment":[{"href":"https:\/\/www.noticiasradioreflejos.com.ar\/2021\/wp-json\/wp\/v2\/media?parent=89591"}],"wp:term":[{"taxonomy":"category","embeddable":true,"href":"https:\/\/www.noticiasradioreflejos.com.ar\/2021\/wp-json\/wp\/v2\/categories?post=89591"},{"taxonomy":"post_tag","embeddable":true,"href":"https:\/\/www.noticiasradioreflejos.com.ar\/2021\/wp-json\/wp\/v2\/tags?post=89591"}],"curies":[{"name":"wp","href":"https:\/\/api.w.org\/{rel}","templated":true}]}}