{"id":89587,"date":"2023-06-21T21:42:07","date_gmt":"2023-06-21T21:42:07","guid":{"rendered":"https:\/\/www.noticiasradioreflejos.com.ar\/2021\/?p=89587"},"modified":"2023-06-21T21:44:44","modified_gmt":"2023-06-21T21:44:44","slug":"el-femicidio-de-cecilia-strzyzowski-un-fiscal-adelanto-que-pediran-la-prision-preventiva-de-todos-los-detenidos","status":"publish","type":"post","link":"https:\/\/www.noticiasradioreflejos.com.ar\/2021\/el-femicidio-de-cecilia-strzyzowski-un-fiscal-adelanto-que-pediran-la-prision-preventiva-de-todos-los-detenidos\/","title":{"rendered":"El femicidio de Cecilia Strzyzowski: un fiscal adelant\u00f3 que pedir\u00e1n la prisi\u00f3n preventiva de todos los detenidos"},"content":{"rendered":"<p>Lo dijo Jorge C\u00e1ceres Olivera ante la prensa luego de la declaraci\u00f3n de Marcela Acu\u00f1a, imputada por el homicidio de su nuera.<!--more--><\/p>\n<p>&nbsp;<\/p>\n<p>&nbsp;<\/p>\n<div class=\"visual__image\"><img loading=\"lazy\" decoding=\"async\" class=\"\" src=\"https:\/\/cloudfront-us-east-1.images.arcpublishing.com\/infobae\/VGNRIS75HZARVHMQEFCRNCUZEU.jpg\" sizes=\"auto, (min-width: 800px) 50vw, 90vw\" srcset=\"https:\/\/www.infobae.com\/new-resizer\/mhoQ0r8S_6m2e1Ic_OxHKtVq3x4=\/420x236\/filters:format(webp):quality(85)\/cloudfront-us-east-1.images.arcpublishing.com\/infobae\/VGNRIS75HZARVHMQEFCRNCUZEU.jpg 420w,https:\/\/www.infobae.com\/new-resizer\/DWygcUcBVxKwklcfKbvMLylHxXQ=\/768x432\/filters:format(webp):quality(85)\/cloudfront-us-east-1.images.arcpublishing.com\/infobae\/VGNRIS75HZARVHMQEFCRNCUZEU.jpg 768w,https:\/\/www.infobae.com\/new-resizer\/EpQJOFf_372Ppc4bQdogkeShJUE=\/992x558\/filters:format(webp):quality(85)\/cloudfront-us-east-1.images.arcpublishing.com\/infobae\/VGNRIS75HZARVHMQEFCRNCUZEU.jpg 992w,https:\/\/www.infobae.com\/new-resizer\/ojVygiOw7xnwFFx7dGc17mL7tqw=\/1200x675\/filters:format(webp):quality(85)\/cloudfront-us-east-1.images.arcpublishing.com\/infobae\/VGNRIS75HZARVHMQEFCRNCUZEU.jpg 1200w,https:\/\/www.infobae.com\/new-resizer\/aZiwm1clciiQYomscPjgu5pppnM=\/1440x810\/filters:format(webp):quality(85)\/cloudfront-us-east-1.images.arcpublishing.com\/infobae\/VGNRIS75HZARVHMQEFCRNCUZEU.jpg 1440w\" alt=\"Cecilia desapareci\u00f3 el 2 de junio pasado\" width=\"1920\" height=\"1080\" \/>Cecilia desapareci\u00f3 el 2 de junio pasado<\/div>\n<p class=\"paragraph\" data-mrf-recirculation=\"Links inline\">Los vecinos de la ciudad de Resistencia que le vociferaban \u201casesina\u201d a<b>\u00a0Marcela Acu\u00f1a<\/b>, cuando sali\u00f3 de la fiscal\u00eda tras declarar por m\u00e1s de tres horas, ya no estaban apostados en la vereda. Solo quedaba la prensa este mi\u00e9rcoles pasado el mediod\u00eda. En ese contexto, el fiscal\u00a0<b>Jorge C\u00e1ceres Olivera<\/b>, uno de los tres funcionarios judiciales chaque\u00f1os que investiga la desaparici\u00f3n de\u00a0<b>Cecilia Strzyzowski<\/b>\u00a0como un femicidio, lanz\u00f3 algunos pormenores de los dichos de unas de las principales sospechosas y, en ese contexto, adelant\u00f3 que pedir\u00e1n \u201cla\u00a0<b>prisi\u00f3n preventiva<\/b>\u00a0para todas las personas que est\u00e1n detenidas\u201d.<\/p>\n<p class=\"paragraph\" data-mrf-recirculation=\"Links inline\">Los detenidos por el presunto femicidio de Cecilia son\u00a0<b>siete<\/b>: el matrimonio Sena, compuesto por el l\u00edder piquetero Emerenciano y su mujer, Marcela Acu\u00f1a; quienes enfrentan el cargo de \u201chomicidio agravado por el concurso premeditado de dos o m\u00e1s personas en calidad de coautor\u201d. Su hijo y ex marido de la v\u00edctima fue imputado por ese mismo delito \u201c<b>agravado por el v\u00ednculo<\/b>\u00a0y por haberse realizado en un contexto de violencia de g\u00e9nero (femicidio).<\/p>\n<p class=\"paragraph\" data-mrf-recirculation=\"Links inline\">Los asistentes del clan, por su parte, tienen diferentes responsabilidades para los fiscales.\u00a0<b>Fabiana Gonz\u00e1lez\u00a0<\/b>se enfrenta al\u201chomicidio agravado en calidad de<b>\u00a0part\u00edcipe necesario<\/b>\u201d y\u00a0<b>Gustavo Obreg\u00f3n<\/b>, quien marc\u00f3 el lugar donde rastrillaron este martes y hallaros restos \u00f3seos y una dije con forma de cruz, est\u00e1 acusado de ser \u201cpart\u00edcipe secundario\u201d.<\/p>\n<p class=\"paragraph\" data-mrf-recirculation=\"Links inline\">\n<p class=\"paragraph\" data-mrf-recirculation=\"Links inline\">Mientras que\u00a0<b>Gustavo Melgarejo<\/b>, casero del campo de la familia Sena, y su pareja\u00a0<b>Griselda Reinoso<\/b>, fueron imputados por \u201chomicidio agravado en calidad de part\u00edcipe secundario\u201d, ya que se cree que su participaci\u00f3n fue para eventualmente deshacerse del cuerpo.<\/p>\n<div class=\"visual__image\"><img loading=\"lazy\" decoding=\"async\" class=\"\" src=\"https:\/\/cloudfront-us-east-1.images.arcpublishing.com\/infobae\/GST426CYNNGNXK7QUSUPYOQFB4.jpg\" sizes=\"auto, (min-width: 800px) 50vw, 90vw\" srcset=\"https:\/\/www.infobae.com\/new-resizer\/0HFk3q61Md5Dq9XtsNWjW-_c4c4=\/420x236\/filters:format(webp):quality(85)\/cloudfront-us-east-1.images.arcpublishing.com\/infobae\/GST426CYNNGNXK7QUSUPYOQFB4.jpg 420w,https:\/\/www.infobae.com\/new-resizer\/x589_QYtg6IpjIfp4f4pmac--ng=\/768x432\/filters:format(webp):quality(85)\/cloudfront-us-east-1.images.arcpublishing.com\/infobae\/GST426CYNNGNXK7QUSUPYOQFB4.jpg 768w,https:\/\/www.infobae.com\/new-resizer\/TleB98rxF5188PQ93g9YpKqK1RA=\/992x558\/filters:format(webp):quality(85)\/cloudfront-us-east-1.images.arcpublishing.com\/infobae\/GST426CYNNGNXK7QUSUPYOQFB4.jpg 992w,https:\/\/www.infobae.com\/new-resizer\/odm-_K3jff86wVj5Ur50o9e4544=\/1200x675\/filters:format(webp):quality(85)\/cloudfront-us-east-1.images.arcpublishing.com\/infobae\/GST426CYNNGNXK7QUSUPYOQFB4.jpg 1200w,https:\/\/www.infobae.com\/new-resizer\/7vd4EghP4Iimjp15bnKMapTDOTA=\/1440x810\/filters:format(webp):quality(85)\/cloudfront-us-east-1.images.arcpublishing.com\/infobae\/GST426CYNNGNXK7QUSUPYOQFB4.jpg 1440w\" alt=\"Los Sena: C\u00e9sar y sus padres, Emerenciano y Marcela\" width=\"1920\" height=\"1080\" \/>Los Sena: C\u00e9sar y sus padres, Emerenciano y Marcela<\/div>\n<p class=\"paragraph\" data-mrf-recirculation=\"Links inline\"><b>\u201cEstimo que se va a pedir la prisi\u00f3n preventiva para todas las personas que est\u00e1n detenidas\u201d<\/b>, dijo esta tarde el fiscal C\u00e1ceres Olivera, uno de los integrantes del Equipo Fiscal Especial (EFE) junto a Nelia Vel\u00e1zquez y Jorge G\u00f3mez. Tienen plazo para hacerlo hasta el\u00a0<b>27 de junio<\/b>\u00a0pr\u00f3ximo.<\/p>\n<p class=\"paragraph\" data-mrf-recirculation=\"Links inline\">Para esa fecha, al menos, deber\u00eda estar el reconocimiento por parte de la familia de Cecilia en cuanto a los elementos secuestrados en los rastrillajes: lo hallado en\u00a0<b>la valija quemada y el dije con forma de cruz<\/b>\u00a0que se encontr\u00f3 ayer. Ese tr\u00e1mite, que es clave en la causa, se iba a hacer el lunes pasado, luego se pospuso para este mi\u00e9rcoles y, seg\u00fan confi\u00f3 el fiscal, ahora se pas\u00f3 al jueves o viernes de esta semana.<\/p>\n<p class=\"paragraph\" data-mrf-recirculation=\"Links inline\">\n<p class=\"paragraph\" data-mrf-recirculation=\"Links inline\">Pero el fiscal no solo habl\u00f3 de cuestiones procesales. Tambi\u00e9n dio detalles de c\u00f3mo vienen siendo las indagatorias de los sospechosos que han ocurrido en los \u00faltimos d\u00edas: declar\u00f3 Obreg\u00f3n, Emereciando Sena y Acu\u00f1a. El fiscal explic\u00f3 que \u201c<b>cada uno dio su postura<\/b>\u00a0respecto a lo que pas\u00f3 el d\u00eda\u201d de la desaparici\u00f3n de Cecilia, el pasado 2 de junio, en Resistencia.<\/p>\n<div class=\"visual__image\"><img loading=\"lazy\" decoding=\"async\" class=\"\" src=\"https:\/\/cloudfront-us-east-1.images.arcpublishing.com\/infobae\/JVTGMA4J5FBT7LMQPKKASSYUNY.jpg\" sizes=\"auto, (min-width: 800px) 50vw, 90vw\" srcset=\"https:\/\/www.infobae.com\/new-resizer\/kuM4aWyvcIoxZC3-YAaPO56gQhE=\/420x560\/filters:format(webp):quality(85)\/cloudfront-us-east-1.images.arcpublishing.com\/infobae\/JVTGMA4J5FBT7LMQPKKASSYUNY.jpg 420w,https:\/\/www.infobae.com\/new-resizer\/bGp_jOu8djizuZNKZaqQcJa69rU=\/768x1024\/filters:format(webp):quality(85)\/cloudfront-us-east-1.images.arcpublishing.com\/infobae\/JVTGMA4J5FBT7LMQPKKASSYUNY.jpg 768w,https:\/\/www.infobae.com\/new-resizer\/cYqXr5GFt2S12PhU5gIrpGm2npQ=\/992x1323\/filters:format(webp):quality(85)\/cloudfront-us-east-1.images.arcpublishing.com\/infobae\/JVTGMA4J5FBT7LMQPKKASSYUNY.jpg 992w,https:\/\/www.infobae.com\/new-resizer\/e2rKVbjMt7RVwoBzRNOQdW7NM6g=\/1200x1600\/filters:format(webp):quality(85)\/cloudfront-us-east-1.images.arcpublishing.com\/infobae\/JVTGMA4J5FBT7LMQPKKASSYUNY.jpg 1200w\" alt=\"Chaco: encontraron una valija quemada que podr\u00eda ser de Cecilia Strzyzowski en el Barrio Emerenciano\" width=\"1920\" height=\"2551\" \/>Chaco: encontraron una valija quemada que podr\u00eda ser de Cecilia Strzyzowski en el Barrio Emerenciano<\/div>\n<p class=\"paragraph\" data-mrf-recirculation=\"Links inline\">\u201cCada uno elabora su propia estrategia defensiva, pero es labor de la fiscal\u00eda poder refutar las coartadas que presentan los imputados. Estamos trabajando desde el d\u00eda cero para poder esclarecer este caso\u201d, agreg\u00f3 C\u00e1ceres Olivera, quien asegur\u00f3 que se trabaja \u201cfuertemente en una hip\u00f3tesis\u00a0<b>y d\u00eda a d\u00eda se incorporan m\u00e1s elementos probatorios<\/b>\u201d.<\/p>\n<p class=\"paragraph\" data-mrf-recirculation=\"Links inline\">El fiscal se\u00f1al\u00f3 que ni Emereciano Sena ni su esposa Acu\u00f1a aceptaron responder preguntas en la indagatoria, pero que Obreg\u00f3n \u201c<b>manifest\u00f3 inter\u00e9s en colaborar\u00a0<\/b>y fue al rastrillaje que se hizo ayer\u201d en el que se encontraron restos \u00f3seos y el dije que, se presume, que puede pertenecer a la v\u00edctima.<\/p>\n<p data-mrf-recirculation=\"Links inline\">\n<p data-mrf-recirculation=\"Links inline\"><strong>Fuente Infobae<\/strong><\/p>\n<p>&nbsp;<\/p>\n","protected":false},"excerpt":{"rendered":"<p>Lo dijo Jorge C\u00e1ceres Olivera ante la prensa luego de la declaraci\u00f3n de Marcela Acu\u00f1a, imputada por el homicidio de su nuera.<\/p>\n","protected":false},"author":3,"featured_media":0,"comment_status":"closed","ping_status":"closed","sticky":false,"template":"","format":"standard","meta":{"footnotes":""},"categories":[1],"tags":[],"class_list":["post-89587","post","type-post","status-publish","format-standard","hentry","category-sin-categoria"],"yoast_head":"<!-- This site is optimized with the Yoast SEO plugin v25.9 - https:\/\/yoast.com\/wordpress\/plugins\/seo\/ -->\n<title>El femicidio de Cecilia Strzyzowski: un fiscal adelant\u00f3 que pedir\u00e1n la prisi\u00f3n preventiva de todos los detenidos - Noticias Radio Reflejos<\/title>\n<meta name=\"robots\" content=\"index, follow, max-snippet:-1, max-image-preview:large, max-video-preview:-1\" \/>\n<link rel=\"canonical\" href=\"https:\/\/www.noticiasradioreflejos.com.ar\/2021\/el-femicidio-de-cecilia-strzyzowski-un-fiscal-adelanto-que-pediran-la-prision-preventiva-de-todos-los-detenidos\/\" \/>\n<meta property=\"og:locale\" content=\"es_ES\" \/>\n<meta property=\"og:type\" content=\"article\" \/>\n<meta property=\"og:title\" content=\"El femicidio de Cecilia Strzyzowski: un fiscal adelant\u00f3 que pedir\u00e1n la prisi\u00f3n preventiva de todos los detenidos - Noticias Radio Reflejos\" \/>\n<meta property=\"og:description\" content=\"Lo dijo Jorge C\u00e1ceres Olivera ante la prensa luego de la declaraci\u00f3n de Marcela Acu\u00f1a, imputada por el homicidio de su nuera.\" \/>\n<meta property=\"og:url\" content=\"https:\/\/www.noticiasradioreflejos.com.ar\/2021\/el-femicidio-de-cecilia-strzyzowski-un-fiscal-adelanto-que-pediran-la-prision-preventiva-de-todos-los-detenidos\/\" \/>\n<meta property=\"og:site_name\" content=\"Noticias Radio Reflejos\" \/>\n<meta property=\"article:published_time\" content=\"2023-06-21T21:42:07+00:00\" \/>\n<meta property=\"article:modified_time\" content=\"2023-06-21T21:44:44+00:00\" \/>\n<meta property=\"og:image\" content=\"https:\/\/cloudfront-us-east-1.images.arcpublishing.com\/infobae\/VGNRIS75HZARVHMQEFCRNCUZEU.jpg\" \/>\n<meta name=\"author\" content=\"Arnaldo Botto\" \/>\n<meta name=\"twitter:card\" content=\"summary_large_image\" \/>\n<script type=\"application\/ld+json\" class=\"yoast-schema-graph\">{\"@context\":\"https:\/\/schema.org\",\"@graph\":[{\"@type\":\"WebPage\",\"@id\":\"https:\/\/www.noticiasradioreflejos.com.ar\/2021\/el-femicidio-de-cecilia-strzyzowski-un-fiscal-adelanto-que-pediran-la-prision-preventiva-de-todos-los-detenidos\/\",\"url\":\"https:\/\/www.noticiasradioreflejos.com.ar\/2021\/el-femicidio-de-cecilia-strzyzowski-un-fiscal-adelanto-que-pediran-la-prision-preventiva-de-todos-los-detenidos\/\",\"name\":\"El femicidio de Cecilia Strzyzowski: un fiscal adelant\u00f3 que pedir\u00e1n la prisi\u00f3n preventiva de todos los detenidos - Noticias Radio Reflejos\",\"isPartOf\":{\"@id\":\"https:\/\/www.noticiasradioreflejos.com.ar\/2021\/#website\"},\"primaryImageOfPage\":{\"@id\":\"https:\/\/www.noticiasradioreflejos.com.ar\/2021\/el-femicidio-de-cecilia-strzyzowski-un-fiscal-adelanto-que-pediran-la-prision-preventiva-de-todos-los-detenidos\/#primaryimage\"},\"image\":{\"@id\":\"https:\/\/www.noticiasradioreflejos.com.ar\/2021\/el-femicidio-de-cecilia-strzyzowski-un-fiscal-adelanto-que-pediran-la-prision-preventiva-de-todos-los-detenidos\/#primaryimage\"},\"thumbnailUrl\":\"https:\/\/cloudfront-us-east-1.images.arcpublishing.com\/infobae\/VGNRIS75HZARVHMQEFCRNCUZEU.jpg\",\"datePublished\":\"2023-06-21T21:42:07+00:00\",\"dateModified\":\"2023-06-21T21:44:44+00:00\",\"author\":{\"@id\":\"https:\/\/www.noticiasradioreflejos.com.ar\/2021\/#\/schema\/person\/ad82545263dcc5ec0996818884fd5fb1\"},\"breadcrumb\":{\"@id\":\"https:\/\/www.noticiasradioreflejos.com.ar\/2021\/el-femicidio-de-cecilia-strzyzowski-un-fiscal-adelanto-que-pediran-la-prision-preventiva-de-todos-los-detenidos\/#breadcrumb\"},\"inLanguage\":\"es\",\"potentialAction\":[{\"@type\":\"ReadAction\",\"target\":[\"https:\/\/www.noticiasradioreflejos.com.ar\/2021\/el-femicidio-de-cecilia-strzyzowski-un-fiscal-adelanto-que-pediran-la-prision-preventiva-de-todos-los-detenidos\/\"]}]},{\"@type\":\"ImageObject\",\"inLanguage\":\"es\",\"@id\":\"https:\/\/www.noticiasradioreflejos.com.ar\/2021\/el-femicidio-de-cecilia-strzyzowski-un-fiscal-adelanto-que-pediran-la-prision-preventiva-de-todos-los-detenidos\/#primaryimage\",\"url\":\"https:\/\/cloudfront-us-east-1.images.arcpublishing.com\/infobae\/VGNRIS75HZARVHMQEFCRNCUZEU.jpg\",\"contentUrl\":\"https:\/\/cloudfront-us-east-1.images.arcpublishing.com\/infobae\/VGNRIS75HZARVHMQEFCRNCUZEU.jpg\"},{\"@type\":\"BreadcrumbList\",\"@id\":\"https:\/\/www.noticiasradioreflejos.com.ar\/2021\/el-femicidio-de-cecilia-strzyzowski-un-fiscal-adelanto-que-pediran-la-prision-preventiva-de-todos-los-detenidos\/#breadcrumb\",\"itemListElement\":[{\"@type\":\"ListItem\",\"position\":1,\"name\":\"Portada\",\"item\":\"https:\/\/www.noticiasradioreflejos.com.ar\/2021\/\"},{\"@type\":\"ListItem\",\"position\":2,\"name\":\"El femicidio de Cecilia Strzyzowski: un fiscal adelant\u00f3 que pedir\u00e1n la prisi\u00f3n preventiva de todos los detenidos\"}]},{\"@type\":\"WebSite\",\"@id\":\"https:\/\/www.noticiasradioreflejos.com.ar\/2021\/#website\",\"url\":\"https:\/\/www.noticiasradioreflejos.com.ar\/2021\/\",\"name\":\"Noticias Radio Reflejos\",\"description\":\"Las noticias de mi comarca\",\"potentialAction\":[{\"@type\":\"SearchAction\",\"target\":{\"@type\":\"EntryPoint\",\"urlTemplate\":\"https:\/\/www.noticiasradioreflejos.com.ar\/2021\/?s={search_term_string}\"},\"query-input\":{\"@type\":\"PropertyValueSpecification\",\"valueRequired\":true,\"valueName\":\"search_term_string\"}}],\"inLanguage\":\"es\"},{\"@type\":\"Person\",\"@id\":\"https:\/\/www.noticiasradioreflejos.com.ar\/2021\/#\/schema\/person\/ad82545263dcc5ec0996818884fd5fb1\",\"name\":\"Arnaldo Botto\",\"image\":{\"@type\":\"ImageObject\",\"inLanguage\":\"es\",\"@id\":\"https:\/\/www.noticiasradioreflejos.com.ar\/2021\/#\/schema\/person\/image\/\",\"url\":\"https:\/\/secure.gravatar.com\/avatar\/55cb5e37c1efa326397366e6974cb338056df65cb50e7d64d1cf314e87504837?s=96&d=mm&r=g\",\"contentUrl\":\"https:\/\/secure.gravatar.com\/avatar\/55cb5e37c1efa326397366e6974cb338056df65cb50e7d64d1cf314e87504837?s=96&d=mm&r=g\",\"caption\":\"Arnaldo Botto\"},\"url\":\"https:\/\/www.noticiasradioreflejos.com.ar\/2021\/author\/arnaldo\/\"}]}<\/script>\n<!-- \/ Yoast SEO plugin. -->","yoast_head_json":{"title":"El femicidio de Cecilia Strzyzowski: un fiscal adelant\u00f3 que pedir\u00e1n la prisi\u00f3n preventiva de todos los detenidos - Noticias Radio Reflejos","robots":{"index":"index","follow":"follow","max-snippet":"max-snippet:-1","max-image-preview":"max-image-preview:large","max-video-preview":"max-video-preview:-1"},"canonical":"https:\/\/www.noticiasradioreflejos.com.ar\/2021\/el-femicidio-de-cecilia-strzyzowski-un-fiscal-adelanto-que-pediran-la-prision-preventiva-de-todos-los-detenidos\/","og_locale":"es_ES","og_type":"article","og_title":"El femicidio de Cecilia Strzyzowski: un fiscal adelant\u00f3 que pedir\u00e1n la prisi\u00f3n preventiva de todos los detenidos - Noticias Radio Reflejos","og_description":"Lo dijo Jorge C\u00e1ceres Olivera ante la prensa luego de la declaraci\u00f3n de Marcela Acu\u00f1a, imputada por el homicidio de su nuera.","og_url":"https:\/\/www.noticiasradioreflejos.com.ar\/2021\/el-femicidio-de-cecilia-strzyzowski-un-fiscal-adelanto-que-pediran-la-prision-preventiva-de-todos-los-detenidos\/","og_site_name":"Noticias Radio Reflejos","article_published_time":"2023-06-21T21:42:07+00:00","article_modified_time":"2023-06-21T21:44:44+00:00","og_image":[{"url":"https:\/\/cloudfront-us-east-1.images.arcpublishing.com\/infobae\/VGNRIS75HZARVHMQEFCRNCUZEU.jpg","type":"","width":"","height":""}],"author":"Arnaldo Botto","twitter_card":"summary_large_image","schema":{"@context":"https:\/\/schema.org","@graph":[{"@type":"WebPage","@id":"https:\/\/www.noticiasradioreflejos.com.ar\/2021\/el-femicidio-de-cecilia-strzyzowski-un-fiscal-adelanto-que-pediran-la-prision-preventiva-de-todos-los-detenidos\/","url":"https:\/\/www.noticiasradioreflejos.com.ar\/2021\/el-femicidio-de-cecilia-strzyzowski-un-fiscal-adelanto-que-pediran-la-prision-preventiva-de-todos-los-detenidos\/","name":"El femicidio de Cecilia Strzyzowski: un fiscal adelant\u00f3 que pedir\u00e1n la prisi\u00f3n preventiva de todos los detenidos - Noticias Radio Reflejos","isPartOf":{"@id":"https:\/\/www.noticiasradioreflejos.com.ar\/2021\/#website"},"primaryImageOfPage":{"@id":"https:\/\/www.noticiasradioreflejos.com.ar\/2021\/el-femicidio-de-cecilia-strzyzowski-un-fiscal-adelanto-que-pediran-la-prision-preventiva-de-todos-los-detenidos\/#primaryimage"},"image":{"@id":"https:\/\/www.noticiasradioreflejos.com.ar\/2021\/el-femicidio-de-cecilia-strzyzowski-un-fiscal-adelanto-que-pediran-la-prision-preventiva-de-todos-los-detenidos\/#primaryimage"},"thumbnailUrl":"https:\/\/cloudfront-us-east-1.images.arcpublishing.com\/infobae\/VGNRIS75HZARVHMQEFCRNCUZEU.jpg","datePublished":"2023-06-21T21:42:07+00:00","dateModified":"2023-06-21T21:44:44+00:00","author":{"@id":"https:\/\/www.noticiasradioreflejos.com.ar\/2021\/#\/schema\/person\/ad82545263dcc5ec0996818884fd5fb1"},"breadcrumb":{"@id":"https:\/\/www.noticiasradioreflejos.com.ar\/2021\/el-femicidio-de-cecilia-strzyzowski-un-fiscal-adelanto-que-pediran-la-prision-preventiva-de-todos-los-detenidos\/#breadcrumb"},"inLanguage":"es","potentialAction":[{"@type":"ReadAction","target":["https:\/\/www.noticiasradioreflejos.com.ar\/2021\/el-femicidio-de-cecilia-strzyzowski-un-fiscal-adelanto-que-pediran-la-prision-preventiva-de-todos-los-detenidos\/"]}]},{"@type":"ImageObject","inLanguage":"es","@id":"https:\/\/www.noticiasradioreflejos.com.ar\/2021\/el-femicidio-de-cecilia-strzyzowski-un-fiscal-adelanto-que-pediran-la-prision-preventiva-de-todos-los-detenidos\/#primaryimage","url":"https:\/\/cloudfront-us-east-1.images.arcpublishing.com\/infobae\/VGNRIS75HZARVHMQEFCRNCUZEU.jpg","contentUrl":"https:\/\/cloudfront-us-east-1.images.arcpublishing.com\/infobae\/VGNRIS75HZARVHMQEFCRNCUZEU.jpg"},{"@type":"BreadcrumbList","@id":"https:\/\/www.noticiasradioreflejos.com.ar\/2021\/el-femicidio-de-cecilia-strzyzowski-un-fiscal-adelanto-que-pediran-la-prision-preventiva-de-todos-los-detenidos\/#breadcrumb","itemListElement":[{"@type":"ListItem","position":1,"name":"Portada","item":"https:\/\/www.noticiasradioreflejos.com.ar\/2021\/"},{"@type":"ListItem","position":2,"name":"El femicidio de Cecilia Strzyzowski: un fiscal adelant\u00f3 que pedir\u00e1n la prisi\u00f3n preventiva de todos los detenidos"}]},{"@type":"WebSite","@id":"https:\/\/www.noticiasradioreflejos.com.ar\/2021\/#website","url":"https:\/\/www.noticiasradioreflejos.com.ar\/2021\/","name":"Noticias Radio Reflejos","description":"Las noticias de mi comarca","potentialAction":[{"@type":"SearchAction","target":{"@type":"EntryPoint","urlTemplate":"https:\/\/www.noticiasradioreflejos.com.ar\/2021\/?s={search_term_string}"},"query-input":{"@type":"PropertyValueSpecification","valueRequired":true,"valueName":"search_term_string"}}],"inLanguage":"es"},{"@type":"Person","@id":"https:\/\/www.noticiasradioreflejos.com.ar\/2021\/#\/schema\/person\/ad82545263dcc5ec0996818884fd5fb1","name":"Arnaldo Botto","image":{"@type":"ImageObject","inLanguage":"es","@id":"https:\/\/www.noticiasradioreflejos.com.ar\/2021\/#\/schema\/person\/image\/","url":"https:\/\/secure.gravatar.com\/avatar\/55cb5e37c1efa326397366e6974cb338056df65cb50e7d64d1cf314e87504837?s=96&d=mm&r=g","contentUrl":"https:\/\/secure.gravatar.com\/avatar\/55cb5e37c1efa326397366e6974cb338056df65cb50e7d64d1cf314e87504837?s=96&d=mm&r=g","caption":"Arnaldo Botto"},"url":"https:\/\/www.noticiasradioreflejos.com.ar\/2021\/author\/arnaldo\/"}]}},"_links":{"self":[{"href":"https:\/\/www.noticiasradioreflejos.com.ar\/2021\/wp-json\/wp\/v2\/posts\/89587","targetHints":{"allow":["GET"]}}],"collection":[{"href":"https:\/\/www.noticiasradioreflejos.com.ar\/2021\/wp-json\/wp\/v2\/posts"}],"about":[{"href":"https:\/\/www.noticiasradioreflejos.com.ar\/2021\/wp-json\/wp\/v2\/types\/post"}],"author":[{"embeddable":true,"href":"https:\/\/www.noticiasradioreflejos.com.ar\/2021\/wp-json\/wp\/v2\/users\/3"}],"replies":[{"embeddable":true,"href":"https:\/\/www.noticiasradioreflejos.com.ar\/2021\/wp-json\/wp\/v2\/comments?post=89587"}],"version-history":[{"count":2,"href":"https:\/\/www.noticiasradioreflejos.com.ar\/2021\/wp-json\/wp\/v2\/posts\/89587\/revisions"}],"predecessor-version":[{"id":89590,"href":"https:\/\/www.noticiasradioreflejos.com.ar\/2021\/wp-json\/wp\/v2\/posts\/89587\/revisions\/89590"}],"wp:attachment":[{"href":"https:\/\/www.noticiasradioreflejos.com.ar\/2021\/wp-json\/wp\/v2\/media?parent=89587"}],"wp:term":[{"taxonomy":"category","embeddable":true,"href":"https:\/\/www.noticiasradioreflejos.com.ar\/2021\/wp-json\/wp\/v2\/categories?post=89587"},{"taxonomy":"post_tag","embeddable":true,"href":"https:\/\/www.noticiasradioreflejos.com.ar\/2021\/wp-json\/wp\/v2\/tags?post=89587"}],"curies":[{"name":"wp","href":"https:\/\/api.w.org\/{rel}","templated":true}]}}