{"id":89542,"date":"2023-06-21T13:57:31","date_gmt":"2023-06-21T13:57:31","guid":{"rendered":"https:\/\/www.noticiasradioreflejos.com.ar\/2021\/?p=89542"},"modified":"2023-06-21T13:57:31","modified_gmt":"2023-06-21T13:57:31","slug":"derecho-a-replica-martin-alvarez-titular-de-lotes-en-el-barrio-cerro-ceferino","status":"publish","type":"post","link":"https:\/\/www.noticiasradioreflejos.com.ar\/2021\/derecho-a-replica-martin-alvarez-titular-de-lotes-en-el-barrio-cerro-ceferino\/","title":{"rendered":"Derecho a r\u00e9plica: Mart\u00edn \u00c1lvarez, titular de lotes en el Barrio Cerro Ceferino."},"content":{"rendered":"<p>\u00abLos propietarios que compramos los lotes del Barrio Ceferino en supuesto conflicto tenemos boleto como corresponde; ese lugar nunca fue un espacio p\u00fablico como dice Cabral\u00bb (H\u00e9ctor Cabral Presidente de la Asociaci\u00f3n de Fomento Barrio Cerro Ceferino) declar\u00f3 Martin \u00c1lvarez al ser entrevistado en Se nos viene la Noche por FM Reflejos.<!--more--><\/p>\n<p>\u00abLos cinco propietarios que compramos en la parte que Cabral dice que es un espacio p\u00fablico, en realidad siempre fueron lotes, los planos est\u00e1n firmados por el agrimensor y por la Autoridad del Agua (ADA) dejan constancia de esos lotes desde que se inici\u00f3 el Barrio. Lo que pas\u00f3 es que estuvo suspendida la venta por 10 a\u00f1os por decisi\u00f3n del fideicomiso hasta que la resoluci\u00f3n no estuviera firme (Mayo 2020) sobre el porcentaje que hab\u00eda que dejar de retiro\u00bb.<\/p>\n<p>A su vez Mart\u00edn coment\u00f3 algunos incidentes que pasaron a ra\u00edz de los dichos de la Asociaci\u00f3n de Fomento, \u00abcon esta mala informaci\u00f3n yo sufr\u00ed dos veces destrozos en los lotes.\u00bb<\/p>\n<p>Consultado sobre su residencia actual Mart\u00edn detall\u00f3: \u00abfui uno de los primeros que se instal\u00f3 en el Cerro con mi emprendimiento \u00abPosada Las Golondrinas\u00bb hace m\u00e1s de 15 a\u00f1os; desde mi mirada al barrio le falta que se termine de ensamblar con Su\u00e1rez, terminar con las escrituras y empezar a gestionar cosas importantes como el puente en el vado, para tener una salida alternativa y seguir avanzando con la obra de gas natural que es muy necesaria\u00bb, concluy\u00f3.<\/p>\n<p><iframe loading=\"lazy\" title=\"MARTIN ALVAREZ - TITULAR DE LOTES BARRIO CEFERINO\" src=\"https:\/\/www.youtube.com\/embed\/8AabpGTuPmQ\" width=\"881\" height=\"493\" frameborder=\"0\" allowfullscreen=\"allowfullscreen\"><\/iframe><\/p>\n","protected":false},"excerpt":{"rendered":"<p>\u00abLos propietarios que compramos los lotes del Barrio Ceferino en supuesto conflicto tenemos boleto como corresponde; ese lugar nunca fue un espacio p\u00fablico como dice Cabral\u00bb (H\u00e9ctor Cabral Presidente de la Asociaci\u00f3n de Fomento Barrio Cerro Ceferino) declar\u00f3 Martin \u00c1lvarez al ser entrevistado en Se nos viene la Noche por FM Reflejos.<\/p>\n","protected":false},"author":3,"featured_media":0,"comment_status":"closed","ping_status":"closed","sticky":false,"template":"","format":"standard","meta":{"footnotes":""},"categories":[60],"tags":[],"class_list":["post-89542","post","type-post","status-publish","format-standard","hentry","category-programas-radiales"],"yoast_head":"<!-- This site is optimized with the Yoast SEO plugin v25.9 - https:\/\/yoast.com\/wordpress\/plugins\/seo\/ -->\n<title>Derecho a r\u00e9plica: Mart\u00edn \u00c1lvarez, titular de lotes en el Barrio Cerro Ceferino. - Noticias Radio Reflejos<\/title>\n<meta name=\"robots\" content=\"index, follow, max-snippet:-1, max-image-preview:large, max-video-preview:-1\" \/>\n<link rel=\"canonical\" href=\"https:\/\/www.noticiasradioreflejos.com.ar\/2021\/derecho-a-replica-martin-alvarez-titular-de-lotes-en-el-barrio-cerro-ceferino\/\" \/>\n<meta property=\"og:locale\" content=\"es_ES\" \/>\n<meta property=\"og:type\" content=\"article\" \/>\n<meta property=\"og:title\" content=\"Derecho a r\u00e9plica: Mart\u00edn \u00c1lvarez, titular de lotes en el Barrio Cerro Ceferino. - Noticias Radio Reflejos\" \/>\n<meta property=\"og:description\" content=\"\u00abLos propietarios que compramos los lotes del Barrio Ceferino en supuesto conflicto tenemos boleto como corresponde; ese lugar nunca fue un espacio p\u00fablico como dice Cabral\u00bb (H\u00e9ctor Cabral Presidente de la Asociaci\u00f3n de Fomento Barrio Cerro Ceferino) declar\u00f3 Martin \u00c1lvarez al ser entrevistado en Se nos viene la Noche por FM Reflejos.\" \/>\n<meta property=\"og:url\" content=\"https:\/\/www.noticiasradioreflejos.com.ar\/2021\/derecho-a-replica-martin-alvarez-titular-de-lotes-en-el-barrio-cerro-ceferino\/\" \/>\n<meta property=\"og:site_name\" content=\"Noticias Radio Reflejos\" \/>\n<meta property=\"article:published_time\" content=\"2023-06-21T13:57:31+00:00\" \/>\n<meta property=\"og:image\" content=\"https:\/\/www.noticiasradioreflejos.com.ar\/2021\/wp-content\/uploads\/2021\/07\/logosol300x200.png\" \/>\n\t<meta property=\"og:image:width\" content=\"300\" \/>\n\t<meta property=\"og:image:height\" content=\"200\" \/>\n\t<meta property=\"og:image:type\" content=\"image\/png\" \/>\n<meta name=\"author\" content=\"Arnaldo Botto\" \/>\n<meta name=\"twitter:card\" content=\"summary_large_image\" \/>\n<script type=\"application\/ld+json\" class=\"yoast-schema-graph\">{\"@context\":\"https:\/\/schema.org\",\"@graph\":[{\"@type\":\"WebPage\",\"@id\":\"https:\/\/www.noticiasradioreflejos.com.ar\/2021\/derecho-a-replica-martin-alvarez-titular-de-lotes-en-el-barrio-cerro-ceferino\/\",\"url\":\"https:\/\/www.noticiasradioreflejos.com.ar\/2021\/derecho-a-replica-martin-alvarez-titular-de-lotes-en-el-barrio-cerro-ceferino\/\",\"name\":\"Derecho a r\u00e9plica: Mart\u00edn \u00c1lvarez, titular de lotes en el Barrio Cerro Ceferino. - Noticias Radio Reflejos\",\"isPartOf\":{\"@id\":\"https:\/\/www.noticiasradioreflejos.com.ar\/2021\/#website\"},\"datePublished\":\"2023-06-21T13:57:31+00:00\",\"author\":{\"@id\":\"https:\/\/www.noticiasradioreflejos.com.ar\/2021\/#\/schema\/person\/ad82545263dcc5ec0996818884fd5fb1\"},\"breadcrumb\":{\"@id\":\"https:\/\/www.noticiasradioreflejos.com.ar\/2021\/derecho-a-replica-martin-alvarez-titular-de-lotes-en-el-barrio-cerro-ceferino\/#breadcrumb\"},\"inLanguage\":\"es\",\"potentialAction\":[{\"@type\":\"ReadAction\",\"target\":[\"https:\/\/www.noticiasradioreflejos.com.ar\/2021\/derecho-a-replica-martin-alvarez-titular-de-lotes-en-el-barrio-cerro-ceferino\/\"]}]},{\"@type\":\"BreadcrumbList\",\"@id\":\"https:\/\/www.noticiasradioreflejos.com.ar\/2021\/derecho-a-replica-martin-alvarez-titular-de-lotes-en-el-barrio-cerro-ceferino\/#breadcrumb\",\"itemListElement\":[{\"@type\":\"ListItem\",\"position\":1,\"name\":\"Portada\",\"item\":\"https:\/\/www.noticiasradioreflejos.com.ar\/2021\/\"},{\"@type\":\"ListItem\",\"position\":2,\"name\":\"Derecho a r\u00e9plica: Mart\u00edn \u00c1lvarez, titular de lotes en el Barrio Cerro Ceferino.\"}]},{\"@type\":\"WebSite\",\"@id\":\"https:\/\/www.noticiasradioreflejos.com.ar\/2021\/#website\",\"url\":\"https:\/\/www.noticiasradioreflejos.com.ar\/2021\/\",\"name\":\"Noticias Radio Reflejos\",\"description\":\"Las noticias de mi comarca\",\"potentialAction\":[{\"@type\":\"SearchAction\",\"target\":{\"@type\":\"EntryPoint\",\"urlTemplate\":\"https:\/\/www.noticiasradioreflejos.com.ar\/2021\/?s={search_term_string}\"},\"query-input\":{\"@type\":\"PropertyValueSpecification\",\"valueRequired\":true,\"valueName\":\"search_term_string\"}}],\"inLanguage\":\"es\"},{\"@type\":\"Person\",\"@id\":\"https:\/\/www.noticiasradioreflejos.com.ar\/2021\/#\/schema\/person\/ad82545263dcc5ec0996818884fd5fb1\",\"name\":\"Arnaldo Botto\",\"image\":{\"@type\":\"ImageObject\",\"inLanguage\":\"es\",\"@id\":\"https:\/\/www.noticiasradioreflejos.com.ar\/2021\/#\/schema\/person\/image\/\",\"url\":\"https:\/\/secure.gravatar.com\/avatar\/55cb5e37c1efa326397366e6974cb338056df65cb50e7d64d1cf314e87504837?s=96&d=mm&r=g\",\"contentUrl\":\"https:\/\/secure.gravatar.com\/avatar\/55cb5e37c1efa326397366e6974cb338056df65cb50e7d64d1cf314e87504837?s=96&d=mm&r=g\",\"caption\":\"Arnaldo Botto\"},\"url\":\"https:\/\/www.noticiasradioreflejos.com.ar\/2021\/author\/arnaldo\/\"}]}<\/script>\n<!-- \/ Yoast SEO plugin. -->","yoast_head_json":{"title":"Derecho a r\u00e9plica: Mart\u00edn \u00c1lvarez, titular de lotes en el Barrio Cerro Ceferino. - Noticias Radio Reflejos","robots":{"index":"index","follow":"follow","max-snippet":"max-snippet:-1","max-image-preview":"max-image-preview:large","max-video-preview":"max-video-preview:-1"},"canonical":"https:\/\/www.noticiasradioreflejos.com.ar\/2021\/derecho-a-replica-martin-alvarez-titular-de-lotes-en-el-barrio-cerro-ceferino\/","og_locale":"es_ES","og_type":"article","og_title":"Derecho a r\u00e9plica: Mart\u00edn \u00c1lvarez, titular de lotes en el Barrio Cerro Ceferino. - Noticias Radio Reflejos","og_description":"\u00abLos propietarios que compramos los lotes del Barrio Ceferino en supuesto conflicto tenemos boleto como corresponde; ese lugar nunca fue un espacio p\u00fablico como dice Cabral\u00bb (H\u00e9ctor Cabral Presidente de la Asociaci\u00f3n de Fomento Barrio Cerro Ceferino) declar\u00f3 Martin \u00c1lvarez al ser entrevistado en Se nos viene la Noche por FM Reflejos.","og_url":"https:\/\/www.noticiasradioreflejos.com.ar\/2021\/derecho-a-replica-martin-alvarez-titular-de-lotes-en-el-barrio-cerro-ceferino\/","og_site_name":"Noticias Radio Reflejos","article_published_time":"2023-06-21T13:57:31+00:00","og_image":[{"width":300,"height":200,"url":"https:\/\/www.noticiasradioreflejos.com.ar\/2021\/wp-content\/uploads\/2021\/07\/logosol300x200.png","type":"image\/png"}],"author":"Arnaldo Botto","twitter_card":"summary_large_image","schema":{"@context":"https:\/\/schema.org","@graph":[{"@type":"WebPage","@id":"https:\/\/www.noticiasradioreflejos.com.ar\/2021\/derecho-a-replica-martin-alvarez-titular-de-lotes-en-el-barrio-cerro-ceferino\/","url":"https:\/\/www.noticiasradioreflejos.com.ar\/2021\/derecho-a-replica-martin-alvarez-titular-de-lotes-en-el-barrio-cerro-ceferino\/","name":"Derecho a r\u00e9plica: Mart\u00edn \u00c1lvarez, titular de lotes en el Barrio Cerro Ceferino. - Noticias Radio Reflejos","isPartOf":{"@id":"https:\/\/www.noticiasradioreflejos.com.ar\/2021\/#website"},"datePublished":"2023-06-21T13:57:31+00:00","author":{"@id":"https:\/\/www.noticiasradioreflejos.com.ar\/2021\/#\/schema\/person\/ad82545263dcc5ec0996818884fd5fb1"},"breadcrumb":{"@id":"https:\/\/www.noticiasradioreflejos.com.ar\/2021\/derecho-a-replica-martin-alvarez-titular-de-lotes-en-el-barrio-cerro-ceferino\/#breadcrumb"},"inLanguage":"es","potentialAction":[{"@type":"ReadAction","target":["https:\/\/www.noticiasradioreflejos.com.ar\/2021\/derecho-a-replica-martin-alvarez-titular-de-lotes-en-el-barrio-cerro-ceferino\/"]}]},{"@type":"BreadcrumbList","@id":"https:\/\/www.noticiasradioreflejos.com.ar\/2021\/derecho-a-replica-martin-alvarez-titular-de-lotes-en-el-barrio-cerro-ceferino\/#breadcrumb","itemListElement":[{"@type":"ListItem","position":1,"name":"Portada","item":"https:\/\/www.noticiasradioreflejos.com.ar\/2021\/"},{"@type":"ListItem","position":2,"name":"Derecho a r\u00e9plica: Mart\u00edn \u00c1lvarez, titular de lotes en el Barrio Cerro Ceferino."}]},{"@type":"WebSite","@id":"https:\/\/www.noticiasradioreflejos.com.ar\/2021\/#website","url":"https:\/\/www.noticiasradioreflejos.com.ar\/2021\/","name":"Noticias Radio Reflejos","description":"Las noticias de mi comarca","potentialAction":[{"@type":"SearchAction","target":{"@type":"EntryPoint","urlTemplate":"https:\/\/www.noticiasradioreflejos.com.ar\/2021\/?s={search_term_string}"},"query-input":{"@type":"PropertyValueSpecification","valueRequired":true,"valueName":"search_term_string"}}],"inLanguage":"es"},{"@type":"Person","@id":"https:\/\/www.noticiasradioreflejos.com.ar\/2021\/#\/schema\/person\/ad82545263dcc5ec0996818884fd5fb1","name":"Arnaldo Botto","image":{"@type":"ImageObject","inLanguage":"es","@id":"https:\/\/www.noticiasradioreflejos.com.ar\/2021\/#\/schema\/person\/image\/","url":"https:\/\/secure.gravatar.com\/avatar\/55cb5e37c1efa326397366e6974cb338056df65cb50e7d64d1cf314e87504837?s=96&d=mm&r=g","contentUrl":"https:\/\/secure.gravatar.com\/avatar\/55cb5e37c1efa326397366e6974cb338056df65cb50e7d64d1cf314e87504837?s=96&d=mm&r=g","caption":"Arnaldo Botto"},"url":"https:\/\/www.noticiasradioreflejos.com.ar\/2021\/author\/arnaldo\/"}]}},"_links":{"self":[{"href":"https:\/\/www.noticiasradioreflejos.com.ar\/2021\/wp-json\/wp\/v2\/posts\/89542","targetHints":{"allow":["GET"]}}],"collection":[{"href":"https:\/\/www.noticiasradioreflejos.com.ar\/2021\/wp-json\/wp\/v2\/posts"}],"about":[{"href":"https:\/\/www.noticiasradioreflejos.com.ar\/2021\/wp-json\/wp\/v2\/types\/post"}],"author":[{"embeddable":true,"href":"https:\/\/www.noticiasradioreflejos.com.ar\/2021\/wp-json\/wp\/v2\/users\/3"}],"replies":[{"embeddable":true,"href":"https:\/\/www.noticiasradioreflejos.com.ar\/2021\/wp-json\/wp\/v2\/comments?post=89542"}],"version-history":[{"count":1,"href":"https:\/\/www.noticiasradioreflejos.com.ar\/2021\/wp-json\/wp\/v2\/posts\/89542\/revisions"}],"predecessor-version":[{"id":89544,"href":"https:\/\/www.noticiasradioreflejos.com.ar\/2021\/wp-json\/wp\/v2\/posts\/89542\/revisions\/89544"}],"wp:attachment":[{"href":"https:\/\/www.noticiasradioreflejos.com.ar\/2021\/wp-json\/wp\/v2\/media?parent=89542"}],"wp:term":[{"taxonomy":"category","embeddable":true,"href":"https:\/\/www.noticiasradioreflejos.com.ar\/2021\/wp-json\/wp\/v2\/categories?post=89542"},{"taxonomy":"post_tag","embeddable":true,"href":"https:\/\/www.noticiasradioreflejos.com.ar\/2021\/wp-json\/wp\/v2\/tags?post=89542"}],"curies":[{"name":"wp","href":"https:\/\/api.w.org\/{rel}","templated":true}]}}