{"id":89469,"date":"2023-06-19T12:14:01","date_gmt":"2023-06-19T12:14:01","guid":{"rendered":"https:\/\/www.noticiasradioreflejos.com.ar\/2021\/?p=89469"},"modified":"2023-06-19T12:14:29","modified_gmt":"2023-06-19T12:14:29","slug":"parte-de-prensa-por-disturbios-luego-del-partido-de-automoto-vs-racing-club","status":"publish","type":"post","link":"https:\/\/www.noticiasradioreflejos.com.ar\/2021\/parte-de-prensa-por-disturbios-luego-del-partido-de-automoto-vs-racing-club\/","title":{"rendered":"Parte de prensa por disturbios luego del partido de Automoto vs Racing Club"},"content":{"rendered":"<p>La Secretaria de Seguridad de la Municipalidad de Tornquist, lleva a conocimiento de la poblaci\u00f3n que, con fecha 18 del corriente mes y a\u00f1o, en circunstancias en que finaliza el encuentro futbol\u00edstico entre Racing Club de Carhue vs Club Automoto de Tornquist, <!--more--><\/p>\n<p>simpatizantes de la hinchada local sobrepasan el vallado perimetral del estadio generando una confrontaci\u00f3n contra simpatizantes del equipo visitante al momento que estos se retiraban del estadio, precisamente sobre las esquinas de Ernesto Tornquist y Lavalle, debiendo interceder personal policial para desarticular a los revoltosos.<br \/>\nAsimismo, en primera instancia, se iniciaron de oficio actuaciones prevencionales por Infracci\u00f3n a la Ley del Deporte (Ley 11929) a los ciudadanos Agust\u00edn Holzman, David Coria y un menor de edad. La investigaci\u00f3n va a proseguir para identificar a todos los participes que generaron los disturbios.<br \/>\nSECRETARIA DE SEGURIDAD, MUNICIPALIDAD DE TORNQUIST, 18 DE JUNIO 2023.<\/p>\n<p><a data-flickr-embed=\"true\" href=\"https:\/\/www.flickr.com\/photos\/182279889@N02\/52985131242\/in\/dateposted-public\/\" title=\"gresca automoto racing (2)\"><img loading=\"lazy\" decoding=\"async\" src=\"https:\/\/live.staticflickr.com\/31337\/52985131242_e8f0b57e9f_o.jpg\" width=\"202\" height=\"360\" alt=\"gresca automoto racing (2)\"\/><\/a><script async src=\"\/\/embedr.flickr.com\/assets\/client-code.js\" charset=\"utf-8\"><\/script><\/p>\n<p><a data-flickr-embed=\"true\" href=\"https:\/\/www.flickr.com\/photos\/182279889@N02\/52986194573\/in\/dateposted-public\/\" title=\"gresca automoto racing (1)\"><img loading=\"lazy\" decoding=\"async\" src=\"https:\/\/live.staticflickr.com\/31337\/52986194573_0e56c9d6f8_o.jpg\" width=\"202\" height=\"360\" alt=\"gresca automoto racing (1)\"\/><\/a><script async src=\"\/\/embedr.flickr.com\/assets\/client-code.js\" charset=\"utf-8\"><\/script><\/p>\n","protected":false},"excerpt":{"rendered":"<p>La Secretaria de Seguridad de la Municipalidad de Tornquist, lleva a conocimiento de la poblaci\u00f3n que, con fecha 18 del corriente mes y a\u00f1o, en circunstancias en que finaliza el encuentro futbol\u00edstico entre Racing Club de Carhue vs Club Automoto de Tornquist,<\/p>\n","protected":false},"author":3,"featured_media":0,"comment_status":"closed","ping_status":"closed","sticky":false,"template":"","format":"standard","meta":{"footnotes":""},"categories":[29],"tags":[],"class_list":["post-89469","post","type-post","status-publish","format-standard","hentry","category-policiales"],"yoast_head":"<!-- This site is optimized with the Yoast SEO plugin v25.9 - https:\/\/yoast.com\/wordpress\/plugins\/seo\/ -->\n<title>Parte de prensa por disturbios luego del partido de Automoto vs Racing Club - Noticias Radio Reflejos<\/title>\n<meta name=\"robots\" content=\"index, follow, max-snippet:-1, max-image-preview:large, max-video-preview:-1\" \/>\n<link rel=\"canonical\" href=\"https:\/\/www.noticiasradioreflejos.com.ar\/2021\/parte-de-prensa-por-disturbios-luego-del-partido-de-automoto-vs-racing-club\/\" \/>\n<meta property=\"og:locale\" content=\"es_ES\" \/>\n<meta property=\"og:type\" content=\"article\" \/>\n<meta property=\"og:title\" content=\"Parte de prensa por disturbios luego del partido de Automoto vs Racing Club - Noticias Radio Reflejos\" \/>\n<meta property=\"og:description\" content=\"La Secretaria de Seguridad de la Municipalidad de Tornquist, lleva a conocimiento de la poblaci\u00f3n que, con fecha 18 del corriente mes y a\u00f1o, en circunstancias en que finaliza el encuentro futbol\u00edstico entre Racing Club de Carhue vs Club Automoto de Tornquist,\" \/>\n<meta property=\"og:url\" content=\"https:\/\/www.noticiasradioreflejos.com.ar\/2021\/parte-de-prensa-por-disturbios-luego-del-partido-de-automoto-vs-racing-club\/\" \/>\n<meta property=\"og:site_name\" content=\"Noticias Radio Reflejos\" \/>\n<meta property=\"article:published_time\" content=\"2023-06-19T12:14:01+00:00\" \/>\n<meta property=\"article:modified_time\" content=\"2023-06-19T12:14:29+00:00\" \/>\n<meta property=\"og:image\" content=\"https:\/\/live.staticflickr.com\/31337\/52985131242_e8f0b57e9f_o.jpg\" \/>\n<meta name=\"author\" content=\"Arnaldo Botto\" \/>\n<meta name=\"twitter:card\" content=\"summary_large_image\" \/>\n<script type=\"application\/ld+json\" class=\"yoast-schema-graph\">{\"@context\":\"https:\/\/schema.org\",\"@graph\":[{\"@type\":\"WebPage\",\"@id\":\"https:\/\/www.noticiasradioreflejos.com.ar\/2021\/parte-de-prensa-por-disturbios-luego-del-partido-de-automoto-vs-racing-club\/\",\"url\":\"https:\/\/www.noticiasradioreflejos.com.ar\/2021\/parte-de-prensa-por-disturbios-luego-del-partido-de-automoto-vs-racing-club\/\",\"name\":\"Parte de prensa por disturbios luego del partido de Automoto vs Racing Club - Noticias Radio Reflejos\",\"isPartOf\":{\"@id\":\"https:\/\/www.noticiasradioreflejos.com.ar\/2021\/#website\"},\"primaryImageOfPage\":{\"@id\":\"https:\/\/www.noticiasradioreflejos.com.ar\/2021\/parte-de-prensa-por-disturbios-luego-del-partido-de-automoto-vs-racing-club\/#primaryimage\"},\"image\":{\"@id\":\"https:\/\/www.noticiasradioreflejos.com.ar\/2021\/parte-de-prensa-por-disturbios-luego-del-partido-de-automoto-vs-racing-club\/#primaryimage\"},\"thumbnailUrl\":\"https:\/\/live.staticflickr.com\/31337\/52985131242_e8f0b57e9f_o.jpg\",\"datePublished\":\"2023-06-19T12:14:01+00:00\",\"dateModified\":\"2023-06-19T12:14:29+00:00\",\"author\":{\"@id\":\"https:\/\/www.noticiasradioreflejos.com.ar\/2021\/#\/schema\/person\/ad82545263dcc5ec0996818884fd5fb1\"},\"breadcrumb\":{\"@id\":\"https:\/\/www.noticiasradioreflejos.com.ar\/2021\/parte-de-prensa-por-disturbios-luego-del-partido-de-automoto-vs-racing-club\/#breadcrumb\"},\"inLanguage\":\"es\",\"potentialAction\":[{\"@type\":\"ReadAction\",\"target\":[\"https:\/\/www.noticiasradioreflejos.com.ar\/2021\/parte-de-prensa-por-disturbios-luego-del-partido-de-automoto-vs-racing-club\/\"]}]},{\"@type\":\"ImageObject\",\"inLanguage\":\"es\",\"@id\":\"https:\/\/www.noticiasradioreflejos.com.ar\/2021\/parte-de-prensa-por-disturbios-luego-del-partido-de-automoto-vs-racing-club\/#primaryimage\",\"url\":\"https:\/\/live.staticflickr.com\/31337\/52985131242_e8f0b57e9f_o.jpg\",\"contentUrl\":\"https:\/\/live.staticflickr.com\/31337\/52985131242_e8f0b57e9f_o.jpg\"},{\"@type\":\"BreadcrumbList\",\"@id\":\"https:\/\/www.noticiasradioreflejos.com.ar\/2021\/parte-de-prensa-por-disturbios-luego-del-partido-de-automoto-vs-racing-club\/#breadcrumb\",\"itemListElement\":[{\"@type\":\"ListItem\",\"position\":1,\"name\":\"Portada\",\"item\":\"https:\/\/www.noticiasradioreflejos.com.ar\/2021\/\"},{\"@type\":\"ListItem\",\"position\":2,\"name\":\"Parte de prensa por disturbios luego del partido de Automoto vs Racing Club\"}]},{\"@type\":\"WebSite\",\"@id\":\"https:\/\/www.noticiasradioreflejos.com.ar\/2021\/#website\",\"url\":\"https:\/\/www.noticiasradioreflejos.com.ar\/2021\/\",\"name\":\"Noticias Radio Reflejos\",\"description\":\"Las noticias de mi comarca\",\"potentialAction\":[{\"@type\":\"SearchAction\",\"target\":{\"@type\":\"EntryPoint\",\"urlTemplate\":\"https:\/\/www.noticiasradioreflejos.com.ar\/2021\/?s={search_term_string}\"},\"query-input\":{\"@type\":\"PropertyValueSpecification\",\"valueRequired\":true,\"valueName\":\"search_term_string\"}}],\"inLanguage\":\"es\"},{\"@type\":\"Person\",\"@id\":\"https:\/\/www.noticiasradioreflejos.com.ar\/2021\/#\/schema\/person\/ad82545263dcc5ec0996818884fd5fb1\",\"name\":\"Arnaldo Botto\",\"image\":{\"@type\":\"ImageObject\",\"inLanguage\":\"es\",\"@id\":\"https:\/\/www.noticiasradioreflejos.com.ar\/2021\/#\/schema\/person\/image\/\",\"url\":\"https:\/\/secure.gravatar.com\/avatar\/55cb5e37c1efa326397366e6974cb338056df65cb50e7d64d1cf314e87504837?s=96&d=mm&r=g\",\"contentUrl\":\"https:\/\/secure.gravatar.com\/avatar\/55cb5e37c1efa326397366e6974cb338056df65cb50e7d64d1cf314e87504837?s=96&d=mm&r=g\",\"caption\":\"Arnaldo Botto\"},\"url\":\"https:\/\/www.noticiasradioreflejos.com.ar\/2021\/author\/arnaldo\/\"}]}<\/script>\n<!-- \/ Yoast SEO plugin. -->","yoast_head_json":{"title":"Parte de prensa por disturbios luego del partido de Automoto vs Racing Club - Noticias Radio Reflejos","robots":{"index":"index","follow":"follow","max-snippet":"max-snippet:-1","max-image-preview":"max-image-preview:large","max-video-preview":"max-video-preview:-1"},"canonical":"https:\/\/www.noticiasradioreflejos.com.ar\/2021\/parte-de-prensa-por-disturbios-luego-del-partido-de-automoto-vs-racing-club\/","og_locale":"es_ES","og_type":"article","og_title":"Parte de prensa por disturbios luego del partido de Automoto vs Racing Club - Noticias Radio Reflejos","og_description":"La Secretaria de Seguridad de la Municipalidad de Tornquist, lleva a conocimiento de la poblaci\u00f3n que, con fecha 18 del corriente mes y a\u00f1o, en circunstancias en que finaliza el encuentro futbol\u00edstico entre Racing Club de Carhue vs Club Automoto de Tornquist,","og_url":"https:\/\/www.noticiasradioreflejos.com.ar\/2021\/parte-de-prensa-por-disturbios-luego-del-partido-de-automoto-vs-racing-club\/","og_site_name":"Noticias Radio Reflejos","article_published_time":"2023-06-19T12:14:01+00:00","article_modified_time":"2023-06-19T12:14:29+00:00","og_image":[{"url":"https:\/\/live.staticflickr.com\/31337\/52985131242_e8f0b57e9f_o.jpg","type":"","width":"","height":""}],"author":"Arnaldo Botto","twitter_card":"summary_large_image","schema":{"@context":"https:\/\/schema.org","@graph":[{"@type":"WebPage","@id":"https:\/\/www.noticiasradioreflejos.com.ar\/2021\/parte-de-prensa-por-disturbios-luego-del-partido-de-automoto-vs-racing-club\/","url":"https:\/\/www.noticiasradioreflejos.com.ar\/2021\/parte-de-prensa-por-disturbios-luego-del-partido-de-automoto-vs-racing-club\/","name":"Parte de prensa por disturbios luego del partido de Automoto vs Racing Club - Noticias Radio Reflejos","isPartOf":{"@id":"https:\/\/www.noticiasradioreflejos.com.ar\/2021\/#website"},"primaryImageOfPage":{"@id":"https:\/\/www.noticiasradioreflejos.com.ar\/2021\/parte-de-prensa-por-disturbios-luego-del-partido-de-automoto-vs-racing-club\/#primaryimage"},"image":{"@id":"https:\/\/www.noticiasradioreflejos.com.ar\/2021\/parte-de-prensa-por-disturbios-luego-del-partido-de-automoto-vs-racing-club\/#primaryimage"},"thumbnailUrl":"https:\/\/live.staticflickr.com\/31337\/52985131242_e8f0b57e9f_o.jpg","datePublished":"2023-06-19T12:14:01+00:00","dateModified":"2023-06-19T12:14:29+00:00","author":{"@id":"https:\/\/www.noticiasradioreflejos.com.ar\/2021\/#\/schema\/person\/ad82545263dcc5ec0996818884fd5fb1"},"breadcrumb":{"@id":"https:\/\/www.noticiasradioreflejos.com.ar\/2021\/parte-de-prensa-por-disturbios-luego-del-partido-de-automoto-vs-racing-club\/#breadcrumb"},"inLanguage":"es","potentialAction":[{"@type":"ReadAction","target":["https:\/\/www.noticiasradioreflejos.com.ar\/2021\/parte-de-prensa-por-disturbios-luego-del-partido-de-automoto-vs-racing-club\/"]}]},{"@type":"ImageObject","inLanguage":"es","@id":"https:\/\/www.noticiasradioreflejos.com.ar\/2021\/parte-de-prensa-por-disturbios-luego-del-partido-de-automoto-vs-racing-club\/#primaryimage","url":"https:\/\/live.staticflickr.com\/31337\/52985131242_e8f0b57e9f_o.jpg","contentUrl":"https:\/\/live.staticflickr.com\/31337\/52985131242_e8f0b57e9f_o.jpg"},{"@type":"BreadcrumbList","@id":"https:\/\/www.noticiasradioreflejos.com.ar\/2021\/parte-de-prensa-por-disturbios-luego-del-partido-de-automoto-vs-racing-club\/#breadcrumb","itemListElement":[{"@type":"ListItem","position":1,"name":"Portada","item":"https:\/\/www.noticiasradioreflejos.com.ar\/2021\/"},{"@type":"ListItem","position":2,"name":"Parte de prensa por disturbios luego del partido de Automoto vs Racing Club"}]},{"@type":"WebSite","@id":"https:\/\/www.noticiasradioreflejos.com.ar\/2021\/#website","url":"https:\/\/www.noticiasradioreflejos.com.ar\/2021\/","name":"Noticias Radio Reflejos","description":"Las noticias de mi comarca","potentialAction":[{"@type":"SearchAction","target":{"@type":"EntryPoint","urlTemplate":"https:\/\/www.noticiasradioreflejos.com.ar\/2021\/?s={search_term_string}"},"query-input":{"@type":"PropertyValueSpecification","valueRequired":true,"valueName":"search_term_string"}}],"inLanguage":"es"},{"@type":"Person","@id":"https:\/\/www.noticiasradioreflejos.com.ar\/2021\/#\/schema\/person\/ad82545263dcc5ec0996818884fd5fb1","name":"Arnaldo Botto","image":{"@type":"ImageObject","inLanguage":"es","@id":"https:\/\/www.noticiasradioreflejos.com.ar\/2021\/#\/schema\/person\/image\/","url":"https:\/\/secure.gravatar.com\/avatar\/55cb5e37c1efa326397366e6974cb338056df65cb50e7d64d1cf314e87504837?s=96&d=mm&r=g","contentUrl":"https:\/\/secure.gravatar.com\/avatar\/55cb5e37c1efa326397366e6974cb338056df65cb50e7d64d1cf314e87504837?s=96&d=mm&r=g","caption":"Arnaldo Botto"},"url":"https:\/\/www.noticiasradioreflejos.com.ar\/2021\/author\/arnaldo\/"}]}},"_links":{"self":[{"href":"https:\/\/www.noticiasradioreflejos.com.ar\/2021\/wp-json\/wp\/v2\/posts\/89469","targetHints":{"allow":["GET"]}}],"collection":[{"href":"https:\/\/www.noticiasradioreflejos.com.ar\/2021\/wp-json\/wp\/v2\/posts"}],"about":[{"href":"https:\/\/www.noticiasradioreflejos.com.ar\/2021\/wp-json\/wp\/v2\/types\/post"}],"author":[{"embeddable":true,"href":"https:\/\/www.noticiasradioreflejos.com.ar\/2021\/wp-json\/wp\/v2\/users\/3"}],"replies":[{"embeddable":true,"href":"https:\/\/www.noticiasradioreflejos.com.ar\/2021\/wp-json\/wp\/v2\/comments?post=89469"}],"version-history":[{"count":1,"href":"https:\/\/www.noticiasradioreflejos.com.ar\/2021\/wp-json\/wp\/v2\/posts\/89469\/revisions"}],"predecessor-version":[{"id":89471,"href":"https:\/\/www.noticiasradioreflejos.com.ar\/2021\/wp-json\/wp\/v2\/posts\/89469\/revisions\/89471"}],"wp:attachment":[{"href":"https:\/\/www.noticiasradioreflejos.com.ar\/2021\/wp-json\/wp\/v2\/media?parent=89469"}],"wp:term":[{"taxonomy":"category","embeddable":true,"href":"https:\/\/www.noticiasradioreflejos.com.ar\/2021\/wp-json\/wp\/v2\/categories?post=89469"},{"taxonomy":"post_tag","embeddable":true,"href":"https:\/\/www.noticiasradioreflejos.com.ar\/2021\/wp-json\/wp\/v2\/tags?post=89469"}],"curies":[{"name":"wp","href":"https:\/\/api.w.org\/{rel}","templated":true}]}}