{"id":89337,"date":"2023-06-15T17:38:17","date_gmt":"2023-06-15T17:38:17","guid":{"rendered":"https:\/\/www.noticiasradioreflejos.com.ar\/2021\/?p=89337"},"modified":"2023-06-15T17:38:17","modified_gmt":"2023-06-15T17:38:17","slug":"muchas-veces-los-delincuentes-se-disfrazan-de-trabajadores-de-la-construccion","status":"publish","type":"post","link":"https:\/\/www.noticiasradioreflejos.com.ar\/2021\/muchas-veces-los-delincuentes-se-disfrazan-de-trabajadores-de-la-construccion\/","title":{"rendered":"\u201cMuchas veces los delincuentes se disfrazan de trabajadores de la construcci\u00f3n\u201d"},"content":{"rendered":"<p>El Secretario de Seguridad y Gobierno del municipio, Ezequiel Gabella, brind\u00f3 detalles de las \u00faltimas acciones que tuvieron como resultado el esclarecimiento de dos hechos delictivos. \u201cEs algo que incomoda pero da resultados\u201d afirm\u00f3.<!--more--><\/p>\n<p>En los \u00faltimos d\u00edas dos hechos concernientes al orden p\u00fablico tuvieron resoluciones positivas dentro de la comarca. El primero de estos tuvo que ver con encontrar en Sierra de la Ventana a una persona que era buscada en Bah\u00eda Blanca por una causa de intento de robo con arma de fuego.<\/p>\n<p>Al respecto, el Secretario de Seguridad y Gobierno, Ezequiel Gabella, sostuvo que \u201csi bien el trabajo de llevar un control a las obras en construcci\u00f3n siempre se hizo, s\u00ed se lo solicit\u00e9 un tiempo atr\u00e1s a cada responsable de polic\u00eda que se intensifique porque se hab\u00eda dado ciertas circunstancias donde delincuentes disfrazados de trabajadores de la construcci\u00f3n hab\u00edan estado involucrados en il\u00edcitos\u201d.<\/p>\n<p>De la mano con esto afirm\u00f3 que \u201cayer dio sus resultados, ya que en Sierra cuando se tomaron los datos de las personas, se dio con un paradero activo. Es algo que incomoda pero que da resultado ya que son acciones preventivas. Me hago cargo lo que digo: a ese tipo de gente no la queremos ac\u00e1\u201d.<\/p>\n<p>En otro pasaje de la charla, y haciendo referencia al avance de la causa sobre la golpiza que se viraliz\u00f3 en redes el pasado domingo, cont\u00f3 que \u201cen el allanamiento la idea era encontrar indicios que sirvieran a la causa. En esos operativos se encontraron las prendas de id\u00e9nticas caracter\u00edsticas que hab\u00edan mencionado los testigos y al mismo tiempo quedaron registradas en el video de muy buena calidad\u201d.<\/p>\n<p>Fue as\u00ed como seg\u00fan su perspectiva \u201cse puede cerrar el c\u00edrculo. Por ahora est\u00e1 caratulado como lesiones leves, ya que no hubo fracturas, ni p\u00e9rdidas de piezas dentales. Muchas veces la tipificaci\u00f3n no va de la mano con la sensaci\u00f3n que tiene la gente de a pie\u201d.<\/p>\n<p><iframe loading=\"lazy\" src=\"https:\/\/w.soundcloud.com\/player\/?url=https%3A\/\/api.soundcloud.com\/tracks\/1540863256&amp;color=%23ff5500&amp;auto_play=false&amp;hide_related=false&amp;show_comments=true&amp;show_user=true&amp;show_reposts=false&amp;show_teaser=true\" width=\"100%\" height=\"166\" frameborder=\"no\" scrolling=\"no\"><\/iframe><\/p>\n<div style=\"font-size: 10px; color: #cccccc; line-break: anywhere; word-break: normal; overflow: hidden; white-space: nowrap; text-overflow: ellipsis; font-family: Interstate,Lucida Grande,Lucida Sans Unicode,Lucida Sans,Garuda,Verdana,Tahoma,sans-serif; font-weight: 100;\"><a style=\"color: #cccccc; text-decoration: none;\" title=\"fmreflejos 103.7\" href=\"https:\/\/soundcloud.com\/fmreflejos-103-7\" target=\"_blank\" rel=\"noopener\">fmreflejos 103.7<\/a> \u00b7 <a style=\"color: #cccccc; text-decoration: none;\" title=\"Ezequiel Gabella 15-6\" href=\"https:\/\/soundcloud.com\/fmreflejos-103-7\/ezequiel-gabella-367252306\" target=\"_blank\" rel=\"noopener\">Ezequiel Gabella 15-6<\/a><\/div>\n<p>&nbsp;<\/p>\n","protected":false},"excerpt":{"rendered":"<p>El Secretario de Seguridad y Gobierno del municipio, Ezequiel Gabella, brind\u00f3 detalles de las \u00faltimas acciones que tuvieron como resultado el esclarecimiento de dos hechos delictivos. \u201cEs algo que incomoda pero da resultados\u201d afirm\u00f3.<\/p>\n","protected":false},"author":3,"featured_media":89341,"comment_status":"closed","ping_status":"closed","sticky":false,"template":"","format":"standard","meta":{"footnotes":""},"categories":[28,29],"tags":[48],"class_list":["post-89337","post","type-post","status-publish","format-standard","has-post-thumbnail","hentry","category-municipales","category-policiales","tag-destacada"],"yoast_head":"<!-- This site is optimized with the Yoast SEO plugin v25.9 - https:\/\/yoast.com\/wordpress\/plugins\/seo\/ -->\n<title>\u201cMuchas veces los delincuentes se disfrazan de trabajadores de la construcci\u00f3n\u201d - Noticias Radio Reflejos<\/title>\n<meta name=\"robots\" content=\"index, follow, max-snippet:-1, max-image-preview:large, max-video-preview:-1\" \/>\n<link rel=\"canonical\" href=\"https:\/\/www.noticiasradioreflejos.com.ar\/2021\/muchas-veces-los-delincuentes-se-disfrazan-de-trabajadores-de-la-construccion\/\" \/>\n<meta property=\"og:locale\" content=\"es_ES\" \/>\n<meta property=\"og:type\" content=\"article\" \/>\n<meta property=\"og:title\" content=\"\u201cMuchas veces los delincuentes se disfrazan de trabajadores de la construcci\u00f3n\u201d - Noticias Radio Reflejos\" \/>\n<meta property=\"og:description\" content=\"El Secretario de Seguridad y Gobierno del municipio, Ezequiel Gabella, brind\u00f3 detalles de las \u00faltimas acciones que tuvieron como resultado el esclarecimiento de dos hechos delictivos. \u201cEs algo que incomoda pero da resultados\u201d afirm\u00f3.\" \/>\n<meta property=\"og:url\" content=\"https:\/\/www.noticiasradioreflejos.com.ar\/2021\/muchas-veces-los-delincuentes-se-disfrazan-de-trabajadores-de-la-construccion\/\" \/>\n<meta property=\"og:site_name\" content=\"Noticias Radio Reflejos\" \/>\n<meta property=\"article:published_time\" content=\"2023-06-15T17:38:17+00:00\" \/>\n<meta property=\"og:image\" content=\"https:\/\/www.noticiasradioreflejos.com.ar\/2021\/wp-content\/uploads\/2023\/06\/policia.jpg\" \/>\n\t<meta property=\"og:image:width\" content=\"800\" \/>\n\t<meta property=\"og:image:height\" content=\"450\" \/>\n\t<meta property=\"og:image:type\" content=\"image\/jpeg\" \/>\n<meta name=\"author\" content=\"Arnaldo Botto\" \/>\n<meta name=\"twitter:card\" content=\"summary_large_image\" \/>\n<script type=\"application\/ld+json\" class=\"yoast-schema-graph\">{\"@context\":\"https:\/\/schema.org\",\"@graph\":[{\"@type\":\"WebPage\",\"@id\":\"https:\/\/www.noticiasradioreflejos.com.ar\/2021\/muchas-veces-los-delincuentes-se-disfrazan-de-trabajadores-de-la-construccion\/\",\"url\":\"https:\/\/www.noticiasradioreflejos.com.ar\/2021\/muchas-veces-los-delincuentes-se-disfrazan-de-trabajadores-de-la-construccion\/\",\"name\":\"\u201cMuchas veces los delincuentes se disfrazan de trabajadores de la construcci\u00f3n\u201d - Noticias Radio Reflejos\",\"isPartOf\":{\"@id\":\"https:\/\/www.noticiasradioreflejos.com.ar\/2021\/#website\"},\"primaryImageOfPage\":{\"@id\":\"https:\/\/www.noticiasradioreflejos.com.ar\/2021\/muchas-veces-los-delincuentes-se-disfrazan-de-trabajadores-de-la-construccion\/#primaryimage\"},\"image\":{\"@id\":\"https:\/\/www.noticiasradioreflejos.com.ar\/2021\/muchas-veces-los-delincuentes-se-disfrazan-de-trabajadores-de-la-construccion\/#primaryimage\"},\"thumbnailUrl\":\"https:\/\/www.noticiasradioreflejos.com.ar\/2021\/wp-content\/uploads\/2023\/06\/policia.jpg\",\"datePublished\":\"2023-06-15T17:38:17+00:00\",\"author\":{\"@id\":\"https:\/\/www.noticiasradioreflejos.com.ar\/2021\/#\/schema\/person\/ad82545263dcc5ec0996818884fd5fb1\"},\"breadcrumb\":{\"@id\":\"https:\/\/www.noticiasradioreflejos.com.ar\/2021\/muchas-veces-los-delincuentes-se-disfrazan-de-trabajadores-de-la-construccion\/#breadcrumb\"},\"inLanguage\":\"es\",\"potentialAction\":[{\"@type\":\"ReadAction\",\"target\":[\"https:\/\/www.noticiasradioreflejos.com.ar\/2021\/muchas-veces-los-delincuentes-se-disfrazan-de-trabajadores-de-la-construccion\/\"]}]},{\"@type\":\"ImageObject\",\"inLanguage\":\"es\",\"@id\":\"https:\/\/www.noticiasradioreflejos.com.ar\/2021\/muchas-veces-los-delincuentes-se-disfrazan-de-trabajadores-de-la-construccion\/#primaryimage\",\"url\":\"https:\/\/www.noticiasradioreflejos.com.ar\/2021\/wp-content\/uploads\/2023\/06\/policia.jpg\",\"contentUrl\":\"https:\/\/www.noticiasradioreflejos.com.ar\/2021\/wp-content\/uploads\/2023\/06\/policia.jpg\",\"width\":800,\"height\":450},{\"@type\":\"BreadcrumbList\",\"@id\":\"https:\/\/www.noticiasradioreflejos.com.ar\/2021\/muchas-veces-los-delincuentes-se-disfrazan-de-trabajadores-de-la-construccion\/#breadcrumb\",\"itemListElement\":[{\"@type\":\"ListItem\",\"position\":1,\"name\":\"Portada\",\"item\":\"https:\/\/www.noticiasradioreflejos.com.ar\/2021\/\"},{\"@type\":\"ListItem\",\"position\":2,\"name\":\"\u201cMuchas veces los delincuentes se disfrazan de trabajadores de la construcci\u00f3n\u201d\"}]},{\"@type\":\"WebSite\",\"@id\":\"https:\/\/www.noticiasradioreflejos.com.ar\/2021\/#website\",\"url\":\"https:\/\/www.noticiasradioreflejos.com.ar\/2021\/\",\"name\":\"Noticias Radio Reflejos\",\"description\":\"Las noticias de mi comarca\",\"potentialAction\":[{\"@type\":\"SearchAction\",\"target\":{\"@type\":\"EntryPoint\",\"urlTemplate\":\"https:\/\/www.noticiasradioreflejos.com.ar\/2021\/?s={search_term_string}\"},\"query-input\":{\"@type\":\"PropertyValueSpecification\",\"valueRequired\":true,\"valueName\":\"search_term_string\"}}],\"inLanguage\":\"es\"},{\"@type\":\"Person\",\"@id\":\"https:\/\/www.noticiasradioreflejos.com.ar\/2021\/#\/schema\/person\/ad82545263dcc5ec0996818884fd5fb1\",\"name\":\"Arnaldo Botto\",\"image\":{\"@type\":\"ImageObject\",\"inLanguage\":\"es\",\"@id\":\"https:\/\/www.noticiasradioreflejos.com.ar\/2021\/#\/schema\/person\/image\/\",\"url\":\"https:\/\/secure.gravatar.com\/avatar\/55cb5e37c1efa326397366e6974cb338056df65cb50e7d64d1cf314e87504837?s=96&d=mm&r=g\",\"contentUrl\":\"https:\/\/secure.gravatar.com\/avatar\/55cb5e37c1efa326397366e6974cb338056df65cb50e7d64d1cf314e87504837?s=96&d=mm&r=g\",\"caption\":\"Arnaldo Botto\"},\"url\":\"https:\/\/www.noticiasradioreflejos.com.ar\/2021\/author\/arnaldo\/\"}]}<\/script>\n<!-- \/ Yoast SEO plugin. -->","yoast_head_json":{"title":"\u201cMuchas veces los delincuentes se disfrazan de trabajadores de la construcci\u00f3n\u201d - Noticias Radio Reflejos","robots":{"index":"index","follow":"follow","max-snippet":"max-snippet:-1","max-image-preview":"max-image-preview:large","max-video-preview":"max-video-preview:-1"},"canonical":"https:\/\/www.noticiasradioreflejos.com.ar\/2021\/muchas-veces-los-delincuentes-se-disfrazan-de-trabajadores-de-la-construccion\/","og_locale":"es_ES","og_type":"article","og_title":"\u201cMuchas veces los delincuentes se disfrazan de trabajadores de la construcci\u00f3n\u201d - Noticias Radio Reflejos","og_description":"El Secretario de Seguridad y Gobierno del municipio, Ezequiel Gabella, brind\u00f3 detalles de las \u00faltimas acciones que tuvieron como resultado el esclarecimiento de dos hechos delictivos. \u201cEs algo que incomoda pero da resultados\u201d afirm\u00f3.","og_url":"https:\/\/www.noticiasradioreflejos.com.ar\/2021\/muchas-veces-los-delincuentes-se-disfrazan-de-trabajadores-de-la-construccion\/","og_site_name":"Noticias Radio Reflejos","article_published_time":"2023-06-15T17:38:17+00:00","og_image":[{"width":800,"height":450,"url":"https:\/\/www.noticiasradioreflejos.com.ar\/2021\/wp-content\/uploads\/2023\/06\/policia.jpg","type":"image\/jpeg"}],"author":"Arnaldo Botto","twitter_card":"summary_large_image","schema":{"@context":"https:\/\/schema.org","@graph":[{"@type":"WebPage","@id":"https:\/\/www.noticiasradioreflejos.com.ar\/2021\/muchas-veces-los-delincuentes-se-disfrazan-de-trabajadores-de-la-construccion\/","url":"https:\/\/www.noticiasradioreflejos.com.ar\/2021\/muchas-veces-los-delincuentes-se-disfrazan-de-trabajadores-de-la-construccion\/","name":"\u201cMuchas veces los delincuentes se disfrazan de trabajadores de la construcci\u00f3n\u201d - Noticias Radio Reflejos","isPartOf":{"@id":"https:\/\/www.noticiasradioreflejos.com.ar\/2021\/#website"},"primaryImageOfPage":{"@id":"https:\/\/www.noticiasradioreflejos.com.ar\/2021\/muchas-veces-los-delincuentes-se-disfrazan-de-trabajadores-de-la-construccion\/#primaryimage"},"image":{"@id":"https:\/\/www.noticiasradioreflejos.com.ar\/2021\/muchas-veces-los-delincuentes-se-disfrazan-de-trabajadores-de-la-construccion\/#primaryimage"},"thumbnailUrl":"https:\/\/www.noticiasradioreflejos.com.ar\/2021\/wp-content\/uploads\/2023\/06\/policia.jpg","datePublished":"2023-06-15T17:38:17+00:00","author":{"@id":"https:\/\/www.noticiasradioreflejos.com.ar\/2021\/#\/schema\/person\/ad82545263dcc5ec0996818884fd5fb1"},"breadcrumb":{"@id":"https:\/\/www.noticiasradioreflejos.com.ar\/2021\/muchas-veces-los-delincuentes-se-disfrazan-de-trabajadores-de-la-construccion\/#breadcrumb"},"inLanguage":"es","potentialAction":[{"@type":"ReadAction","target":["https:\/\/www.noticiasradioreflejos.com.ar\/2021\/muchas-veces-los-delincuentes-se-disfrazan-de-trabajadores-de-la-construccion\/"]}]},{"@type":"ImageObject","inLanguage":"es","@id":"https:\/\/www.noticiasradioreflejos.com.ar\/2021\/muchas-veces-los-delincuentes-se-disfrazan-de-trabajadores-de-la-construccion\/#primaryimage","url":"https:\/\/www.noticiasradioreflejos.com.ar\/2021\/wp-content\/uploads\/2023\/06\/policia.jpg","contentUrl":"https:\/\/www.noticiasradioreflejos.com.ar\/2021\/wp-content\/uploads\/2023\/06\/policia.jpg","width":800,"height":450},{"@type":"BreadcrumbList","@id":"https:\/\/www.noticiasradioreflejos.com.ar\/2021\/muchas-veces-los-delincuentes-se-disfrazan-de-trabajadores-de-la-construccion\/#breadcrumb","itemListElement":[{"@type":"ListItem","position":1,"name":"Portada","item":"https:\/\/www.noticiasradioreflejos.com.ar\/2021\/"},{"@type":"ListItem","position":2,"name":"\u201cMuchas veces los delincuentes se disfrazan de trabajadores de la construcci\u00f3n\u201d"}]},{"@type":"WebSite","@id":"https:\/\/www.noticiasradioreflejos.com.ar\/2021\/#website","url":"https:\/\/www.noticiasradioreflejos.com.ar\/2021\/","name":"Noticias Radio Reflejos","description":"Las noticias de mi comarca","potentialAction":[{"@type":"SearchAction","target":{"@type":"EntryPoint","urlTemplate":"https:\/\/www.noticiasradioreflejos.com.ar\/2021\/?s={search_term_string}"},"query-input":{"@type":"PropertyValueSpecification","valueRequired":true,"valueName":"search_term_string"}}],"inLanguage":"es"},{"@type":"Person","@id":"https:\/\/www.noticiasradioreflejos.com.ar\/2021\/#\/schema\/person\/ad82545263dcc5ec0996818884fd5fb1","name":"Arnaldo Botto","image":{"@type":"ImageObject","inLanguage":"es","@id":"https:\/\/www.noticiasradioreflejos.com.ar\/2021\/#\/schema\/person\/image\/","url":"https:\/\/secure.gravatar.com\/avatar\/55cb5e37c1efa326397366e6974cb338056df65cb50e7d64d1cf314e87504837?s=96&d=mm&r=g","contentUrl":"https:\/\/secure.gravatar.com\/avatar\/55cb5e37c1efa326397366e6974cb338056df65cb50e7d64d1cf314e87504837?s=96&d=mm&r=g","caption":"Arnaldo Botto"},"url":"https:\/\/www.noticiasradioreflejos.com.ar\/2021\/author\/arnaldo\/"}]}},"_links":{"self":[{"href":"https:\/\/www.noticiasradioreflejos.com.ar\/2021\/wp-json\/wp\/v2\/posts\/89337","targetHints":{"allow":["GET"]}}],"collection":[{"href":"https:\/\/www.noticiasradioreflejos.com.ar\/2021\/wp-json\/wp\/v2\/posts"}],"about":[{"href":"https:\/\/www.noticiasradioreflejos.com.ar\/2021\/wp-json\/wp\/v2\/types\/post"}],"author":[{"embeddable":true,"href":"https:\/\/www.noticiasradioreflejos.com.ar\/2021\/wp-json\/wp\/v2\/users\/3"}],"replies":[{"embeddable":true,"href":"https:\/\/www.noticiasradioreflejos.com.ar\/2021\/wp-json\/wp\/v2\/comments?post=89337"}],"version-history":[{"count":2,"href":"https:\/\/www.noticiasradioreflejos.com.ar\/2021\/wp-json\/wp\/v2\/posts\/89337\/revisions"}],"predecessor-version":[{"id":89342,"href":"https:\/\/www.noticiasradioreflejos.com.ar\/2021\/wp-json\/wp\/v2\/posts\/89337\/revisions\/89342"}],"wp:featuredmedia":[{"embeddable":true,"href":"https:\/\/www.noticiasradioreflejos.com.ar\/2021\/wp-json\/wp\/v2\/media\/89341"}],"wp:attachment":[{"href":"https:\/\/www.noticiasradioreflejos.com.ar\/2021\/wp-json\/wp\/v2\/media?parent=89337"}],"wp:term":[{"taxonomy":"category","embeddable":true,"href":"https:\/\/www.noticiasradioreflejos.com.ar\/2021\/wp-json\/wp\/v2\/categories?post=89337"},{"taxonomy":"post_tag","embeddable":true,"href":"https:\/\/www.noticiasradioreflejos.com.ar\/2021\/wp-json\/wp\/v2\/tags?post=89337"}],"curies":[{"name":"wp","href":"https:\/\/api.w.org\/{rel}","templated":true}]}}