{"id":89332,"date":"2023-06-15T16:43:04","date_gmt":"2023-06-15T16:43:04","guid":{"rendered":"https:\/\/www.noticiasradioreflejos.com.ar\/2021\/?p=89332"},"modified":"2023-06-15T16:54:25","modified_gmt":"2023-06-15T16:54:25","slug":"el-ministerio-de-las-mujeres-politicas-de-genero-y-diversidad-sexual-pba-visito-los-distritos-de-carmen-de-patagones-coronel-suarez-daireaux-y-la-madrid","status":"publish","type":"post","link":"https:\/\/www.noticiasradioreflejos.com.ar\/2021\/el-ministerio-de-las-mujeres-politicas-de-genero-y-diversidad-sexual-pba-visito-los-distritos-de-carmen-de-patagones-coronel-suarez-daireaux-y-la-madrid\/","title":{"rendered":"El Ministerio de las Mujeres, Pol\u00edticas de G\u00e9nero y Diversidad Sexual PBA visit\u00f3 los distritos de Carmen de Patagones, Coronel Su\u00e1rez, Daireaux y Lamadrid."},"content":{"rendered":"<p>En Carmen de Patagones, con la participaci\u00f3n de organizaciones de mujeres de las localidades de Stroeder, Villalonga, Bah\u00eda San Blas y Carmen de Patagones, se desarroll\u00f3 un encuentro de capacitaci\u00f3n sobre formas asociativas y obligaciones tributarias de las organizaciones sociales y comunitarias, encabezada por la subsecretaria T\u00e9cnica, Administrativa y Legal, de Ministerio, Mercedes Castilla acompa\u00f1ada por la directora regional, Silvia Zaballa. <!--more--><\/p>\n<p><a title=\"aaf3d76f-7acb-4c79-a56e-a66760ee6929\" href=\"https:\/\/www.flickr.com\/photos\/182279889@N02\/52976917599\/in\/dateposted-public\/\" data-flickr-embed=\"true\"><img loading=\"lazy\" decoding=\"async\" src=\"https:\/\/live.staticflickr.com\/65535\/52976917599_61febf7d64_z.jpg\" alt=\"aaf3d76f-7acb-4c79-a56e-a66760ee6929\" width=\"640\" height=\"375\" \/><\/a><script async src=\"\/\/embedr.flickr.com\/assets\/client-code.js\" charset=\"utf-8\"><\/script><\/p>\n<p>El programa \u201cOrganizadas y en Red\u201d busca fortalecer institucionalmente a las organizaciones que abordan tem\u00e1ticas vinculadas a g\u00e9nero, la diversidad sexual y violencia por razones de g\u00e9nero, brindando informaci\u00f3n acerca de herramientas disponibles para organizaciones sociales y comunitarias.<\/p>\n<p>En Coronel Su\u00e1rez, el Ministerio de las Mujeres en conjunto con el senado g\u00e9neros y el Ministerio de Hacienda se llev\u00f3 adelante una jornada de formaci\u00f3n en presupuesto con perspectiva de g\u00e9nero y la mesa de articulaci\u00f3n territorial (MATe) con los municipios de la regi\u00f3n sexta.<\/p>\n<p>Estas actividades tienen por objetivo aportar herramientas para la creaci\u00f3n de Observatorios Legislativos de Pol\u00edticas de G\u00e9nero, as\u00ed como para la planificaci\u00f3n y dise\u00f1o de presupuestos con perspectiva de g\u00e9nero.<br \/>\nFinalmente, el equipo de \u201ctramando derechos\u201d del Ministerio, visit\u00f3 los distritos de Daireaux y Lamadrid, con el taller de gesti\u00f3n de menstrual.<\/p>\n<p>Reflexionaron en torno a los mitos existentes sobre el per\u00edodo menstrual, para luego problematizar sobre las desigualdades existentes en la vida de las personas menstruantes.<\/p>\n<p>Al finalizar cada taller, se hizo entrega de kit de copa menstrual, acompa\u00f1ado de informaci\u00f3n sobre las ventajas de su uso.<\/p>\n<p><a title=\"b27d7d12-1454-4bae-8e1a-c8902505e871\" href=\"https:\/\/www.flickr.com\/photos\/182279889@N02\/52977139975\/in\/dateposted-public\/\" data-flickr-embed=\"true\"><img loading=\"lazy\" decoding=\"async\" src=\"https:\/\/live.staticflickr.com\/65535\/52977139975_4f620c8813_z.jpg\" alt=\"b27d7d12-1454-4bae-8e1a-c8902505e871\" width=\"640\" height=\"426\" \/><\/a><script async src=\"\/\/embedr.flickr.com\/assets\/client-code.js\" charset=\"utf-8\"><\/script><\/p>\n<p><a title=\"IMG_8659\" href=\"https:\/\/www.flickr.com\/photos\/182279889@N02\/52976772736\/in\/dateposted-public\/\" data-flickr-embed=\"true\"><img loading=\"lazy\" decoding=\"async\" src=\"https:\/\/live.staticflickr.com\/65535\/52976772736_a6ab74d0bd_z.jpg\" alt=\"IMG_8659\" width=\"640\" height=\"429\" \/><\/a><script async src=\"\/\/embedr.flickr.com\/assets\/client-code.js\" charset=\"utf-8\"><\/script><\/p>\n","protected":false},"excerpt":{"rendered":"<p>En Carmen de Patagones, con la participaci\u00f3n de organizaciones de mujeres de las localidades de Stroeder, Villalonga, Bah\u00eda San Blas y Carmen de Patagones, se desarroll\u00f3 un encuentro de capacitaci\u00f3n sobre formas asociativas y obligaciones tributarias de las organizaciones sociales y comunitarias, encabezada por la subsecretaria T\u00e9cnica, Administrativa y Legal, de Ministerio, Mercedes Castilla acompa\u00f1ada [&hellip;]<\/p>\n","protected":false},"author":3,"featured_media":89333,"comment_status":"closed","ping_status":"closed","sticky":false,"template":"","format":"standard","meta":{"footnotes":""},"categories":[1],"tags":[],"class_list":["post-89332","post","type-post","status-publish","format-standard","has-post-thumbnail","hentry","category-sin-categoria"],"yoast_head":"<!-- This site is optimized with the Yoast SEO plugin v25.9 - https:\/\/yoast.com\/wordpress\/plugins\/seo\/ -->\n<title>El Ministerio de las Mujeres, Pol\u00edticas de G\u00e9nero y Diversidad Sexual PBA visit\u00f3 los distritos de Carmen de Patagones, Coronel Su\u00e1rez, Daireaux y Lamadrid. - Noticias Radio Reflejos<\/title>\n<meta name=\"robots\" content=\"index, follow, max-snippet:-1, max-image-preview:large, max-video-preview:-1\" \/>\n<link rel=\"canonical\" href=\"https:\/\/www.noticiasradioreflejos.com.ar\/2021\/el-ministerio-de-las-mujeres-politicas-de-genero-y-diversidad-sexual-pba-visito-los-distritos-de-carmen-de-patagones-coronel-suarez-daireaux-y-la-madrid\/\" \/>\n<meta property=\"og:locale\" content=\"es_ES\" \/>\n<meta property=\"og:type\" content=\"article\" \/>\n<meta property=\"og:title\" content=\"El Ministerio de las Mujeres, Pol\u00edticas de G\u00e9nero y Diversidad Sexual PBA visit\u00f3 los distritos de Carmen de Patagones, Coronel Su\u00e1rez, Daireaux y Lamadrid. - Noticias Radio Reflejos\" \/>\n<meta property=\"og:description\" content=\"En Carmen de Patagones, con la participaci\u00f3n de organizaciones de mujeres de las localidades de Stroeder, Villalonga, Bah\u00eda San Blas y Carmen de Patagones, se desarroll\u00f3 un encuentro de capacitaci\u00f3n sobre formas asociativas y obligaciones tributarias de las organizaciones sociales y comunitarias, encabezada por la subsecretaria T\u00e9cnica, Administrativa y Legal, de Ministerio, Mercedes Castilla acompa\u00f1ada [&hellip;]\" \/>\n<meta property=\"og:url\" content=\"https:\/\/www.noticiasradioreflejos.com.ar\/2021\/el-ministerio-de-las-mujeres-politicas-de-genero-y-diversidad-sexual-pba-visito-los-distritos-de-carmen-de-patagones-coronel-suarez-daireaux-y-la-madrid\/\" \/>\n<meta property=\"og:site_name\" content=\"Noticias Radio Reflejos\" \/>\n<meta property=\"article:published_time\" content=\"2023-06-15T16:43:04+00:00\" \/>\n<meta property=\"article:modified_time\" content=\"2023-06-15T16:54:25+00:00\" \/>\n<meta property=\"og:image\" content=\"https:\/\/www.noticiasradioreflejos.com.ar\/2021\/wp-content\/uploads\/2023\/06\/67026323-5fbc-46f4-b45a-0275d0ee0c40.jpg\" \/>\n\t<meta property=\"og:image:width\" content=\"1600\" \/>\n\t<meta property=\"og:image:height\" content=\"1200\" \/>\n\t<meta property=\"og:image:type\" content=\"image\/jpeg\" \/>\n<meta name=\"author\" content=\"Arnaldo Botto\" \/>\n<meta name=\"twitter:card\" content=\"summary_large_image\" \/>\n<script type=\"application\/ld+json\" class=\"yoast-schema-graph\">{\"@context\":\"https:\/\/schema.org\",\"@graph\":[{\"@type\":\"WebPage\",\"@id\":\"https:\/\/www.noticiasradioreflejos.com.ar\/2021\/el-ministerio-de-las-mujeres-politicas-de-genero-y-diversidad-sexual-pba-visito-los-distritos-de-carmen-de-patagones-coronel-suarez-daireaux-y-la-madrid\/\",\"url\":\"https:\/\/www.noticiasradioreflejos.com.ar\/2021\/el-ministerio-de-las-mujeres-politicas-de-genero-y-diversidad-sexual-pba-visito-los-distritos-de-carmen-de-patagones-coronel-suarez-daireaux-y-la-madrid\/\",\"name\":\"El Ministerio de las Mujeres, Pol\u00edticas de G\u00e9nero y Diversidad Sexual PBA visit\u00f3 los distritos de Carmen de Patagones, Coronel Su\u00e1rez, Daireaux y Lamadrid. - Noticias Radio Reflejos\",\"isPartOf\":{\"@id\":\"https:\/\/www.noticiasradioreflejos.com.ar\/2021\/#website\"},\"primaryImageOfPage\":{\"@id\":\"https:\/\/www.noticiasradioreflejos.com.ar\/2021\/el-ministerio-de-las-mujeres-politicas-de-genero-y-diversidad-sexual-pba-visito-los-distritos-de-carmen-de-patagones-coronel-suarez-daireaux-y-la-madrid\/#primaryimage\"},\"image\":{\"@id\":\"https:\/\/www.noticiasradioreflejos.com.ar\/2021\/el-ministerio-de-las-mujeres-politicas-de-genero-y-diversidad-sexual-pba-visito-los-distritos-de-carmen-de-patagones-coronel-suarez-daireaux-y-la-madrid\/#primaryimage\"},\"thumbnailUrl\":\"https:\/\/www.noticiasradioreflejos.com.ar\/2021\/wp-content\/uploads\/2023\/06\/67026323-5fbc-46f4-b45a-0275d0ee0c40.jpg\",\"datePublished\":\"2023-06-15T16:43:04+00:00\",\"dateModified\":\"2023-06-15T16:54:25+00:00\",\"author\":{\"@id\":\"https:\/\/www.noticiasradioreflejos.com.ar\/2021\/#\/schema\/person\/ad82545263dcc5ec0996818884fd5fb1\"},\"breadcrumb\":{\"@id\":\"https:\/\/www.noticiasradioreflejos.com.ar\/2021\/el-ministerio-de-las-mujeres-politicas-de-genero-y-diversidad-sexual-pba-visito-los-distritos-de-carmen-de-patagones-coronel-suarez-daireaux-y-la-madrid\/#breadcrumb\"},\"inLanguage\":\"es\",\"potentialAction\":[{\"@type\":\"ReadAction\",\"target\":[\"https:\/\/www.noticiasradioreflejos.com.ar\/2021\/el-ministerio-de-las-mujeres-politicas-de-genero-y-diversidad-sexual-pba-visito-los-distritos-de-carmen-de-patagones-coronel-suarez-daireaux-y-la-madrid\/\"]}]},{\"@type\":\"ImageObject\",\"inLanguage\":\"es\",\"@id\":\"https:\/\/www.noticiasradioreflejos.com.ar\/2021\/el-ministerio-de-las-mujeres-politicas-de-genero-y-diversidad-sexual-pba-visito-los-distritos-de-carmen-de-patagones-coronel-suarez-daireaux-y-la-madrid\/#primaryimage\",\"url\":\"https:\/\/www.noticiasradioreflejos.com.ar\/2021\/wp-content\/uploads\/2023\/06\/67026323-5fbc-46f4-b45a-0275d0ee0c40.jpg\",\"contentUrl\":\"https:\/\/www.noticiasradioreflejos.com.ar\/2021\/wp-content\/uploads\/2023\/06\/67026323-5fbc-46f4-b45a-0275d0ee0c40.jpg\",\"width\":1600,\"height\":1200},{\"@type\":\"BreadcrumbList\",\"@id\":\"https:\/\/www.noticiasradioreflejos.com.ar\/2021\/el-ministerio-de-las-mujeres-politicas-de-genero-y-diversidad-sexual-pba-visito-los-distritos-de-carmen-de-patagones-coronel-suarez-daireaux-y-la-madrid\/#breadcrumb\",\"itemListElement\":[{\"@type\":\"ListItem\",\"position\":1,\"name\":\"Portada\",\"item\":\"https:\/\/www.noticiasradioreflejos.com.ar\/2021\/\"},{\"@type\":\"ListItem\",\"position\":2,\"name\":\"El Ministerio de las Mujeres, Pol\u00edticas de G\u00e9nero y Diversidad Sexual PBA visit\u00f3 los distritos de Carmen de Patagones, Coronel Su\u00e1rez, Daireaux y Lamadrid.\"}]},{\"@type\":\"WebSite\",\"@id\":\"https:\/\/www.noticiasradioreflejos.com.ar\/2021\/#website\",\"url\":\"https:\/\/www.noticiasradioreflejos.com.ar\/2021\/\",\"name\":\"Noticias Radio Reflejos\",\"description\":\"Las noticias de mi comarca\",\"potentialAction\":[{\"@type\":\"SearchAction\",\"target\":{\"@type\":\"EntryPoint\",\"urlTemplate\":\"https:\/\/www.noticiasradioreflejos.com.ar\/2021\/?s={search_term_string}\"},\"query-input\":{\"@type\":\"PropertyValueSpecification\",\"valueRequired\":true,\"valueName\":\"search_term_string\"}}],\"inLanguage\":\"es\"},{\"@type\":\"Person\",\"@id\":\"https:\/\/www.noticiasradioreflejos.com.ar\/2021\/#\/schema\/person\/ad82545263dcc5ec0996818884fd5fb1\",\"name\":\"Arnaldo Botto\",\"image\":{\"@type\":\"ImageObject\",\"inLanguage\":\"es\",\"@id\":\"https:\/\/www.noticiasradioreflejos.com.ar\/2021\/#\/schema\/person\/image\/\",\"url\":\"https:\/\/secure.gravatar.com\/avatar\/55cb5e37c1efa326397366e6974cb338056df65cb50e7d64d1cf314e87504837?s=96&d=mm&r=g\",\"contentUrl\":\"https:\/\/secure.gravatar.com\/avatar\/55cb5e37c1efa326397366e6974cb338056df65cb50e7d64d1cf314e87504837?s=96&d=mm&r=g\",\"caption\":\"Arnaldo Botto\"},\"url\":\"https:\/\/www.noticiasradioreflejos.com.ar\/2021\/author\/arnaldo\/\"}]}<\/script>\n<!-- \/ Yoast SEO plugin. -->","yoast_head_json":{"title":"El Ministerio de las Mujeres, Pol\u00edticas de G\u00e9nero y Diversidad Sexual PBA visit\u00f3 los distritos de Carmen de Patagones, Coronel Su\u00e1rez, Daireaux y Lamadrid. - Noticias Radio Reflejos","robots":{"index":"index","follow":"follow","max-snippet":"max-snippet:-1","max-image-preview":"max-image-preview:large","max-video-preview":"max-video-preview:-1"},"canonical":"https:\/\/www.noticiasradioreflejos.com.ar\/2021\/el-ministerio-de-las-mujeres-politicas-de-genero-y-diversidad-sexual-pba-visito-los-distritos-de-carmen-de-patagones-coronel-suarez-daireaux-y-la-madrid\/","og_locale":"es_ES","og_type":"article","og_title":"El Ministerio de las Mujeres, Pol\u00edticas de G\u00e9nero y Diversidad Sexual PBA visit\u00f3 los distritos de Carmen de Patagones, Coronel Su\u00e1rez, Daireaux y Lamadrid. - Noticias Radio Reflejos","og_description":"En Carmen de Patagones, con la participaci\u00f3n de organizaciones de mujeres de las localidades de Stroeder, Villalonga, Bah\u00eda San Blas y Carmen de Patagones, se desarroll\u00f3 un encuentro de capacitaci\u00f3n sobre formas asociativas y obligaciones tributarias de las organizaciones sociales y comunitarias, encabezada por la subsecretaria T\u00e9cnica, Administrativa y Legal, de Ministerio, Mercedes Castilla acompa\u00f1ada [&hellip;]","og_url":"https:\/\/www.noticiasradioreflejos.com.ar\/2021\/el-ministerio-de-las-mujeres-politicas-de-genero-y-diversidad-sexual-pba-visito-los-distritos-de-carmen-de-patagones-coronel-suarez-daireaux-y-la-madrid\/","og_site_name":"Noticias Radio Reflejos","article_published_time":"2023-06-15T16:43:04+00:00","article_modified_time":"2023-06-15T16:54:25+00:00","og_image":[{"width":1600,"height":1200,"url":"https:\/\/www.noticiasradioreflejos.com.ar\/2021\/wp-content\/uploads\/2023\/06\/67026323-5fbc-46f4-b45a-0275d0ee0c40.jpg","type":"image\/jpeg"}],"author":"Arnaldo Botto","twitter_card":"summary_large_image","schema":{"@context":"https:\/\/schema.org","@graph":[{"@type":"WebPage","@id":"https:\/\/www.noticiasradioreflejos.com.ar\/2021\/el-ministerio-de-las-mujeres-politicas-de-genero-y-diversidad-sexual-pba-visito-los-distritos-de-carmen-de-patagones-coronel-suarez-daireaux-y-la-madrid\/","url":"https:\/\/www.noticiasradioreflejos.com.ar\/2021\/el-ministerio-de-las-mujeres-politicas-de-genero-y-diversidad-sexual-pba-visito-los-distritos-de-carmen-de-patagones-coronel-suarez-daireaux-y-la-madrid\/","name":"El Ministerio de las Mujeres, Pol\u00edticas de G\u00e9nero y Diversidad Sexual PBA visit\u00f3 los distritos de Carmen de Patagones, Coronel Su\u00e1rez, Daireaux y Lamadrid. - Noticias Radio Reflejos","isPartOf":{"@id":"https:\/\/www.noticiasradioreflejos.com.ar\/2021\/#website"},"primaryImageOfPage":{"@id":"https:\/\/www.noticiasradioreflejos.com.ar\/2021\/el-ministerio-de-las-mujeres-politicas-de-genero-y-diversidad-sexual-pba-visito-los-distritos-de-carmen-de-patagones-coronel-suarez-daireaux-y-la-madrid\/#primaryimage"},"image":{"@id":"https:\/\/www.noticiasradioreflejos.com.ar\/2021\/el-ministerio-de-las-mujeres-politicas-de-genero-y-diversidad-sexual-pba-visito-los-distritos-de-carmen-de-patagones-coronel-suarez-daireaux-y-la-madrid\/#primaryimage"},"thumbnailUrl":"https:\/\/www.noticiasradioreflejos.com.ar\/2021\/wp-content\/uploads\/2023\/06\/67026323-5fbc-46f4-b45a-0275d0ee0c40.jpg","datePublished":"2023-06-15T16:43:04+00:00","dateModified":"2023-06-15T16:54:25+00:00","author":{"@id":"https:\/\/www.noticiasradioreflejos.com.ar\/2021\/#\/schema\/person\/ad82545263dcc5ec0996818884fd5fb1"},"breadcrumb":{"@id":"https:\/\/www.noticiasradioreflejos.com.ar\/2021\/el-ministerio-de-las-mujeres-politicas-de-genero-y-diversidad-sexual-pba-visito-los-distritos-de-carmen-de-patagones-coronel-suarez-daireaux-y-la-madrid\/#breadcrumb"},"inLanguage":"es","potentialAction":[{"@type":"ReadAction","target":["https:\/\/www.noticiasradioreflejos.com.ar\/2021\/el-ministerio-de-las-mujeres-politicas-de-genero-y-diversidad-sexual-pba-visito-los-distritos-de-carmen-de-patagones-coronel-suarez-daireaux-y-la-madrid\/"]}]},{"@type":"ImageObject","inLanguage":"es","@id":"https:\/\/www.noticiasradioreflejos.com.ar\/2021\/el-ministerio-de-las-mujeres-politicas-de-genero-y-diversidad-sexual-pba-visito-los-distritos-de-carmen-de-patagones-coronel-suarez-daireaux-y-la-madrid\/#primaryimage","url":"https:\/\/www.noticiasradioreflejos.com.ar\/2021\/wp-content\/uploads\/2023\/06\/67026323-5fbc-46f4-b45a-0275d0ee0c40.jpg","contentUrl":"https:\/\/www.noticiasradioreflejos.com.ar\/2021\/wp-content\/uploads\/2023\/06\/67026323-5fbc-46f4-b45a-0275d0ee0c40.jpg","width":1600,"height":1200},{"@type":"BreadcrumbList","@id":"https:\/\/www.noticiasradioreflejos.com.ar\/2021\/el-ministerio-de-las-mujeres-politicas-de-genero-y-diversidad-sexual-pba-visito-los-distritos-de-carmen-de-patagones-coronel-suarez-daireaux-y-la-madrid\/#breadcrumb","itemListElement":[{"@type":"ListItem","position":1,"name":"Portada","item":"https:\/\/www.noticiasradioreflejos.com.ar\/2021\/"},{"@type":"ListItem","position":2,"name":"El Ministerio de las Mujeres, Pol\u00edticas de G\u00e9nero y Diversidad Sexual PBA visit\u00f3 los distritos de Carmen de Patagones, Coronel Su\u00e1rez, Daireaux y Lamadrid."}]},{"@type":"WebSite","@id":"https:\/\/www.noticiasradioreflejos.com.ar\/2021\/#website","url":"https:\/\/www.noticiasradioreflejos.com.ar\/2021\/","name":"Noticias Radio Reflejos","description":"Las noticias de mi comarca","potentialAction":[{"@type":"SearchAction","target":{"@type":"EntryPoint","urlTemplate":"https:\/\/www.noticiasradioreflejos.com.ar\/2021\/?s={search_term_string}"},"query-input":{"@type":"PropertyValueSpecification","valueRequired":true,"valueName":"search_term_string"}}],"inLanguage":"es"},{"@type":"Person","@id":"https:\/\/www.noticiasradioreflejos.com.ar\/2021\/#\/schema\/person\/ad82545263dcc5ec0996818884fd5fb1","name":"Arnaldo Botto","image":{"@type":"ImageObject","inLanguage":"es","@id":"https:\/\/www.noticiasradioreflejos.com.ar\/2021\/#\/schema\/person\/image\/","url":"https:\/\/secure.gravatar.com\/avatar\/55cb5e37c1efa326397366e6974cb338056df65cb50e7d64d1cf314e87504837?s=96&d=mm&r=g","contentUrl":"https:\/\/secure.gravatar.com\/avatar\/55cb5e37c1efa326397366e6974cb338056df65cb50e7d64d1cf314e87504837?s=96&d=mm&r=g","caption":"Arnaldo Botto"},"url":"https:\/\/www.noticiasradioreflejos.com.ar\/2021\/author\/arnaldo\/"}]}},"_links":{"self":[{"href":"https:\/\/www.noticiasradioreflejos.com.ar\/2021\/wp-json\/wp\/v2\/posts\/89332","targetHints":{"allow":["GET"]}}],"collection":[{"href":"https:\/\/www.noticiasradioreflejos.com.ar\/2021\/wp-json\/wp\/v2\/posts"}],"about":[{"href":"https:\/\/www.noticiasradioreflejos.com.ar\/2021\/wp-json\/wp\/v2\/types\/post"}],"author":[{"embeddable":true,"href":"https:\/\/www.noticiasradioreflejos.com.ar\/2021\/wp-json\/wp\/v2\/users\/3"}],"replies":[{"embeddable":true,"href":"https:\/\/www.noticiasradioreflejos.com.ar\/2021\/wp-json\/wp\/v2\/comments?post=89332"}],"version-history":[{"count":3,"href":"https:\/\/www.noticiasradioreflejos.com.ar\/2021\/wp-json\/wp\/v2\/posts\/89332\/revisions"}],"predecessor-version":[{"id":89336,"href":"https:\/\/www.noticiasradioreflejos.com.ar\/2021\/wp-json\/wp\/v2\/posts\/89332\/revisions\/89336"}],"wp:featuredmedia":[{"embeddable":true,"href":"https:\/\/www.noticiasradioreflejos.com.ar\/2021\/wp-json\/wp\/v2\/media\/89333"}],"wp:attachment":[{"href":"https:\/\/www.noticiasradioreflejos.com.ar\/2021\/wp-json\/wp\/v2\/media?parent=89332"}],"wp:term":[{"taxonomy":"category","embeddable":true,"href":"https:\/\/www.noticiasradioreflejos.com.ar\/2021\/wp-json\/wp\/v2\/categories?post=89332"},{"taxonomy":"post_tag","embeddable":true,"href":"https:\/\/www.noticiasradioreflejos.com.ar\/2021\/wp-json\/wp\/v2\/tags?post=89332"}],"curies":[{"name":"wp","href":"https:\/\/api.w.org\/{rel}","templated":true}]}}