{"id":89146,"date":"2023-06-13T11:13:49","date_gmt":"2023-06-13T11:13:49","guid":{"rendered":"https:\/\/www.noticiasradioreflejos.com.ar\/2021\/?p=89146"},"modified":"2023-06-13T11:13:49","modified_gmt":"2023-06-13T11:13:49","slug":"otro-amanecer-con-temperaturas-bajo-cero-en-sierra-de-la-ventana-y-alerta-amarilla-por-frio-en-caba-y-16-provincias","status":"publish","type":"post","link":"https:\/\/www.noticiasradioreflejos.com.ar\/2021\/otro-amanecer-con-temperaturas-bajo-cero-en-sierra-de-la-ventana-y-alerta-amarilla-por-frio-en-caba-y-16-provincias\/","title":{"rendered":"Otro amanecer con temperaturas bajo cero en Sierra de la Ventana y alerta amarilla por fr\u00edo en CABA y 16 provincias"},"content":{"rendered":"<p id=\"titulo_cable\" class=\"title\">La m\u00ednima en la zona serrana de Sierra de la Ventana marc\u00f3 -1.1\u00b0 con la t\u00e9rmica en -1.5\u00b0. <!--more--><\/p>\n<div id=\"div_cuerpo\" class=\"content cable-content\">La ciudad de Buenos Aires y localidades de 16 provincias se encuentran hoy bajo alerta amarilla por temperaturas extremas por fr\u00edo y muchas de ellas registraban esta ma\u00f1ana marcas bajo cero, como el caso de Maquinchao (R\u00edo Negro) con -9.6 grados y Villa Reynolds (San Luis) con -7.6 grados y una t\u00e9rmica de -11.4 grados.<\/p>\n<p>Seg\u00fan el Servicio Meteorol\u00f3gico Nacional, estas dos ciudades eran las m\u00e1s fr\u00edas de acuerdo con las mediciones de las 7, seguidas por Malarg\u00fce (Mendoza) y Esquel (Chubut) con -7.4 grados; Chapelco (Neuqu\u00e9n) con -6,8 grados; La Quiaca (Jujuy) con -6,4 grados y la ciudad de Neuqu\u00e9n con -5 grados.<\/p>\n<p>Las localidades cuyos term\u00f3metros registran marcas bajo cero superan las 30, de acuerdo al informe del SMN.<\/p>\n<p>Los distritos bajo alerta amarilla por temperaturas extremas son, adem\u00e1s de CABA, la provincia de Buenos Aires; Entre R\u00edos, Corrientes, Misiones, Formosa, Chaco, Santiago del Estero, Santa Fe, C\u00f3rdoba, Jujuy, Salta, San Juan, Mendoza, Neuqu\u00e9n, La Pampa y Chubut.<\/p>\n<p>EL nivel amarillo indica que las bajas temperaturas pueden tener efecto leve a moderado en la salud, pudiendo ser peligrosas para los grupos de riesgo, como ni\u00f1os y ni\u00f1as, personas mayores de 65 a\u00f1os, con enfermedades cr\u00f3nicas.<\/p><\/div>\n<p>&nbsp;<\/p>\n","protected":false},"excerpt":{"rendered":"<p>La m\u00ednima en la zona serrana de Sierra de la Ventana marc\u00f3 -1.1\u00b0 con la t\u00e9rmica en -1.5\u00b0.<\/p>\n","protected":false},"author":3,"featured_media":72903,"comment_status":"closed","ping_status":"closed","sticky":false,"template":"","format":"standard","meta":{"footnotes":""},"categories":[46],"tags":[48],"class_list":["post-89146","post","type-post","status-publish","format-standard","has-post-thumbnail","hentry","category-ciencia-y-tecnologia","tag-destacada"],"yoast_head":"<!-- This site is optimized with the Yoast SEO plugin v25.9 - https:\/\/yoast.com\/wordpress\/plugins\/seo\/ -->\n<title>Otro amanecer con temperaturas bajo cero en Sierra de la Ventana y alerta amarilla por fr\u00edo en CABA y 16 provincias - Noticias Radio Reflejos<\/title>\n<meta name=\"robots\" content=\"index, follow, max-snippet:-1, max-image-preview:large, max-video-preview:-1\" \/>\n<link rel=\"canonical\" href=\"https:\/\/www.noticiasradioreflejos.com.ar\/2021\/otro-amanecer-con-temperaturas-bajo-cero-en-sierra-de-la-ventana-y-alerta-amarilla-por-frio-en-caba-y-16-provincias\/\" \/>\n<meta property=\"og:locale\" content=\"es_ES\" \/>\n<meta property=\"og:type\" content=\"article\" \/>\n<meta property=\"og:title\" content=\"Otro amanecer con temperaturas bajo cero en Sierra de la Ventana y alerta amarilla por fr\u00edo en CABA y 16 provincias - Noticias Radio Reflejos\" \/>\n<meta property=\"og:description\" content=\"La m\u00ednima en la zona serrana de Sierra de la Ventana marc\u00f3 -1.1\u00b0 con la t\u00e9rmica en -1.5\u00b0.\" \/>\n<meta property=\"og:url\" content=\"https:\/\/www.noticiasradioreflejos.com.ar\/2021\/otro-amanecer-con-temperaturas-bajo-cero-en-sierra-de-la-ventana-y-alerta-amarilla-por-frio-en-caba-y-16-provincias\/\" \/>\n<meta property=\"og:site_name\" content=\"Noticias Radio Reflejos\" \/>\n<meta property=\"article:published_time\" content=\"2023-06-13T11:13:49+00:00\" \/>\n<meta property=\"og:image\" content=\"https:\/\/www.noticiasradioreflejos.com.ar\/2021\/wp-content\/uploads\/2022\/05\/Sierra-Helada.jpeg\" \/>\n\t<meta property=\"og:image:width\" content=\"1600\" \/>\n\t<meta property=\"og:image:height\" content=\"720\" \/>\n\t<meta property=\"og:image:type\" content=\"image\/jpeg\" \/>\n<meta name=\"author\" content=\"Arnaldo Botto\" \/>\n<meta name=\"twitter:card\" content=\"summary_large_image\" \/>\n<script type=\"application\/ld+json\" class=\"yoast-schema-graph\">{\"@context\":\"https:\/\/schema.org\",\"@graph\":[{\"@type\":\"WebPage\",\"@id\":\"https:\/\/www.noticiasradioreflejos.com.ar\/2021\/otro-amanecer-con-temperaturas-bajo-cero-en-sierra-de-la-ventana-y-alerta-amarilla-por-frio-en-caba-y-16-provincias\/\",\"url\":\"https:\/\/www.noticiasradioreflejos.com.ar\/2021\/otro-amanecer-con-temperaturas-bajo-cero-en-sierra-de-la-ventana-y-alerta-amarilla-por-frio-en-caba-y-16-provincias\/\",\"name\":\"Otro amanecer con temperaturas bajo cero en Sierra de la Ventana y alerta amarilla por fr\u00edo en CABA y 16 provincias - Noticias Radio Reflejos\",\"isPartOf\":{\"@id\":\"https:\/\/www.noticiasradioreflejos.com.ar\/2021\/#website\"},\"primaryImageOfPage\":{\"@id\":\"https:\/\/www.noticiasradioreflejos.com.ar\/2021\/otro-amanecer-con-temperaturas-bajo-cero-en-sierra-de-la-ventana-y-alerta-amarilla-por-frio-en-caba-y-16-provincias\/#primaryimage\"},\"image\":{\"@id\":\"https:\/\/www.noticiasradioreflejos.com.ar\/2021\/otro-amanecer-con-temperaturas-bajo-cero-en-sierra-de-la-ventana-y-alerta-amarilla-por-frio-en-caba-y-16-provincias\/#primaryimage\"},\"thumbnailUrl\":\"https:\/\/www.noticiasradioreflejos.com.ar\/2021\/wp-content\/uploads\/2022\/05\/Sierra-Helada.jpeg\",\"datePublished\":\"2023-06-13T11:13:49+00:00\",\"author\":{\"@id\":\"https:\/\/www.noticiasradioreflejos.com.ar\/2021\/#\/schema\/person\/ad82545263dcc5ec0996818884fd5fb1\"},\"breadcrumb\":{\"@id\":\"https:\/\/www.noticiasradioreflejos.com.ar\/2021\/otro-amanecer-con-temperaturas-bajo-cero-en-sierra-de-la-ventana-y-alerta-amarilla-por-frio-en-caba-y-16-provincias\/#breadcrumb\"},\"inLanguage\":\"es\",\"potentialAction\":[{\"@type\":\"ReadAction\",\"target\":[\"https:\/\/www.noticiasradioreflejos.com.ar\/2021\/otro-amanecer-con-temperaturas-bajo-cero-en-sierra-de-la-ventana-y-alerta-amarilla-por-frio-en-caba-y-16-provincias\/\"]}]},{\"@type\":\"ImageObject\",\"inLanguage\":\"es\",\"@id\":\"https:\/\/www.noticiasradioreflejos.com.ar\/2021\/otro-amanecer-con-temperaturas-bajo-cero-en-sierra-de-la-ventana-y-alerta-amarilla-por-frio-en-caba-y-16-provincias\/#primaryimage\",\"url\":\"https:\/\/www.noticiasradioreflejos.com.ar\/2021\/wp-content\/uploads\/2022\/05\/Sierra-Helada.jpeg\",\"contentUrl\":\"https:\/\/www.noticiasradioreflejos.com.ar\/2021\/wp-content\/uploads\/2022\/05\/Sierra-Helada.jpeg\",\"width\":1600,\"height\":720},{\"@type\":\"BreadcrumbList\",\"@id\":\"https:\/\/www.noticiasradioreflejos.com.ar\/2021\/otro-amanecer-con-temperaturas-bajo-cero-en-sierra-de-la-ventana-y-alerta-amarilla-por-frio-en-caba-y-16-provincias\/#breadcrumb\",\"itemListElement\":[{\"@type\":\"ListItem\",\"position\":1,\"name\":\"Portada\",\"item\":\"https:\/\/www.noticiasradioreflejos.com.ar\/2021\/\"},{\"@type\":\"ListItem\",\"position\":2,\"name\":\"Otro amanecer con temperaturas bajo cero en Sierra de la Ventana y alerta amarilla por fr\u00edo en CABA y 16 provincias\"}]},{\"@type\":\"WebSite\",\"@id\":\"https:\/\/www.noticiasradioreflejos.com.ar\/2021\/#website\",\"url\":\"https:\/\/www.noticiasradioreflejos.com.ar\/2021\/\",\"name\":\"Noticias Radio Reflejos\",\"description\":\"Las noticias de mi comarca\",\"potentialAction\":[{\"@type\":\"SearchAction\",\"target\":{\"@type\":\"EntryPoint\",\"urlTemplate\":\"https:\/\/www.noticiasradioreflejos.com.ar\/2021\/?s={search_term_string}\"},\"query-input\":{\"@type\":\"PropertyValueSpecification\",\"valueRequired\":true,\"valueName\":\"search_term_string\"}}],\"inLanguage\":\"es\"},{\"@type\":\"Person\",\"@id\":\"https:\/\/www.noticiasradioreflejos.com.ar\/2021\/#\/schema\/person\/ad82545263dcc5ec0996818884fd5fb1\",\"name\":\"Arnaldo Botto\",\"image\":{\"@type\":\"ImageObject\",\"inLanguage\":\"es\",\"@id\":\"https:\/\/www.noticiasradioreflejos.com.ar\/2021\/#\/schema\/person\/image\/\",\"url\":\"https:\/\/secure.gravatar.com\/avatar\/55cb5e37c1efa326397366e6974cb338056df65cb50e7d64d1cf314e87504837?s=96&d=mm&r=g\",\"contentUrl\":\"https:\/\/secure.gravatar.com\/avatar\/55cb5e37c1efa326397366e6974cb338056df65cb50e7d64d1cf314e87504837?s=96&d=mm&r=g\",\"caption\":\"Arnaldo Botto\"},\"url\":\"https:\/\/www.noticiasradioreflejos.com.ar\/2021\/author\/arnaldo\/\"}]}<\/script>\n<!-- \/ Yoast SEO plugin. -->","yoast_head_json":{"title":"Otro amanecer con temperaturas bajo cero en Sierra de la Ventana y alerta amarilla por fr\u00edo en CABA y 16 provincias - Noticias Radio Reflejos","robots":{"index":"index","follow":"follow","max-snippet":"max-snippet:-1","max-image-preview":"max-image-preview:large","max-video-preview":"max-video-preview:-1"},"canonical":"https:\/\/www.noticiasradioreflejos.com.ar\/2021\/otro-amanecer-con-temperaturas-bajo-cero-en-sierra-de-la-ventana-y-alerta-amarilla-por-frio-en-caba-y-16-provincias\/","og_locale":"es_ES","og_type":"article","og_title":"Otro amanecer con temperaturas bajo cero en Sierra de la Ventana y alerta amarilla por fr\u00edo en CABA y 16 provincias - Noticias Radio Reflejos","og_description":"La m\u00ednima en la zona serrana de Sierra de la Ventana marc\u00f3 -1.1\u00b0 con la t\u00e9rmica en -1.5\u00b0.","og_url":"https:\/\/www.noticiasradioreflejos.com.ar\/2021\/otro-amanecer-con-temperaturas-bajo-cero-en-sierra-de-la-ventana-y-alerta-amarilla-por-frio-en-caba-y-16-provincias\/","og_site_name":"Noticias Radio Reflejos","article_published_time":"2023-06-13T11:13:49+00:00","og_image":[{"width":1600,"height":720,"url":"https:\/\/www.noticiasradioreflejos.com.ar\/2021\/wp-content\/uploads\/2022\/05\/Sierra-Helada.jpeg","type":"image\/jpeg"}],"author":"Arnaldo Botto","twitter_card":"summary_large_image","schema":{"@context":"https:\/\/schema.org","@graph":[{"@type":"WebPage","@id":"https:\/\/www.noticiasradioreflejos.com.ar\/2021\/otro-amanecer-con-temperaturas-bajo-cero-en-sierra-de-la-ventana-y-alerta-amarilla-por-frio-en-caba-y-16-provincias\/","url":"https:\/\/www.noticiasradioreflejos.com.ar\/2021\/otro-amanecer-con-temperaturas-bajo-cero-en-sierra-de-la-ventana-y-alerta-amarilla-por-frio-en-caba-y-16-provincias\/","name":"Otro amanecer con temperaturas bajo cero en Sierra de la Ventana y alerta amarilla por fr\u00edo en CABA y 16 provincias - Noticias Radio Reflejos","isPartOf":{"@id":"https:\/\/www.noticiasradioreflejos.com.ar\/2021\/#website"},"primaryImageOfPage":{"@id":"https:\/\/www.noticiasradioreflejos.com.ar\/2021\/otro-amanecer-con-temperaturas-bajo-cero-en-sierra-de-la-ventana-y-alerta-amarilla-por-frio-en-caba-y-16-provincias\/#primaryimage"},"image":{"@id":"https:\/\/www.noticiasradioreflejos.com.ar\/2021\/otro-amanecer-con-temperaturas-bajo-cero-en-sierra-de-la-ventana-y-alerta-amarilla-por-frio-en-caba-y-16-provincias\/#primaryimage"},"thumbnailUrl":"https:\/\/www.noticiasradioreflejos.com.ar\/2021\/wp-content\/uploads\/2022\/05\/Sierra-Helada.jpeg","datePublished":"2023-06-13T11:13:49+00:00","author":{"@id":"https:\/\/www.noticiasradioreflejos.com.ar\/2021\/#\/schema\/person\/ad82545263dcc5ec0996818884fd5fb1"},"breadcrumb":{"@id":"https:\/\/www.noticiasradioreflejos.com.ar\/2021\/otro-amanecer-con-temperaturas-bajo-cero-en-sierra-de-la-ventana-y-alerta-amarilla-por-frio-en-caba-y-16-provincias\/#breadcrumb"},"inLanguage":"es","potentialAction":[{"@type":"ReadAction","target":["https:\/\/www.noticiasradioreflejos.com.ar\/2021\/otro-amanecer-con-temperaturas-bajo-cero-en-sierra-de-la-ventana-y-alerta-amarilla-por-frio-en-caba-y-16-provincias\/"]}]},{"@type":"ImageObject","inLanguage":"es","@id":"https:\/\/www.noticiasradioreflejos.com.ar\/2021\/otro-amanecer-con-temperaturas-bajo-cero-en-sierra-de-la-ventana-y-alerta-amarilla-por-frio-en-caba-y-16-provincias\/#primaryimage","url":"https:\/\/www.noticiasradioreflejos.com.ar\/2021\/wp-content\/uploads\/2022\/05\/Sierra-Helada.jpeg","contentUrl":"https:\/\/www.noticiasradioreflejos.com.ar\/2021\/wp-content\/uploads\/2022\/05\/Sierra-Helada.jpeg","width":1600,"height":720},{"@type":"BreadcrumbList","@id":"https:\/\/www.noticiasradioreflejos.com.ar\/2021\/otro-amanecer-con-temperaturas-bajo-cero-en-sierra-de-la-ventana-y-alerta-amarilla-por-frio-en-caba-y-16-provincias\/#breadcrumb","itemListElement":[{"@type":"ListItem","position":1,"name":"Portada","item":"https:\/\/www.noticiasradioreflejos.com.ar\/2021\/"},{"@type":"ListItem","position":2,"name":"Otro amanecer con temperaturas bajo cero en Sierra de la Ventana y alerta amarilla por fr\u00edo en CABA y 16 provincias"}]},{"@type":"WebSite","@id":"https:\/\/www.noticiasradioreflejos.com.ar\/2021\/#website","url":"https:\/\/www.noticiasradioreflejos.com.ar\/2021\/","name":"Noticias Radio Reflejos","description":"Las noticias de mi comarca","potentialAction":[{"@type":"SearchAction","target":{"@type":"EntryPoint","urlTemplate":"https:\/\/www.noticiasradioreflejos.com.ar\/2021\/?s={search_term_string}"},"query-input":{"@type":"PropertyValueSpecification","valueRequired":true,"valueName":"search_term_string"}}],"inLanguage":"es"},{"@type":"Person","@id":"https:\/\/www.noticiasradioreflejos.com.ar\/2021\/#\/schema\/person\/ad82545263dcc5ec0996818884fd5fb1","name":"Arnaldo Botto","image":{"@type":"ImageObject","inLanguage":"es","@id":"https:\/\/www.noticiasradioreflejos.com.ar\/2021\/#\/schema\/person\/image\/","url":"https:\/\/secure.gravatar.com\/avatar\/55cb5e37c1efa326397366e6974cb338056df65cb50e7d64d1cf314e87504837?s=96&d=mm&r=g","contentUrl":"https:\/\/secure.gravatar.com\/avatar\/55cb5e37c1efa326397366e6974cb338056df65cb50e7d64d1cf314e87504837?s=96&d=mm&r=g","caption":"Arnaldo Botto"},"url":"https:\/\/www.noticiasradioreflejos.com.ar\/2021\/author\/arnaldo\/"}]}},"_links":{"self":[{"href":"https:\/\/www.noticiasradioreflejos.com.ar\/2021\/wp-json\/wp\/v2\/posts\/89146","targetHints":{"allow":["GET"]}}],"collection":[{"href":"https:\/\/www.noticiasradioreflejos.com.ar\/2021\/wp-json\/wp\/v2\/posts"}],"about":[{"href":"https:\/\/www.noticiasradioreflejos.com.ar\/2021\/wp-json\/wp\/v2\/types\/post"}],"author":[{"embeddable":true,"href":"https:\/\/www.noticiasradioreflejos.com.ar\/2021\/wp-json\/wp\/v2\/users\/3"}],"replies":[{"embeddable":true,"href":"https:\/\/www.noticiasradioreflejos.com.ar\/2021\/wp-json\/wp\/v2\/comments?post=89146"}],"version-history":[{"count":1,"href":"https:\/\/www.noticiasradioreflejos.com.ar\/2021\/wp-json\/wp\/v2\/posts\/89146\/revisions"}],"predecessor-version":[{"id":89148,"href":"https:\/\/www.noticiasradioreflejos.com.ar\/2021\/wp-json\/wp\/v2\/posts\/89146\/revisions\/89148"}],"wp:featuredmedia":[{"embeddable":true,"href":"https:\/\/www.noticiasradioreflejos.com.ar\/2021\/wp-json\/wp\/v2\/media\/72903"}],"wp:attachment":[{"href":"https:\/\/www.noticiasradioreflejos.com.ar\/2021\/wp-json\/wp\/v2\/media?parent=89146"}],"wp:term":[{"taxonomy":"category","embeddable":true,"href":"https:\/\/www.noticiasradioreflejos.com.ar\/2021\/wp-json\/wp\/v2\/categories?post=89146"},{"taxonomy":"post_tag","embeddable":true,"href":"https:\/\/www.noticiasradioreflejos.com.ar\/2021\/wp-json\/wp\/v2\/tags?post=89146"}],"curies":[{"name":"wp","href":"https:\/\/api.w.org\/{rel}","templated":true}]}}