{"id":89141,"date":"2023-06-13T10:45:19","date_gmt":"2023-06-13T10:45:19","guid":{"rendered":"https:\/\/www.noticiasradioreflejos.com.ar\/2021\/?p=89141"},"modified":"2023-06-13T11:09:35","modified_gmt":"2023-06-13T11:09:35","slug":"habra-transporte-de-pasajeros-en-la-comarca","status":"publish","type":"post","link":"https:\/\/www.noticiasradioreflejos.com.ar\/2021\/habra-transporte-de-pasajeros-en-la-comarca\/","title":{"rendered":"Habr\u00e1 transporte de pasajeros en la Comarca"},"content":{"rendered":"<p>Los directivos de<strong> V\u00eda 51<\/strong> confirmaron a nuestra redacci\u00f3n que el servicio comenzar\u00e1 a prestarse a partir de la frecuencia de las 9.40 que sale de Saldungaray a Tornquist.<!--more--><\/p>\n<p>La Uni\u00f3n Tranviarios Automotor (UTA) anunci\u00f3 en la madrugada de hoy que lleg\u00f3 a un acuerdo en la Provincia de Buenos Aires, por lo que se levant\u00f3 el paro de micros en todo el territorio bonaerense. Esto significa que los colectivos circulan con normalidad en todo el distrito de Tornquist<\/p>\n<p>De esta manera, la empresa concesionaria del servicio trabajar\u00e1\u00a0 con normalidad\u00a0 quedando en 4 frecuencias durante esta martes 13 con salida desde Saldungaray que ser\u00e1n : a las 9,40, 13, 17 y 20.30 horas\u00a0 y\u00a0 a las 12,00,\u00a0 18,30 y 22 horas con salida desde la ciudad de Tornquist.<\/p>\n<p><a title=\"horario sald\" href=\"https:\/\/www.flickr.com\/photos\/182279889@N02\/52962994683\/in\/dateposted-public\/\" data-flickr-embed=\"true\"><img loading=\"lazy\" decoding=\"async\" src=\"https:\/\/live.staticflickr.com\/65535\/52962994683_127535ab5e_c.jpg\" alt=\"horario sald\" width=\"640\" height=\"800\" \/><\/a><br \/>\nLos dirigentes de la Uni\u00f3n Tranviarios Automotor (UTA) y las c\u00e1maras empresarias de corta y media distancia mantuvieron este lunes negociaciones de forma virtual con funcionarios laborales para encontrar una salida al conflicto paritario y as\u00ed evitar el inicio de un paro desde esta medianoche, informaron las fuentes gremiales y del Ministerio de Trabajo.<\/p>\n<p>Sindicalistas y empresarios negociaban desde las 16 la posibilidad de acordar un aumento salarial que evite el inicio de un paro nacional a la media noche por 24 horas.<\/p>\n<p>El encuentro, que se realizaba de manera virtual, comenz\u00f3 a las 16 y se extendi\u00f3 hasta las 19.30, cuando las partes convinieron un cuarto intermedio hasta las 20 y luego reiniciaron las negociaciones paritarias.<\/p>\n<p>Esta medianoche venc\u00eda el per\u00edodo h\u00e1bil de conciliaci\u00f3n obligatoria de forma oportuna impuesto por la cartera laboral que encabeza la ministra Raquel Olmos.<\/p>\n<p>El gremio que lidera Roberto Fern\u00e1ndez hab\u00eda anunciado una huelga general nacional en el sector de corta y media distancia del transporte para el caso de no alcanzarse un acuerdo que posteriormente se logr\u00f3 de manera parcial.<\/p>\n<p>&nbsp;<br \/>\n<a data-flickr-embed=\"true\" href=\"https:\/\/www.flickr.com\/photos\/182279889@N02\/52962994573\/in\/dateposted-public\/\" title=\"Horario tqt\"><img loading=\"lazy\" decoding=\"async\" src=\"https:\/\/live.staticflickr.com\/65535\/52962994573_62799df0ce_c.jpg\" width=\"640\" height=\"800\" alt=\"Horario tqt\"\/><\/a><script async src=\"\/\/embedr.flickr.com\/assets\/client-code.js\" charset=\"utf-8\"><\/script><br \/>\n&nbsp;<\/p>\n","protected":false},"excerpt":{"rendered":"<p>Los directivos de V\u00eda 51 confirmaron a nuestra redacci\u00f3n que el servicio comenzar\u00e1 a prestarse a partir de la frecuencia de las 9.40 que sale de Saldungaray a Tornquist.<\/p>\n","protected":false},"author":3,"featured_media":82626,"comment_status":"closed","ping_status":"closed","sticky":false,"template":"","format":"standard","meta":{"footnotes":""},"categories":[26,33],"tags":[48],"class_list":["post-89141","post","type-post","status-publish","format-standard","has-post-thumbnail","hentry","category-sociedad","category-turismo","tag-destacada"],"yoast_head":"<!-- This site is optimized with the Yoast SEO plugin v25.9 - https:\/\/yoast.com\/wordpress\/plugins\/seo\/ -->\n<title>Habr\u00e1 transporte de pasajeros en la Comarca - Noticias Radio Reflejos<\/title>\n<meta name=\"robots\" content=\"index, follow, max-snippet:-1, max-image-preview:large, max-video-preview:-1\" \/>\n<link rel=\"canonical\" href=\"https:\/\/www.noticiasradioreflejos.com.ar\/2021\/habra-transporte-de-pasajeros-en-la-comarca\/\" \/>\n<meta property=\"og:locale\" content=\"es_ES\" \/>\n<meta property=\"og:type\" content=\"article\" \/>\n<meta property=\"og:title\" content=\"Habr\u00e1 transporte de pasajeros en la Comarca - Noticias Radio Reflejos\" \/>\n<meta property=\"og:description\" content=\"Los directivos de V\u00eda 51 confirmaron a nuestra redacci\u00f3n que el servicio comenzar\u00e1 a prestarse a partir de la frecuencia de las 9.40 que sale de Saldungaray a Tornquist.\" \/>\n<meta property=\"og:url\" content=\"https:\/\/www.noticiasradioreflejos.com.ar\/2021\/habra-transporte-de-pasajeros-en-la-comarca\/\" \/>\n<meta property=\"og:site_name\" content=\"Noticias Radio Reflejos\" \/>\n<meta property=\"article:published_time\" content=\"2023-06-13T10:45:19+00:00\" \/>\n<meta property=\"article:modified_time\" content=\"2023-06-13T11:09:35+00:00\" \/>\n<meta property=\"og:image\" content=\"https:\/\/www.noticiasradioreflejos.com.ar\/2021\/wp-content\/uploads\/2023\/01\/Via-51-2.jpeg\" \/>\n\t<meta property=\"og:image:width\" content=\"1208\" \/>\n\t<meta property=\"og:image:height\" content=\"568\" \/>\n\t<meta property=\"og:image:type\" content=\"image\/jpeg\" \/>\n<meta name=\"author\" content=\"Arnaldo Botto\" \/>\n<meta name=\"twitter:card\" content=\"summary_large_image\" \/>\n<script type=\"application\/ld+json\" class=\"yoast-schema-graph\">{\"@context\":\"https:\/\/schema.org\",\"@graph\":[{\"@type\":\"WebPage\",\"@id\":\"https:\/\/www.noticiasradioreflejos.com.ar\/2021\/habra-transporte-de-pasajeros-en-la-comarca\/\",\"url\":\"https:\/\/www.noticiasradioreflejos.com.ar\/2021\/habra-transporte-de-pasajeros-en-la-comarca\/\",\"name\":\"Habr\u00e1 transporte de pasajeros en la Comarca - Noticias Radio Reflejos\",\"isPartOf\":{\"@id\":\"https:\/\/www.noticiasradioreflejos.com.ar\/2021\/#website\"},\"primaryImageOfPage\":{\"@id\":\"https:\/\/www.noticiasradioreflejos.com.ar\/2021\/habra-transporte-de-pasajeros-en-la-comarca\/#primaryimage\"},\"image\":{\"@id\":\"https:\/\/www.noticiasradioreflejos.com.ar\/2021\/habra-transporte-de-pasajeros-en-la-comarca\/#primaryimage\"},\"thumbnailUrl\":\"https:\/\/www.noticiasradioreflejos.com.ar\/2021\/wp-content\/uploads\/2023\/01\/Via-51-2.jpeg\",\"datePublished\":\"2023-06-13T10:45:19+00:00\",\"dateModified\":\"2023-06-13T11:09:35+00:00\",\"author\":{\"@id\":\"https:\/\/www.noticiasradioreflejos.com.ar\/2021\/#\/schema\/person\/ad82545263dcc5ec0996818884fd5fb1\"},\"breadcrumb\":{\"@id\":\"https:\/\/www.noticiasradioreflejos.com.ar\/2021\/habra-transporte-de-pasajeros-en-la-comarca\/#breadcrumb\"},\"inLanguage\":\"es\",\"potentialAction\":[{\"@type\":\"ReadAction\",\"target\":[\"https:\/\/www.noticiasradioreflejos.com.ar\/2021\/habra-transporte-de-pasajeros-en-la-comarca\/\"]}]},{\"@type\":\"ImageObject\",\"inLanguage\":\"es\",\"@id\":\"https:\/\/www.noticiasradioreflejos.com.ar\/2021\/habra-transporte-de-pasajeros-en-la-comarca\/#primaryimage\",\"url\":\"https:\/\/www.noticiasradioreflejos.com.ar\/2021\/wp-content\/uploads\/2023\/01\/Via-51-2.jpeg\",\"contentUrl\":\"https:\/\/www.noticiasradioreflejos.com.ar\/2021\/wp-content\/uploads\/2023\/01\/Via-51-2.jpeg\",\"width\":1208,\"height\":568},{\"@type\":\"BreadcrumbList\",\"@id\":\"https:\/\/www.noticiasradioreflejos.com.ar\/2021\/habra-transporte-de-pasajeros-en-la-comarca\/#breadcrumb\",\"itemListElement\":[{\"@type\":\"ListItem\",\"position\":1,\"name\":\"Portada\",\"item\":\"https:\/\/www.noticiasradioreflejos.com.ar\/2021\/\"},{\"@type\":\"ListItem\",\"position\":2,\"name\":\"Habr\u00e1 transporte de pasajeros en la Comarca\"}]},{\"@type\":\"WebSite\",\"@id\":\"https:\/\/www.noticiasradioreflejos.com.ar\/2021\/#website\",\"url\":\"https:\/\/www.noticiasradioreflejos.com.ar\/2021\/\",\"name\":\"Noticias Radio Reflejos\",\"description\":\"Las noticias de mi comarca\",\"potentialAction\":[{\"@type\":\"SearchAction\",\"target\":{\"@type\":\"EntryPoint\",\"urlTemplate\":\"https:\/\/www.noticiasradioreflejos.com.ar\/2021\/?s={search_term_string}\"},\"query-input\":{\"@type\":\"PropertyValueSpecification\",\"valueRequired\":true,\"valueName\":\"search_term_string\"}}],\"inLanguage\":\"es\"},{\"@type\":\"Person\",\"@id\":\"https:\/\/www.noticiasradioreflejos.com.ar\/2021\/#\/schema\/person\/ad82545263dcc5ec0996818884fd5fb1\",\"name\":\"Arnaldo Botto\",\"image\":{\"@type\":\"ImageObject\",\"inLanguage\":\"es\",\"@id\":\"https:\/\/www.noticiasradioreflejos.com.ar\/2021\/#\/schema\/person\/image\/\",\"url\":\"https:\/\/secure.gravatar.com\/avatar\/55cb5e37c1efa326397366e6974cb338056df65cb50e7d64d1cf314e87504837?s=96&d=mm&r=g\",\"contentUrl\":\"https:\/\/secure.gravatar.com\/avatar\/55cb5e37c1efa326397366e6974cb338056df65cb50e7d64d1cf314e87504837?s=96&d=mm&r=g\",\"caption\":\"Arnaldo Botto\"},\"url\":\"https:\/\/www.noticiasradioreflejos.com.ar\/2021\/author\/arnaldo\/\"}]}<\/script>\n<!-- \/ Yoast SEO plugin. -->","yoast_head_json":{"title":"Habr\u00e1 transporte de pasajeros en la Comarca - Noticias Radio Reflejos","robots":{"index":"index","follow":"follow","max-snippet":"max-snippet:-1","max-image-preview":"max-image-preview:large","max-video-preview":"max-video-preview:-1"},"canonical":"https:\/\/www.noticiasradioreflejos.com.ar\/2021\/habra-transporte-de-pasajeros-en-la-comarca\/","og_locale":"es_ES","og_type":"article","og_title":"Habr\u00e1 transporte de pasajeros en la Comarca - Noticias Radio Reflejos","og_description":"Los directivos de V\u00eda 51 confirmaron a nuestra redacci\u00f3n que el servicio comenzar\u00e1 a prestarse a partir de la frecuencia de las 9.40 que sale de Saldungaray a Tornquist.","og_url":"https:\/\/www.noticiasradioreflejos.com.ar\/2021\/habra-transporte-de-pasajeros-en-la-comarca\/","og_site_name":"Noticias Radio Reflejos","article_published_time":"2023-06-13T10:45:19+00:00","article_modified_time":"2023-06-13T11:09:35+00:00","og_image":[{"width":1208,"height":568,"url":"https:\/\/www.noticiasradioreflejos.com.ar\/2021\/wp-content\/uploads\/2023\/01\/Via-51-2.jpeg","type":"image\/jpeg"}],"author":"Arnaldo Botto","twitter_card":"summary_large_image","schema":{"@context":"https:\/\/schema.org","@graph":[{"@type":"WebPage","@id":"https:\/\/www.noticiasradioreflejos.com.ar\/2021\/habra-transporte-de-pasajeros-en-la-comarca\/","url":"https:\/\/www.noticiasradioreflejos.com.ar\/2021\/habra-transporte-de-pasajeros-en-la-comarca\/","name":"Habr\u00e1 transporte de pasajeros en la Comarca - Noticias Radio Reflejos","isPartOf":{"@id":"https:\/\/www.noticiasradioreflejos.com.ar\/2021\/#website"},"primaryImageOfPage":{"@id":"https:\/\/www.noticiasradioreflejos.com.ar\/2021\/habra-transporte-de-pasajeros-en-la-comarca\/#primaryimage"},"image":{"@id":"https:\/\/www.noticiasradioreflejos.com.ar\/2021\/habra-transporte-de-pasajeros-en-la-comarca\/#primaryimage"},"thumbnailUrl":"https:\/\/www.noticiasradioreflejos.com.ar\/2021\/wp-content\/uploads\/2023\/01\/Via-51-2.jpeg","datePublished":"2023-06-13T10:45:19+00:00","dateModified":"2023-06-13T11:09:35+00:00","author":{"@id":"https:\/\/www.noticiasradioreflejos.com.ar\/2021\/#\/schema\/person\/ad82545263dcc5ec0996818884fd5fb1"},"breadcrumb":{"@id":"https:\/\/www.noticiasradioreflejos.com.ar\/2021\/habra-transporte-de-pasajeros-en-la-comarca\/#breadcrumb"},"inLanguage":"es","potentialAction":[{"@type":"ReadAction","target":["https:\/\/www.noticiasradioreflejos.com.ar\/2021\/habra-transporte-de-pasajeros-en-la-comarca\/"]}]},{"@type":"ImageObject","inLanguage":"es","@id":"https:\/\/www.noticiasradioreflejos.com.ar\/2021\/habra-transporte-de-pasajeros-en-la-comarca\/#primaryimage","url":"https:\/\/www.noticiasradioreflejos.com.ar\/2021\/wp-content\/uploads\/2023\/01\/Via-51-2.jpeg","contentUrl":"https:\/\/www.noticiasradioreflejos.com.ar\/2021\/wp-content\/uploads\/2023\/01\/Via-51-2.jpeg","width":1208,"height":568},{"@type":"BreadcrumbList","@id":"https:\/\/www.noticiasradioreflejos.com.ar\/2021\/habra-transporte-de-pasajeros-en-la-comarca\/#breadcrumb","itemListElement":[{"@type":"ListItem","position":1,"name":"Portada","item":"https:\/\/www.noticiasradioreflejos.com.ar\/2021\/"},{"@type":"ListItem","position":2,"name":"Habr\u00e1 transporte de pasajeros en la Comarca"}]},{"@type":"WebSite","@id":"https:\/\/www.noticiasradioreflejos.com.ar\/2021\/#website","url":"https:\/\/www.noticiasradioreflejos.com.ar\/2021\/","name":"Noticias Radio Reflejos","description":"Las noticias de mi comarca","potentialAction":[{"@type":"SearchAction","target":{"@type":"EntryPoint","urlTemplate":"https:\/\/www.noticiasradioreflejos.com.ar\/2021\/?s={search_term_string}"},"query-input":{"@type":"PropertyValueSpecification","valueRequired":true,"valueName":"search_term_string"}}],"inLanguage":"es"},{"@type":"Person","@id":"https:\/\/www.noticiasradioreflejos.com.ar\/2021\/#\/schema\/person\/ad82545263dcc5ec0996818884fd5fb1","name":"Arnaldo Botto","image":{"@type":"ImageObject","inLanguage":"es","@id":"https:\/\/www.noticiasradioreflejos.com.ar\/2021\/#\/schema\/person\/image\/","url":"https:\/\/secure.gravatar.com\/avatar\/55cb5e37c1efa326397366e6974cb338056df65cb50e7d64d1cf314e87504837?s=96&d=mm&r=g","contentUrl":"https:\/\/secure.gravatar.com\/avatar\/55cb5e37c1efa326397366e6974cb338056df65cb50e7d64d1cf314e87504837?s=96&d=mm&r=g","caption":"Arnaldo Botto"},"url":"https:\/\/www.noticiasradioreflejos.com.ar\/2021\/author\/arnaldo\/"}]}},"_links":{"self":[{"href":"https:\/\/www.noticiasradioreflejos.com.ar\/2021\/wp-json\/wp\/v2\/posts\/89141","targetHints":{"allow":["GET"]}}],"collection":[{"href":"https:\/\/www.noticiasradioreflejos.com.ar\/2021\/wp-json\/wp\/v2\/posts"}],"about":[{"href":"https:\/\/www.noticiasradioreflejos.com.ar\/2021\/wp-json\/wp\/v2\/types\/post"}],"author":[{"embeddable":true,"href":"https:\/\/www.noticiasradioreflejos.com.ar\/2021\/wp-json\/wp\/v2\/users\/3"}],"replies":[{"embeddable":true,"href":"https:\/\/www.noticiasradioreflejos.com.ar\/2021\/wp-json\/wp\/v2\/comments?post=89141"}],"version-history":[{"count":4,"href":"https:\/\/www.noticiasradioreflejos.com.ar\/2021\/wp-json\/wp\/v2\/posts\/89141\/revisions"}],"predecessor-version":[{"id":89147,"href":"https:\/\/www.noticiasradioreflejos.com.ar\/2021\/wp-json\/wp\/v2\/posts\/89141\/revisions\/89147"}],"wp:featuredmedia":[{"embeddable":true,"href":"https:\/\/www.noticiasradioreflejos.com.ar\/2021\/wp-json\/wp\/v2\/media\/82626"}],"wp:attachment":[{"href":"https:\/\/www.noticiasradioreflejos.com.ar\/2021\/wp-json\/wp\/v2\/media?parent=89141"}],"wp:term":[{"taxonomy":"category","embeddable":true,"href":"https:\/\/www.noticiasradioreflejos.com.ar\/2021\/wp-json\/wp\/v2\/categories?post=89141"},{"taxonomy":"post_tag","embeddable":true,"href":"https:\/\/www.noticiasradioreflejos.com.ar\/2021\/wp-json\/wp\/v2\/tags?post=89141"}],"curies":[{"name":"wp","href":"https:\/\/api.w.org\/{rel}","templated":true}]}}