{"id":89064,"date":"2023-06-10T15:42:39","date_gmt":"2023-06-10T15:42:39","guid":{"rendered":"https:\/\/www.noticiasradioreflejos.com.ar\/2021\/?p=89064"},"modified":"2023-06-10T15:42:39","modified_gmt":"2023-06-10T15:42:39","slug":"detienen-en-la-plata-a-un-hombre-acusado-de-estafar-a-clientes-de-una-red-social-con-falsas-ventas","status":"publish","type":"post","link":"https:\/\/www.noticiasradioreflejos.com.ar\/2021\/detienen-en-la-plata-a-un-hombre-acusado-de-estafar-a-clientes-de-una-red-social-con-falsas-ventas\/","title":{"rendered":"Detienen en La Plata a un hombre acusado de estafar a clientes de una red social con falsas ventas"},"content":{"rendered":"<p>Un hombre fue detenido en la periferia de la ciudad bonaerense de La Plata acusado de estafar por una red social a clientes interesados en comprar equipos de telefon\u00eda celular, informaron hoy fuentes policiales.<!--more--><\/p>\n<p>La investigaci\u00f3n comenz\u00f3 en septiembre de 2022 tras la denuncia de una persona que asegur\u00f3 haber sido estafado por un supuesto vendedor de celulares que promocionaba los productos en Facebook Marketplace.<\/p>\n<p>El denunciante indic\u00f3 que hab\u00eda transferido 150.000 pesos por un iPhone, pero que el equipo no hab\u00eda sido enviado.<\/p>\n<p>Tras tareas de investigaci\u00f3n, efectivos de la Direcci\u00f3n Departamental de Investigaciones (DDI) La Plata y de la Divisi\u00f3n Conductas Inform\u00e1ticas Il\u00edcitas de Polic\u00eda de la Ciudad de Buenos Aires allanaron una vivienda ubicada en calles 78 y 118.<\/p>\n<p>En el procedimiento se detuvo a un hombre de nacionalidad venezolana acusado de ser el autor de las estafas y se secuestr\u00f3 una netbook, dos pendrive, dos notebook, dos IPhone y documentaci\u00f3n,<\/p>\n<p>Interviene en la causa el juzgado nacional en lo Criminal y Correccional 20 de la ciudad de Buenos Aires.<\/p>\n","protected":false},"excerpt":{"rendered":"<p>Un hombre fue detenido en la periferia de la ciudad bonaerense de La Plata acusado de estafar por una red social a clientes interesados en comprar equipos de telefon\u00eda celular, informaron hoy fuentes policiales.<\/p>\n","protected":false},"author":3,"featured_media":41053,"comment_status":"closed","ping_status":"closed","sticky":false,"template":"","format":"standard","meta":{"footnotes":""},"categories":[29],"tags":[],"class_list":["post-89064","post","type-post","status-publish","format-standard","has-post-thumbnail","hentry","category-policiales"],"yoast_head":"<!-- This site is optimized with the Yoast SEO plugin v25.9 - https:\/\/yoast.com\/wordpress\/plugins\/seo\/ -->\n<title>Detienen en La Plata a un hombre acusado de estafar a clientes de una red social con falsas ventas - Noticias Radio Reflejos<\/title>\n<meta name=\"robots\" content=\"index, follow, max-snippet:-1, max-image-preview:large, max-video-preview:-1\" \/>\n<link rel=\"canonical\" href=\"https:\/\/www.noticiasradioreflejos.com.ar\/2021\/detienen-en-la-plata-a-un-hombre-acusado-de-estafar-a-clientes-de-una-red-social-con-falsas-ventas\/\" \/>\n<meta property=\"og:locale\" content=\"es_ES\" \/>\n<meta property=\"og:type\" content=\"article\" \/>\n<meta property=\"og:title\" content=\"Detienen en La Plata a un hombre acusado de estafar a clientes de una red social con falsas ventas - Noticias Radio Reflejos\" \/>\n<meta property=\"og:description\" content=\"Un hombre fue detenido en la periferia de la ciudad bonaerense de La Plata acusado de estafar por una red social a clientes interesados en comprar equipos de telefon\u00eda celular, informaron hoy fuentes policiales.\" \/>\n<meta property=\"og:url\" content=\"https:\/\/www.noticiasradioreflejos.com.ar\/2021\/detienen-en-la-plata-a-un-hombre-acusado-de-estafar-a-clientes-de-una-red-social-con-falsas-ventas\/\" \/>\n<meta property=\"og:site_name\" content=\"Noticias Radio Reflejos\" \/>\n<meta property=\"article:published_time\" content=\"2023-06-10T15:42:39+00:00\" \/>\n<meta property=\"og:image\" content=\"https:\/\/www.noticiasradioreflejos.com.ar\/2021\/wp-content\/uploads\/2020\/04\/hacking-fraude-telefonico.jpg\" \/>\n\t<meta property=\"og:image:width\" content=\"567\" \/>\n\t<meta property=\"og:image:height\" content=\"248\" \/>\n\t<meta property=\"og:image:type\" content=\"image\/jpeg\" \/>\n<meta name=\"author\" content=\"Arnaldo Botto\" \/>\n<meta name=\"twitter:card\" content=\"summary_large_image\" \/>\n<script type=\"application\/ld+json\" class=\"yoast-schema-graph\">{\"@context\":\"https:\/\/schema.org\",\"@graph\":[{\"@type\":\"WebPage\",\"@id\":\"https:\/\/www.noticiasradioreflejos.com.ar\/2021\/detienen-en-la-plata-a-un-hombre-acusado-de-estafar-a-clientes-de-una-red-social-con-falsas-ventas\/\",\"url\":\"https:\/\/www.noticiasradioreflejos.com.ar\/2021\/detienen-en-la-plata-a-un-hombre-acusado-de-estafar-a-clientes-de-una-red-social-con-falsas-ventas\/\",\"name\":\"Detienen en La Plata a un hombre acusado de estafar a clientes de una red social con falsas ventas - Noticias Radio Reflejos\",\"isPartOf\":{\"@id\":\"https:\/\/www.noticiasradioreflejos.com.ar\/2021\/#website\"},\"primaryImageOfPage\":{\"@id\":\"https:\/\/www.noticiasradioreflejos.com.ar\/2021\/detienen-en-la-plata-a-un-hombre-acusado-de-estafar-a-clientes-de-una-red-social-con-falsas-ventas\/#primaryimage\"},\"image\":{\"@id\":\"https:\/\/www.noticiasradioreflejos.com.ar\/2021\/detienen-en-la-plata-a-un-hombre-acusado-de-estafar-a-clientes-de-una-red-social-con-falsas-ventas\/#primaryimage\"},\"thumbnailUrl\":\"https:\/\/www.noticiasradioreflejos.com.ar\/2021\/wp-content\/uploads\/2020\/04\/hacking-fraude-telefonico.jpg\",\"datePublished\":\"2023-06-10T15:42:39+00:00\",\"author\":{\"@id\":\"https:\/\/www.noticiasradioreflejos.com.ar\/2021\/#\/schema\/person\/ad82545263dcc5ec0996818884fd5fb1\"},\"breadcrumb\":{\"@id\":\"https:\/\/www.noticiasradioreflejos.com.ar\/2021\/detienen-en-la-plata-a-un-hombre-acusado-de-estafar-a-clientes-de-una-red-social-con-falsas-ventas\/#breadcrumb\"},\"inLanguage\":\"es\",\"potentialAction\":[{\"@type\":\"ReadAction\",\"target\":[\"https:\/\/www.noticiasradioreflejos.com.ar\/2021\/detienen-en-la-plata-a-un-hombre-acusado-de-estafar-a-clientes-de-una-red-social-con-falsas-ventas\/\"]}]},{\"@type\":\"ImageObject\",\"inLanguage\":\"es\",\"@id\":\"https:\/\/www.noticiasradioreflejos.com.ar\/2021\/detienen-en-la-plata-a-un-hombre-acusado-de-estafar-a-clientes-de-una-red-social-con-falsas-ventas\/#primaryimage\",\"url\":\"https:\/\/www.noticiasradioreflejos.com.ar\/2021\/wp-content\/uploads\/2020\/04\/hacking-fraude-telefonico.jpg\",\"contentUrl\":\"https:\/\/www.noticiasradioreflejos.com.ar\/2021\/wp-content\/uploads\/2020\/04\/hacking-fraude-telefonico.jpg\",\"width\":567,\"height\":248},{\"@type\":\"BreadcrumbList\",\"@id\":\"https:\/\/www.noticiasradioreflejos.com.ar\/2021\/detienen-en-la-plata-a-un-hombre-acusado-de-estafar-a-clientes-de-una-red-social-con-falsas-ventas\/#breadcrumb\",\"itemListElement\":[{\"@type\":\"ListItem\",\"position\":1,\"name\":\"Portada\",\"item\":\"https:\/\/www.noticiasradioreflejos.com.ar\/2021\/\"},{\"@type\":\"ListItem\",\"position\":2,\"name\":\"Detienen en La Plata a un hombre acusado de estafar a clientes de una red social con falsas ventas\"}]},{\"@type\":\"WebSite\",\"@id\":\"https:\/\/www.noticiasradioreflejos.com.ar\/2021\/#website\",\"url\":\"https:\/\/www.noticiasradioreflejos.com.ar\/2021\/\",\"name\":\"Noticias Radio Reflejos\",\"description\":\"Las noticias de mi comarca\",\"potentialAction\":[{\"@type\":\"SearchAction\",\"target\":{\"@type\":\"EntryPoint\",\"urlTemplate\":\"https:\/\/www.noticiasradioreflejos.com.ar\/2021\/?s={search_term_string}\"},\"query-input\":{\"@type\":\"PropertyValueSpecification\",\"valueRequired\":true,\"valueName\":\"search_term_string\"}}],\"inLanguage\":\"es\"},{\"@type\":\"Person\",\"@id\":\"https:\/\/www.noticiasradioreflejos.com.ar\/2021\/#\/schema\/person\/ad82545263dcc5ec0996818884fd5fb1\",\"name\":\"Arnaldo Botto\",\"image\":{\"@type\":\"ImageObject\",\"inLanguage\":\"es\",\"@id\":\"https:\/\/www.noticiasradioreflejos.com.ar\/2021\/#\/schema\/person\/image\/\",\"url\":\"https:\/\/secure.gravatar.com\/avatar\/55cb5e37c1efa326397366e6974cb338056df65cb50e7d64d1cf314e87504837?s=96&d=mm&r=g\",\"contentUrl\":\"https:\/\/secure.gravatar.com\/avatar\/55cb5e37c1efa326397366e6974cb338056df65cb50e7d64d1cf314e87504837?s=96&d=mm&r=g\",\"caption\":\"Arnaldo Botto\"},\"url\":\"https:\/\/www.noticiasradioreflejos.com.ar\/2021\/author\/arnaldo\/\"}]}<\/script>\n<!-- \/ Yoast SEO plugin. -->","yoast_head_json":{"title":"Detienen en La Plata a un hombre acusado de estafar a clientes de una red social con falsas ventas - Noticias Radio Reflejos","robots":{"index":"index","follow":"follow","max-snippet":"max-snippet:-1","max-image-preview":"max-image-preview:large","max-video-preview":"max-video-preview:-1"},"canonical":"https:\/\/www.noticiasradioreflejos.com.ar\/2021\/detienen-en-la-plata-a-un-hombre-acusado-de-estafar-a-clientes-de-una-red-social-con-falsas-ventas\/","og_locale":"es_ES","og_type":"article","og_title":"Detienen en La Plata a un hombre acusado de estafar a clientes de una red social con falsas ventas - Noticias Radio Reflejos","og_description":"Un hombre fue detenido en la periferia de la ciudad bonaerense de La Plata acusado de estafar por una red social a clientes interesados en comprar equipos de telefon\u00eda celular, informaron hoy fuentes policiales.","og_url":"https:\/\/www.noticiasradioreflejos.com.ar\/2021\/detienen-en-la-plata-a-un-hombre-acusado-de-estafar-a-clientes-de-una-red-social-con-falsas-ventas\/","og_site_name":"Noticias Radio Reflejos","article_published_time":"2023-06-10T15:42:39+00:00","og_image":[{"width":567,"height":248,"url":"https:\/\/www.noticiasradioreflejos.com.ar\/2021\/wp-content\/uploads\/2020\/04\/hacking-fraude-telefonico.jpg","type":"image\/jpeg"}],"author":"Arnaldo Botto","twitter_card":"summary_large_image","schema":{"@context":"https:\/\/schema.org","@graph":[{"@type":"WebPage","@id":"https:\/\/www.noticiasradioreflejos.com.ar\/2021\/detienen-en-la-plata-a-un-hombre-acusado-de-estafar-a-clientes-de-una-red-social-con-falsas-ventas\/","url":"https:\/\/www.noticiasradioreflejos.com.ar\/2021\/detienen-en-la-plata-a-un-hombre-acusado-de-estafar-a-clientes-de-una-red-social-con-falsas-ventas\/","name":"Detienen en La Plata a un hombre acusado de estafar a clientes de una red social con falsas ventas - Noticias Radio Reflejos","isPartOf":{"@id":"https:\/\/www.noticiasradioreflejos.com.ar\/2021\/#website"},"primaryImageOfPage":{"@id":"https:\/\/www.noticiasradioreflejos.com.ar\/2021\/detienen-en-la-plata-a-un-hombre-acusado-de-estafar-a-clientes-de-una-red-social-con-falsas-ventas\/#primaryimage"},"image":{"@id":"https:\/\/www.noticiasradioreflejos.com.ar\/2021\/detienen-en-la-plata-a-un-hombre-acusado-de-estafar-a-clientes-de-una-red-social-con-falsas-ventas\/#primaryimage"},"thumbnailUrl":"https:\/\/www.noticiasradioreflejos.com.ar\/2021\/wp-content\/uploads\/2020\/04\/hacking-fraude-telefonico.jpg","datePublished":"2023-06-10T15:42:39+00:00","author":{"@id":"https:\/\/www.noticiasradioreflejos.com.ar\/2021\/#\/schema\/person\/ad82545263dcc5ec0996818884fd5fb1"},"breadcrumb":{"@id":"https:\/\/www.noticiasradioreflejos.com.ar\/2021\/detienen-en-la-plata-a-un-hombre-acusado-de-estafar-a-clientes-de-una-red-social-con-falsas-ventas\/#breadcrumb"},"inLanguage":"es","potentialAction":[{"@type":"ReadAction","target":["https:\/\/www.noticiasradioreflejos.com.ar\/2021\/detienen-en-la-plata-a-un-hombre-acusado-de-estafar-a-clientes-de-una-red-social-con-falsas-ventas\/"]}]},{"@type":"ImageObject","inLanguage":"es","@id":"https:\/\/www.noticiasradioreflejos.com.ar\/2021\/detienen-en-la-plata-a-un-hombre-acusado-de-estafar-a-clientes-de-una-red-social-con-falsas-ventas\/#primaryimage","url":"https:\/\/www.noticiasradioreflejos.com.ar\/2021\/wp-content\/uploads\/2020\/04\/hacking-fraude-telefonico.jpg","contentUrl":"https:\/\/www.noticiasradioreflejos.com.ar\/2021\/wp-content\/uploads\/2020\/04\/hacking-fraude-telefonico.jpg","width":567,"height":248},{"@type":"BreadcrumbList","@id":"https:\/\/www.noticiasradioreflejos.com.ar\/2021\/detienen-en-la-plata-a-un-hombre-acusado-de-estafar-a-clientes-de-una-red-social-con-falsas-ventas\/#breadcrumb","itemListElement":[{"@type":"ListItem","position":1,"name":"Portada","item":"https:\/\/www.noticiasradioreflejos.com.ar\/2021\/"},{"@type":"ListItem","position":2,"name":"Detienen en La Plata a un hombre acusado de estafar a clientes de una red social con falsas ventas"}]},{"@type":"WebSite","@id":"https:\/\/www.noticiasradioreflejos.com.ar\/2021\/#website","url":"https:\/\/www.noticiasradioreflejos.com.ar\/2021\/","name":"Noticias Radio Reflejos","description":"Las noticias de mi comarca","potentialAction":[{"@type":"SearchAction","target":{"@type":"EntryPoint","urlTemplate":"https:\/\/www.noticiasradioreflejos.com.ar\/2021\/?s={search_term_string}"},"query-input":{"@type":"PropertyValueSpecification","valueRequired":true,"valueName":"search_term_string"}}],"inLanguage":"es"},{"@type":"Person","@id":"https:\/\/www.noticiasradioreflejos.com.ar\/2021\/#\/schema\/person\/ad82545263dcc5ec0996818884fd5fb1","name":"Arnaldo Botto","image":{"@type":"ImageObject","inLanguage":"es","@id":"https:\/\/www.noticiasradioreflejos.com.ar\/2021\/#\/schema\/person\/image\/","url":"https:\/\/secure.gravatar.com\/avatar\/55cb5e37c1efa326397366e6974cb338056df65cb50e7d64d1cf314e87504837?s=96&d=mm&r=g","contentUrl":"https:\/\/secure.gravatar.com\/avatar\/55cb5e37c1efa326397366e6974cb338056df65cb50e7d64d1cf314e87504837?s=96&d=mm&r=g","caption":"Arnaldo Botto"},"url":"https:\/\/www.noticiasradioreflejos.com.ar\/2021\/author\/arnaldo\/"}]}},"_links":{"self":[{"href":"https:\/\/www.noticiasradioreflejos.com.ar\/2021\/wp-json\/wp\/v2\/posts\/89064","targetHints":{"allow":["GET"]}}],"collection":[{"href":"https:\/\/www.noticiasradioreflejos.com.ar\/2021\/wp-json\/wp\/v2\/posts"}],"about":[{"href":"https:\/\/www.noticiasradioreflejos.com.ar\/2021\/wp-json\/wp\/v2\/types\/post"}],"author":[{"embeddable":true,"href":"https:\/\/www.noticiasradioreflejos.com.ar\/2021\/wp-json\/wp\/v2\/users\/3"}],"replies":[{"embeddable":true,"href":"https:\/\/www.noticiasradioreflejos.com.ar\/2021\/wp-json\/wp\/v2\/comments?post=89064"}],"version-history":[{"count":1,"href":"https:\/\/www.noticiasradioreflejos.com.ar\/2021\/wp-json\/wp\/v2\/posts\/89064\/revisions"}],"predecessor-version":[{"id":89065,"href":"https:\/\/www.noticiasradioreflejos.com.ar\/2021\/wp-json\/wp\/v2\/posts\/89064\/revisions\/89065"}],"wp:featuredmedia":[{"embeddable":true,"href":"https:\/\/www.noticiasradioreflejos.com.ar\/2021\/wp-json\/wp\/v2\/media\/41053"}],"wp:attachment":[{"href":"https:\/\/www.noticiasradioreflejos.com.ar\/2021\/wp-json\/wp\/v2\/media?parent=89064"}],"wp:term":[{"taxonomy":"category","embeddable":true,"href":"https:\/\/www.noticiasradioreflejos.com.ar\/2021\/wp-json\/wp\/v2\/categories?post=89064"},{"taxonomy":"post_tag","embeddable":true,"href":"https:\/\/www.noticiasradioreflejos.com.ar\/2021\/wp-json\/wp\/v2\/tags?post=89064"}],"curies":[{"name":"wp","href":"https:\/\/api.w.org\/{rel}","templated":true}]}}