{"id":89061,"date":"2023-06-10T15:23:47","date_gmt":"2023-06-10T15:23:47","guid":{"rendered":"https:\/\/www.noticiasradioreflejos.com.ar\/2021\/?p=89061"},"modified":"2023-06-10T15:23:47","modified_gmt":"2023-06-10T15:23:47","slug":"cada-45-minutos-una-persona-es-diagnosticada-con-cancer-de-prostata-en-argentina","status":"publish","type":"post","link":"https:\/\/www.noticiasradioreflejos.com.ar\/2021\/cada-45-minutos-una-persona-es-diagnosticada-con-cancer-de-prostata-en-argentina\/","title":{"rendered":"Cada 45 minutos una persona es diagnosticada con c\u00e1ncer de pr\u00f3stata en Argentina"},"content":{"rendered":"<p>Cada 45 minutos una persona es diagnosticada con c\u00e1ncer de pr\u00f3stata en Argentina, cifra que ubica a esta enfermedad entre una de las principales causas de mortalidad masculina por \u00abfalta de conciencia\u00bb y miedo a los controles, pero que puede curarse si es diagnosticada a tiempo, advirtieron especialistas en el marco del D\u00eda Mundial de esta patolog\u00eda, que se conmemora cada 11 de junio.<!--more--><\/p>\n<p>\u00abEs el tumor m\u00e1s frecuente en el hombre. Sin embargo, no es el m\u00e1s letal porque se puede detectar precozmente. Es una enfermedad m\u00e1s bien indolente en sus etapas tempranas y hay muchas metodolog\u00edas para tratarla\u00bb, dijo a T\u00e9lam Carlos Silva, coordinador m\u00e9dico y del \u00c1rea Psicosocial de la Liga Argentina de Lucha contra el C\u00e1ncer (Lalcec).<\/p>\n<p>\u00abCuando el paciente consulta con s\u00edntomas ya tiene bastante entidad el tumor. Hay que anticiparse a eso\u00bb, sostuvo el m\u00e9dico especialista en oncolog\u00eda.<\/p>\n<p>Entre las se\u00f1ales de alerta est\u00e1n la presencia de sangre en la orina o en el semen; tener dificultades para orinar, como la sensaci\u00f3n de no poder vaciar completamente la vejiga; presentar dolor en la regi\u00f3n p\u00e9lvica o en la parte baja de la espalda; y tener disfunci\u00f3n er\u00e9ctil.<\/p>\n<p>Seg\u00fan las \u00faltimas estad\u00edsticas del Ministerio de Salud, cada a\u00f1o se diagnostican 11.686 casos de c\u00e1ncer de pr\u00f3stata, uno cada 45 minutos, y se calcula que alrededor de 3.500 hombres mueren a causa de esta enfermedad al a\u00f1o en el pa\u00eds.<\/p>\n<p>Adem\u00e1s, se estima que uno de cada ocho hombres tendr\u00e1 esta enfermedad a lo largo de su vida en Argentina, por lo que es el tipo de c\u00e1ncer m\u00e1s com\u00fan en la poblaci\u00f3n masculina y el tercero en mortalidad despu\u00e9s del de pulm\u00f3n y el colorrectal.<\/p>\n<p>\u00abLo fundamental es el diagn\u00f3stico precoz a trav\u00e9s de dos cosas: el examen rectal digital (ERD), conocido como tacto rectal, y un an\u00e1lisis de sangre del ant\u00edgeno prost\u00e1tico espec\u00edfico (PSA). De los dos, el m\u00e1s importante es el tacto rectal que es al que m\u00e1s le huyen los hombres\u00bb, continu\u00f3 Silva.<\/p>\n<p>La pr\u00f3stata, una gl\u00e1ndula del tama\u00f1o de una nuez que forma parte del sistema reproductor masculino, tiene como funci\u00f3n producir semen junto a los test\u00edculos y las ves\u00edculas seminales.<\/p>\n<p>Al estar situada en la pelvis, justo por debajo de la vejiga y delante del recto, cuando la pr\u00f3stata se enferma aumenta de tama\u00f1o y comprime la uretra, pudiendo generar trastornos urinarios.<\/p>\n<p>Por la ubicaci\u00f3n de la pr\u00f3stata, Silva destac\u00f3 la importancia de realizar el examen rectal digital, que permite al m\u00e9dico \u00abpalpar un n\u00f3dulo directamente desde el recto\u00bb, a la vez que advirti\u00f3 que el PSA tiene un 40% de falsos positivos y un 20% de falsos negativos.<\/p>\n<p>Los principales factores de riesgo est\u00e1n asociados a la edad ya que este tipo de c\u00e1ncer es m\u00e1s frecuente a partir de los 50 a\u00f1os y el 81% de los pacientes son mayores de 65 a\u00f1os, seg\u00fan datos de Lalcec.<\/p>\n<p>Otros factores son antecedentes familiares de la enfermedad, una dieta alta en grasas saturadas, obesidad, tabaquismo y falta de actividad f\u00edsica regular.<\/p>\n<p>Algunas de las sugerencias para llevar adelante una alimentaci\u00f3n saludable son incluir diariamente variedad de frutas y verduras, mientras que se debe limitar el consumo de carnes rojas y procesadas, bebidas endulzadas con az\u00facar y alimentos ultraprocesados.<\/p>\n<p>\u00abLa consigna para remarcar es que a partir de los 50 a\u00f1os los hombres deben ir una vez por a\u00f1o al ur\u00f3logo para realizarse el examen digital rectal. En caso de tener antecedentes familiares, la persona deber\u00eda comenzar los chequeos a los 40\u00bb, sostuvo Silva.<\/p>\n<p>Por su parte, el jefe de la Divisi\u00f3n Urolog\u00eda del Hospital de Cl\u00ednicas de la Universidad de Buenos Aires (UBA), Norberto Bernardo, remarc\u00f3 a T\u00e9lam: \u00abDebemos insistir a la poblaci\u00f3n acerca de la importancia de consultar precozmente para descartar la posibilidad de tener la enfermedad o diagnosticarla tempranamente para aumentar la posibilidad de curaci\u00f3n\u00bb.<\/p>\n<p>Sobre este punto, el m\u00e9dico especialista en urolog\u00eda indic\u00f3 que \u00abdurante la pandemia disminuyeron los controles anuales, pero ahora est\u00e1n aumentando nuevamente\u00bb.<\/p>\n<p>\u00abUno de los principales problemas que dificultan la lucha contra esta enfermedad est\u00e1 relacionado a la falta de conciencia y educaci\u00f3n sobre el c\u00e1ncer de pr\u00f3stata en la poblaci\u00f3n masculina\u00bb, a\u00f1adi\u00f3.<\/p>\n<p>En este sentido, Bernardo apunt\u00f3 que \u00absi bien hemos avanzado mucho, a\u00fan persisten prejuicios de g\u00e9nero que deben ser resueltos con informaci\u00f3n acerca de la necesidad de hacer an\u00e1lisis de sangre para medir el ant\u00edgeno prost\u00e1tico espec\u00edfico y el examen prost\u00e1tico\u00bb.<\/p>\n<p>Algo similar plante\u00f3 Silva, quien asegur\u00f3 que \u00ablos hombres, en general, son menos proclives que las mujeres a realizarse estudios de rutina. Los hombres son m\u00e1s asustadizos, mientras que las mujeres son mucho m\u00e1s conscientes de los controles y los hacen desde temprano\u00bb.<\/p>\n<p>Respecto al tratamiento para el c\u00e1ncer, Bernardo explic\u00f3 que consiste \u00aben la extracci\u00f3n de la pr\u00f3stata y las ves\u00edculas seminales que puede realizarse por v\u00eda abierta, laparosc\u00f3pica o rob\u00f3tica\u00bb y explic\u00f3 que \u00abla radioterapia puede ser convencional o hipofraccionada\u00bb.<\/p>\n<p>\u00abSe est\u00e1n desarrollando nuevas t\u00e9cnicas para tratar el c\u00e1ncer de pr\u00f3stata con cirug\u00eda rob\u00f3tica y preservar las estructuras de nervios y vasos sangu\u00edneos que mejoran la conservaci\u00f3n de la continencia urinaria y la erecci\u00f3n\u00bb, explic\u00f3 a T\u00e9lam Bernardo desde Estocolmo, Suecia, donde esta semana particip\u00f3 en un congreso internacional de cirug\u00eda rob\u00f3tica en el que se presentaron avances sobre el tema.<\/p>\n<p>Si bien el Hospital de Cl\u00ednicas a\u00fan no cuenta con sistemas rob\u00f3ticos para tratar este c\u00e1ncer, el m\u00e9dico sostuvo que en el congreso \u00abChallenges in Robotic Surgery\u00bb se presentaron \u00abnuevas compa\u00f1\u00edas que est\u00e1n interesadas en establecer v\u00ednculos con hospitales universitarios, representando una oportunidad\u00bb.<\/p>\n<p>Cada 11 de junio se conmemora el D\u00eda Mundial del C\u00e1ncer de Pr\u00f3stata para generar conciencia sobre esta enfermedad que, seg\u00fan los \u00faltimos datos relevados por el Observatorio Global del C\u00e1ncer (Globocan), afect\u00f3 a m\u00e1s de 1.400.000 personas en todo el mundo en 2020.<\/p>\n<p>Este a\u00f1o, Lalcec realiza durante el mes de junio una campa\u00f1a gratuita de control de pr\u00f3stata para hombres mayores de 50 a\u00f1os sin cobertura m\u00e9dica.<\/p>\n<p>Los turnos se toman de forma telef\u00f3nica, llamando al 4834-1500 de lunes a viernes de 8 a 18hs, escribiendo a turnos@lalcec.org.ar o por Whatsapp al 11-3597-5227.<\/p>\n","protected":false},"excerpt":{"rendered":"<p>Cada 45 minutos una persona es diagnosticada con c\u00e1ncer de pr\u00f3stata en Argentina, cifra que ubica a esta enfermedad entre una de las principales causas de mortalidad masculina por \u00abfalta de conciencia\u00bb y miedo a los controles, pero que puede curarse si es diagnosticada a tiempo, advirtieron especialistas en el marco del D\u00eda Mundial de [&hellip;]<\/p>\n","protected":false},"author":3,"featured_media":89062,"comment_status":"closed","ping_status":"closed","sticky":false,"template":"","format":"standard","meta":{"footnotes":""},"categories":[30],"tags":[],"class_list":["post-89061","post","type-post","status-publish","format-standard","has-post-thumbnail","hentry","category-salud"],"yoast_head":"<!-- This site is optimized with the Yoast SEO plugin v25.9 - https:\/\/yoast.com\/wordpress\/plugins\/seo\/ -->\n<title>Cada 45 minutos una persona es diagnosticada con c\u00e1ncer de pr\u00f3stata en Argentina - Noticias Radio Reflejos<\/title>\n<meta name=\"robots\" content=\"index, follow, max-snippet:-1, max-image-preview:large, max-video-preview:-1\" \/>\n<link rel=\"canonical\" href=\"https:\/\/www.noticiasradioreflejos.com.ar\/2021\/cada-45-minutos-una-persona-es-diagnosticada-con-cancer-de-prostata-en-argentina\/\" \/>\n<meta property=\"og:locale\" content=\"es_ES\" \/>\n<meta property=\"og:type\" content=\"article\" \/>\n<meta property=\"og:title\" content=\"Cada 45 minutos una persona es diagnosticada con c\u00e1ncer de pr\u00f3stata en Argentina - Noticias Radio Reflejos\" \/>\n<meta property=\"og:description\" content=\"Cada 45 minutos una persona es diagnosticada con c\u00e1ncer de pr\u00f3stata en Argentina, cifra que ubica a esta enfermedad entre una de las principales causas de mortalidad masculina por \u00abfalta de conciencia\u00bb y miedo a los controles, pero que puede curarse si es diagnosticada a tiempo, advirtieron especialistas en el marco del D\u00eda Mundial de [&hellip;]\" \/>\n<meta property=\"og:url\" content=\"https:\/\/www.noticiasradioreflejos.com.ar\/2021\/cada-45-minutos-una-persona-es-diagnosticada-con-cancer-de-prostata-en-argentina\/\" \/>\n<meta property=\"og:site_name\" content=\"Noticias Radio Reflejos\" \/>\n<meta property=\"article:published_time\" content=\"2023-06-10T15:23:47+00:00\" \/>\n<meta property=\"og:image\" content=\"https:\/\/www.noticiasradioreflejos.com.ar\/2021\/wp-content\/uploads\/2023\/06\/Cancer-de-prostata.jpeg\" \/>\n\t<meta property=\"og:image:width\" content=\"1200\" \/>\n\t<meta property=\"og:image:height\" content=\"675\" \/>\n\t<meta property=\"og:image:type\" content=\"image\/jpeg\" \/>\n<meta name=\"author\" content=\"Arnaldo Botto\" \/>\n<meta name=\"twitter:card\" content=\"summary_large_image\" \/>\n<script type=\"application\/ld+json\" class=\"yoast-schema-graph\">{\"@context\":\"https:\/\/schema.org\",\"@graph\":[{\"@type\":\"WebPage\",\"@id\":\"https:\/\/www.noticiasradioreflejos.com.ar\/2021\/cada-45-minutos-una-persona-es-diagnosticada-con-cancer-de-prostata-en-argentina\/\",\"url\":\"https:\/\/www.noticiasradioreflejos.com.ar\/2021\/cada-45-minutos-una-persona-es-diagnosticada-con-cancer-de-prostata-en-argentina\/\",\"name\":\"Cada 45 minutos una persona es diagnosticada con c\u00e1ncer de pr\u00f3stata en Argentina - Noticias Radio Reflejos\",\"isPartOf\":{\"@id\":\"https:\/\/www.noticiasradioreflejos.com.ar\/2021\/#website\"},\"primaryImageOfPage\":{\"@id\":\"https:\/\/www.noticiasradioreflejos.com.ar\/2021\/cada-45-minutos-una-persona-es-diagnosticada-con-cancer-de-prostata-en-argentina\/#primaryimage\"},\"image\":{\"@id\":\"https:\/\/www.noticiasradioreflejos.com.ar\/2021\/cada-45-minutos-una-persona-es-diagnosticada-con-cancer-de-prostata-en-argentina\/#primaryimage\"},\"thumbnailUrl\":\"https:\/\/www.noticiasradioreflejos.com.ar\/2021\/wp-content\/uploads\/2023\/06\/Cancer-de-prostata.jpeg\",\"datePublished\":\"2023-06-10T15:23:47+00:00\",\"author\":{\"@id\":\"https:\/\/www.noticiasradioreflejos.com.ar\/2021\/#\/schema\/person\/ad82545263dcc5ec0996818884fd5fb1\"},\"breadcrumb\":{\"@id\":\"https:\/\/www.noticiasradioreflejos.com.ar\/2021\/cada-45-minutos-una-persona-es-diagnosticada-con-cancer-de-prostata-en-argentina\/#breadcrumb\"},\"inLanguage\":\"es\",\"potentialAction\":[{\"@type\":\"ReadAction\",\"target\":[\"https:\/\/www.noticiasradioreflejos.com.ar\/2021\/cada-45-minutos-una-persona-es-diagnosticada-con-cancer-de-prostata-en-argentina\/\"]}]},{\"@type\":\"ImageObject\",\"inLanguage\":\"es\",\"@id\":\"https:\/\/www.noticiasradioreflejos.com.ar\/2021\/cada-45-minutos-una-persona-es-diagnosticada-con-cancer-de-prostata-en-argentina\/#primaryimage\",\"url\":\"https:\/\/www.noticiasradioreflejos.com.ar\/2021\/wp-content\/uploads\/2023\/06\/Cancer-de-prostata.jpeg\",\"contentUrl\":\"https:\/\/www.noticiasradioreflejos.com.ar\/2021\/wp-content\/uploads\/2023\/06\/Cancer-de-prostata.jpeg\",\"width\":1200,\"height\":675},{\"@type\":\"BreadcrumbList\",\"@id\":\"https:\/\/www.noticiasradioreflejos.com.ar\/2021\/cada-45-minutos-una-persona-es-diagnosticada-con-cancer-de-prostata-en-argentina\/#breadcrumb\",\"itemListElement\":[{\"@type\":\"ListItem\",\"position\":1,\"name\":\"Portada\",\"item\":\"https:\/\/www.noticiasradioreflejos.com.ar\/2021\/\"},{\"@type\":\"ListItem\",\"position\":2,\"name\":\"Cada 45 minutos una persona es diagnosticada con c\u00e1ncer de pr\u00f3stata en Argentina\"}]},{\"@type\":\"WebSite\",\"@id\":\"https:\/\/www.noticiasradioreflejos.com.ar\/2021\/#website\",\"url\":\"https:\/\/www.noticiasradioreflejos.com.ar\/2021\/\",\"name\":\"Noticias Radio Reflejos\",\"description\":\"Las noticias de mi comarca\",\"potentialAction\":[{\"@type\":\"SearchAction\",\"target\":{\"@type\":\"EntryPoint\",\"urlTemplate\":\"https:\/\/www.noticiasradioreflejos.com.ar\/2021\/?s={search_term_string}\"},\"query-input\":{\"@type\":\"PropertyValueSpecification\",\"valueRequired\":true,\"valueName\":\"search_term_string\"}}],\"inLanguage\":\"es\"},{\"@type\":\"Person\",\"@id\":\"https:\/\/www.noticiasradioreflejos.com.ar\/2021\/#\/schema\/person\/ad82545263dcc5ec0996818884fd5fb1\",\"name\":\"Arnaldo Botto\",\"image\":{\"@type\":\"ImageObject\",\"inLanguage\":\"es\",\"@id\":\"https:\/\/www.noticiasradioreflejos.com.ar\/2021\/#\/schema\/person\/image\/\",\"url\":\"https:\/\/secure.gravatar.com\/avatar\/55cb5e37c1efa326397366e6974cb338056df65cb50e7d64d1cf314e87504837?s=96&d=mm&r=g\",\"contentUrl\":\"https:\/\/secure.gravatar.com\/avatar\/55cb5e37c1efa326397366e6974cb338056df65cb50e7d64d1cf314e87504837?s=96&d=mm&r=g\",\"caption\":\"Arnaldo Botto\"},\"url\":\"https:\/\/www.noticiasradioreflejos.com.ar\/2021\/author\/arnaldo\/\"}]}<\/script>\n<!-- \/ Yoast SEO plugin. -->","yoast_head_json":{"title":"Cada 45 minutos una persona es diagnosticada con c\u00e1ncer de pr\u00f3stata en Argentina - Noticias Radio Reflejos","robots":{"index":"index","follow":"follow","max-snippet":"max-snippet:-1","max-image-preview":"max-image-preview:large","max-video-preview":"max-video-preview:-1"},"canonical":"https:\/\/www.noticiasradioreflejos.com.ar\/2021\/cada-45-minutos-una-persona-es-diagnosticada-con-cancer-de-prostata-en-argentina\/","og_locale":"es_ES","og_type":"article","og_title":"Cada 45 minutos una persona es diagnosticada con c\u00e1ncer de pr\u00f3stata en Argentina - Noticias Radio Reflejos","og_description":"Cada 45 minutos una persona es diagnosticada con c\u00e1ncer de pr\u00f3stata en Argentina, cifra que ubica a esta enfermedad entre una de las principales causas de mortalidad masculina por \u00abfalta de conciencia\u00bb y miedo a los controles, pero que puede curarse si es diagnosticada a tiempo, advirtieron especialistas en el marco del D\u00eda Mundial de [&hellip;]","og_url":"https:\/\/www.noticiasradioreflejos.com.ar\/2021\/cada-45-minutos-una-persona-es-diagnosticada-con-cancer-de-prostata-en-argentina\/","og_site_name":"Noticias Radio Reflejos","article_published_time":"2023-06-10T15:23:47+00:00","og_image":[{"width":1200,"height":675,"url":"https:\/\/www.noticiasradioreflejos.com.ar\/2021\/wp-content\/uploads\/2023\/06\/Cancer-de-prostata.jpeg","type":"image\/jpeg"}],"author":"Arnaldo Botto","twitter_card":"summary_large_image","schema":{"@context":"https:\/\/schema.org","@graph":[{"@type":"WebPage","@id":"https:\/\/www.noticiasradioreflejos.com.ar\/2021\/cada-45-minutos-una-persona-es-diagnosticada-con-cancer-de-prostata-en-argentina\/","url":"https:\/\/www.noticiasradioreflejos.com.ar\/2021\/cada-45-minutos-una-persona-es-diagnosticada-con-cancer-de-prostata-en-argentina\/","name":"Cada 45 minutos una persona es diagnosticada con c\u00e1ncer de pr\u00f3stata en Argentina - Noticias Radio Reflejos","isPartOf":{"@id":"https:\/\/www.noticiasradioreflejos.com.ar\/2021\/#website"},"primaryImageOfPage":{"@id":"https:\/\/www.noticiasradioreflejos.com.ar\/2021\/cada-45-minutos-una-persona-es-diagnosticada-con-cancer-de-prostata-en-argentina\/#primaryimage"},"image":{"@id":"https:\/\/www.noticiasradioreflejos.com.ar\/2021\/cada-45-minutos-una-persona-es-diagnosticada-con-cancer-de-prostata-en-argentina\/#primaryimage"},"thumbnailUrl":"https:\/\/www.noticiasradioreflejos.com.ar\/2021\/wp-content\/uploads\/2023\/06\/Cancer-de-prostata.jpeg","datePublished":"2023-06-10T15:23:47+00:00","author":{"@id":"https:\/\/www.noticiasradioreflejos.com.ar\/2021\/#\/schema\/person\/ad82545263dcc5ec0996818884fd5fb1"},"breadcrumb":{"@id":"https:\/\/www.noticiasradioreflejos.com.ar\/2021\/cada-45-minutos-una-persona-es-diagnosticada-con-cancer-de-prostata-en-argentina\/#breadcrumb"},"inLanguage":"es","potentialAction":[{"@type":"ReadAction","target":["https:\/\/www.noticiasradioreflejos.com.ar\/2021\/cada-45-minutos-una-persona-es-diagnosticada-con-cancer-de-prostata-en-argentina\/"]}]},{"@type":"ImageObject","inLanguage":"es","@id":"https:\/\/www.noticiasradioreflejos.com.ar\/2021\/cada-45-minutos-una-persona-es-diagnosticada-con-cancer-de-prostata-en-argentina\/#primaryimage","url":"https:\/\/www.noticiasradioreflejos.com.ar\/2021\/wp-content\/uploads\/2023\/06\/Cancer-de-prostata.jpeg","contentUrl":"https:\/\/www.noticiasradioreflejos.com.ar\/2021\/wp-content\/uploads\/2023\/06\/Cancer-de-prostata.jpeg","width":1200,"height":675},{"@type":"BreadcrumbList","@id":"https:\/\/www.noticiasradioreflejos.com.ar\/2021\/cada-45-minutos-una-persona-es-diagnosticada-con-cancer-de-prostata-en-argentina\/#breadcrumb","itemListElement":[{"@type":"ListItem","position":1,"name":"Portada","item":"https:\/\/www.noticiasradioreflejos.com.ar\/2021\/"},{"@type":"ListItem","position":2,"name":"Cada 45 minutos una persona es diagnosticada con c\u00e1ncer de pr\u00f3stata en Argentina"}]},{"@type":"WebSite","@id":"https:\/\/www.noticiasradioreflejos.com.ar\/2021\/#website","url":"https:\/\/www.noticiasradioreflejos.com.ar\/2021\/","name":"Noticias Radio Reflejos","description":"Las noticias de mi comarca","potentialAction":[{"@type":"SearchAction","target":{"@type":"EntryPoint","urlTemplate":"https:\/\/www.noticiasradioreflejos.com.ar\/2021\/?s={search_term_string}"},"query-input":{"@type":"PropertyValueSpecification","valueRequired":true,"valueName":"search_term_string"}}],"inLanguage":"es"},{"@type":"Person","@id":"https:\/\/www.noticiasradioreflejos.com.ar\/2021\/#\/schema\/person\/ad82545263dcc5ec0996818884fd5fb1","name":"Arnaldo Botto","image":{"@type":"ImageObject","inLanguage":"es","@id":"https:\/\/www.noticiasradioreflejos.com.ar\/2021\/#\/schema\/person\/image\/","url":"https:\/\/secure.gravatar.com\/avatar\/55cb5e37c1efa326397366e6974cb338056df65cb50e7d64d1cf314e87504837?s=96&d=mm&r=g","contentUrl":"https:\/\/secure.gravatar.com\/avatar\/55cb5e37c1efa326397366e6974cb338056df65cb50e7d64d1cf314e87504837?s=96&d=mm&r=g","caption":"Arnaldo Botto"},"url":"https:\/\/www.noticiasradioreflejos.com.ar\/2021\/author\/arnaldo\/"}]}},"_links":{"self":[{"href":"https:\/\/www.noticiasradioreflejos.com.ar\/2021\/wp-json\/wp\/v2\/posts\/89061","targetHints":{"allow":["GET"]}}],"collection":[{"href":"https:\/\/www.noticiasradioreflejos.com.ar\/2021\/wp-json\/wp\/v2\/posts"}],"about":[{"href":"https:\/\/www.noticiasradioreflejos.com.ar\/2021\/wp-json\/wp\/v2\/types\/post"}],"author":[{"embeddable":true,"href":"https:\/\/www.noticiasradioreflejos.com.ar\/2021\/wp-json\/wp\/v2\/users\/3"}],"replies":[{"embeddable":true,"href":"https:\/\/www.noticiasradioreflejos.com.ar\/2021\/wp-json\/wp\/v2\/comments?post=89061"}],"version-history":[{"count":1,"href":"https:\/\/www.noticiasradioreflejos.com.ar\/2021\/wp-json\/wp\/v2\/posts\/89061\/revisions"}],"predecessor-version":[{"id":89063,"href":"https:\/\/www.noticiasradioreflejos.com.ar\/2021\/wp-json\/wp\/v2\/posts\/89061\/revisions\/89063"}],"wp:featuredmedia":[{"embeddable":true,"href":"https:\/\/www.noticiasradioreflejos.com.ar\/2021\/wp-json\/wp\/v2\/media\/89062"}],"wp:attachment":[{"href":"https:\/\/www.noticiasradioreflejos.com.ar\/2021\/wp-json\/wp\/v2\/media?parent=89061"}],"wp:term":[{"taxonomy":"category","embeddable":true,"href":"https:\/\/www.noticiasradioreflejos.com.ar\/2021\/wp-json\/wp\/v2\/categories?post=89061"},{"taxonomy":"post_tag","embeddable":true,"href":"https:\/\/www.noticiasradioreflejos.com.ar\/2021\/wp-json\/wp\/v2\/tags?post=89061"}],"curies":[{"name":"wp","href":"https:\/\/api.w.org\/{rel}","templated":true}]}}