{"id":89017,"date":"2023-06-09T17:43:21","date_gmt":"2023-06-09T17:43:21","guid":{"rendered":"https:\/\/www.noticiasradioreflejos.com.ar\/2021\/?p=89017"},"modified":"2023-06-09T17:43:21","modified_gmt":"2023-06-09T17:43:21","slug":"sergio-bordoni-en-menos-de-un-mes-se-implementa-la-sube-en-la-comarca","status":"publish","type":"post","link":"https:\/\/www.noticiasradioreflejos.com.ar\/2021\/sergio-bordoni-en-menos-de-un-mes-se-implementa-la-sube-en-la-comarca\/","title":{"rendered":"Sergio Bordoni: \u201cEn menos de un mes se implementa la SUBE en la comarca\u201d"},"content":{"rendered":"<p>El intendente confirm\u00f3 adem\u00e1s que se ampliar\u00e1n las frecuencias tanto de lunes a viernes como los fines de semana, agreg\u00e1ndose un recorrido nocturno. Sobre el rechazo del Concejo a las tierras cedidas a SUTEBA afirm\u00f3: \u201caprobaron lo mismo para los municipales. Para unos s\u00ed y para otros no\u201d.<!--more--><\/p>\n<p>Dos temas sumamente rutilantes para toda la comunidad tuvieron el foco de atenci\u00f3n en una nueva charla con el jefe comunal Sergio Bordoni.<\/p>\n<p>Por un lado el intendente confirm\u00f3 respecto al transporte p\u00fablico de pasajeros que \u201cse arrancar\u00e1 con cinco frecuencias de lunes a viernes. Hab\u00eda tres hasta ahora. S\u00e1bado, domingo y feriados habr\u00e1 cuatro frecuencias. Antes hab\u00eda dos. En menos de un mes adem\u00e1s se implementar\u00e1 la SUBE. Los horarios de las nuevas frecuencias se adecuaron a los resultados de la encuesta que se realiz\u00f3\u201d.<\/p>\n<p>En esa l\u00ednea agreg\u00f3 que \u201cadem\u00e1s habr\u00e1 una frecuencia nocturna a pedido de los chicos que vienen de la comarca a hacer actividades deportivas o a estudiar. Ese saldr\u00e1 a las 22 desde Tornquist a las distintas localidades\u201d.<\/p>\n<p>Esto dio pie a que analice el boom de la pileta climatizada en la ciudad cabecera, donde coment\u00f3 que \u201chay 500 personas que est\u00e1n haciendo uso de la pileta. Hay una lista de espera importante pero nos faltan profesores. Estamos buscando mano de obra porque no dan abasto los que tenemos. Nos sorprendi\u00f3 la cantidad de gente que se anot\u00f3. Sabemos que es el furor del comienzo, que luego por ah\u00ed algunos abandonan, pero la verdad es que no pens\u00e9 que tanta gente pod\u00eda hacer uso de la pileta. Evidentemente era un d\u00e9ficit que ten\u00edamos y no nos d\u00e1bamos cuenta\u201d.<\/p>\n<p>El otro gran tema se origin\u00f3 luego de que el Concejo Deliberante en la \u00faltima sesi\u00f3n rechazara la cesi\u00f3n de tierras para viviendas al gremio de SUTEBA.<\/p>\n<p>En ese aspecto remarc\u00f3 que \u201caprobaron lo mismo para el sindicato de municipales que est\u00e1 haciendo su circuito administrativo en el Instituto de la Vivienda. El mismo caso de SUTEBA es lo que aprobaron antes. Es el mismo macizo. C\u00f3mo que no hay nada. No deber\u00edan haber aprobado tampoco lo de municipales. Para algunos s\u00ed y para otros no. Son las cosas que no entiendo del Concejo\u201d.<\/p>\n<p>Sum\u00e1ndole adem\u00e1s que \u201cSUTEBA va a gestionar las 22 viviendas de la manzana que le vamos a dar en naci\u00f3n. Tienen un a\u00f1o para gestionar sino esas tierras vuelven al municipio. Esa era la condici\u00f3n. Tienen que medir a todos con la misma vara. \u00bfCuando salgan los 10 terrenos para la polic\u00eda tambi\u00e9n se van a oponer? Es responsabilidad de ellos. Pero que no digan que estamos flojos de papeles\u201d.<\/p>\n<p><iframe loading=\"lazy\" width=\"100%\" height=\"166\" scrolling=\"no\" frameborder=\"no\" allow=\"autoplay\" src=\"https:\/\/w.soundcloud.com\/player\/?url=https%3A\/\/api.soundcloud.com\/tracks\/1535106928&#038;color=%23ff5500&#038;auto_play=false&#038;hide_related=false&#038;show_comments=true&#038;show_user=true&#038;show_reposts=false&#038;show_teaser=true\"><\/iframe><\/p>\n<div style=\"font-size: 10px; color: #cccccc;line-break: anywhere;word-break: normal;overflow: hidden;white-space: nowrap;text-overflow: ellipsis; font-family: Interstate,Lucida Grande,Lucida Sans Unicode,Lucida Sans,Garuda,Verdana,Tahoma,sans-serif;font-weight: 100;\"><a href=\"https:\/\/soundcloud.com\/fmreflejos-103-7\" title=\"fmreflejos 103.7\" target=\"_blank\" style=\"color: #cccccc; text-decoration: none;\" rel=\"noopener\">fmreflejos 103.7<\/a> \u00b7 <a href=\"https:\/\/soundcloud.com\/fmreflejos-103-7\/sergio-bordoni-seguridad-y\" title=\"Sergio Bordoni(seguridad y trasporte)\" target=\"_blank\" style=\"color: #cccccc; text-decoration: none;\" rel=\"noopener\">Sergio Bordoni(seguridad y trasporte)<\/a><\/div>\n","protected":false},"excerpt":{"rendered":"<p>El intendente confirm\u00f3 adem\u00e1s que se ampliar\u00e1n las frecuencias tanto de lunes a viernes como los fines de semana, agreg\u00e1ndose un recorrido nocturno. Sobre el rechazo del Concejo a las tierras cedidas a SUTEBA afirm\u00f3: \u201caprobaron lo mismo para los municipales. Para unos s\u00ed y para otros no\u201d.<\/p>\n","protected":false},"author":3,"featured_media":82626,"comment_status":"closed","ping_status":"closed","sticky":false,"template":"","format":"standard","meta":{"footnotes":""},"categories":[58,24],"tags":[48],"class_list":["post-89017","post","type-post","status-publish","format-standard","has-post-thumbnail","hentry","category-gobierno","category-politica","tag-destacada"],"yoast_head":"<!-- This site is optimized with the Yoast SEO plugin v25.9 - https:\/\/yoast.com\/wordpress\/plugins\/seo\/ -->\n<title>Sergio Bordoni: \u201cEn menos de un mes se implementa la SUBE en la comarca\u201d - Noticias Radio Reflejos<\/title>\n<meta name=\"robots\" content=\"index, follow, max-snippet:-1, max-image-preview:large, max-video-preview:-1\" \/>\n<link rel=\"canonical\" href=\"https:\/\/www.noticiasradioreflejos.com.ar\/2021\/sergio-bordoni-en-menos-de-un-mes-se-implementa-la-sube-en-la-comarca\/\" \/>\n<meta property=\"og:locale\" content=\"es_ES\" \/>\n<meta property=\"og:type\" content=\"article\" \/>\n<meta property=\"og:title\" content=\"Sergio Bordoni: \u201cEn menos de un mes se implementa la SUBE en la comarca\u201d - Noticias Radio Reflejos\" \/>\n<meta property=\"og:description\" content=\"El intendente confirm\u00f3 adem\u00e1s que se ampliar\u00e1n las frecuencias tanto de lunes a viernes como los fines de semana, agreg\u00e1ndose un recorrido nocturno. Sobre el rechazo del Concejo a las tierras cedidas a SUTEBA afirm\u00f3: \u201caprobaron lo mismo para los municipales. Para unos s\u00ed y para otros no\u201d.\" \/>\n<meta property=\"og:url\" content=\"https:\/\/www.noticiasradioreflejos.com.ar\/2021\/sergio-bordoni-en-menos-de-un-mes-se-implementa-la-sube-en-la-comarca\/\" \/>\n<meta property=\"og:site_name\" content=\"Noticias Radio Reflejos\" \/>\n<meta property=\"article:published_time\" content=\"2023-06-09T17:43:21+00:00\" \/>\n<meta property=\"og:image\" content=\"https:\/\/www.noticiasradioreflejos.com.ar\/2021\/wp-content\/uploads\/2023\/01\/Via-51-2.jpeg\" \/>\n\t<meta property=\"og:image:width\" content=\"1208\" \/>\n\t<meta property=\"og:image:height\" content=\"568\" \/>\n\t<meta property=\"og:image:type\" content=\"image\/jpeg\" \/>\n<meta name=\"author\" content=\"Arnaldo Botto\" \/>\n<meta name=\"twitter:card\" content=\"summary_large_image\" \/>\n<script type=\"application\/ld+json\" class=\"yoast-schema-graph\">{\"@context\":\"https:\/\/schema.org\",\"@graph\":[{\"@type\":\"WebPage\",\"@id\":\"https:\/\/www.noticiasradioreflejos.com.ar\/2021\/sergio-bordoni-en-menos-de-un-mes-se-implementa-la-sube-en-la-comarca\/\",\"url\":\"https:\/\/www.noticiasradioreflejos.com.ar\/2021\/sergio-bordoni-en-menos-de-un-mes-se-implementa-la-sube-en-la-comarca\/\",\"name\":\"Sergio Bordoni: \u201cEn menos de un mes se implementa la SUBE en la comarca\u201d - Noticias Radio Reflejos\",\"isPartOf\":{\"@id\":\"https:\/\/www.noticiasradioreflejos.com.ar\/2021\/#website\"},\"primaryImageOfPage\":{\"@id\":\"https:\/\/www.noticiasradioreflejos.com.ar\/2021\/sergio-bordoni-en-menos-de-un-mes-se-implementa-la-sube-en-la-comarca\/#primaryimage\"},\"image\":{\"@id\":\"https:\/\/www.noticiasradioreflejos.com.ar\/2021\/sergio-bordoni-en-menos-de-un-mes-se-implementa-la-sube-en-la-comarca\/#primaryimage\"},\"thumbnailUrl\":\"https:\/\/www.noticiasradioreflejos.com.ar\/2021\/wp-content\/uploads\/2023\/01\/Via-51-2.jpeg\",\"datePublished\":\"2023-06-09T17:43:21+00:00\",\"author\":{\"@id\":\"https:\/\/www.noticiasradioreflejos.com.ar\/2021\/#\/schema\/person\/ad82545263dcc5ec0996818884fd5fb1\"},\"breadcrumb\":{\"@id\":\"https:\/\/www.noticiasradioreflejos.com.ar\/2021\/sergio-bordoni-en-menos-de-un-mes-se-implementa-la-sube-en-la-comarca\/#breadcrumb\"},\"inLanguage\":\"es\",\"potentialAction\":[{\"@type\":\"ReadAction\",\"target\":[\"https:\/\/www.noticiasradioreflejos.com.ar\/2021\/sergio-bordoni-en-menos-de-un-mes-se-implementa-la-sube-en-la-comarca\/\"]}]},{\"@type\":\"ImageObject\",\"inLanguage\":\"es\",\"@id\":\"https:\/\/www.noticiasradioreflejos.com.ar\/2021\/sergio-bordoni-en-menos-de-un-mes-se-implementa-la-sube-en-la-comarca\/#primaryimage\",\"url\":\"https:\/\/www.noticiasradioreflejos.com.ar\/2021\/wp-content\/uploads\/2023\/01\/Via-51-2.jpeg\",\"contentUrl\":\"https:\/\/www.noticiasradioreflejos.com.ar\/2021\/wp-content\/uploads\/2023\/01\/Via-51-2.jpeg\",\"width\":1208,\"height\":568},{\"@type\":\"BreadcrumbList\",\"@id\":\"https:\/\/www.noticiasradioreflejos.com.ar\/2021\/sergio-bordoni-en-menos-de-un-mes-se-implementa-la-sube-en-la-comarca\/#breadcrumb\",\"itemListElement\":[{\"@type\":\"ListItem\",\"position\":1,\"name\":\"Portada\",\"item\":\"https:\/\/www.noticiasradioreflejos.com.ar\/2021\/\"},{\"@type\":\"ListItem\",\"position\":2,\"name\":\"Sergio Bordoni: \u201cEn menos de un mes se implementa la SUBE en la comarca\u201d\"}]},{\"@type\":\"WebSite\",\"@id\":\"https:\/\/www.noticiasradioreflejos.com.ar\/2021\/#website\",\"url\":\"https:\/\/www.noticiasradioreflejos.com.ar\/2021\/\",\"name\":\"Noticias Radio Reflejos\",\"description\":\"Las noticias de mi comarca\",\"potentialAction\":[{\"@type\":\"SearchAction\",\"target\":{\"@type\":\"EntryPoint\",\"urlTemplate\":\"https:\/\/www.noticiasradioreflejos.com.ar\/2021\/?s={search_term_string}\"},\"query-input\":{\"@type\":\"PropertyValueSpecification\",\"valueRequired\":true,\"valueName\":\"search_term_string\"}}],\"inLanguage\":\"es\"},{\"@type\":\"Person\",\"@id\":\"https:\/\/www.noticiasradioreflejos.com.ar\/2021\/#\/schema\/person\/ad82545263dcc5ec0996818884fd5fb1\",\"name\":\"Arnaldo Botto\",\"image\":{\"@type\":\"ImageObject\",\"inLanguage\":\"es\",\"@id\":\"https:\/\/www.noticiasradioreflejos.com.ar\/2021\/#\/schema\/person\/image\/\",\"url\":\"https:\/\/secure.gravatar.com\/avatar\/55cb5e37c1efa326397366e6974cb338056df65cb50e7d64d1cf314e87504837?s=96&d=mm&r=g\",\"contentUrl\":\"https:\/\/secure.gravatar.com\/avatar\/55cb5e37c1efa326397366e6974cb338056df65cb50e7d64d1cf314e87504837?s=96&d=mm&r=g\",\"caption\":\"Arnaldo Botto\"},\"url\":\"https:\/\/www.noticiasradioreflejos.com.ar\/2021\/author\/arnaldo\/\"}]}<\/script>\n<!-- \/ Yoast SEO plugin. -->","yoast_head_json":{"title":"Sergio Bordoni: \u201cEn menos de un mes se implementa la SUBE en la comarca\u201d - Noticias Radio Reflejos","robots":{"index":"index","follow":"follow","max-snippet":"max-snippet:-1","max-image-preview":"max-image-preview:large","max-video-preview":"max-video-preview:-1"},"canonical":"https:\/\/www.noticiasradioreflejos.com.ar\/2021\/sergio-bordoni-en-menos-de-un-mes-se-implementa-la-sube-en-la-comarca\/","og_locale":"es_ES","og_type":"article","og_title":"Sergio Bordoni: \u201cEn menos de un mes se implementa la SUBE en la comarca\u201d - Noticias Radio Reflejos","og_description":"El intendente confirm\u00f3 adem\u00e1s que se ampliar\u00e1n las frecuencias tanto de lunes a viernes como los fines de semana, agreg\u00e1ndose un recorrido nocturno. Sobre el rechazo del Concejo a las tierras cedidas a SUTEBA afirm\u00f3: \u201caprobaron lo mismo para los municipales. Para unos s\u00ed y para otros no\u201d.","og_url":"https:\/\/www.noticiasradioreflejos.com.ar\/2021\/sergio-bordoni-en-menos-de-un-mes-se-implementa-la-sube-en-la-comarca\/","og_site_name":"Noticias Radio Reflejos","article_published_time":"2023-06-09T17:43:21+00:00","og_image":[{"width":1208,"height":568,"url":"https:\/\/www.noticiasradioreflejos.com.ar\/2021\/wp-content\/uploads\/2023\/01\/Via-51-2.jpeg","type":"image\/jpeg"}],"author":"Arnaldo Botto","twitter_card":"summary_large_image","schema":{"@context":"https:\/\/schema.org","@graph":[{"@type":"WebPage","@id":"https:\/\/www.noticiasradioreflejos.com.ar\/2021\/sergio-bordoni-en-menos-de-un-mes-se-implementa-la-sube-en-la-comarca\/","url":"https:\/\/www.noticiasradioreflejos.com.ar\/2021\/sergio-bordoni-en-menos-de-un-mes-se-implementa-la-sube-en-la-comarca\/","name":"Sergio Bordoni: \u201cEn menos de un mes se implementa la SUBE en la comarca\u201d - Noticias Radio Reflejos","isPartOf":{"@id":"https:\/\/www.noticiasradioreflejos.com.ar\/2021\/#website"},"primaryImageOfPage":{"@id":"https:\/\/www.noticiasradioreflejos.com.ar\/2021\/sergio-bordoni-en-menos-de-un-mes-se-implementa-la-sube-en-la-comarca\/#primaryimage"},"image":{"@id":"https:\/\/www.noticiasradioreflejos.com.ar\/2021\/sergio-bordoni-en-menos-de-un-mes-se-implementa-la-sube-en-la-comarca\/#primaryimage"},"thumbnailUrl":"https:\/\/www.noticiasradioreflejos.com.ar\/2021\/wp-content\/uploads\/2023\/01\/Via-51-2.jpeg","datePublished":"2023-06-09T17:43:21+00:00","author":{"@id":"https:\/\/www.noticiasradioreflejos.com.ar\/2021\/#\/schema\/person\/ad82545263dcc5ec0996818884fd5fb1"},"breadcrumb":{"@id":"https:\/\/www.noticiasradioreflejos.com.ar\/2021\/sergio-bordoni-en-menos-de-un-mes-se-implementa-la-sube-en-la-comarca\/#breadcrumb"},"inLanguage":"es","potentialAction":[{"@type":"ReadAction","target":["https:\/\/www.noticiasradioreflejos.com.ar\/2021\/sergio-bordoni-en-menos-de-un-mes-se-implementa-la-sube-en-la-comarca\/"]}]},{"@type":"ImageObject","inLanguage":"es","@id":"https:\/\/www.noticiasradioreflejos.com.ar\/2021\/sergio-bordoni-en-menos-de-un-mes-se-implementa-la-sube-en-la-comarca\/#primaryimage","url":"https:\/\/www.noticiasradioreflejos.com.ar\/2021\/wp-content\/uploads\/2023\/01\/Via-51-2.jpeg","contentUrl":"https:\/\/www.noticiasradioreflejos.com.ar\/2021\/wp-content\/uploads\/2023\/01\/Via-51-2.jpeg","width":1208,"height":568},{"@type":"BreadcrumbList","@id":"https:\/\/www.noticiasradioreflejos.com.ar\/2021\/sergio-bordoni-en-menos-de-un-mes-se-implementa-la-sube-en-la-comarca\/#breadcrumb","itemListElement":[{"@type":"ListItem","position":1,"name":"Portada","item":"https:\/\/www.noticiasradioreflejos.com.ar\/2021\/"},{"@type":"ListItem","position":2,"name":"Sergio Bordoni: \u201cEn menos de un mes se implementa la SUBE en la comarca\u201d"}]},{"@type":"WebSite","@id":"https:\/\/www.noticiasradioreflejos.com.ar\/2021\/#website","url":"https:\/\/www.noticiasradioreflejos.com.ar\/2021\/","name":"Noticias Radio Reflejos","description":"Las noticias de mi comarca","potentialAction":[{"@type":"SearchAction","target":{"@type":"EntryPoint","urlTemplate":"https:\/\/www.noticiasradioreflejos.com.ar\/2021\/?s={search_term_string}"},"query-input":{"@type":"PropertyValueSpecification","valueRequired":true,"valueName":"search_term_string"}}],"inLanguage":"es"},{"@type":"Person","@id":"https:\/\/www.noticiasradioreflejos.com.ar\/2021\/#\/schema\/person\/ad82545263dcc5ec0996818884fd5fb1","name":"Arnaldo Botto","image":{"@type":"ImageObject","inLanguage":"es","@id":"https:\/\/www.noticiasradioreflejos.com.ar\/2021\/#\/schema\/person\/image\/","url":"https:\/\/secure.gravatar.com\/avatar\/55cb5e37c1efa326397366e6974cb338056df65cb50e7d64d1cf314e87504837?s=96&d=mm&r=g","contentUrl":"https:\/\/secure.gravatar.com\/avatar\/55cb5e37c1efa326397366e6974cb338056df65cb50e7d64d1cf314e87504837?s=96&d=mm&r=g","caption":"Arnaldo Botto"},"url":"https:\/\/www.noticiasradioreflejos.com.ar\/2021\/author\/arnaldo\/"}]}},"_links":{"self":[{"href":"https:\/\/www.noticiasradioreflejos.com.ar\/2021\/wp-json\/wp\/v2\/posts\/89017","targetHints":{"allow":["GET"]}}],"collection":[{"href":"https:\/\/www.noticiasradioreflejos.com.ar\/2021\/wp-json\/wp\/v2\/posts"}],"about":[{"href":"https:\/\/www.noticiasradioreflejos.com.ar\/2021\/wp-json\/wp\/v2\/types\/post"}],"author":[{"embeddable":true,"href":"https:\/\/www.noticiasradioreflejos.com.ar\/2021\/wp-json\/wp\/v2\/users\/3"}],"replies":[{"embeddable":true,"href":"https:\/\/www.noticiasradioreflejos.com.ar\/2021\/wp-json\/wp\/v2\/comments?post=89017"}],"version-history":[{"count":2,"href":"https:\/\/www.noticiasradioreflejos.com.ar\/2021\/wp-json\/wp\/v2\/posts\/89017\/revisions"}],"predecessor-version":[{"id":89026,"href":"https:\/\/www.noticiasradioreflejos.com.ar\/2021\/wp-json\/wp\/v2\/posts\/89017\/revisions\/89026"}],"wp:featuredmedia":[{"embeddable":true,"href":"https:\/\/www.noticiasradioreflejos.com.ar\/2021\/wp-json\/wp\/v2\/media\/82626"}],"wp:attachment":[{"href":"https:\/\/www.noticiasradioreflejos.com.ar\/2021\/wp-json\/wp\/v2\/media?parent=89017"}],"wp:term":[{"taxonomy":"category","embeddable":true,"href":"https:\/\/www.noticiasradioreflejos.com.ar\/2021\/wp-json\/wp\/v2\/categories?post=89017"},{"taxonomy":"post_tag","embeddable":true,"href":"https:\/\/www.noticiasradioreflejos.com.ar\/2021\/wp-json\/wp\/v2\/tags?post=89017"}],"curies":[{"name":"wp","href":"https:\/\/api.w.org\/{rel}","templated":true}]}}