{"id":88839,"date":"2023-06-06T17:54:13","date_gmt":"2023-06-06T17:54:13","guid":{"rendered":"https:\/\/www.noticiasradioreflejos.com.ar\/2021\/?p=88839"},"modified":"2023-06-06T17:54:13","modified_gmt":"2023-06-06T17:54:13","slug":"llega-a-tornquist-el-tren-museo-itinerante-con-entrada-libre-y-gratuita","status":"publish","type":"post","link":"https:\/\/www.noticiasradioreflejos.com.ar\/2021\/llega-a-tornquist-el-tren-museo-itinerante-con-entrada-libre-y-gratuita\/","title":{"rendered":"Llega a Tornquist el tren museo itinerante con entrada libre y gratuita"},"content":{"rendered":"<p>Tras su estad\u00eda en la ciudad de Bah\u00eda Blanca, el museo rodante de Trenes Argentinos Capital Humano traslada su propuesta pensada para toda la familia a la localidad de Tornquist, donde abrir\u00e1 sus puertas el pr\u00f3ximo fin de semana con entrada libre y gratuita (ver agenda al pie).<!--more--><\/p>\n<p><a data-flickr-embed=\"true\" href=\"https:\/\/www.flickr.com\/photos\/182279889@N02\/52955733136\/in\/dateposted-public\/\" title=\"3B5A5923 (2)\"><img loading=\"lazy\" decoding=\"async\" src=\"https:\/\/live.staticflickr.com\/65535\/52955733136_b40612e42d_c.jpg\" width=\"800\" height=\"533\" alt=\"3B5A5923 (2)\"\/><\/a><script async src=\"\/\/embedr.flickr.com\/assets\/client-code.js\" charset=\"utf-8\"><\/script><\/p>\n<p>Casi dos a\u00f1os despu\u00e9s de su lanzamiento, el Tren Museo Itinerante lleva recorridos m\u00e1s de 8700 kil\u00f3metros de v\u00edas, habiendo pasado por m\u00e1s de 45 destinos en 5 provincias (Buenos Aires, C\u00f3rdoba, La Pampa, Santa Fe y Santiago del Estero), en los que ha recibido a m\u00e1s de 175 mil visitantes.<\/p>\n<p><a data-flickr-embed=\"true\" href=\"https:\/\/www.flickr.com\/photos\/182279889@N02\/52956111315\/in\/dateposted-public\/\" title=\"3B5A5939 (2)\"><img loading=\"lazy\" decoding=\"async\" src=\"https:\/\/live.staticflickr.com\/65535\/52956111315_cef9426214_c.jpg\" width=\"800\" height=\"533\" alt=\"3B5A5939 (2)\"\/><\/a><script async src=\"\/\/embedr.flickr.com\/assets\/client-code.js\" charset=\"utf-8\"><\/script><\/p>\n<p>Antes de su inauguraci\u00f3n en agosto de 2021, un exhaustivo proceso de restauraci\u00f3n integral de la formaci\u00f3n tuvo lugar en el Taller Jun\u00edn Ministro Mario Meoni, tambi\u00e9n a cargo de la empresa estatal ferroviaria que conduce Dami\u00e1n Contreras. Menci\u00f3n especial merecen algunos de ellos como el coche Presidencial que fuera utilizado por Juan Pablo II, el coche Sal\u00f3n Bar y el coche Cine. Por otro lado, en el coche CT 1517 MATERFER se exhiben las piezas m\u00e1s destacadas del acervo de Museo Nacional Ferroviario.<\/p>\n<p><a data-flickr-embed=\"true\" href=\"https:\/\/www.flickr.com\/photos\/182279889@N02\/52955870209\/in\/dateposted-public\/\" title=\"3B5A5985 (2)\"><img loading=\"lazy\" decoding=\"async\" src=\"https:\/\/live.staticflickr.com\/65535\/52955870209_f8da947396_c.jpg\" width=\"800\" height=\"534\" alt=\"3B5A5985 (2)\"\/><\/a><script async src=\"\/\/embedr.flickr.com\/assets\/client-code.js\" charset=\"utf-8\"><\/script><\/p>\n<p>Como complemento de estos tesoros hist\u00f3ricos, enriquecen la experiencia de las y los visitantes del tren muestras a cargo del Ministerio de Ambiente y Desarrollo Sostenible, Radio y Televisi\u00f3n Argentina, y el Gobierno de la Provincia de Buenos Aires, a trav\u00e9s del Instituto Cultural y el Ministerio de Producci\u00f3n, Ciencia e Innovaci\u00f3n Tecnol\u00f3gica. Participan, adem\u00e1s, los trenes tur\u00edsticos m\u00e1s emblem\u00e1ticos de nuestro pa\u00eds, como el Tren a las Nubes, el Tren Patag\u00f3nico y el Viejo Expreso Patag\u00f3nico (La Trochita).<\/p>\n<p><a data-flickr-embed=\"true\" href=\"https:\/\/www.flickr.com\/photos\/182279889@N02\/52955870329\/in\/dateposted-public\/\" title=\"3B5A5994 (2)\"><img loading=\"lazy\" decoding=\"async\" src=\"https:\/\/live.staticflickr.com\/65535\/52955870329_4f0e2f9379_c.jpg\" width=\"800\" height=\"533\" alt=\"3B5A5994 (2)\"\/><\/a><script async src=\"\/\/embedr.flickr.com\/assets\/client-code.js\" charset=\"utf-8\"><\/script><\/p>\n<p>UNA CITA CON LA HISTORIA Y LA MAGIA DE NUESTRO CINE<\/p>\n<p>Dise\u00f1ado y construido por Hitachi en Jap\u00f3n en el a\u00f1o 1962, el Coche Cine PAC 606 fue concebido inicialmente como coche pullman, contando con 52 asientos -reclinables y giratorios-, aire acondicionado, sanitarios, espacio guardaequipajes y sector para el camarero.<br \/>\nHacia 1968, Ferrocarriles Argentinos incluy\u00f3 este coche \u2013una vez modificado al tipo cine- a la flamante formaci\u00f3n del Tren Los Arrayanes que un\u00eda Plaza Constituci\u00f3n y San Carlos de Bariloche. Como dato de color, en el a\u00f1o 1969 se rodaron en \u00e9l las primeras escenas de la pel\u00edcula \u201cEl Profesor Patag\u00f3nico\u201d, con el reconocido actor Luis Sandrini como figura principal.<br \/>\nEn este ambiente, totalmente renovado con imagen y sonido de \u00faltima generaci\u00f3n, las y los visitantes del Tren Museo Itinerante pueden disfrutar \u2013 a trav\u00e9s del Instituto Nacional de Cine y Artes Audiovisuales (INCAA)-, de joyas del cine argentino como Esperando la carroza, Sue\u00f1os Florian\u00f3polis, Relatos Salvajes y Yo, adolescente.<\/p>\n<p>AGENDA<\/p>\n<p>Estaci\u00f3n Tornquist, Buenos Aires: viernes 9 al domingo 11 de junio.<br \/>\n*El horario de apertura en ser\u00e1 de 10 a 13 y de 14 a 18 hs. Por su parte, el acceso a las funciones de cine se reserva escribiendo a reservascine@decahf.gob.ar.<\/p>\n","protected":false},"excerpt":{"rendered":"<p>Tras su estad\u00eda en la ciudad de Bah\u00eda Blanca, el museo rodante de Trenes Argentinos Capital Humano traslada su propuesta pensada para toda la familia a la localidad de Tornquist, donde abrir\u00e1 sus puertas el pr\u00f3ximo fin de semana con entrada libre y gratuita (ver agenda al pie).<\/p>\n","protected":false},"author":3,"featured_media":88843,"comment_status":"closed","ping_status":"closed","sticky":false,"template":"","format":"standard","meta":{"footnotes":""},"categories":[35],"tags":[],"class_list":["post-88839","post","type-post","status-publish","format-standard","has-post-thumbnail","hentry","category-cultura"],"yoast_head":"<!-- This site is optimized with the Yoast SEO plugin v25.9 - https:\/\/yoast.com\/wordpress\/plugins\/seo\/ -->\n<title>Llega a Tornquist el tren museo itinerante con entrada libre y gratuita - Noticias Radio Reflejos<\/title>\n<meta name=\"robots\" content=\"index, follow, max-snippet:-1, max-image-preview:large, max-video-preview:-1\" \/>\n<link rel=\"canonical\" href=\"https:\/\/www.noticiasradioreflejos.com.ar\/2021\/llega-a-tornquist-el-tren-museo-itinerante-con-entrada-libre-y-gratuita\/\" \/>\n<meta property=\"og:locale\" content=\"es_ES\" \/>\n<meta property=\"og:type\" content=\"article\" \/>\n<meta property=\"og:title\" content=\"Llega a Tornquist el tren museo itinerante con entrada libre y gratuita - Noticias Radio Reflejos\" \/>\n<meta property=\"og:description\" content=\"Tras su estad\u00eda en la ciudad de Bah\u00eda Blanca, el museo rodante de Trenes Argentinos Capital Humano traslada su propuesta pensada para toda la familia a la localidad de Tornquist, donde abrir\u00e1 sus puertas el pr\u00f3ximo fin de semana con entrada libre y gratuita (ver agenda al pie).\" \/>\n<meta property=\"og:url\" content=\"https:\/\/www.noticiasradioreflejos.com.ar\/2021\/llega-a-tornquist-el-tren-museo-itinerante-con-entrada-libre-y-gratuita\/\" \/>\n<meta property=\"og:site_name\" content=\"Noticias Radio Reflejos\" \/>\n<meta property=\"article:published_time\" content=\"2023-06-06T17:54:13+00:00\" \/>\n<meta property=\"og:image\" content=\"https:\/\/www.noticiasradioreflejos.com.ar\/2021\/wp-content\/uploads\/2023\/06\/3B5A5996-2-scaled.jpg\" \/>\n\t<meta property=\"og:image:width\" content=\"2560\" \/>\n\t<meta property=\"og:image:height\" content=\"1707\" \/>\n\t<meta property=\"og:image:type\" content=\"image\/jpeg\" \/>\n<meta name=\"author\" content=\"Arnaldo Botto\" \/>\n<meta name=\"twitter:card\" content=\"summary_large_image\" \/>\n<script type=\"application\/ld+json\" class=\"yoast-schema-graph\">{\"@context\":\"https:\/\/schema.org\",\"@graph\":[{\"@type\":\"WebPage\",\"@id\":\"https:\/\/www.noticiasradioreflejos.com.ar\/2021\/llega-a-tornquist-el-tren-museo-itinerante-con-entrada-libre-y-gratuita\/\",\"url\":\"https:\/\/www.noticiasradioreflejos.com.ar\/2021\/llega-a-tornquist-el-tren-museo-itinerante-con-entrada-libre-y-gratuita\/\",\"name\":\"Llega a Tornquist el tren museo itinerante con entrada libre y gratuita - Noticias Radio Reflejos\",\"isPartOf\":{\"@id\":\"https:\/\/www.noticiasradioreflejos.com.ar\/2021\/#website\"},\"primaryImageOfPage\":{\"@id\":\"https:\/\/www.noticiasradioreflejos.com.ar\/2021\/llega-a-tornquist-el-tren-museo-itinerante-con-entrada-libre-y-gratuita\/#primaryimage\"},\"image\":{\"@id\":\"https:\/\/www.noticiasradioreflejos.com.ar\/2021\/llega-a-tornquist-el-tren-museo-itinerante-con-entrada-libre-y-gratuita\/#primaryimage\"},\"thumbnailUrl\":\"https:\/\/www.noticiasradioreflejos.com.ar\/2021\/wp-content\/uploads\/2023\/06\/3B5A5996-2-scaled.jpg\",\"datePublished\":\"2023-06-06T17:54:13+00:00\",\"author\":{\"@id\":\"https:\/\/www.noticiasradioreflejos.com.ar\/2021\/#\/schema\/person\/ad82545263dcc5ec0996818884fd5fb1\"},\"breadcrumb\":{\"@id\":\"https:\/\/www.noticiasradioreflejos.com.ar\/2021\/llega-a-tornquist-el-tren-museo-itinerante-con-entrada-libre-y-gratuita\/#breadcrumb\"},\"inLanguage\":\"es\",\"potentialAction\":[{\"@type\":\"ReadAction\",\"target\":[\"https:\/\/www.noticiasradioreflejos.com.ar\/2021\/llega-a-tornquist-el-tren-museo-itinerante-con-entrada-libre-y-gratuita\/\"]}]},{\"@type\":\"ImageObject\",\"inLanguage\":\"es\",\"@id\":\"https:\/\/www.noticiasradioreflejos.com.ar\/2021\/llega-a-tornquist-el-tren-museo-itinerante-con-entrada-libre-y-gratuita\/#primaryimage\",\"url\":\"https:\/\/www.noticiasradioreflejos.com.ar\/2021\/wp-content\/uploads\/2023\/06\/3B5A5996-2-scaled.jpg\",\"contentUrl\":\"https:\/\/www.noticiasradioreflejos.com.ar\/2021\/wp-content\/uploads\/2023\/06\/3B5A5996-2-scaled.jpg\",\"width\":2560,\"height\":1707},{\"@type\":\"BreadcrumbList\",\"@id\":\"https:\/\/www.noticiasradioreflejos.com.ar\/2021\/llega-a-tornquist-el-tren-museo-itinerante-con-entrada-libre-y-gratuita\/#breadcrumb\",\"itemListElement\":[{\"@type\":\"ListItem\",\"position\":1,\"name\":\"Portada\",\"item\":\"https:\/\/www.noticiasradioreflejos.com.ar\/2021\/\"},{\"@type\":\"ListItem\",\"position\":2,\"name\":\"Llega a Tornquist el tren museo itinerante con entrada libre y gratuita\"}]},{\"@type\":\"WebSite\",\"@id\":\"https:\/\/www.noticiasradioreflejos.com.ar\/2021\/#website\",\"url\":\"https:\/\/www.noticiasradioreflejos.com.ar\/2021\/\",\"name\":\"Noticias Radio Reflejos\",\"description\":\"Las noticias de mi comarca\",\"potentialAction\":[{\"@type\":\"SearchAction\",\"target\":{\"@type\":\"EntryPoint\",\"urlTemplate\":\"https:\/\/www.noticiasradioreflejos.com.ar\/2021\/?s={search_term_string}\"},\"query-input\":{\"@type\":\"PropertyValueSpecification\",\"valueRequired\":true,\"valueName\":\"search_term_string\"}}],\"inLanguage\":\"es\"},{\"@type\":\"Person\",\"@id\":\"https:\/\/www.noticiasradioreflejos.com.ar\/2021\/#\/schema\/person\/ad82545263dcc5ec0996818884fd5fb1\",\"name\":\"Arnaldo Botto\",\"image\":{\"@type\":\"ImageObject\",\"inLanguage\":\"es\",\"@id\":\"https:\/\/www.noticiasradioreflejos.com.ar\/2021\/#\/schema\/person\/image\/\",\"url\":\"https:\/\/secure.gravatar.com\/avatar\/55cb5e37c1efa326397366e6974cb338056df65cb50e7d64d1cf314e87504837?s=96&d=mm&r=g\",\"contentUrl\":\"https:\/\/secure.gravatar.com\/avatar\/55cb5e37c1efa326397366e6974cb338056df65cb50e7d64d1cf314e87504837?s=96&d=mm&r=g\",\"caption\":\"Arnaldo Botto\"},\"url\":\"https:\/\/www.noticiasradioreflejos.com.ar\/2021\/author\/arnaldo\/\"}]}<\/script>\n<!-- \/ Yoast SEO plugin. -->","yoast_head_json":{"title":"Llega a Tornquist el tren museo itinerante con entrada libre y gratuita - Noticias Radio Reflejos","robots":{"index":"index","follow":"follow","max-snippet":"max-snippet:-1","max-image-preview":"max-image-preview:large","max-video-preview":"max-video-preview:-1"},"canonical":"https:\/\/www.noticiasradioreflejos.com.ar\/2021\/llega-a-tornquist-el-tren-museo-itinerante-con-entrada-libre-y-gratuita\/","og_locale":"es_ES","og_type":"article","og_title":"Llega a Tornquist el tren museo itinerante con entrada libre y gratuita - Noticias Radio Reflejos","og_description":"Tras su estad\u00eda en la ciudad de Bah\u00eda Blanca, el museo rodante de Trenes Argentinos Capital Humano traslada su propuesta pensada para toda la familia a la localidad de Tornquist, donde abrir\u00e1 sus puertas el pr\u00f3ximo fin de semana con entrada libre y gratuita (ver agenda al pie).","og_url":"https:\/\/www.noticiasradioreflejos.com.ar\/2021\/llega-a-tornquist-el-tren-museo-itinerante-con-entrada-libre-y-gratuita\/","og_site_name":"Noticias Radio Reflejos","article_published_time":"2023-06-06T17:54:13+00:00","og_image":[{"width":2560,"height":1707,"url":"https:\/\/www.noticiasradioreflejos.com.ar\/2021\/wp-content\/uploads\/2023\/06\/3B5A5996-2-scaled.jpg","type":"image\/jpeg"}],"author":"Arnaldo Botto","twitter_card":"summary_large_image","schema":{"@context":"https:\/\/schema.org","@graph":[{"@type":"WebPage","@id":"https:\/\/www.noticiasradioreflejos.com.ar\/2021\/llega-a-tornquist-el-tren-museo-itinerante-con-entrada-libre-y-gratuita\/","url":"https:\/\/www.noticiasradioreflejos.com.ar\/2021\/llega-a-tornquist-el-tren-museo-itinerante-con-entrada-libre-y-gratuita\/","name":"Llega a Tornquist el tren museo itinerante con entrada libre y gratuita - Noticias Radio Reflejos","isPartOf":{"@id":"https:\/\/www.noticiasradioreflejos.com.ar\/2021\/#website"},"primaryImageOfPage":{"@id":"https:\/\/www.noticiasradioreflejos.com.ar\/2021\/llega-a-tornquist-el-tren-museo-itinerante-con-entrada-libre-y-gratuita\/#primaryimage"},"image":{"@id":"https:\/\/www.noticiasradioreflejos.com.ar\/2021\/llega-a-tornquist-el-tren-museo-itinerante-con-entrada-libre-y-gratuita\/#primaryimage"},"thumbnailUrl":"https:\/\/www.noticiasradioreflejos.com.ar\/2021\/wp-content\/uploads\/2023\/06\/3B5A5996-2-scaled.jpg","datePublished":"2023-06-06T17:54:13+00:00","author":{"@id":"https:\/\/www.noticiasradioreflejos.com.ar\/2021\/#\/schema\/person\/ad82545263dcc5ec0996818884fd5fb1"},"breadcrumb":{"@id":"https:\/\/www.noticiasradioreflejos.com.ar\/2021\/llega-a-tornquist-el-tren-museo-itinerante-con-entrada-libre-y-gratuita\/#breadcrumb"},"inLanguage":"es","potentialAction":[{"@type":"ReadAction","target":["https:\/\/www.noticiasradioreflejos.com.ar\/2021\/llega-a-tornquist-el-tren-museo-itinerante-con-entrada-libre-y-gratuita\/"]}]},{"@type":"ImageObject","inLanguage":"es","@id":"https:\/\/www.noticiasradioreflejos.com.ar\/2021\/llega-a-tornquist-el-tren-museo-itinerante-con-entrada-libre-y-gratuita\/#primaryimage","url":"https:\/\/www.noticiasradioreflejos.com.ar\/2021\/wp-content\/uploads\/2023\/06\/3B5A5996-2-scaled.jpg","contentUrl":"https:\/\/www.noticiasradioreflejos.com.ar\/2021\/wp-content\/uploads\/2023\/06\/3B5A5996-2-scaled.jpg","width":2560,"height":1707},{"@type":"BreadcrumbList","@id":"https:\/\/www.noticiasradioreflejos.com.ar\/2021\/llega-a-tornquist-el-tren-museo-itinerante-con-entrada-libre-y-gratuita\/#breadcrumb","itemListElement":[{"@type":"ListItem","position":1,"name":"Portada","item":"https:\/\/www.noticiasradioreflejos.com.ar\/2021\/"},{"@type":"ListItem","position":2,"name":"Llega a Tornquist el tren museo itinerante con entrada libre y gratuita"}]},{"@type":"WebSite","@id":"https:\/\/www.noticiasradioreflejos.com.ar\/2021\/#website","url":"https:\/\/www.noticiasradioreflejos.com.ar\/2021\/","name":"Noticias Radio Reflejos","description":"Las noticias de mi comarca","potentialAction":[{"@type":"SearchAction","target":{"@type":"EntryPoint","urlTemplate":"https:\/\/www.noticiasradioreflejos.com.ar\/2021\/?s={search_term_string}"},"query-input":{"@type":"PropertyValueSpecification","valueRequired":true,"valueName":"search_term_string"}}],"inLanguage":"es"},{"@type":"Person","@id":"https:\/\/www.noticiasradioreflejos.com.ar\/2021\/#\/schema\/person\/ad82545263dcc5ec0996818884fd5fb1","name":"Arnaldo Botto","image":{"@type":"ImageObject","inLanguage":"es","@id":"https:\/\/www.noticiasradioreflejos.com.ar\/2021\/#\/schema\/person\/image\/","url":"https:\/\/secure.gravatar.com\/avatar\/55cb5e37c1efa326397366e6974cb338056df65cb50e7d64d1cf314e87504837?s=96&d=mm&r=g","contentUrl":"https:\/\/secure.gravatar.com\/avatar\/55cb5e37c1efa326397366e6974cb338056df65cb50e7d64d1cf314e87504837?s=96&d=mm&r=g","caption":"Arnaldo Botto"},"url":"https:\/\/www.noticiasradioreflejos.com.ar\/2021\/author\/arnaldo\/"}]}},"_links":{"self":[{"href":"https:\/\/www.noticiasradioreflejos.com.ar\/2021\/wp-json\/wp\/v2\/posts\/88839","targetHints":{"allow":["GET"]}}],"collection":[{"href":"https:\/\/www.noticiasradioreflejos.com.ar\/2021\/wp-json\/wp\/v2\/posts"}],"about":[{"href":"https:\/\/www.noticiasradioreflejos.com.ar\/2021\/wp-json\/wp\/v2\/types\/post"}],"author":[{"embeddable":true,"href":"https:\/\/www.noticiasradioreflejos.com.ar\/2021\/wp-json\/wp\/v2\/users\/3"}],"replies":[{"embeddable":true,"href":"https:\/\/www.noticiasradioreflejos.com.ar\/2021\/wp-json\/wp\/v2\/comments?post=88839"}],"version-history":[{"count":1,"href":"https:\/\/www.noticiasradioreflejos.com.ar\/2021\/wp-json\/wp\/v2\/posts\/88839\/revisions"}],"predecessor-version":[{"id":88846,"href":"https:\/\/www.noticiasradioreflejos.com.ar\/2021\/wp-json\/wp\/v2\/posts\/88839\/revisions\/88846"}],"wp:featuredmedia":[{"embeddable":true,"href":"https:\/\/www.noticiasradioreflejos.com.ar\/2021\/wp-json\/wp\/v2\/media\/88843"}],"wp:attachment":[{"href":"https:\/\/www.noticiasradioreflejos.com.ar\/2021\/wp-json\/wp\/v2\/media?parent=88839"}],"wp:term":[{"taxonomy":"category","embeddable":true,"href":"https:\/\/www.noticiasradioreflejos.com.ar\/2021\/wp-json\/wp\/v2\/categories?post=88839"},{"taxonomy":"post_tag","embeddable":true,"href":"https:\/\/www.noticiasradioreflejos.com.ar\/2021\/wp-json\/wp\/v2\/tags?post=88839"}],"curies":[{"name":"wp","href":"https:\/\/api.w.org\/{rel}","templated":true}]}}