{"id":88691,"date":"2023-06-02T17:36:09","date_gmt":"2023-06-02T17:36:09","guid":{"rendered":"https:\/\/www.noticiasradioreflejos.com.ar\/2021\/?p=88691"},"modified":"2023-06-02T17:36:09","modified_gmt":"2023-06-02T17:36:09","slug":"municipales-las-prioridades-de-hoy-son-ropa-y-maquinarias","status":"publish","type":"post","link":"https:\/\/www.noticiasradioreflejos.com.ar\/2021\/municipales-las-prioridades-de-hoy-son-ropa-y-maquinarias\/","title":{"rendered":"Municipales: \u201cLas prioridades de hoy son ropa y maquinarias\u201d"},"content":{"rendered":"<p>As\u00ed lo hicieron saber los miembros de la comisi\u00f3n, <strong>Daniel Lagos y Sergio Portella<\/strong>. Respecto al predio que tendr\u00e1n junto al corral\u00f3n aseguraron que \u201cya se podr\u00eda comenzar a alambrar\u201d.<!--more--><\/p>\n<p>Aprovechando la inauguraci\u00f3n de su sede social en Sierra de la Ventana, los miembros de la comisi\u00f3n directiva del gremio de municipales, Daniel Lagos y Sergio Portella, dieron un pantallazo de la actualidad de su sector.<\/p>\n<p>Al respecto contaron que \u201creclamos tenemos en cotidiano, entre situaciones puntuales m\u00e1s all\u00e1 de lo salarial. La diferencia puede estar en que nosotros estamos siempre presentes. Hay respuesta inmediata. ATE tiene alg\u00fan afiliado, pero la gente ahora elije. Es optativo. Incluso pueden estar afiliadas a m\u00e1s de un sindicato\u201d.<\/p>\n<p>Y haciendo un balance enfatizaron en que \u201cen este a\u00f1o y medio de gesti\u00f3n duplicamos el n\u00famero de afiliados, y ahora estamos encima de los 480 afiliados. Constantemente planteamos que tienen que usar los beneficios del sindicato, porque es una de las formas que ven reflejado lo positivo que es estar afiliado\u201d.<\/p>\n<p>En otro pasaje de la charla sostuvieron que \u201cestamos gestionando casas en Tornquist a trav\u00e9s del Procrear. Tenemos tierras cedidas. Se van a dividir en porcentajes a distintos sectores. Eso fue gesti\u00f3n del intendente tambi\u00e9n. Al mismo tiempo el lote al lado del corral\u00f3n es espectacular. Solo falta una firma. Ya tenemos el plano. Haremos un SUM y una peque\u00f1a oficina. Ya se podr\u00eda comenzar a alambrar el que ser\u00e1 nuestro predio\u201d.<\/p>\n<p>De igual modo, y viendo el escenario pol\u00edtico que se viene, confirmaron que \u201clos precandidatos se acercan a hablar y si los cruzamos tambi\u00e9n los frenamos para hablar. No es vendernos. Es darnos a conocer, que conozcan nuestra realidad. Y es algo que le hemos reclamado a algunos concejales, que nunca se han acercado\u201d.<\/p>\n<p>Por \u00faltimo, y sobre los puntos focales que hoy en d\u00eda tienen, afirmaron que \u201clas prioridades de hoy son ropa y maquinaria. El parque automotor es poco y viejo. Aument\u00f3 la densidad poblacional en toda la comarca. Y al mismo tiempo cada localidad tiene sus singularidades\u201d.<\/p>\n<p><iframe loading=\"lazy\" width=\"100%\" height=\"166\" scrolling=\"no\" frameborder=\"no\" allow=\"autoplay\" src=\"https:\/\/w.soundcloud.com\/player\/?url=https%3A\/\/api.soundcloud.com\/tracks\/1528918726&#038;color=%23ff5500&#038;auto_play=false&#038;hide_related=false&#038;show_comments=true&#038;show_user=true&#038;show_reposts=false&#038;show_teaser=true\"><\/iframe><\/p>\n<div style=\"font-size: 10px; color: #cccccc;line-break: anywhere;word-break: normal;overflow: hidden;white-space: nowrap;text-overflow: ellipsis; font-family: Interstate,Lucida Grande,Lucida Sans Unicode,Lucida Sans,Garuda,Verdana,Tahoma,sans-serif;font-weight: 100;\"><a href=\"https:\/\/soundcloud.com\/fmreflejos-103-7\" title=\"fmreflejos 103.7\" target=\"_blank\" style=\"color: #cccccc; text-decoration: none;\" rel=\"noopener\">fmreflejos 103.7<\/a> \u00b7 <a href=\"https:\/\/soundcloud.com\/fmreflejos-103-7\/el-espejo-2-6\" title=\"El Espejo 2 - 6 - 23\" target=\"_blank\" style=\"color: #cccccc; text-decoration: none;\" rel=\"noopener\">El Espejo 2 &#8211; 6 &#8211; 23<\/a><\/div>\n","protected":false},"excerpt":{"rendered":"<p>As\u00ed lo hicieron saber los miembros de la comisi\u00f3n, Daniel Lagos y Sergio Portella. Respecto al predio que tendr\u00e1n junto al corral\u00f3n aseguraron que \u201cya se podr\u00eda comenzar a alambrar\u201d.<\/p>\n","protected":false},"author":3,"featured_media":88695,"comment_status":"closed","ping_status":"closed","sticky":false,"template":"","format":"standard","meta":{"footnotes":""},"categories":[28],"tags":[48],"class_list":["post-88691","post","type-post","status-publish","format-standard","has-post-thumbnail","hentry","category-municipales","tag-destacada"],"yoast_head":"<!-- This site is optimized with the Yoast SEO plugin v25.9 - https:\/\/yoast.com\/wordpress\/plugins\/seo\/ -->\n<title>Municipales: \u201cLas prioridades de hoy son ropa y maquinarias\u201d - Noticias Radio Reflejos<\/title>\n<meta name=\"robots\" content=\"index, follow, max-snippet:-1, max-image-preview:large, max-video-preview:-1\" \/>\n<link rel=\"canonical\" href=\"https:\/\/www.noticiasradioreflejos.com.ar\/2021\/municipales-las-prioridades-de-hoy-son-ropa-y-maquinarias\/\" \/>\n<meta property=\"og:locale\" content=\"es_ES\" \/>\n<meta property=\"og:type\" content=\"article\" \/>\n<meta property=\"og:title\" content=\"Municipales: \u201cLas prioridades de hoy son ropa y maquinarias\u201d - Noticias Radio Reflejos\" \/>\n<meta property=\"og:description\" content=\"As\u00ed lo hicieron saber los miembros de la comisi\u00f3n, Daniel Lagos y Sergio Portella. Respecto al predio que tendr\u00e1n junto al corral\u00f3n aseguraron que \u201cya se podr\u00eda comenzar a alambrar\u201d.\" \/>\n<meta property=\"og:url\" content=\"https:\/\/www.noticiasradioreflejos.com.ar\/2021\/municipales-las-prioridades-de-hoy-son-ropa-y-maquinarias\/\" \/>\n<meta property=\"og:site_name\" content=\"Noticias Radio Reflejos\" \/>\n<meta property=\"article:published_time\" content=\"2023-06-02T17:36:09+00:00\" \/>\n<meta property=\"og:image\" content=\"https:\/\/www.noticiasradioreflejos.com.ar\/2021\/wp-content\/uploads\/2023\/06\/sindicato.jpg\" \/>\n\t<meta property=\"og:image:width\" content=\"1449\" \/>\n\t<meta property=\"og:image:height\" content=\"743\" \/>\n\t<meta property=\"og:image:type\" content=\"image\/jpeg\" \/>\n<meta name=\"author\" content=\"Arnaldo Botto\" \/>\n<meta name=\"twitter:card\" content=\"summary_large_image\" \/>\n<script type=\"application\/ld+json\" class=\"yoast-schema-graph\">{\"@context\":\"https:\/\/schema.org\",\"@graph\":[{\"@type\":\"WebPage\",\"@id\":\"https:\/\/www.noticiasradioreflejos.com.ar\/2021\/municipales-las-prioridades-de-hoy-son-ropa-y-maquinarias\/\",\"url\":\"https:\/\/www.noticiasradioreflejos.com.ar\/2021\/municipales-las-prioridades-de-hoy-son-ropa-y-maquinarias\/\",\"name\":\"Municipales: \u201cLas prioridades de hoy son ropa y maquinarias\u201d - Noticias Radio Reflejos\",\"isPartOf\":{\"@id\":\"https:\/\/www.noticiasradioreflejos.com.ar\/2021\/#website\"},\"primaryImageOfPage\":{\"@id\":\"https:\/\/www.noticiasradioreflejos.com.ar\/2021\/municipales-las-prioridades-de-hoy-son-ropa-y-maquinarias\/#primaryimage\"},\"image\":{\"@id\":\"https:\/\/www.noticiasradioreflejos.com.ar\/2021\/municipales-las-prioridades-de-hoy-son-ropa-y-maquinarias\/#primaryimage\"},\"thumbnailUrl\":\"https:\/\/www.noticiasradioreflejos.com.ar\/2021\/wp-content\/uploads\/2023\/06\/sindicato.jpg\",\"datePublished\":\"2023-06-02T17:36:09+00:00\",\"author\":{\"@id\":\"https:\/\/www.noticiasradioreflejos.com.ar\/2021\/#\/schema\/person\/ad82545263dcc5ec0996818884fd5fb1\"},\"breadcrumb\":{\"@id\":\"https:\/\/www.noticiasradioreflejos.com.ar\/2021\/municipales-las-prioridades-de-hoy-son-ropa-y-maquinarias\/#breadcrumb\"},\"inLanguage\":\"es\",\"potentialAction\":[{\"@type\":\"ReadAction\",\"target\":[\"https:\/\/www.noticiasradioreflejos.com.ar\/2021\/municipales-las-prioridades-de-hoy-son-ropa-y-maquinarias\/\"]}]},{\"@type\":\"ImageObject\",\"inLanguage\":\"es\",\"@id\":\"https:\/\/www.noticiasradioreflejos.com.ar\/2021\/municipales-las-prioridades-de-hoy-son-ropa-y-maquinarias\/#primaryimage\",\"url\":\"https:\/\/www.noticiasradioreflejos.com.ar\/2021\/wp-content\/uploads\/2023\/06\/sindicato.jpg\",\"contentUrl\":\"https:\/\/www.noticiasradioreflejos.com.ar\/2021\/wp-content\/uploads\/2023\/06\/sindicato.jpg\",\"width\":1449,\"height\":743},{\"@type\":\"BreadcrumbList\",\"@id\":\"https:\/\/www.noticiasradioreflejos.com.ar\/2021\/municipales-las-prioridades-de-hoy-son-ropa-y-maquinarias\/#breadcrumb\",\"itemListElement\":[{\"@type\":\"ListItem\",\"position\":1,\"name\":\"Portada\",\"item\":\"https:\/\/www.noticiasradioreflejos.com.ar\/2021\/\"},{\"@type\":\"ListItem\",\"position\":2,\"name\":\"Municipales: \u201cLas prioridades de hoy son ropa y maquinarias\u201d\"}]},{\"@type\":\"WebSite\",\"@id\":\"https:\/\/www.noticiasradioreflejos.com.ar\/2021\/#website\",\"url\":\"https:\/\/www.noticiasradioreflejos.com.ar\/2021\/\",\"name\":\"Noticias Radio Reflejos\",\"description\":\"Las noticias de mi comarca\",\"potentialAction\":[{\"@type\":\"SearchAction\",\"target\":{\"@type\":\"EntryPoint\",\"urlTemplate\":\"https:\/\/www.noticiasradioreflejos.com.ar\/2021\/?s={search_term_string}\"},\"query-input\":{\"@type\":\"PropertyValueSpecification\",\"valueRequired\":true,\"valueName\":\"search_term_string\"}}],\"inLanguage\":\"es\"},{\"@type\":\"Person\",\"@id\":\"https:\/\/www.noticiasradioreflejos.com.ar\/2021\/#\/schema\/person\/ad82545263dcc5ec0996818884fd5fb1\",\"name\":\"Arnaldo Botto\",\"image\":{\"@type\":\"ImageObject\",\"inLanguage\":\"es\",\"@id\":\"https:\/\/www.noticiasradioreflejos.com.ar\/2021\/#\/schema\/person\/image\/\",\"url\":\"https:\/\/secure.gravatar.com\/avatar\/55cb5e37c1efa326397366e6974cb338056df65cb50e7d64d1cf314e87504837?s=96&d=mm&r=g\",\"contentUrl\":\"https:\/\/secure.gravatar.com\/avatar\/55cb5e37c1efa326397366e6974cb338056df65cb50e7d64d1cf314e87504837?s=96&d=mm&r=g\",\"caption\":\"Arnaldo Botto\"},\"url\":\"https:\/\/www.noticiasradioreflejos.com.ar\/2021\/author\/arnaldo\/\"}]}<\/script>\n<!-- \/ Yoast SEO plugin. -->","yoast_head_json":{"title":"Municipales: \u201cLas prioridades de hoy son ropa y maquinarias\u201d - Noticias Radio Reflejos","robots":{"index":"index","follow":"follow","max-snippet":"max-snippet:-1","max-image-preview":"max-image-preview:large","max-video-preview":"max-video-preview:-1"},"canonical":"https:\/\/www.noticiasradioreflejos.com.ar\/2021\/municipales-las-prioridades-de-hoy-son-ropa-y-maquinarias\/","og_locale":"es_ES","og_type":"article","og_title":"Municipales: \u201cLas prioridades de hoy son ropa y maquinarias\u201d - Noticias Radio Reflejos","og_description":"As\u00ed lo hicieron saber los miembros de la comisi\u00f3n, Daniel Lagos y Sergio Portella. Respecto al predio que tendr\u00e1n junto al corral\u00f3n aseguraron que \u201cya se podr\u00eda comenzar a alambrar\u201d.","og_url":"https:\/\/www.noticiasradioreflejos.com.ar\/2021\/municipales-las-prioridades-de-hoy-son-ropa-y-maquinarias\/","og_site_name":"Noticias Radio Reflejos","article_published_time":"2023-06-02T17:36:09+00:00","og_image":[{"width":1449,"height":743,"url":"https:\/\/www.noticiasradioreflejos.com.ar\/2021\/wp-content\/uploads\/2023\/06\/sindicato.jpg","type":"image\/jpeg"}],"author":"Arnaldo Botto","twitter_card":"summary_large_image","schema":{"@context":"https:\/\/schema.org","@graph":[{"@type":"WebPage","@id":"https:\/\/www.noticiasradioreflejos.com.ar\/2021\/municipales-las-prioridades-de-hoy-son-ropa-y-maquinarias\/","url":"https:\/\/www.noticiasradioreflejos.com.ar\/2021\/municipales-las-prioridades-de-hoy-son-ropa-y-maquinarias\/","name":"Municipales: \u201cLas prioridades de hoy son ropa y maquinarias\u201d - Noticias Radio Reflejos","isPartOf":{"@id":"https:\/\/www.noticiasradioreflejos.com.ar\/2021\/#website"},"primaryImageOfPage":{"@id":"https:\/\/www.noticiasradioreflejos.com.ar\/2021\/municipales-las-prioridades-de-hoy-son-ropa-y-maquinarias\/#primaryimage"},"image":{"@id":"https:\/\/www.noticiasradioreflejos.com.ar\/2021\/municipales-las-prioridades-de-hoy-son-ropa-y-maquinarias\/#primaryimage"},"thumbnailUrl":"https:\/\/www.noticiasradioreflejos.com.ar\/2021\/wp-content\/uploads\/2023\/06\/sindicato.jpg","datePublished":"2023-06-02T17:36:09+00:00","author":{"@id":"https:\/\/www.noticiasradioreflejos.com.ar\/2021\/#\/schema\/person\/ad82545263dcc5ec0996818884fd5fb1"},"breadcrumb":{"@id":"https:\/\/www.noticiasradioreflejos.com.ar\/2021\/municipales-las-prioridades-de-hoy-son-ropa-y-maquinarias\/#breadcrumb"},"inLanguage":"es","potentialAction":[{"@type":"ReadAction","target":["https:\/\/www.noticiasradioreflejos.com.ar\/2021\/municipales-las-prioridades-de-hoy-son-ropa-y-maquinarias\/"]}]},{"@type":"ImageObject","inLanguage":"es","@id":"https:\/\/www.noticiasradioreflejos.com.ar\/2021\/municipales-las-prioridades-de-hoy-son-ropa-y-maquinarias\/#primaryimage","url":"https:\/\/www.noticiasradioreflejos.com.ar\/2021\/wp-content\/uploads\/2023\/06\/sindicato.jpg","contentUrl":"https:\/\/www.noticiasradioreflejos.com.ar\/2021\/wp-content\/uploads\/2023\/06\/sindicato.jpg","width":1449,"height":743},{"@type":"BreadcrumbList","@id":"https:\/\/www.noticiasradioreflejos.com.ar\/2021\/municipales-las-prioridades-de-hoy-son-ropa-y-maquinarias\/#breadcrumb","itemListElement":[{"@type":"ListItem","position":1,"name":"Portada","item":"https:\/\/www.noticiasradioreflejos.com.ar\/2021\/"},{"@type":"ListItem","position":2,"name":"Municipales: \u201cLas prioridades de hoy son ropa y maquinarias\u201d"}]},{"@type":"WebSite","@id":"https:\/\/www.noticiasradioreflejos.com.ar\/2021\/#website","url":"https:\/\/www.noticiasradioreflejos.com.ar\/2021\/","name":"Noticias Radio Reflejos","description":"Las noticias de mi comarca","potentialAction":[{"@type":"SearchAction","target":{"@type":"EntryPoint","urlTemplate":"https:\/\/www.noticiasradioreflejos.com.ar\/2021\/?s={search_term_string}"},"query-input":{"@type":"PropertyValueSpecification","valueRequired":true,"valueName":"search_term_string"}}],"inLanguage":"es"},{"@type":"Person","@id":"https:\/\/www.noticiasradioreflejos.com.ar\/2021\/#\/schema\/person\/ad82545263dcc5ec0996818884fd5fb1","name":"Arnaldo Botto","image":{"@type":"ImageObject","inLanguage":"es","@id":"https:\/\/www.noticiasradioreflejos.com.ar\/2021\/#\/schema\/person\/image\/","url":"https:\/\/secure.gravatar.com\/avatar\/55cb5e37c1efa326397366e6974cb338056df65cb50e7d64d1cf314e87504837?s=96&d=mm&r=g","contentUrl":"https:\/\/secure.gravatar.com\/avatar\/55cb5e37c1efa326397366e6974cb338056df65cb50e7d64d1cf314e87504837?s=96&d=mm&r=g","caption":"Arnaldo Botto"},"url":"https:\/\/www.noticiasradioreflejos.com.ar\/2021\/author\/arnaldo\/"}]}},"_links":{"self":[{"href":"https:\/\/www.noticiasradioreflejos.com.ar\/2021\/wp-json\/wp\/v2\/posts\/88691","targetHints":{"allow":["GET"]}}],"collection":[{"href":"https:\/\/www.noticiasradioreflejos.com.ar\/2021\/wp-json\/wp\/v2\/posts"}],"about":[{"href":"https:\/\/www.noticiasradioreflejos.com.ar\/2021\/wp-json\/wp\/v2\/types\/post"}],"author":[{"embeddable":true,"href":"https:\/\/www.noticiasradioreflejos.com.ar\/2021\/wp-json\/wp\/v2\/users\/3"}],"replies":[{"embeddable":true,"href":"https:\/\/www.noticiasradioreflejos.com.ar\/2021\/wp-json\/wp\/v2\/comments?post=88691"}],"version-history":[{"count":2,"href":"https:\/\/www.noticiasradioreflejos.com.ar\/2021\/wp-json\/wp\/v2\/posts\/88691\/revisions"}],"predecessor-version":[{"id":88696,"href":"https:\/\/www.noticiasradioreflejos.com.ar\/2021\/wp-json\/wp\/v2\/posts\/88691\/revisions\/88696"}],"wp:featuredmedia":[{"embeddable":true,"href":"https:\/\/www.noticiasradioreflejos.com.ar\/2021\/wp-json\/wp\/v2\/media\/88695"}],"wp:attachment":[{"href":"https:\/\/www.noticiasradioreflejos.com.ar\/2021\/wp-json\/wp\/v2\/media?parent=88691"}],"wp:term":[{"taxonomy":"category","embeddable":true,"href":"https:\/\/www.noticiasradioreflejos.com.ar\/2021\/wp-json\/wp\/v2\/categories?post=88691"},{"taxonomy":"post_tag","embeddable":true,"href":"https:\/\/www.noticiasradioreflejos.com.ar\/2021\/wp-json\/wp\/v2\/tags?post=88691"}],"curies":[{"name":"wp","href":"https:\/\/api.w.org\/{rel}","templated":true}]}}