{"id":88640,"date":"2023-06-01T14:09:27","date_gmt":"2023-06-01T14:09:27","guid":{"rendered":"https:\/\/www.noticiasradioreflejos.com.ar\/2021\/?p=88640"},"modified":"2023-06-01T14:09:27","modified_gmt":"2023-06-01T14:09:27","slug":"condenaron-a-dos-personas-por-cazar-nandues-con-perros-galgos-en-un-campo-de-medanos","status":"publish","type":"post","link":"https:\/\/www.noticiasradioreflejos.com.ar\/2021\/condenaron-a-dos-personas-por-cazar-nandues-con-perros-galgos-en-un-campo-de-medanos\/","title":{"rendered":"Condenaron a dos personas por cazar \u00f1and\u00faes con perros galgos en un campo de M\u00e9danos"},"content":{"rendered":"<p>En el marco de una investigaci\u00f3n a cargo del Equipo de Delitos Rurales bajo la \u00f3rbita de la UFIJ N.\u00ba 20, el Juzgado Correccional N.\u00ba 4 conden\u00f3 \u2013 en juicio abreviado- a Mauro Federico Rinaldi a la pena de 8 meses de prisi\u00f3n y a Jos\u00e9 Irineo Duarte a 6 meses de prisi\u00f3n por cazar \u00f1and\u00faes, que son animales de captura prohibida, en un campo ajeno sin autorizaci\u00f3n.<!--more--><\/p>\n<p>Adem\u00e1s, Rinaldi fue condenado por el acopio de piezas, productos o subproductos provenientes de la caza furtiva o depredaci\u00f3n, ya que acumulaba plumas de \u00f1and\u00fa en la casa.<\/p>\n<p>Seg\u00fan la causa, el 6 de junio de 2021, Rinaldi y Duarte, con la presunta participaci\u00f3n de una tercera persona, cazaron dos ejemplares de \u00f1and\u00fa dentro de un campo ubicado en cercan\u00edas de la localidad de M\u00e9danos, partido de Villarino.<\/p>\n<p>Los imputados no contaban con autorizaci\u00f3n del due\u00f1o del campo para ingresar y, cuando fueron interceptados, ten\u00edan 8 perros de caza raza galgo y dos ejemplares \u00f1and\u00faes muertos.<\/p>\n<p>Adem\u00e1s, el d\u00eda 7 de junio de 2021, en la casa de Rinaldi \u2013 ubicada en Malvinas esquina Belgrano, de M\u00e9danos \u2013 se encontraron plumas de \u00f1and\u00faes que estaban almacenadas dentro de un galp\u00f3n que estaba en el patio.<\/p>\n<p>Tambi\u00e9n, se orden\u00f3 la inhabilitaci\u00f3n especial para la caza, transporte, almacenamiento, industrializaci\u00f3n o comercializaci\u00f3n de fauna, para Rinaldi por el plazo de 1 a\u00f1o y 4 meses y para Duarte por el t\u00e9rmino de 1 a\u00f1o.<\/p>\n","protected":false},"excerpt":{"rendered":"<p>En el marco de una investigaci\u00f3n a cargo del Equipo de Delitos Rurales bajo la \u00f3rbita de la UFIJ N.\u00ba 20, el Juzgado Correccional N.\u00ba 4 conden\u00f3 \u2013 en juicio abreviado- a Mauro Federico Rinaldi a la pena de 8 meses de prisi\u00f3n y a Jos\u00e9 Irineo Duarte a 6 meses de prisi\u00f3n por cazar [&hellip;]<\/p>\n","protected":false},"author":3,"featured_media":88641,"comment_status":"closed","ping_status":"closed","sticky":false,"template":"","format":"standard","meta":{"footnotes":""},"categories":[57],"tags":[],"class_list":["post-88640","post","type-post","status-publish","format-standard","has-post-thumbnail","hentry","category-judiciales"],"yoast_head":"<!-- This site is optimized with the Yoast SEO plugin v25.9 - https:\/\/yoast.com\/wordpress\/plugins\/seo\/ -->\n<title>Condenaron a dos personas por cazar \u00f1and\u00faes con perros galgos en un campo de M\u00e9danos - Noticias Radio Reflejos<\/title>\n<meta name=\"robots\" content=\"index, follow, max-snippet:-1, max-image-preview:large, max-video-preview:-1\" \/>\n<link rel=\"canonical\" href=\"https:\/\/www.noticiasradioreflejos.com.ar\/2021\/condenaron-a-dos-personas-por-cazar-nandues-con-perros-galgos-en-un-campo-de-medanos\/\" \/>\n<meta property=\"og:locale\" content=\"es_ES\" \/>\n<meta property=\"og:type\" content=\"article\" \/>\n<meta property=\"og:title\" content=\"Condenaron a dos personas por cazar \u00f1and\u00faes con perros galgos en un campo de M\u00e9danos - Noticias Radio Reflejos\" \/>\n<meta property=\"og:description\" content=\"En el marco de una investigaci\u00f3n a cargo del Equipo de Delitos Rurales bajo la \u00f3rbita de la UFIJ N.\u00ba 20, el Juzgado Correccional N.\u00ba 4 conden\u00f3 \u2013 en juicio abreviado- a Mauro Federico Rinaldi a la pena de 8 meses de prisi\u00f3n y a Jos\u00e9 Irineo Duarte a 6 meses de prisi\u00f3n por cazar [&hellip;]\" \/>\n<meta property=\"og:url\" content=\"https:\/\/www.noticiasradioreflejos.com.ar\/2021\/condenaron-a-dos-personas-por-cazar-nandues-con-perros-galgos-en-un-campo-de-medanos\/\" \/>\n<meta property=\"og:site_name\" content=\"Noticias Radio Reflejos\" \/>\n<meta property=\"article:published_time\" content=\"2023-06-01T14:09:27+00:00\" \/>\n<meta property=\"og:image\" content=\"https:\/\/www.noticiasradioreflejos.com.ar\/2021\/wp-content\/uploads\/2023\/06\/dos-nandues.jpg\" \/>\n\t<meta property=\"og:image:width\" content=\"656\" \/>\n\t<meta property=\"og:image:height\" content=\"434\" \/>\n\t<meta property=\"og:image:type\" content=\"image\/jpeg\" \/>\n<meta name=\"author\" content=\"Arnaldo Botto\" \/>\n<meta name=\"twitter:card\" content=\"summary_large_image\" \/>\n<script type=\"application\/ld+json\" class=\"yoast-schema-graph\">{\"@context\":\"https:\/\/schema.org\",\"@graph\":[{\"@type\":\"WebPage\",\"@id\":\"https:\/\/www.noticiasradioreflejos.com.ar\/2021\/condenaron-a-dos-personas-por-cazar-nandues-con-perros-galgos-en-un-campo-de-medanos\/\",\"url\":\"https:\/\/www.noticiasradioreflejos.com.ar\/2021\/condenaron-a-dos-personas-por-cazar-nandues-con-perros-galgos-en-un-campo-de-medanos\/\",\"name\":\"Condenaron a dos personas por cazar \u00f1and\u00faes con perros galgos en un campo de M\u00e9danos - Noticias Radio Reflejos\",\"isPartOf\":{\"@id\":\"https:\/\/www.noticiasradioreflejos.com.ar\/2021\/#website\"},\"primaryImageOfPage\":{\"@id\":\"https:\/\/www.noticiasradioreflejos.com.ar\/2021\/condenaron-a-dos-personas-por-cazar-nandues-con-perros-galgos-en-un-campo-de-medanos\/#primaryimage\"},\"image\":{\"@id\":\"https:\/\/www.noticiasradioreflejos.com.ar\/2021\/condenaron-a-dos-personas-por-cazar-nandues-con-perros-galgos-en-un-campo-de-medanos\/#primaryimage\"},\"thumbnailUrl\":\"https:\/\/www.noticiasradioreflejos.com.ar\/2021\/wp-content\/uploads\/2023\/06\/dos-nandues.jpg\",\"datePublished\":\"2023-06-01T14:09:27+00:00\",\"author\":{\"@id\":\"https:\/\/www.noticiasradioreflejos.com.ar\/2021\/#\/schema\/person\/ad82545263dcc5ec0996818884fd5fb1\"},\"breadcrumb\":{\"@id\":\"https:\/\/www.noticiasradioreflejos.com.ar\/2021\/condenaron-a-dos-personas-por-cazar-nandues-con-perros-galgos-en-un-campo-de-medanos\/#breadcrumb\"},\"inLanguage\":\"es\",\"potentialAction\":[{\"@type\":\"ReadAction\",\"target\":[\"https:\/\/www.noticiasradioreflejos.com.ar\/2021\/condenaron-a-dos-personas-por-cazar-nandues-con-perros-galgos-en-un-campo-de-medanos\/\"]}]},{\"@type\":\"ImageObject\",\"inLanguage\":\"es\",\"@id\":\"https:\/\/www.noticiasradioreflejos.com.ar\/2021\/condenaron-a-dos-personas-por-cazar-nandues-con-perros-galgos-en-un-campo-de-medanos\/#primaryimage\",\"url\":\"https:\/\/www.noticiasradioreflejos.com.ar\/2021\/wp-content\/uploads\/2023\/06\/dos-nandues.jpg\",\"contentUrl\":\"https:\/\/www.noticiasradioreflejos.com.ar\/2021\/wp-content\/uploads\/2023\/06\/dos-nandues.jpg\",\"width\":656,\"height\":434},{\"@type\":\"BreadcrumbList\",\"@id\":\"https:\/\/www.noticiasradioreflejos.com.ar\/2021\/condenaron-a-dos-personas-por-cazar-nandues-con-perros-galgos-en-un-campo-de-medanos\/#breadcrumb\",\"itemListElement\":[{\"@type\":\"ListItem\",\"position\":1,\"name\":\"Portada\",\"item\":\"https:\/\/www.noticiasradioreflejos.com.ar\/2021\/\"},{\"@type\":\"ListItem\",\"position\":2,\"name\":\"Condenaron a dos personas por cazar \u00f1and\u00faes con perros galgos en un campo de M\u00e9danos\"}]},{\"@type\":\"WebSite\",\"@id\":\"https:\/\/www.noticiasradioreflejos.com.ar\/2021\/#website\",\"url\":\"https:\/\/www.noticiasradioreflejos.com.ar\/2021\/\",\"name\":\"Noticias Radio Reflejos\",\"description\":\"Las noticias de mi comarca\",\"potentialAction\":[{\"@type\":\"SearchAction\",\"target\":{\"@type\":\"EntryPoint\",\"urlTemplate\":\"https:\/\/www.noticiasradioreflejos.com.ar\/2021\/?s={search_term_string}\"},\"query-input\":{\"@type\":\"PropertyValueSpecification\",\"valueRequired\":true,\"valueName\":\"search_term_string\"}}],\"inLanguage\":\"es\"},{\"@type\":\"Person\",\"@id\":\"https:\/\/www.noticiasradioreflejos.com.ar\/2021\/#\/schema\/person\/ad82545263dcc5ec0996818884fd5fb1\",\"name\":\"Arnaldo Botto\",\"image\":{\"@type\":\"ImageObject\",\"inLanguage\":\"es\",\"@id\":\"https:\/\/www.noticiasradioreflejos.com.ar\/2021\/#\/schema\/person\/image\/\",\"url\":\"https:\/\/secure.gravatar.com\/avatar\/55cb5e37c1efa326397366e6974cb338056df65cb50e7d64d1cf314e87504837?s=96&d=mm&r=g\",\"contentUrl\":\"https:\/\/secure.gravatar.com\/avatar\/55cb5e37c1efa326397366e6974cb338056df65cb50e7d64d1cf314e87504837?s=96&d=mm&r=g\",\"caption\":\"Arnaldo Botto\"},\"url\":\"https:\/\/www.noticiasradioreflejos.com.ar\/2021\/author\/arnaldo\/\"}]}<\/script>\n<!-- \/ Yoast SEO plugin. -->","yoast_head_json":{"title":"Condenaron a dos personas por cazar \u00f1and\u00faes con perros galgos en un campo de M\u00e9danos - Noticias Radio Reflejos","robots":{"index":"index","follow":"follow","max-snippet":"max-snippet:-1","max-image-preview":"max-image-preview:large","max-video-preview":"max-video-preview:-1"},"canonical":"https:\/\/www.noticiasradioreflejos.com.ar\/2021\/condenaron-a-dos-personas-por-cazar-nandues-con-perros-galgos-en-un-campo-de-medanos\/","og_locale":"es_ES","og_type":"article","og_title":"Condenaron a dos personas por cazar \u00f1and\u00faes con perros galgos en un campo de M\u00e9danos - Noticias Radio Reflejos","og_description":"En el marco de una investigaci\u00f3n a cargo del Equipo de Delitos Rurales bajo la \u00f3rbita de la UFIJ N.\u00ba 20, el Juzgado Correccional N.\u00ba 4 conden\u00f3 \u2013 en juicio abreviado- a Mauro Federico Rinaldi a la pena de 8 meses de prisi\u00f3n y a Jos\u00e9 Irineo Duarte a 6 meses de prisi\u00f3n por cazar [&hellip;]","og_url":"https:\/\/www.noticiasradioreflejos.com.ar\/2021\/condenaron-a-dos-personas-por-cazar-nandues-con-perros-galgos-en-un-campo-de-medanos\/","og_site_name":"Noticias Radio Reflejos","article_published_time":"2023-06-01T14:09:27+00:00","og_image":[{"width":656,"height":434,"url":"https:\/\/www.noticiasradioreflejos.com.ar\/2021\/wp-content\/uploads\/2023\/06\/dos-nandues.jpg","type":"image\/jpeg"}],"author":"Arnaldo Botto","twitter_card":"summary_large_image","schema":{"@context":"https:\/\/schema.org","@graph":[{"@type":"WebPage","@id":"https:\/\/www.noticiasradioreflejos.com.ar\/2021\/condenaron-a-dos-personas-por-cazar-nandues-con-perros-galgos-en-un-campo-de-medanos\/","url":"https:\/\/www.noticiasradioreflejos.com.ar\/2021\/condenaron-a-dos-personas-por-cazar-nandues-con-perros-galgos-en-un-campo-de-medanos\/","name":"Condenaron a dos personas por cazar \u00f1and\u00faes con perros galgos en un campo de M\u00e9danos - Noticias Radio Reflejos","isPartOf":{"@id":"https:\/\/www.noticiasradioreflejos.com.ar\/2021\/#website"},"primaryImageOfPage":{"@id":"https:\/\/www.noticiasradioreflejos.com.ar\/2021\/condenaron-a-dos-personas-por-cazar-nandues-con-perros-galgos-en-un-campo-de-medanos\/#primaryimage"},"image":{"@id":"https:\/\/www.noticiasradioreflejos.com.ar\/2021\/condenaron-a-dos-personas-por-cazar-nandues-con-perros-galgos-en-un-campo-de-medanos\/#primaryimage"},"thumbnailUrl":"https:\/\/www.noticiasradioreflejos.com.ar\/2021\/wp-content\/uploads\/2023\/06\/dos-nandues.jpg","datePublished":"2023-06-01T14:09:27+00:00","author":{"@id":"https:\/\/www.noticiasradioreflejos.com.ar\/2021\/#\/schema\/person\/ad82545263dcc5ec0996818884fd5fb1"},"breadcrumb":{"@id":"https:\/\/www.noticiasradioreflejos.com.ar\/2021\/condenaron-a-dos-personas-por-cazar-nandues-con-perros-galgos-en-un-campo-de-medanos\/#breadcrumb"},"inLanguage":"es","potentialAction":[{"@type":"ReadAction","target":["https:\/\/www.noticiasradioreflejos.com.ar\/2021\/condenaron-a-dos-personas-por-cazar-nandues-con-perros-galgos-en-un-campo-de-medanos\/"]}]},{"@type":"ImageObject","inLanguage":"es","@id":"https:\/\/www.noticiasradioreflejos.com.ar\/2021\/condenaron-a-dos-personas-por-cazar-nandues-con-perros-galgos-en-un-campo-de-medanos\/#primaryimage","url":"https:\/\/www.noticiasradioreflejos.com.ar\/2021\/wp-content\/uploads\/2023\/06\/dos-nandues.jpg","contentUrl":"https:\/\/www.noticiasradioreflejos.com.ar\/2021\/wp-content\/uploads\/2023\/06\/dos-nandues.jpg","width":656,"height":434},{"@type":"BreadcrumbList","@id":"https:\/\/www.noticiasradioreflejos.com.ar\/2021\/condenaron-a-dos-personas-por-cazar-nandues-con-perros-galgos-en-un-campo-de-medanos\/#breadcrumb","itemListElement":[{"@type":"ListItem","position":1,"name":"Portada","item":"https:\/\/www.noticiasradioreflejos.com.ar\/2021\/"},{"@type":"ListItem","position":2,"name":"Condenaron a dos personas por cazar \u00f1and\u00faes con perros galgos en un campo de M\u00e9danos"}]},{"@type":"WebSite","@id":"https:\/\/www.noticiasradioreflejos.com.ar\/2021\/#website","url":"https:\/\/www.noticiasradioreflejos.com.ar\/2021\/","name":"Noticias Radio Reflejos","description":"Las noticias de mi comarca","potentialAction":[{"@type":"SearchAction","target":{"@type":"EntryPoint","urlTemplate":"https:\/\/www.noticiasradioreflejos.com.ar\/2021\/?s={search_term_string}"},"query-input":{"@type":"PropertyValueSpecification","valueRequired":true,"valueName":"search_term_string"}}],"inLanguage":"es"},{"@type":"Person","@id":"https:\/\/www.noticiasradioreflejos.com.ar\/2021\/#\/schema\/person\/ad82545263dcc5ec0996818884fd5fb1","name":"Arnaldo Botto","image":{"@type":"ImageObject","inLanguage":"es","@id":"https:\/\/www.noticiasradioreflejos.com.ar\/2021\/#\/schema\/person\/image\/","url":"https:\/\/secure.gravatar.com\/avatar\/55cb5e37c1efa326397366e6974cb338056df65cb50e7d64d1cf314e87504837?s=96&d=mm&r=g","contentUrl":"https:\/\/secure.gravatar.com\/avatar\/55cb5e37c1efa326397366e6974cb338056df65cb50e7d64d1cf314e87504837?s=96&d=mm&r=g","caption":"Arnaldo Botto"},"url":"https:\/\/www.noticiasradioreflejos.com.ar\/2021\/author\/arnaldo\/"}]}},"_links":{"self":[{"href":"https:\/\/www.noticiasradioreflejos.com.ar\/2021\/wp-json\/wp\/v2\/posts\/88640","targetHints":{"allow":["GET"]}}],"collection":[{"href":"https:\/\/www.noticiasradioreflejos.com.ar\/2021\/wp-json\/wp\/v2\/posts"}],"about":[{"href":"https:\/\/www.noticiasradioreflejos.com.ar\/2021\/wp-json\/wp\/v2\/types\/post"}],"author":[{"embeddable":true,"href":"https:\/\/www.noticiasradioreflejos.com.ar\/2021\/wp-json\/wp\/v2\/users\/3"}],"replies":[{"embeddable":true,"href":"https:\/\/www.noticiasradioreflejos.com.ar\/2021\/wp-json\/wp\/v2\/comments?post=88640"}],"version-history":[{"count":1,"href":"https:\/\/www.noticiasradioreflejos.com.ar\/2021\/wp-json\/wp\/v2\/posts\/88640\/revisions"}],"predecessor-version":[{"id":88642,"href":"https:\/\/www.noticiasradioreflejos.com.ar\/2021\/wp-json\/wp\/v2\/posts\/88640\/revisions\/88642"}],"wp:featuredmedia":[{"embeddable":true,"href":"https:\/\/www.noticiasradioreflejos.com.ar\/2021\/wp-json\/wp\/v2\/media\/88641"}],"wp:attachment":[{"href":"https:\/\/www.noticiasradioreflejos.com.ar\/2021\/wp-json\/wp\/v2\/media?parent=88640"}],"wp:term":[{"taxonomy":"category","embeddable":true,"href":"https:\/\/www.noticiasradioreflejos.com.ar\/2021\/wp-json\/wp\/v2\/categories?post=88640"},{"taxonomy":"post_tag","embeddable":true,"href":"https:\/\/www.noticiasradioreflejos.com.ar\/2021\/wp-json\/wp\/v2\/tags?post=88640"}],"curies":[{"name":"wp","href":"https:\/\/api.w.org\/{rel}","templated":true}]}}