{"id":88629,"date":"2023-06-01T11:50:14","date_gmt":"2023-06-01T11:50:14","guid":{"rendered":"https:\/\/www.noticiasradioreflejos.com.ar\/2021\/?p=88629"},"modified":"2023-06-01T12:39:46","modified_gmt":"2023-06-01T12:39:46","slug":"vacaciones-de-invierno-desmienten-que-se-adelanten-por-brote-de-bronquiolitis","status":"publish","type":"post","link":"https:\/\/www.noticiasradioreflejos.com.ar\/2021\/vacaciones-de-invierno-desmienten-que-se-adelanten-por-brote-de-bronquiolitis\/","title":{"rendered":"Vacaciones de invierno: desmienten que se adelanten por brote de bronquiolitis"},"content":{"rendered":"<header id=\"mvp-post-head\" class=\"left relative\">El ministro de Salud bonaerense se refiri\u00f3 a la versi\u00f3n que ven\u00eda circulando. Contradijo a ex funcionario de la mencionada cartera que hab\u00eda dejado entrever la posibilidad en un programa de TV.<\/header>\n<p><!--more--><\/p>\n<div class=\"mvp-post-main-out left relative\">\n<div class=\"mvp-post-main-in\">\n<div id=\"mvp-post-content\" class=\"left relative\">\n<div id=\"mvp-post-feat-img\" class=\"left relative mvp-post-feat-img-wide2\">\u00bfAdelantan las vacaciones de invierno en la provincia de Buenos Aires a ra\u00edz del brote de bronquiolitis que se viene registrando desde hace algunos d\u00edas? As\u00ed lo desliz\u00f3 quien fuera ministro de Salud durante el gobierno de Daniel Scioli, Claudio Zin, quien lo desliz\u00f3 a trav\u00e9s del canal La Naci\u00f3n+.<\/div>\n<div id=\"mvp-content-wrap\" class=\"left relative\">\n<div class=\"mvp-post-soc-out right relative\">\n<div class=\"mvp-post-soc-in\">\n<div id=\"mvp-content-body\" class=\"left relative\">\n<div id=\"mvp-content-body-top\" class=\"left relative\">\n<div id=\"mvp-content-main\" class=\"left relative\">\n<div id=\"textbody\">\n<p>Concretamente, dijo que debido a la gran cantidad de casos que se vienen dando las autoridades bonaerenses evaluaban la posibilidad de adelantar el receso invernal como una medida para contrarrestar la propagaci\u00f3n de este tipo de infecci\u00f3n respiratoria que afecta en mayor medida a los m\u00e1s chicos.<\/p>\n<div id=\"itb_mobile_intext_div\"><\/div>\n<p>Sin embargo, desde Provincia salieron a desmentir de manera contundente y el encargado de hacerlo fue el propio ministro de Salud, Nicol\u00e1s Kreplak, quien a trav\u00e9s de su cuenta en Twitter asegur\u00f3: \u201cSi no pueden hablar sin mentir, pasen m\u00fasica\u201d.<\/p>\n<blockquote class=\"twitter-tweet\">\n<p dir=\"ltr\" lang=\"es\">Falso. Si no pueden hablar sin mentir, pasen m\u00fasica. <a href=\"https:\/\/t.co\/nAkKhS8F6L\">pic.twitter.com\/nAkKhS8F6L<\/a><\/p>\n<p>\u2014 Nicol\u00e1s Kreplak (@nkreplak) <a href=\"https:\/\/twitter.com\/nkreplak\/status\/1664045396283277317?ref_src=twsrc%5Etfw\">May 31, 2023<\/a><\/p><\/blockquote>\n<p><script async src=\"https:\/\/platform.twitter.com\/widgets.js\" charset=\"utf-8\"><\/script><\/p>\n<div class=\"mvp-post-main-out left relative\">\n<div class=\"mvp-post-main-in\">\n<div id=\"mvp-post-content\" class=\"left relative\">\n<div id=\"mvp-content-wrap\" class=\"left relative\">\n<div class=\"mvp-post-soc-out right relative\">\n<div class=\"mvp-post-soc-in\">\n<div id=\"mvp-content-body\" class=\"left relative\">\n<div id=\"mvp-content-body-top\" class=\"left relative\">\n<div id=\"mvp-content-main\" class=\"left relative\">\n<div id=\"textbody\">\n<p>La semana pasada, Kreplak afirm\u00f3 que est\u00e1bamos \u201cante la peor epidemia de bronquiolitis que tengamos registro\u201d, por lo que pidi\u00f3 \u201cser cuidadosos, no ir a guardias si no es indispensable y no mandar a chicos a la escuela si tienen s\u00edntomas respiratorios para evitar contagios\u201d.<\/p>\n<p>Y que este brote adem\u00e1s se da \u201cen un contexto adem\u00e1s en el que hay pocos pediatras\u201d.<\/p>\n<p><strong>Fuente:<\/strong>\u00a0LB24 \/ El D\u00eda.<\/p>\n<\/div>\n<\/div>\n<\/div>\n<\/div>\n<\/div>\n<\/div>\n<\/div>\n<\/div>\n<\/div>\n<\/div>\n<\/div>\n<\/div>\n<\/div>\n<\/div>\n<\/div>\n<\/div>\n<\/div>\n<\/div>\n<\/div>\n<\/div>\n","protected":false},"excerpt":{"rendered":"<p>El ministro de Salud bonaerense se refiri\u00f3 a la versi\u00f3n que ven\u00eda circulando. Contradijo a ex funcionario de la mencionada cartera que hab\u00eda dejado entrever la posibilidad en un programa de TV.<\/p>\n","protected":false},"author":3,"featured_media":88630,"comment_status":"closed","ping_status":"closed","sticky":false,"template":"","format":"standard","meta":{"footnotes":""},"categories":[34,30],"tags":[48],"class_list":["post-88629","post","type-post","status-publish","format-standard","has-post-thumbnail","hentry","category-educacion","category-salud","tag-destacada"],"yoast_head":"<!-- This site is optimized with the Yoast SEO plugin v25.9 - https:\/\/yoast.com\/wordpress\/plugins\/seo\/ -->\n<title>Vacaciones de invierno: desmienten que se adelanten por brote de bronquiolitis - Noticias Radio Reflejos<\/title>\n<meta name=\"robots\" content=\"index, follow, max-snippet:-1, max-image-preview:large, max-video-preview:-1\" \/>\n<link rel=\"canonical\" href=\"https:\/\/www.noticiasradioreflejos.com.ar\/2021\/vacaciones-de-invierno-desmienten-que-se-adelanten-por-brote-de-bronquiolitis\/\" \/>\n<meta property=\"og:locale\" content=\"es_ES\" \/>\n<meta property=\"og:type\" content=\"article\" \/>\n<meta property=\"og:title\" content=\"Vacaciones de invierno: desmienten que se adelanten por brote de bronquiolitis - Noticias Radio Reflejos\" \/>\n<meta property=\"og:description\" content=\"El ministro de Salud bonaerense se refiri\u00f3 a la versi\u00f3n que ven\u00eda circulando. Contradijo a ex funcionario de la mencionada cartera que hab\u00eda dejado entrever la posibilidad en un programa de TV.\" \/>\n<meta property=\"og:url\" content=\"https:\/\/www.noticiasradioreflejos.com.ar\/2021\/vacaciones-de-invierno-desmienten-que-se-adelanten-por-brote-de-bronquiolitis\/\" \/>\n<meta property=\"og:site_name\" content=\"Noticias Radio Reflejos\" \/>\n<meta property=\"article:published_time\" content=\"2023-06-01T11:50:14+00:00\" \/>\n<meta property=\"article:modified_time\" content=\"2023-06-01T12:39:46+00:00\" \/>\n<meta property=\"og:image\" content=\"https:\/\/www.noticiasradioreflejos.com.ar\/2021\/wp-content\/uploads\/2023\/06\/pediatria.jpg\" \/>\n\t<meta property=\"og:image:width\" content=\"1366\" \/>\n\t<meta property=\"og:image:height\" content=\"768\" \/>\n\t<meta property=\"og:image:type\" content=\"image\/jpeg\" \/>\n<meta name=\"author\" content=\"Arnaldo Botto\" \/>\n<meta name=\"twitter:card\" content=\"summary_large_image\" \/>\n<script type=\"application\/ld+json\" class=\"yoast-schema-graph\">{\"@context\":\"https:\/\/schema.org\",\"@graph\":[{\"@type\":\"WebPage\",\"@id\":\"https:\/\/www.noticiasradioreflejos.com.ar\/2021\/vacaciones-de-invierno-desmienten-que-se-adelanten-por-brote-de-bronquiolitis\/\",\"url\":\"https:\/\/www.noticiasradioreflejos.com.ar\/2021\/vacaciones-de-invierno-desmienten-que-se-adelanten-por-brote-de-bronquiolitis\/\",\"name\":\"Vacaciones de invierno: desmienten que se adelanten por brote de bronquiolitis - Noticias Radio Reflejos\",\"isPartOf\":{\"@id\":\"https:\/\/www.noticiasradioreflejos.com.ar\/2021\/#website\"},\"primaryImageOfPage\":{\"@id\":\"https:\/\/www.noticiasradioreflejos.com.ar\/2021\/vacaciones-de-invierno-desmienten-que-se-adelanten-por-brote-de-bronquiolitis\/#primaryimage\"},\"image\":{\"@id\":\"https:\/\/www.noticiasradioreflejos.com.ar\/2021\/vacaciones-de-invierno-desmienten-que-se-adelanten-por-brote-de-bronquiolitis\/#primaryimage\"},\"thumbnailUrl\":\"https:\/\/www.noticiasradioreflejos.com.ar\/2021\/wp-content\/uploads\/2023\/06\/pediatria.jpg\",\"datePublished\":\"2023-06-01T11:50:14+00:00\",\"dateModified\":\"2023-06-01T12:39:46+00:00\",\"author\":{\"@id\":\"https:\/\/www.noticiasradioreflejos.com.ar\/2021\/#\/schema\/person\/ad82545263dcc5ec0996818884fd5fb1\"},\"breadcrumb\":{\"@id\":\"https:\/\/www.noticiasradioreflejos.com.ar\/2021\/vacaciones-de-invierno-desmienten-que-se-adelanten-por-brote-de-bronquiolitis\/#breadcrumb\"},\"inLanguage\":\"es\",\"potentialAction\":[{\"@type\":\"ReadAction\",\"target\":[\"https:\/\/www.noticiasradioreflejos.com.ar\/2021\/vacaciones-de-invierno-desmienten-que-se-adelanten-por-brote-de-bronquiolitis\/\"]}]},{\"@type\":\"ImageObject\",\"inLanguage\":\"es\",\"@id\":\"https:\/\/www.noticiasradioreflejos.com.ar\/2021\/vacaciones-de-invierno-desmienten-que-se-adelanten-por-brote-de-bronquiolitis\/#primaryimage\",\"url\":\"https:\/\/www.noticiasradioreflejos.com.ar\/2021\/wp-content\/uploads\/2023\/06\/pediatria.jpg\",\"contentUrl\":\"https:\/\/www.noticiasradioreflejos.com.ar\/2021\/wp-content\/uploads\/2023\/06\/pediatria.jpg\",\"width\":1366,\"height\":768},{\"@type\":\"BreadcrumbList\",\"@id\":\"https:\/\/www.noticiasradioreflejos.com.ar\/2021\/vacaciones-de-invierno-desmienten-que-se-adelanten-por-brote-de-bronquiolitis\/#breadcrumb\",\"itemListElement\":[{\"@type\":\"ListItem\",\"position\":1,\"name\":\"Portada\",\"item\":\"https:\/\/www.noticiasradioreflejos.com.ar\/2021\/\"},{\"@type\":\"ListItem\",\"position\":2,\"name\":\"Vacaciones de invierno: desmienten que se adelanten por brote de bronquiolitis\"}]},{\"@type\":\"WebSite\",\"@id\":\"https:\/\/www.noticiasradioreflejos.com.ar\/2021\/#website\",\"url\":\"https:\/\/www.noticiasradioreflejos.com.ar\/2021\/\",\"name\":\"Noticias Radio Reflejos\",\"description\":\"Las noticias de mi comarca\",\"potentialAction\":[{\"@type\":\"SearchAction\",\"target\":{\"@type\":\"EntryPoint\",\"urlTemplate\":\"https:\/\/www.noticiasradioreflejos.com.ar\/2021\/?s={search_term_string}\"},\"query-input\":{\"@type\":\"PropertyValueSpecification\",\"valueRequired\":true,\"valueName\":\"search_term_string\"}}],\"inLanguage\":\"es\"},{\"@type\":\"Person\",\"@id\":\"https:\/\/www.noticiasradioreflejos.com.ar\/2021\/#\/schema\/person\/ad82545263dcc5ec0996818884fd5fb1\",\"name\":\"Arnaldo Botto\",\"image\":{\"@type\":\"ImageObject\",\"inLanguage\":\"es\",\"@id\":\"https:\/\/www.noticiasradioreflejos.com.ar\/2021\/#\/schema\/person\/image\/\",\"url\":\"https:\/\/secure.gravatar.com\/avatar\/55cb5e37c1efa326397366e6974cb338056df65cb50e7d64d1cf314e87504837?s=96&d=mm&r=g\",\"contentUrl\":\"https:\/\/secure.gravatar.com\/avatar\/55cb5e37c1efa326397366e6974cb338056df65cb50e7d64d1cf314e87504837?s=96&d=mm&r=g\",\"caption\":\"Arnaldo Botto\"},\"url\":\"https:\/\/www.noticiasradioreflejos.com.ar\/2021\/author\/arnaldo\/\"}]}<\/script>\n<!-- \/ Yoast SEO plugin. -->","yoast_head_json":{"title":"Vacaciones de invierno: desmienten que se adelanten por brote de bronquiolitis - Noticias Radio Reflejos","robots":{"index":"index","follow":"follow","max-snippet":"max-snippet:-1","max-image-preview":"max-image-preview:large","max-video-preview":"max-video-preview:-1"},"canonical":"https:\/\/www.noticiasradioreflejos.com.ar\/2021\/vacaciones-de-invierno-desmienten-que-se-adelanten-por-brote-de-bronquiolitis\/","og_locale":"es_ES","og_type":"article","og_title":"Vacaciones de invierno: desmienten que se adelanten por brote de bronquiolitis - Noticias Radio Reflejos","og_description":"El ministro de Salud bonaerense se refiri\u00f3 a la versi\u00f3n que ven\u00eda circulando. Contradijo a ex funcionario de la mencionada cartera que hab\u00eda dejado entrever la posibilidad en un programa de TV.","og_url":"https:\/\/www.noticiasradioreflejos.com.ar\/2021\/vacaciones-de-invierno-desmienten-que-se-adelanten-por-brote-de-bronquiolitis\/","og_site_name":"Noticias Radio Reflejos","article_published_time":"2023-06-01T11:50:14+00:00","article_modified_time":"2023-06-01T12:39:46+00:00","og_image":[{"width":1366,"height":768,"url":"https:\/\/www.noticiasradioreflejos.com.ar\/2021\/wp-content\/uploads\/2023\/06\/pediatria.jpg","type":"image\/jpeg"}],"author":"Arnaldo Botto","twitter_card":"summary_large_image","schema":{"@context":"https:\/\/schema.org","@graph":[{"@type":"WebPage","@id":"https:\/\/www.noticiasradioreflejos.com.ar\/2021\/vacaciones-de-invierno-desmienten-que-se-adelanten-por-brote-de-bronquiolitis\/","url":"https:\/\/www.noticiasradioreflejos.com.ar\/2021\/vacaciones-de-invierno-desmienten-que-se-adelanten-por-brote-de-bronquiolitis\/","name":"Vacaciones de invierno: desmienten que se adelanten por brote de bronquiolitis - Noticias Radio Reflejos","isPartOf":{"@id":"https:\/\/www.noticiasradioreflejos.com.ar\/2021\/#website"},"primaryImageOfPage":{"@id":"https:\/\/www.noticiasradioreflejos.com.ar\/2021\/vacaciones-de-invierno-desmienten-que-se-adelanten-por-brote-de-bronquiolitis\/#primaryimage"},"image":{"@id":"https:\/\/www.noticiasradioreflejos.com.ar\/2021\/vacaciones-de-invierno-desmienten-que-se-adelanten-por-brote-de-bronquiolitis\/#primaryimage"},"thumbnailUrl":"https:\/\/www.noticiasradioreflejos.com.ar\/2021\/wp-content\/uploads\/2023\/06\/pediatria.jpg","datePublished":"2023-06-01T11:50:14+00:00","dateModified":"2023-06-01T12:39:46+00:00","author":{"@id":"https:\/\/www.noticiasradioreflejos.com.ar\/2021\/#\/schema\/person\/ad82545263dcc5ec0996818884fd5fb1"},"breadcrumb":{"@id":"https:\/\/www.noticiasradioreflejos.com.ar\/2021\/vacaciones-de-invierno-desmienten-que-se-adelanten-por-brote-de-bronquiolitis\/#breadcrumb"},"inLanguage":"es","potentialAction":[{"@type":"ReadAction","target":["https:\/\/www.noticiasradioreflejos.com.ar\/2021\/vacaciones-de-invierno-desmienten-que-se-adelanten-por-brote-de-bronquiolitis\/"]}]},{"@type":"ImageObject","inLanguage":"es","@id":"https:\/\/www.noticiasradioreflejos.com.ar\/2021\/vacaciones-de-invierno-desmienten-que-se-adelanten-por-brote-de-bronquiolitis\/#primaryimage","url":"https:\/\/www.noticiasradioreflejos.com.ar\/2021\/wp-content\/uploads\/2023\/06\/pediatria.jpg","contentUrl":"https:\/\/www.noticiasradioreflejos.com.ar\/2021\/wp-content\/uploads\/2023\/06\/pediatria.jpg","width":1366,"height":768},{"@type":"BreadcrumbList","@id":"https:\/\/www.noticiasradioreflejos.com.ar\/2021\/vacaciones-de-invierno-desmienten-que-se-adelanten-por-brote-de-bronquiolitis\/#breadcrumb","itemListElement":[{"@type":"ListItem","position":1,"name":"Portada","item":"https:\/\/www.noticiasradioreflejos.com.ar\/2021\/"},{"@type":"ListItem","position":2,"name":"Vacaciones de invierno: desmienten que se adelanten por brote de bronquiolitis"}]},{"@type":"WebSite","@id":"https:\/\/www.noticiasradioreflejos.com.ar\/2021\/#website","url":"https:\/\/www.noticiasradioreflejos.com.ar\/2021\/","name":"Noticias Radio Reflejos","description":"Las noticias de mi comarca","potentialAction":[{"@type":"SearchAction","target":{"@type":"EntryPoint","urlTemplate":"https:\/\/www.noticiasradioreflejos.com.ar\/2021\/?s={search_term_string}"},"query-input":{"@type":"PropertyValueSpecification","valueRequired":true,"valueName":"search_term_string"}}],"inLanguage":"es"},{"@type":"Person","@id":"https:\/\/www.noticiasradioreflejos.com.ar\/2021\/#\/schema\/person\/ad82545263dcc5ec0996818884fd5fb1","name":"Arnaldo Botto","image":{"@type":"ImageObject","inLanguage":"es","@id":"https:\/\/www.noticiasradioreflejos.com.ar\/2021\/#\/schema\/person\/image\/","url":"https:\/\/secure.gravatar.com\/avatar\/55cb5e37c1efa326397366e6974cb338056df65cb50e7d64d1cf314e87504837?s=96&d=mm&r=g","contentUrl":"https:\/\/secure.gravatar.com\/avatar\/55cb5e37c1efa326397366e6974cb338056df65cb50e7d64d1cf314e87504837?s=96&d=mm&r=g","caption":"Arnaldo Botto"},"url":"https:\/\/www.noticiasradioreflejos.com.ar\/2021\/author\/arnaldo\/"}]}},"_links":{"self":[{"href":"https:\/\/www.noticiasradioreflejos.com.ar\/2021\/wp-json\/wp\/v2\/posts\/88629","targetHints":{"allow":["GET"]}}],"collection":[{"href":"https:\/\/www.noticiasradioreflejos.com.ar\/2021\/wp-json\/wp\/v2\/posts"}],"about":[{"href":"https:\/\/www.noticiasradioreflejos.com.ar\/2021\/wp-json\/wp\/v2\/types\/post"}],"author":[{"embeddable":true,"href":"https:\/\/www.noticiasradioreflejos.com.ar\/2021\/wp-json\/wp\/v2\/users\/3"}],"replies":[{"embeddable":true,"href":"https:\/\/www.noticiasradioreflejos.com.ar\/2021\/wp-json\/wp\/v2\/comments?post=88629"}],"version-history":[{"count":3,"href":"https:\/\/www.noticiasradioreflejos.com.ar\/2021\/wp-json\/wp\/v2\/posts\/88629\/revisions"}],"predecessor-version":[{"id":88639,"href":"https:\/\/www.noticiasradioreflejos.com.ar\/2021\/wp-json\/wp\/v2\/posts\/88629\/revisions\/88639"}],"wp:featuredmedia":[{"embeddable":true,"href":"https:\/\/www.noticiasradioreflejos.com.ar\/2021\/wp-json\/wp\/v2\/media\/88630"}],"wp:attachment":[{"href":"https:\/\/www.noticiasradioreflejos.com.ar\/2021\/wp-json\/wp\/v2\/media?parent=88629"}],"wp:term":[{"taxonomy":"category","embeddable":true,"href":"https:\/\/www.noticiasradioreflejos.com.ar\/2021\/wp-json\/wp\/v2\/categories?post=88629"},{"taxonomy":"post_tag","embeddable":true,"href":"https:\/\/www.noticiasradioreflejos.com.ar\/2021\/wp-json\/wp\/v2\/tags?post=88629"}],"curies":[{"name":"wp","href":"https:\/\/api.w.org\/{rel}","templated":true}]}}