{"id":88562,"date":"2023-05-30T16:59:21","date_gmt":"2023-05-30T16:59:21","guid":{"rendered":"https:\/\/www.noticiasradioreflejos.com.ar\/2021\/?p=88562"},"modified":"2023-05-30T16:59:21","modified_gmt":"2023-05-30T16:59:21","slug":"sofia-urriaga-hoy-la-pile-no-esta-legalmente-habilitada-para-rehabilitar","status":"publish","type":"post","link":"https:\/\/www.noticiasradioreflejos.com.ar\/2021\/sofia-urriaga-hoy-la-pile-no-esta-legalmente-habilitada-para-rehabilitar\/","title":{"rendered":"Sof\u00eda Urriaga: \u201cHoy la pile no est\u00e1 legalmente habilitada para rehabilitar\u201d"},"content":{"rendered":"<p>La encargada del \u00e1rea de deportes del municipio aclar\u00f3 esta situaci\u00f3n, al tiempo que se mostr\u00f3 sumamente feliz por la alta demanda que gener\u00f3 el nuevo natatorio. \u201cAyer ten\u00edamos 40 inscriptos\u201d mencion\u00f3.<!--more--><\/p>\n<p><a title=\"Inauguracion Natatorio Municipal (2)\" href=\"https:\/\/www.flickr.com\/photos\/182279889@N02\/52925346942\/in\/dateposted-public\/\" data-flickr-embed=\"true\"><img loading=\"lazy\" decoding=\"async\" src=\"https:\/\/live.staticflickr.com\/65535\/52925346942_e2c0c74a61_c.jpg\" alt=\"Inauguracion Natatorio Municipal (2)\" width=\"800\" height=\"568\" \/><\/a><\/p>\n<p>&nbsp;<\/p>\n<p>El nuevo natatorio climatizado ubicado en Tornquist gener\u00f3 un movimiento positivo incre\u00edble en la comunidad. As\u00ed se reflej\u00f3 en la asistencia vivida ayer, y al mismo tiempo, en lo que pudo comentar la encargada del \u00e1rea, Sof\u00eda Urriaga.<\/p>\n<p>\u201cHoy estamos m\u00e1s tranquilos pero ayer lleno de gente. Las chicas est\u00e1n contestando 80 mensajes que quedaron colgados de ayer. La gente claramente estaba esperando que se inaugure esta nueva pile\u201d coment\u00f3.<\/p>\n<p>En esa l\u00ednea afirm\u00f3 que \u201cla pile del Centro de Jubilados est\u00e1 buena, pero esta es otra cosa. Esta es semi ol\u00edmpica que permite hacer otro tipo de actividades\u201d.<\/p>\n<p>Sobre c\u00f3mo se viene dando la requisitoria de sumarse a este espacio, afirm\u00f3 que \u201cayer ten\u00edamos 140 inscriptos y esta ma\u00f1ana sumaremos algunos m\u00e1s. Para nadar libre se agregaron d\u00edas y horarios. Dejamos algunos espacios libres porque vendr\u00e1n horas del CEF, porque habr\u00e1 profes que se agregar\u00e1n ahora. Queremos priorizar las clases con profes. Una vez que tengamos todos los horarios con profes diagramados, los restantes horarios ser\u00e1n para nadar libre\u201d.<\/p>\n<p>Sobre lo que busca puntualmente la comunidad, Sof\u00eda sostuvo que \u201chay gente que quiere venir a nadar libre, pero la mayor\u00eda quiere venir a aprender de cero o b\u00e1sico. Hay gente que tambi\u00e9n nada y quiere seguir avanzando en su t\u00e9cnica. Nos iremos adaptando\u201d.<\/p>\n<p>De igual forma aclar\u00f3 que \u201choy la pile no est\u00e1 legalmente habilitada para rehabilitar. Se necesitan un mont\u00f3n de cuestiones que no las tenemos. La segunda etapa s\u00ed nos permitir\u00e1 hacer eso. Tampoco hoy tenemos profes capacitados para eso. Ni para terapia acu\u00e1tica. Hicimos la rampa, se podr\u00e1 acceder con una silla, pero por ahora falta capacitaci\u00f3n. Los profes est\u00e1n en ese proceso. La semana pr\u00f3xima tendr\u00e1n ya el m\u00f3dulo te\u00f3rico-pr\u00e1ctico. Estamos trabajando para estar listos cuando tengamos la habilitaci\u00f3n\u201d.<\/p>\n<p>Por \u00faltimo explic\u00f3 que \u201choy somos ocho profes pero faltan anexar m\u00e1s\u201d en tanto que en un mensaje a los vecinos, afirm\u00f3 que \u201cpueden venir a visitar la pile. Es para todos. Se tienen que animar\u201d.<\/p>\n<p>&nbsp;<\/p>\n<p><iframe loading=\"lazy\" src=\"https:\/\/w.soundcloud.com\/player\/?url=https%3A\/\/api.soundcloud.com\/tracks\/1525904005&amp;color=%23ff5500&amp;auto_play=false&amp;hide_related=false&amp;show_comments=true&amp;show_user=true&amp;show_reposts=false&amp;show_teaser=true\" width=\"100%\" height=\"166\" frameborder=\"no\" scrolling=\"no\"><\/iframe><\/p>\n<div style=\"font-size: 10px; color: #cccccc; line-break: anywhere; word-break: normal; overflow: hidden; white-space: nowrap; text-overflow: ellipsis; font-family: Interstate,Lucida Grande,Lucida Sans Unicode,Lucida Sans,Garuda,Verdana,Tahoma,sans-serif; font-weight: 100;\"><a style=\"color: #cccccc; text-decoration: none;\" title=\"fmreflejos 103.7\" href=\"https:\/\/soundcloud.com\/fmreflejos-103-7\" target=\"_blank\" rel=\"noopener\">fmreflejos 103.7<\/a> \u00b7 <a style=\"color: #cccccc; text-decoration: none;\" title=\"Sofia Urriaga\" href=\"https:\/\/soundcloud.com\/fmreflejos-103-7\/sofia-urriaga-2\" target=\"_blank\" rel=\"noopener\">Sofia Urriaga<\/a><\/div>\n","protected":false},"excerpt":{"rendered":"<p>La encargada del \u00e1rea de deportes del municipio aclar\u00f3 esta situaci\u00f3n, al tiempo que se mostr\u00f3 sumamente feliz por la alta demanda que gener\u00f3 el nuevo natatorio. \u201cAyer ten\u00edamos 40 inscriptos\u201d mencion\u00f3.<\/p>\n","protected":false},"author":3,"featured_media":88564,"comment_status":"closed","ping_status":"closed","sticky":false,"template":"","format":"standard","meta":{"footnotes":""},"categories":[28],"tags":[48],"class_list":["post-88562","post","type-post","status-publish","format-standard","has-post-thumbnail","hentry","category-municipales","tag-destacada"],"yoast_head":"<!-- This site is optimized with the Yoast SEO plugin v25.9 - https:\/\/yoast.com\/wordpress\/plugins\/seo\/ -->\n<title>Sof\u00eda Urriaga: \u201cHoy la pile no est\u00e1 legalmente habilitada para rehabilitar\u201d - Noticias Radio Reflejos<\/title>\n<meta name=\"robots\" content=\"index, follow, max-snippet:-1, max-image-preview:large, max-video-preview:-1\" \/>\n<link rel=\"canonical\" href=\"https:\/\/www.noticiasradioreflejos.com.ar\/2021\/sofia-urriaga-hoy-la-pile-no-esta-legalmente-habilitada-para-rehabilitar\/\" \/>\n<meta property=\"og:locale\" content=\"es_ES\" \/>\n<meta property=\"og:type\" content=\"article\" \/>\n<meta property=\"og:title\" content=\"Sof\u00eda Urriaga: \u201cHoy la pile no est\u00e1 legalmente habilitada para rehabilitar\u201d - Noticias Radio Reflejos\" \/>\n<meta property=\"og:description\" content=\"La encargada del \u00e1rea de deportes del municipio aclar\u00f3 esta situaci\u00f3n, al tiempo que se mostr\u00f3 sumamente feliz por la alta demanda que gener\u00f3 el nuevo natatorio. \u201cAyer ten\u00edamos 40 inscriptos\u201d mencion\u00f3.\" \/>\n<meta property=\"og:url\" content=\"https:\/\/www.noticiasradioreflejos.com.ar\/2021\/sofia-urriaga-hoy-la-pile-no-esta-legalmente-habilitada-para-rehabilitar\/\" \/>\n<meta property=\"og:site_name\" content=\"Noticias Radio Reflejos\" \/>\n<meta property=\"article:published_time\" content=\"2023-05-30T16:59:21+00:00\" \/>\n<meta property=\"og:image\" content=\"https:\/\/www.noticiasradioreflejos.com.ar\/2021\/wp-content\/uploads\/2023\/05\/52926381743_89ef17714a_c.jpg\" \/>\n\t<meta property=\"og:image:width\" content=\"800\" \/>\n\t<meta property=\"og:image:height\" content=\"600\" \/>\n\t<meta property=\"og:image:type\" content=\"image\/jpeg\" \/>\n<meta name=\"author\" content=\"Arnaldo Botto\" \/>\n<meta name=\"twitter:card\" content=\"summary_large_image\" \/>\n<script type=\"application\/ld+json\" class=\"yoast-schema-graph\">{\"@context\":\"https:\/\/schema.org\",\"@graph\":[{\"@type\":\"WebPage\",\"@id\":\"https:\/\/www.noticiasradioreflejos.com.ar\/2021\/sofia-urriaga-hoy-la-pile-no-esta-legalmente-habilitada-para-rehabilitar\/\",\"url\":\"https:\/\/www.noticiasradioreflejos.com.ar\/2021\/sofia-urriaga-hoy-la-pile-no-esta-legalmente-habilitada-para-rehabilitar\/\",\"name\":\"Sof\u00eda Urriaga: \u201cHoy la pile no est\u00e1 legalmente habilitada para rehabilitar\u201d - Noticias Radio Reflejos\",\"isPartOf\":{\"@id\":\"https:\/\/www.noticiasradioreflejos.com.ar\/2021\/#website\"},\"primaryImageOfPage\":{\"@id\":\"https:\/\/www.noticiasradioreflejos.com.ar\/2021\/sofia-urriaga-hoy-la-pile-no-esta-legalmente-habilitada-para-rehabilitar\/#primaryimage\"},\"image\":{\"@id\":\"https:\/\/www.noticiasradioreflejos.com.ar\/2021\/sofia-urriaga-hoy-la-pile-no-esta-legalmente-habilitada-para-rehabilitar\/#primaryimage\"},\"thumbnailUrl\":\"https:\/\/www.noticiasradioreflejos.com.ar\/2021\/wp-content\/uploads\/2023\/05\/52926381743_89ef17714a_c.jpg\",\"datePublished\":\"2023-05-30T16:59:21+00:00\",\"author\":{\"@id\":\"https:\/\/www.noticiasradioreflejos.com.ar\/2021\/#\/schema\/person\/ad82545263dcc5ec0996818884fd5fb1\"},\"breadcrumb\":{\"@id\":\"https:\/\/www.noticiasradioreflejos.com.ar\/2021\/sofia-urriaga-hoy-la-pile-no-esta-legalmente-habilitada-para-rehabilitar\/#breadcrumb\"},\"inLanguage\":\"es\",\"potentialAction\":[{\"@type\":\"ReadAction\",\"target\":[\"https:\/\/www.noticiasradioreflejos.com.ar\/2021\/sofia-urriaga-hoy-la-pile-no-esta-legalmente-habilitada-para-rehabilitar\/\"]}]},{\"@type\":\"ImageObject\",\"inLanguage\":\"es\",\"@id\":\"https:\/\/www.noticiasradioreflejos.com.ar\/2021\/sofia-urriaga-hoy-la-pile-no-esta-legalmente-habilitada-para-rehabilitar\/#primaryimage\",\"url\":\"https:\/\/www.noticiasradioreflejos.com.ar\/2021\/wp-content\/uploads\/2023\/05\/52926381743_89ef17714a_c.jpg\",\"contentUrl\":\"https:\/\/www.noticiasradioreflejos.com.ar\/2021\/wp-content\/uploads\/2023\/05\/52926381743_89ef17714a_c.jpg\",\"width\":800,\"height\":600},{\"@type\":\"BreadcrumbList\",\"@id\":\"https:\/\/www.noticiasradioreflejos.com.ar\/2021\/sofia-urriaga-hoy-la-pile-no-esta-legalmente-habilitada-para-rehabilitar\/#breadcrumb\",\"itemListElement\":[{\"@type\":\"ListItem\",\"position\":1,\"name\":\"Portada\",\"item\":\"https:\/\/www.noticiasradioreflejos.com.ar\/2021\/\"},{\"@type\":\"ListItem\",\"position\":2,\"name\":\"Sof\u00eda Urriaga: \u201cHoy la pile no est\u00e1 legalmente habilitada para rehabilitar\u201d\"}]},{\"@type\":\"WebSite\",\"@id\":\"https:\/\/www.noticiasradioreflejos.com.ar\/2021\/#website\",\"url\":\"https:\/\/www.noticiasradioreflejos.com.ar\/2021\/\",\"name\":\"Noticias Radio Reflejos\",\"description\":\"Las noticias de mi comarca\",\"potentialAction\":[{\"@type\":\"SearchAction\",\"target\":{\"@type\":\"EntryPoint\",\"urlTemplate\":\"https:\/\/www.noticiasradioreflejos.com.ar\/2021\/?s={search_term_string}\"},\"query-input\":{\"@type\":\"PropertyValueSpecification\",\"valueRequired\":true,\"valueName\":\"search_term_string\"}}],\"inLanguage\":\"es\"},{\"@type\":\"Person\",\"@id\":\"https:\/\/www.noticiasradioreflejos.com.ar\/2021\/#\/schema\/person\/ad82545263dcc5ec0996818884fd5fb1\",\"name\":\"Arnaldo Botto\",\"image\":{\"@type\":\"ImageObject\",\"inLanguage\":\"es\",\"@id\":\"https:\/\/www.noticiasradioreflejos.com.ar\/2021\/#\/schema\/person\/image\/\",\"url\":\"https:\/\/secure.gravatar.com\/avatar\/55cb5e37c1efa326397366e6974cb338056df65cb50e7d64d1cf314e87504837?s=96&d=mm&r=g\",\"contentUrl\":\"https:\/\/secure.gravatar.com\/avatar\/55cb5e37c1efa326397366e6974cb338056df65cb50e7d64d1cf314e87504837?s=96&d=mm&r=g\",\"caption\":\"Arnaldo Botto\"},\"url\":\"https:\/\/www.noticiasradioreflejos.com.ar\/2021\/author\/arnaldo\/\"}]}<\/script>\n<!-- \/ Yoast SEO plugin. -->","yoast_head_json":{"title":"Sof\u00eda Urriaga: \u201cHoy la pile no est\u00e1 legalmente habilitada para rehabilitar\u201d - Noticias Radio Reflejos","robots":{"index":"index","follow":"follow","max-snippet":"max-snippet:-1","max-image-preview":"max-image-preview:large","max-video-preview":"max-video-preview:-1"},"canonical":"https:\/\/www.noticiasradioreflejos.com.ar\/2021\/sofia-urriaga-hoy-la-pile-no-esta-legalmente-habilitada-para-rehabilitar\/","og_locale":"es_ES","og_type":"article","og_title":"Sof\u00eda Urriaga: \u201cHoy la pile no est\u00e1 legalmente habilitada para rehabilitar\u201d - Noticias Radio Reflejos","og_description":"La encargada del \u00e1rea de deportes del municipio aclar\u00f3 esta situaci\u00f3n, al tiempo que se mostr\u00f3 sumamente feliz por la alta demanda que gener\u00f3 el nuevo natatorio. \u201cAyer ten\u00edamos 40 inscriptos\u201d mencion\u00f3.","og_url":"https:\/\/www.noticiasradioreflejos.com.ar\/2021\/sofia-urriaga-hoy-la-pile-no-esta-legalmente-habilitada-para-rehabilitar\/","og_site_name":"Noticias Radio Reflejos","article_published_time":"2023-05-30T16:59:21+00:00","og_image":[{"width":800,"height":600,"url":"https:\/\/www.noticiasradioreflejos.com.ar\/2021\/wp-content\/uploads\/2023\/05\/52926381743_89ef17714a_c.jpg","type":"image\/jpeg"}],"author":"Arnaldo Botto","twitter_card":"summary_large_image","schema":{"@context":"https:\/\/schema.org","@graph":[{"@type":"WebPage","@id":"https:\/\/www.noticiasradioreflejos.com.ar\/2021\/sofia-urriaga-hoy-la-pile-no-esta-legalmente-habilitada-para-rehabilitar\/","url":"https:\/\/www.noticiasradioreflejos.com.ar\/2021\/sofia-urriaga-hoy-la-pile-no-esta-legalmente-habilitada-para-rehabilitar\/","name":"Sof\u00eda Urriaga: \u201cHoy la pile no est\u00e1 legalmente habilitada para rehabilitar\u201d - Noticias Radio Reflejos","isPartOf":{"@id":"https:\/\/www.noticiasradioreflejos.com.ar\/2021\/#website"},"primaryImageOfPage":{"@id":"https:\/\/www.noticiasradioreflejos.com.ar\/2021\/sofia-urriaga-hoy-la-pile-no-esta-legalmente-habilitada-para-rehabilitar\/#primaryimage"},"image":{"@id":"https:\/\/www.noticiasradioreflejos.com.ar\/2021\/sofia-urriaga-hoy-la-pile-no-esta-legalmente-habilitada-para-rehabilitar\/#primaryimage"},"thumbnailUrl":"https:\/\/www.noticiasradioreflejos.com.ar\/2021\/wp-content\/uploads\/2023\/05\/52926381743_89ef17714a_c.jpg","datePublished":"2023-05-30T16:59:21+00:00","author":{"@id":"https:\/\/www.noticiasradioreflejos.com.ar\/2021\/#\/schema\/person\/ad82545263dcc5ec0996818884fd5fb1"},"breadcrumb":{"@id":"https:\/\/www.noticiasradioreflejos.com.ar\/2021\/sofia-urriaga-hoy-la-pile-no-esta-legalmente-habilitada-para-rehabilitar\/#breadcrumb"},"inLanguage":"es","potentialAction":[{"@type":"ReadAction","target":["https:\/\/www.noticiasradioreflejos.com.ar\/2021\/sofia-urriaga-hoy-la-pile-no-esta-legalmente-habilitada-para-rehabilitar\/"]}]},{"@type":"ImageObject","inLanguage":"es","@id":"https:\/\/www.noticiasradioreflejos.com.ar\/2021\/sofia-urriaga-hoy-la-pile-no-esta-legalmente-habilitada-para-rehabilitar\/#primaryimage","url":"https:\/\/www.noticiasradioreflejos.com.ar\/2021\/wp-content\/uploads\/2023\/05\/52926381743_89ef17714a_c.jpg","contentUrl":"https:\/\/www.noticiasradioreflejos.com.ar\/2021\/wp-content\/uploads\/2023\/05\/52926381743_89ef17714a_c.jpg","width":800,"height":600},{"@type":"BreadcrumbList","@id":"https:\/\/www.noticiasradioreflejos.com.ar\/2021\/sofia-urriaga-hoy-la-pile-no-esta-legalmente-habilitada-para-rehabilitar\/#breadcrumb","itemListElement":[{"@type":"ListItem","position":1,"name":"Portada","item":"https:\/\/www.noticiasradioreflejos.com.ar\/2021\/"},{"@type":"ListItem","position":2,"name":"Sof\u00eda Urriaga: \u201cHoy la pile no est\u00e1 legalmente habilitada para rehabilitar\u201d"}]},{"@type":"WebSite","@id":"https:\/\/www.noticiasradioreflejos.com.ar\/2021\/#website","url":"https:\/\/www.noticiasradioreflejos.com.ar\/2021\/","name":"Noticias Radio Reflejos","description":"Las noticias de mi comarca","potentialAction":[{"@type":"SearchAction","target":{"@type":"EntryPoint","urlTemplate":"https:\/\/www.noticiasradioreflejos.com.ar\/2021\/?s={search_term_string}"},"query-input":{"@type":"PropertyValueSpecification","valueRequired":true,"valueName":"search_term_string"}}],"inLanguage":"es"},{"@type":"Person","@id":"https:\/\/www.noticiasradioreflejos.com.ar\/2021\/#\/schema\/person\/ad82545263dcc5ec0996818884fd5fb1","name":"Arnaldo Botto","image":{"@type":"ImageObject","inLanguage":"es","@id":"https:\/\/www.noticiasradioreflejos.com.ar\/2021\/#\/schema\/person\/image\/","url":"https:\/\/secure.gravatar.com\/avatar\/55cb5e37c1efa326397366e6974cb338056df65cb50e7d64d1cf314e87504837?s=96&d=mm&r=g","contentUrl":"https:\/\/secure.gravatar.com\/avatar\/55cb5e37c1efa326397366e6974cb338056df65cb50e7d64d1cf314e87504837?s=96&d=mm&r=g","caption":"Arnaldo Botto"},"url":"https:\/\/www.noticiasradioreflejos.com.ar\/2021\/author\/arnaldo\/"}]}},"_links":{"self":[{"href":"https:\/\/www.noticiasradioreflejos.com.ar\/2021\/wp-json\/wp\/v2\/posts\/88562","targetHints":{"allow":["GET"]}}],"collection":[{"href":"https:\/\/www.noticiasradioreflejos.com.ar\/2021\/wp-json\/wp\/v2\/posts"}],"about":[{"href":"https:\/\/www.noticiasradioreflejos.com.ar\/2021\/wp-json\/wp\/v2\/types\/post"}],"author":[{"embeddable":true,"href":"https:\/\/www.noticiasradioreflejos.com.ar\/2021\/wp-json\/wp\/v2\/users\/3"}],"replies":[{"embeddable":true,"href":"https:\/\/www.noticiasradioreflejos.com.ar\/2021\/wp-json\/wp\/v2\/comments?post=88562"}],"version-history":[{"count":2,"href":"https:\/\/www.noticiasradioreflejos.com.ar\/2021\/wp-json\/wp\/v2\/posts\/88562\/revisions"}],"predecessor-version":[{"id":88565,"href":"https:\/\/www.noticiasradioreflejos.com.ar\/2021\/wp-json\/wp\/v2\/posts\/88562\/revisions\/88565"}],"wp:featuredmedia":[{"embeddable":true,"href":"https:\/\/www.noticiasradioreflejos.com.ar\/2021\/wp-json\/wp\/v2\/media\/88564"}],"wp:attachment":[{"href":"https:\/\/www.noticiasradioreflejos.com.ar\/2021\/wp-json\/wp\/v2\/media?parent=88562"}],"wp:term":[{"taxonomy":"category","embeddable":true,"href":"https:\/\/www.noticiasradioreflejos.com.ar\/2021\/wp-json\/wp\/v2\/categories?post=88562"},{"taxonomy":"post_tag","embeddable":true,"href":"https:\/\/www.noticiasradioreflejos.com.ar\/2021\/wp-json\/wp\/v2\/tags?post=88562"}],"curies":[{"name":"wp","href":"https:\/\/api.w.org\/{rel}","templated":true}]}}