{"id":88559,"date":"2023-05-30T14:34:39","date_gmt":"2023-05-30T14:34:39","guid":{"rendered":"https:\/\/www.noticiasradioreflejos.com.ar\/2021\/?p=88559"},"modified":"2023-05-30T14:34:39","modified_gmt":"2023-05-30T14:34:39","slug":"continua-el-juicio-a-dos-pringlenses-por-el-homicidio-de-un-hombre-y-el-robo-en-un-campo-de-suarez","status":"publish","type":"post","link":"https:\/\/www.noticiasradioreflejos.com.ar\/2021\/continua-el-juicio-a-dos-pringlenses-por-el-homicidio-de-un-hombre-y-el-robo-en-un-campo-de-suarez\/","title":{"rendered":"Contin\u00faa el juicio a dos pringlenses por el homicidio de un hombre y el robo en un campo de Su\u00e1rez"},"content":{"rendered":"<section class=\"banner__single-post bg-grey-light-three banner-single-2 banner__standard\">Contin\u00faa el juicio a dos personas por el homicidio de un hombre y el robo en un campo de Su\u00e1rez.<!--more--><br \/>\nLuego de escucharse el testimonio de las v\u00edctimas de los robos y de los efectivos policiales que realizaron la tarea investigativa, contin\u00faa hoy la segunda jornada del juicio por jurados que se lleva a cabo para analizar la conducta de Cesar Ezequiel Pereyra y de Juan Mario Gerling Kees acusados de un violento hecho ocurrido en un campo, ubicado en la zona rural de Coronel Su\u00e1rez, y de dos robos m\u00e1s en la zona.<\/p>\n<div class=\"post-single-wrapper p-t-xs-60\">\n<div class=\"container\">\n<div class=\"row\">\n<div class=\"col-xl-8 axil-main\">\n<div class=\"theiaStickySidebar\">\n<article class=\"post-details\">Seg\u00fan la causa a cargo de<strong>\u00a0fiscal Jorge Viego, titular de la UFIJ N\u00b05<\/strong>, el hecho se produjo el 25 de octubre de 2020, en el interior del establecimiento denominado \u201cSan Luis\u201d donde, con la finalidad de facilitar y consumar el robo de las pertenencias de las personas que viv\u00edan all\u00ed, los imputados le efectuaron un disparo de arma de fuego a Jos\u00e9 Alberto Baier, quien muri\u00f3 en el acto.<\/p>\n<p>Adem\u00e1s, agredieron con golpes en distintas partes del cuerpo a Mar\u00eda Antonia y Pedro Pugliese, propietarios del lugar, caus\u00e1ndoles diferentes lesiones.<\/p>\n<p>Finalmente, lograron sustraer distintas pertenencias, como armas y un tel\u00e9fono celular, y para lograr la huida \u2013 ante la presencia de los efectivos policiales \u2013 utilizaron a las v\u00edctimas como escudo humano.<\/p>\n<p>En el mismo juicio tambi\u00e9n se analiza la presunta participaci\u00f3n de Gerling en otros hechos delictivos.<\/p>\n<p>Uno de ellos ocurrido el 13 de marzo de 2021, en la ruta Provincial N\u00b076 en proximidades de su intersecci\u00f3n con \u201cPapelera Sur\u201d y a mil metros de la ruta Nacional N.\u00ba 33, donde previo da\u00f1ar la rueda delantera de un Volkswagen Polo Classic con un clavo \u201cmiguelito\u201d, intimid\u00f3 a una familia con un arma de fuego mientras le dec\u00eda que se tiren al piso y le entregue dinero en efectivo.<\/p>\n<p>Por otra parte, ese mismo d\u00eda ingres\u00f3 en una vivienda ubicada en de la localidad de San Andr\u00e9s de la Sierra, partido de Tornquist, intimid\u00f3 a una familia con un arma de fuego mientras les exig\u00eda dinero en efectivo. Gerling llev\u00f3 al hombre hasta el auto, que estaba estacionado afuera de la vivienda, y sustrajo 10.000 pesos que se encontraban en el interior del veh\u00edculo.<\/p>\n<p>Finalmente, Gerling est\u00e1 acusado de haber portado de manera ilegal un arma de fuego el d\u00eda 14 de marzo de 2021, cuando circulaba caminando por calle Pillahuinco de la localidad de Villa Ventana, partido de Tornquist, llevando dentro de su mochila un rev\u00f3lver calibre 32 largo con seis proyectiles intactos en su interior.<\/p>\n<\/article>\n<\/div>\n<\/div>\n<\/div>\n<\/div>\n<\/div>\n","protected":false},"excerpt":{"rendered":"<p>Contin\u00faa el juicio a dos personas por el homicidio de un hombre y el robo en un campo de Su\u00e1rez.<\/p>\n","protected":false},"author":3,"featured_media":88560,"comment_status":"closed","ping_status":"closed","sticky":false,"template":"","format":"standard","meta":{"footnotes":""},"categories":[57],"tags":[],"class_list":["post-88559","post","type-post","status-publish","format-standard","has-post-thumbnail","hentry","category-judiciales"],"yoast_head":"<!-- This site is optimized with the Yoast SEO plugin v25.9 - https:\/\/yoast.com\/wordpress\/plugins\/seo\/ -->\n<title>Contin\u00faa el juicio a dos pringlenses por el homicidio de un hombre y el robo en un campo de Su\u00e1rez - Noticias Radio Reflejos<\/title>\n<meta name=\"robots\" content=\"index, follow, max-snippet:-1, max-image-preview:large, max-video-preview:-1\" \/>\n<link rel=\"canonical\" href=\"https:\/\/www.noticiasradioreflejos.com.ar\/2021\/continua-el-juicio-a-dos-pringlenses-por-el-homicidio-de-un-hombre-y-el-robo-en-un-campo-de-suarez\/\" \/>\n<meta property=\"og:locale\" content=\"es_ES\" \/>\n<meta property=\"og:type\" content=\"article\" \/>\n<meta property=\"og:title\" content=\"Contin\u00faa el juicio a dos pringlenses por el homicidio de un hombre y el robo en un campo de Su\u00e1rez - Noticias Radio Reflejos\" \/>\n<meta property=\"og:description\" content=\"Contin\u00faa el juicio a dos personas por el homicidio de un hombre y el robo en un campo de Su\u00e1rez.\" \/>\n<meta property=\"og:url\" content=\"https:\/\/www.noticiasradioreflejos.com.ar\/2021\/continua-el-juicio-a-dos-pringlenses-por-el-homicidio-de-un-hombre-y-el-robo-en-un-campo-de-suarez\/\" \/>\n<meta property=\"og:site_name\" content=\"Noticias Radio Reflejos\" \/>\n<meta property=\"article:published_time\" content=\"2023-05-30T14:34:39+00:00\" \/>\n<meta property=\"og:image\" content=\"https:\/\/www.noticiasradioreflejos.com.ar\/2021\/wp-content\/uploads\/2023\/05\/juicio-Pereyra-Gerling-gral-1200x750-1.jpg\" \/>\n\t<meta property=\"og:image:width\" content=\"1200\" \/>\n\t<meta property=\"og:image:height\" content=\"750\" \/>\n\t<meta property=\"og:image:type\" content=\"image\/jpeg\" \/>\n<meta name=\"author\" content=\"Arnaldo Botto\" \/>\n<meta name=\"twitter:card\" content=\"summary_large_image\" \/>\n<script type=\"application\/ld+json\" class=\"yoast-schema-graph\">{\"@context\":\"https:\/\/schema.org\",\"@graph\":[{\"@type\":\"WebPage\",\"@id\":\"https:\/\/www.noticiasradioreflejos.com.ar\/2021\/continua-el-juicio-a-dos-pringlenses-por-el-homicidio-de-un-hombre-y-el-robo-en-un-campo-de-suarez\/\",\"url\":\"https:\/\/www.noticiasradioreflejos.com.ar\/2021\/continua-el-juicio-a-dos-pringlenses-por-el-homicidio-de-un-hombre-y-el-robo-en-un-campo-de-suarez\/\",\"name\":\"Contin\u00faa el juicio a dos pringlenses por el homicidio de un hombre y el robo en un campo de Su\u00e1rez - Noticias Radio Reflejos\",\"isPartOf\":{\"@id\":\"https:\/\/www.noticiasradioreflejos.com.ar\/2021\/#website\"},\"primaryImageOfPage\":{\"@id\":\"https:\/\/www.noticiasradioreflejos.com.ar\/2021\/continua-el-juicio-a-dos-pringlenses-por-el-homicidio-de-un-hombre-y-el-robo-en-un-campo-de-suarez\/#primaryimage\"},\"image\":{\"@id\":\"https:\/\/www.noticiasradioreflejos.com.ar\/2021\/continua-el-juicio-a-dos-pringlenses-por-el-homicidio-de-un-hombre-y-el-robo-en-un-campo-de-suarez\/#primaryimage\"},\"thumbnailUrl\":\"https:\/\/www.noticiasradioreflejos.com.ar\/2021\/wp-content\/uploads\/2023\/05\/juicio-Pereyra-Gerling-gral-1200x750-1.jpg\",\"datePublished\":\"2023-05-30T14:34:39+00:00\",\"author\":{\"@id\":\"https:\/\/www.noticiasradioreflejos.com.ar\/2021\/#\/schema\/person\/ad82545263dcc5ec0996818884fd5fb1\"},\"breadcrumb\":{\"@id\":\"https:\/\/www.noticiasradioreflejos.com.ar\/2021\/continua-el-juicio-a-dos-pringlenses-por-el-homicidio-de-un-hombre-y-el-robo-en-un-campo-de-suarez\/#breadcrumb\"},\"inLanguage\":\"es\",\"potentialAction\":[{\"@type\":\"ReadAction\",\"target\":[\"https:\/\/www.noticiasradioreflejos.com.ar\/2021\/continua-el-juicio-a-dos-pringlenses-por-el-homicidio-de-un-hombre-y-el-robo-en-un-campo-de-suarez\/\"]}]},{\"@type\":\"ImageObject\",\"inLanguage\":\"es\",\"@id\":\"https:\/\/www.noticiasradioreflejos.com.ar\/2021\/continua-el-juicio-a-dos-pringlenses-por-el-homicidio-de-un-hombre-y-el-robo-en-un-campo-de-suarez\/#primaryimage\",\"url\":\"https:\/\/www.noticiasradioreflejos.com.ar\/2021\/wp-content\/uploads\/2023\/05\/juicio-Pereyra-Gerling-gral-1200x750-1.jpg\",\"contentUrl\":\"https:\/\/www.noticiasradioreflejos.com.ar\/2021\/wp-content\/uploads\/2023\/05\/juicio-Pereyra-Gerling-gral-1200x750-1.jpg\",\"width\":1200,\"height\":750},{\"@type\":\"BreadcrumbList\",\"@id\":\"https:\/\/www.noticiasradioreflejos.com.ar\/2021\/continua-el-juicio-a-dos-pringlenses-por-el-homicidio-de-un-hombre-y-el-robo-en-un-campo-de-suarez\/#breadcrumb\",\"itemListElement\":[{\"@type\":\"ListItem\",\"position\":1,\"name\":\"Portada\",\"item\":\"https:\/\/www.noticiasradioreflejos.com.ar\/2021\/\"},{\"@type\":\"ListItem\",\"position\":2,\"name\":\"Contin\u00faa el juicio a dos pringlenses por el homicidio de un hombre y el robo en un campo de Su\u00e1rez\"}]},{\"@type\":\"WebSite\",\"@id\":\"https:\/\/www.noticiasradioreflejos.com.ar\/2021\/#website\",\"url\":\"https:\/\/www.noticiasradioreflejos.com.ar\/2021\/\",\"name\":\"Noticias Radio Reflejos\",\"description\":\"Las noticias de mi comarca\",\"potentialAction\":[{\"@type\":\"SearchAction\",\"target\":{\"@type\":\"EntryPoint\",\"urlTemplate\":\"https:\/\/www.noticiasradioreflejos.com.ar\/2021\/?s={search_term_string}\"},\"query-input\":{\"@type\":\"PropertyValueSpecification\",\"valueRequired\":true,\"valueName\":\"search_term_string\"}}],\"inLanguage\":\"es\"},{\"@type\":\"Person\",\"@id\":\"https:\/\/www.noticiasradioreflejos.com.ar\/2021\/#\/schema\/person\/ad82545263dcc5ec0996818884fd5fb1\",\"name\":\"Arnaldo Botto\",\"image\":{\"@type\":\"ImageObject\",\"inLanguage\":\"es\",\"@id\":\"https:\/\/www.noticiasradioreflejos.com.ar\/2021\/#\/schema\/person\/image\/\",\"url\":\"https:\/\/secure.gravatar.com\/avatar\/55cb5e37c1efa326397366e6974cb338056df65cb50e7d64d1cf314e87504837?s=96&d=mm&r=g\",\"contentUrl\":\"https:\/\/secure.gravatar.com\/avatar\/55cb5e37c1efa326397366e6974cb338056df65cb50e7d64d1cf314e87504837?s=96&d=mm&r=g\",\"caption\":\"Arnaldo Botto\"},\"url\":\"https:\/\/www.noticiasradioreflejos.com.ar\/2021\/author\/arnaldo\/\"}]}<\/script>\n<!-- \/ Yoast SEO plugin. -->","yoast_head_json":{"title":"Contin\u00faa el juicio a dos pringlenses por el homicidio de un hombre y el robo en un campo de Su\u00e1rez - Noticias Radio Reflejos","robots":{"index":"index","follow":"follow","max-snippet":"max-snippet:-1","max-image-preview":"max-image-preview:large","max-video-preview":"max-video-preview:-1"},"canonical":"https:\/\/www.noticiasradioreflejos.com.ar\/2021\/continua-el-juicio-a-dos-pringlenses-por-el-homicidio-de-un-hombre-y-el-robo-en-un-campo-de-suarez\/","og_locale":"es_ES","og_type":"article","og_title":"Contin\u00faa el juicio a dos pringlenses por el homicidio de un hombre y el robo en un campo de Su\u00e1rez - Noticias Radio Reflejos","og_description":"Contin\u00faa el juicio a dos personas por el homicidio de un hombre y el robo en un campo de Su\u00e1rez.","og_url":"https:\/\/www.noticiasradioreflejos.com.ar\/2021\/continua-el-juicio-a-dos-pringlenses-por-el-homicidio-de-un-hombre-y-el-robo-en-un-campo-de-suarez\/","og_site_name":"Noticias Radio Reflejos","article_published_time":"2023-05-30T14:34:39+00:00","og_image":[{"width":1200,"height":750,"url":"https:\/\/www.noticiasradioreflejos.com.ar\/2021\/wp-content\/uploads\/2023\/05\/juicio-Pereyra-Gerling-gral-1200x750-1.jpg","type":"image\/jpeg"}],"author":"Arnaldo Botto","twitter_card":"summary_large_image","schema":{"@context":"https:\/\/schema.org","@graph":[{"@type":"WebPage","@id":"https:\/\/www.noticiasradioreflejos.com.ar\/2021\/continua-el-juicio-a-dos-pringlenses-por-el-homicidio-de-un-hombre-y-el-robo-en-un-campo-de-suarez\/","url":"https:\/\/www.noticiasradioreflejos.com.ar\/2021\/continua-el-juicio-a-dos-pringlenses-por-el-homicidio-de-un-hombre-y-el-robo-en-un-campo-de-suarez\/","name":"Contin\u00faa el juicio a dos pringlenses por el homicidio de un hombre y el robo en un campo de Su\u00e1rez - Noticias Radio Reflejos","isPartOf":{"@id":"https:\/\/www.noticiasradioreflejos.com.ar\/2021\/#website"},"primaryImageOfPage":{"@id":"https:\/\/www.noticiasradioreflejos.com.ar\/2021\/continua-el-juicio-a-dos-pringlenses-por-el-homicidio-de-un-hombre-y-el-robo-en-un-campo-de-suarez\/#primaryimage"},"image":{"@id":"https:\/\/www.noticiasradioreflejos.com.ar\/2021\/continua-el-juicio-a-dos-pringlenses-por-el-homicidio-de-un-hombre-y-el-robo-en-un-campo-de-suarez\/#primaryimage"},"thumbnailUrl":"https:\/\/www.noticiasradioreflejos.com.ar\/2021\/wp-content\/uploads\/2023\/05\/juicio-Pereyra-Gerling-gral-1200x750-1.jpg","datePublished":"2023-05-30T14:34:39+00:00","author":{"@id":"https:\/\/www.noticiasradioreflejos.com.ar\/2021\/#\/schema\/person\/ad82545263dcc5ec0996818884fd5fb1"},"breadcrumb":{"@id":"https:\/\/www.noticiasradioreflejos.com.ar\/2021\/continua-el-juicio-a-dos-pringlenses-por-el-homicidio-de-un-hombre-y-el-robo-en-un-campo-de-suarez\/#breadcrumb"},"inLanguage":"es","potentialAction":[{"@type":"ReadAction","target":["https:\/\/www.noticiasradioreflejos.com.ar\/2021\/continua-el-juicio-a-dos-pringlenses-por-el-homicidio-de-un-hombre-y-el-robo-en-un-campo-de-suarez\/"]}]},{"@type":"ImageObject","inLanguage":"es","@id":"https:\/\/www.noticiasradioreflejos.com.ar\/2021\/continua-el-juicio-a-dos-pringlenses-por-el-homicidio-de-un-hombre-y-el-robo-en-un-campo-de-suarez\/#primaryimage","url":"https:\/\/www.noticiasradioreflejos.com.ar\/2021\/wp-content\/uploads\/2023\/05\/juicio-Pereyra-Gerling-gral-1200x750-1.jpg","contentUrl":"https:\/\/www.noticiasradioreflejos.com.ar\/2021\/wp-content\/uploads\/2023\/05\/juicio-Pereyra-Gerling-gral-1200x750-1.jpg","width":1200,"height":750},{"@type":"BreadcrumbList","@id":"https:\/\/www.noticiasradioreflejos.com.ar\/2021\/continua-el-juicio-a-dos-pringlenses-por-el-homicidio-de-un-hombre-y-el-robo-en-un-campo-de-suarez\/#breadcrumb","itemListElement":[{"@type":"ListItem","position":1,"name":"Portada","item":"https:\/\/www.noticiasradioreflejos.com.ar\/2021\/"},{"@type":"ListItem","position":2,"name":"Contin\u00faa el juicio a dos pringlenses por el homicidio de un hombre y el robo en un campo de Su\u00e1rez"}]},{"@type":"WebSite","@id":"https:\/\/www.noticiasradioreflejos.com.ar\/2021\/#website","url":"https:\/\/www.noticiasradioreflejos.com.ar\/2021\/","name":"Noticias Radio Reflejos","description":"Las noticias de mi comarca","potentialAction":[{"@type":"SearchAction","target":{"@type":"EntryPoint","urlTemplate":"https:\/\/www.noticiasradioreflejos.com.ar\/2021\/?s={search_term_string}"},"query-input":{"@type":"PropertyValueSpecification","valueRequired":true,"valueName":"search_term_string"}}],"inLanguage":"es"},{"@type":"Person","@id":"https:\/\/www.noticiasradioreflejos.com.ar\/2021\/#\/schema\/person\/ad82545263dcc5ec0996818884fd5fb1","name":"Arnaldo Botto","image":{"@type":"ImageObject","inLanguage":"es","@id":"https:\/\/www.noticiasradioreflejos.com.ar\/2021\/#\/schema\/person\/image\/","url":"https:\/\/secure.gravatar.com\/avatar\/55cb5e37c1efa326397366e6974cb338056df65cb50e7d64d1cf314e87504837?s=96&d=mm&r=g","contentUrl":"https:\/\/secure.gravatar.com\/avatar\/55cb5e37c1efa326397366e6974cb338056df65cb50e7d64d1cf314e87504837?s=96&d=mm&r=g","caption":"Arnaldo Botto"},"url":"https:\/\/www.noticiasradioreflejos.com.ar\/2021\/author\/arnaldo\/"}]}},"_links":{"self":[{"href":"https:\/\/www.noticiasradioreflejos.com.ar\/2021\/wp-json\/wp\/v2\/posts\/88559","targetHints":{"allow":["GET"]}}],"collection":[{"href":"https:\/\/www.noticiasradioreflejos.com.ar\/2021\/wp-json\/wp\/v2\/posts"}],"about":[{"href":"https:\/\/www.noticiasradioreflejos.com.ar\/2021\/wp-json\/wp\/v2\/types\/post"}],"author":[{"embeddable":true,"href":"https:\/\/www.noticiasradioreflejos.com.ar\/2021\/wp-json\/wp\/v2\/users\/3"}],"replies":[{"embeddable":true,"href":"https:\/\/www.noticiasradioreflejos.com.ar\/2021\/wp-json\/wp\/v2\/comments?post=88559"}],"version-history":[{"count":1,"href":"https:\/\/www.noticiasradioreflejos.com.ar\/2021\/wp-json\/wp\/v2\/posts\/88559\/revisions"}],"predecessor-version":[{"id":88561,"href":"https:\/\/www.noticiasradioreflejos.com.ar\/2021\/wp-json\/wp\/v2\/posts\/88559\/revisions\/88561"}],"wp:featuredmedia":[{"embeddable":true,"href":"https:\/\/www.noticiasradioreflejos.com.ar\/2021\/wp-json\/wp\/v2\/media\/88560"}],"wp:attachment":[{"href":"https:\/\/www.noticiasradioreflejos.com.ar\/2021\/wp-json\/wp\/v2\/media?parent=88559"}],"wp:term":[{"taxonomy":"category","embeddable":true,"href":"https:\/\/www.noticiasradioreflejos.com.ar\/2021\/wp-json\/wp\/v2\/categories?post=88559"},{"taxonomy":"post_tag","embeddable":true,"href":"https:\/\/www.noticiasradioreflejos.com.ar\/2021\/wp-json\/wp\/v2\/tags?post=88559"}],"curies":[{"name":"wp","href":"https:\/\/api.w.org\/{rel}","templated":true}]}}