{"id":88505,"date":"2023-05-29T19:50:46","date_gmt":"2023-05-29T19:50:46","guid":{"rendered":"https:\/\/www.noticiasradioreflejos.com.ar\/2021\/?p=88505"},"modified":"2023-05-29T19:50:46","modified_gmt":"2023-05-29T19:50:46","slug":"gustavo-trankels-nuestra-candidata-es-marcela-gimenez","status":"publish","type":"post","link":"https:\/\/www.noticiasradioreflejos.com.ar\/2021\/gustavo-trankels-nuestra-candidata-es-marcela-gimenez\/","title":{"rendered":"Gustavo Trankels: \u201cNuestra candidata es Marcela Gim\u00e9nez\u201d"},"content":{"rendered":"<p>El ex intendente y actual Director de Vialidad dej\u00f3 de lado cualquier tipo de rumor y reiter\u00f3 que Marcela Gim\u00e9nez es la se\u00f1alada para encabezar su lista a nivel local.<\/p>\n<p><!--more--><\/p>\n<p>El tiempo sigue corriendo y en mes de un mes quedar\u00e1n definidas las listas de cara a las PASO en todos los estratos gubernamentales. De all\u00ed que el run run contin\u00faa y uno de los apuntados en el pago chico es el actual director de Vialidad, Gustavo Trankels.<\/p>\n<p>Al respecto el ex intendente no dej\u00f3 dudas y cort\u00f3 en seco cualquier tipo de especulaci\u00f3n.<\/p>\n<p>\u201cAgradezco la consideraci\u00f3n que me tienen siempre. Nos queda casi un mes para trabajar sobre esos temas. Nosotros tenemos una candidata, Marcela Gim\u00e9nez. Igual nosotros nos vamos reuniendo peri\u00f3dicamente en el partido para evaluar no solo esa candidatura, sino cualquier otro que quiera ser de la largada tambi\u00e9n. En algunos d\u00edas seguramente tendremos novedades. Ese proceso que se viene a nivel nacional, buscamos que tenga una expresi\u00f3n a nivel local\u201d afirm\u00f3.<\/p>\n<p>Rematando esa frase con el hecho de que \u201cnosotros apostamos a ese proyecto, y en esa funci\u00f3n, el mejor candidato o candidata que podamos tener va a ser el que nos representar\u00e1 en las elecciones. Tenemos que estar a la altura si nos toca ocupar los cargos\u201d.<\/p>\n<p>De la mano con esta situaci\u00f3n y dejando una semblanza de lo vivido el pasado 25 de mayo en el acto donde Cristina Kirchner fue \u00fanica oradora, Trankels expres\u00f3 que \u201cfue una movilizaci\u00f3n que va a quedar entre las m\u00e1s grandes de la historia. Por todo; por lo que significa, por el momento pol\u00edtico, por las condiciones clim\u00e1ticas y por el mensaje, porque fue para todas las fuerzas y con la claridad que siempre tiene Cristina. Habl\u00f3 de los desaf\u00edos que tenemos como argentinos; resolver el tema de la deuda, y en nuestra fuerza, el tema del plan de gobierno para los pr\u00f3ximos a\u00f1os que busca impulsar el desarrollo industrial\u201d.<\/p>\n<p>Al tiempo que acot\u00f3 que \u201cla intenci\u00f3n para los pr\u00f3ximos a\u00f1os es hacer algo similar a lo que nos permiti\u00f3 saldar la deuda con el fondo. No lo mismo porque las situaciones no son id\u00e9nticas y los desaf\u00edos van cambiando. Argentina tiene una gran posibilidad de cara a la explotaci\u00f3n a conciencia de los recursos\u201d.<\/p>\n<p>Por \u00faltimo, y en otro pasaje de la charla, el Directo de Vialidad mencion\u00f3 que los trabajos en las distintas rutas \u201cvan variando dependiendo del factor clim\u00e1tico. Tambi\u00e9n al ser cadenas de producci\u00f3n hay que tener muy coordinados los insumos, ya que son fundamentales en determinadas etapas, y cuando faltan se cortan esas cadenas de producci\u00f3n. Todas las obras est\u00e1n en marcha y en los pr\u00f3ximos meses habr\u00e1 m\u00e1s obras\u201d.<\/p>\n<p>&nbsp;<\/p>\n<p>&nbsp;<\/p>\n<p><iframe loading=\"lazy\" src=\"https:\/\/w.soundcloud.com\/player\/?url=https%3A\/\/api.soundcloud.com\/tracks\/1525211884&amp;color=%23ff5500&amp;auto_play=false&amp;hide_related=false&amp;show_comments=true&amp;show_user=true&amp;show_reposts=false&amp;show_teaser=true\" width=\"100%\" height=\"166\" frameborder=\"no\" scrolling=\"no\"><\/iframe><\/p>\n<div style=\"font-size: 10px; color: #cccccc; line-break: anywhere; word-break: normal; overflow: hidden; white-space: nowrap; text-overflow: ellipsis; font-family: Interstate,Lucida Grande,Lucida Sans Unicode,Lucida Sans,Garuda,Verdana,Tahoma,sans-serif; font-weight: 100;\"><a style=\"color: #cccccc; text-decoration: none;\" title=\"fmreflejos 103.7\" href=\"https:\/\/soundcloud.com\/fmreflejos-103-7\" target=\"_blank\" rel=\"noopener\">fmreflejos 103.7<\/a> \u00b7 <a style=\"color: #cccccc; text-decoration: none;\" title=\"Gustavo Trankels\" href=\"https:\/\/soundcloud.com\/fmreflejos-103-7\/gustavo-tranquels\" target=\"_blank\" rel=\"noopener\">Gustavo Trankels<\/a><\/div>\n","protected":false},"excerpt":{"rendered":"<p>El ex intendente y actual Director de Vialidad dej\u00f3 de lado cualquier tipo de rumor y reiter\u00f3 que Marcela Gim\u00e9nez es la se\u00f1alada para encabezar su lista a nivel local.<\/p>\n","protected":false},"author":3,"featured_media":82005,"comment_status":"closed","ping_status":"closed","sticky":false,"template":"","format":"standard","meta":{"footnotes":""},"categories":[24],"tags":[48],"class_list":["post-88505","post","type-post","status-publish","format-standard","has-post-thumbnail","hentry","category-politica","tag-destacada"],"yoast_head":"<!-- This site is optimized with the Yoast SEO plugin v25.9 - https:\/\/yoast.com\/wordpress\/plugins\/seo\/ -->\n<title>Gustavo Trankels: \u201cNuestra candidata es Marcela Gim\u00e9nez\u201d - Noticias Radio Reflejos<\/title>\n<meta name=\"robots\" content=\"index, follow, max-snippet:-1, max-image-preview:large, max-video-preview:-1\" \/>\n<link rel=\"canonical\" href=\"https:\/\/www.noticiasradioreflejos.com.ar\/2021\/gustavo-trankels-nuestra-candidata-es-marcela-gimenez\/\" \/>\n<meta property=\"og:locale\" content=\"es_ES\" \/>\n<meta property=\"og:type\" content=\"article\" \/>\n<meta property=\"og:title\" content=\"Gustavo Trankels: \u201cNuestra candidata es Marcela Gim\u00e9nez\u201d - Noticias Radio Reflejos\" \/>\n<meta property=\"og:description\" content=\"El ex intendente y actual Director de Vialidad dej\u00f3 de lado cualquier tipo de rumor y reiter\u00f3 que Marcela Gim\u00e9nez es la se\u00f1alada para encabezar su lista a nivel local.\" \/>\n<meta property=\"og:url\" content=\"https:\/\/www.noticiasradioreflejos.com.ar\/2021\/gustavo-trankels-nuestra-candidata-es-marcela-gimenez\/\" \/>\n<meta property=\"og:site_name\" content=\"Noticias Radio Reflejos\" \/>\n<meta property=\"article:published_time\" content=\"2023-05-29T19:50:46+00:00\" \/>\n<meta property=\"og:image\" content=\"https:\/\/www.noticiasradioreflejos.com.ar\/2021\/wp-content\/uploads\/2022\/12\/marcela-gimenez.jpg_2000.jpg\" \/>\n\t<meta property=\"og:image:width\" content=\"2000\" \/>\n\t<meta property=\"og:image:height\" content=\"1410\" \/>\n\t<meta property=\"og:image:type\" content=\"image\/jpeg\" \/>\n<meta name=\"author\" content=\"Arnaldo Botto\" \/>\n<meta name=\"twitter:card\" content=\"summary_large_image\" \/>\n<script type=\"application\/ld+json\" class=\"yoast-schema-graph\">{\"@context\":\"https:\/\/schema.org\",\"@graph\":[{\"@type\":\"WebPage\",\"@id\":\"https:\/\/www.noticiasradioreflejos.com.ar\/2021\/gustavo-trankels-nuestra-candidata-es-marcela-gimenez\/\",\"url\":\"https:\/\/www.noticiasradioreflejos.com.ar\/2021\/gustavo-trankels-nuestra-candidata-es-marcela-gimenez\/\",\"name\":\"Gustavo Trankels: \u201cNuestra candidata es Marcela Gim\u00e9nez\u201d - Noticias Radio Reflejos\",\"isPartOf\":{\"@id\":\"https:\/\/www.noticiasradioreflejos.com.ar\/2021\/#website\"},\"primaryImageOfPage\":{\"@id\":\"https:\/\/www.noticiasradioreflejos.com.ar\/2021\/gustavo-trankels-nuestra-candidata-es-marcela-gimenez\/#primaryimage\"},\"image\":{\"@id\":\"https:\/\/www.noticiasradioreflejos.com.ar\/2021\/gustavo-trankels-nuestra-candidata-es-marcela-gimenez\/#primaryimage\"},\"thumbnailUrl\":\"https:\/\/www.noticiasradioreflejos.com.ar\/2021\/wp-content\/uploads\/2022\/12\/marcela-gimenez.jpg_2000.jpg\",\"datePublished\":\"2023-05-29T19:50:46+00:00\",\"author\":{\"@id\":\"https:\/\/www.noticiasradioreflejos.com.ar\/2021\/#\/schema\/person\/ad82545263dcc5ec0996818884fd5fb1\"},\"breadcrumb\":{\"@id\":\"https:\/\/www.noticiasradioreflejos.com.ar\/2021\/gustavo-trankels-nuestra-candidata-es-marcela-gimenez\/#breadcrumb\"},\"inLanguage\":\"es\",\"potentialAction\":[{\"@type\":\"ReadAction\",\"target\":[\"https:\/\/www.noticiasradioreflejos.com.ar\/2021\/gustavo-trankels-nuestra-candidata-es-marcela-gimenez\/\"]}]},{\"@type\":\"ImageObject\",\"inLanguage\":\"es\",\"@id\":\"https:\/\/www.noticiasradioreflejos.com.ar\/2021\/gustavo-trankels-nuestra-candidata-es-marcela-gimenez\/#primaryimage\",\"url\":\"https:\/\/www.noticiasradioreflejos.com.ar\/2021\/wp-content\/uploads\/2022\/12\/marcela-gimenez.jpg_2000.jpg\",\"contentUrl\":\"https:\/\/www.noticiasradioreflejos.com.ar\/2021\/wp-content\/uploads\/2022\/12\/marcela-gimenez.jpg_2000.jpg\",\"width\":2000,\"height\":1410},{\"@type\":\"BreadcrumbList\",\"@id\":\"https:\/\/www.noticiasradioreflejos.com.ar\/2021\/gustavo-trankels-nuestra-candidata-es-marcela-gimenez\/#breadcrumb\",\"itemListElement\":[{\"@type\":\"ListItem\",\"position\":1,\"name\":\"Portada\",\"item\":\"https:\/\/www.noticiasradioreflejos.com.ar\/2021\/\"},{\"@type\":\"ListItem\",\"position\":2,\"name\":\"Gustavo Trankels: \u201cNuestra candidata es Marcela Gim\u00e9nez\u201d\"}]},{\"@type\":\"WebSite\",\"@id\":\"https:\/\/www.noticiasradioreflejos.com.ar\/2021\/#website\",\"url\":\"https:\/\/www.noticiasradioreflejos.com.ar\/2021\/\",\"name\":\"Noticias Radio Reflejos\",\"description\":\"Las noticias de mi comarca\",\"potentialAction\":[{\"@type\":\"SearchAction\",\"target\":{\"@type\":\"EntryPoint\",\"urlTemplate\":\"https:\/\/www.noticiasradioreflejos.com.ar\/2021\/?s={search_term_string}\"},\"query-input\":{\"@type\":\"PropertyValueSpecification\",\"valueRequired\":true,\"valueName\":\"search_term_string\"}}],\"inLanguage\":\"es\"},{\"@type\":\"Person\",\"@id\":\"https:\/\/www.noticiasradioreflejos.com.ar\/2021\/#\/schema\/person\/ad82545263dcc5ec0996818884fd5fb1\",\"name\":\"Arnaldo Botto\",\"image\":{\"@type\":\"ImageObject\",\"inLanguage\":\"es\",\"@id\":\"https:\/\/www.noticiasradioreflejos.com.ar\/2021\/#\/schema\/person\/image\/\",\"url\":\"https:\/\/secure.gravatar.com\/avatar\/55cb5e37c1efa326397366e6974cb338056df65cb50e7d64d1cf314e87504837?s=96&d=mm&r=g\",\"contentUrl\":\"https:\/\/secure.gravatar.com\/avatar\/55cb5e37c1efa326397366e6974cb338056df65cb50e7d64d1cf314e87504837?s=96&d=mm&r=g\",\"caption\":\"Arnaldo Botto\"},\"url\":\"https:\/\/www.noticiasradioreflejos.com.ar\/2021\/author\/arnaldo\/\"}]}<\/script>\n<!-- \/ Yoast SEO plugin. -->","yoast_head_json":{"title":"Gustavo Trankels: \u201cNuestra candidata es Marcela Gim\u00e9nez\u201d - Noticias Radio Reflejos","robots":{"index":"index","follow":"follow","max-snippet":"max-snippet:-1","max-image-preview":"max-image-preview:large","max-video-preview":"max-video-preview:-1"},"canonical":"https:\/\/www.noticiasradioreflejos.com.ar\/2021\/gustavo-trankels-nuestra-candidata-es-marcela-gimenez\/","og_locale":"es_ES","og_type":"article","og_title":"Gustavo Trankels: \u201cNuestra candidata es Marcela Gim\u00e9nez\u201d - Noticias Radio Reflejos","og_description":"El ex intendente y actual Director de Vialidad dej\u00f3 de lado cualquier tipo de rumor y reiter\u00f3 que Marcela Gim\u00e9nez es la se\u00f1alada para encabezar su lista a nivel local.","og_url":"https:\/\/www.noticiasradioreflejos.com.ar\/2021\/gustavo-trankels-nuestra-candidata-es-marcela-gimenez\/","og_site_name":"Noticias Radio Reflejos","article_published_time":"2023-05-29T19:50:46+00:00","og_image":[{"width":2000,"height":1410,"url":"https:\/\/www.noticiasradioreflejos.com.ar\/2021\/wp-content\/uploads\/2022\/12\/marcela-gimenez.jpg_2000.jpg","type":"image\/jpeg"}],"author":"Arnaldo Botto","twitter_card":"summary_large_image","schema":{"@context":"https:\/\/schema.org","@graph":[{"@type":"WebPage","@id":"https:\/\/www.noticiasradioreflejos.com.ar\/2021\/gustavo-trankels-nuestra-candidata-es-marcela-gimenez\/","url":"https:\/\/www.noticiasradioreflejos.com.ar\/2021\/gustavo-trankels-nuestra-candidata-es-marcela-gimenez\/","name":"Gustavo Trankels: \u201cNuestra candidata es Marcela Gim\u00e9nez\u201d - Noticias Radio Reflejos","isPartOf":{"@id":"https:\/\/www.noticiasradioreflejos.com.ar\/2021\/#website"},"primaryImageOfPage":{"@id":"https:\/\/www.noticiasradioreflejos.com.ar\/2021\/gustavo-trankels-nuestra-candidata-es-marcela-gimenez\/#primaryimage"},"image":{"@id":"https:\/\/www.noticiasradioreflejos.com.ar\/2021\/gustavo-trankels-nuestra-candidata-es-marcela-gimenez\/#primaryimage"},"thumbnailUrl":"https:\/\/www.noticiasradioreflejos.com.ar\/2021\/wp-content\/uploads\/2022\/12\/marcela-gimenez.jpg_2000.jpg","datePublished":"2023-05-29T19:50:46+00:00","author":{"@id":"https:\/\/www.noticiasradioreflejos.com.ar\/2021\/#\/schema\/person\/ad82545263dcc5ec0996818884fd5fb1"},"breadcrumb":{"@id":"https:\/\/www.noticiasradioreflejos.com.ar\/2021\/gustavo-trankels-nuestra-candidata-es-marcela-gimenez\/#breadcrumb"},"inLanguage":"es","potentialAction":[{"@type":"ReadAction","target":["https:\/\/www.noticiasradioreflejos.com.ar\/2021\/gustavo-trankels-nuestra-candidata-es-marcela-gimenez\/"]}]},{"@type":"ImageObject","inLanguage":"es","@id":"https:\/\/www.noticiasradioreflejos.com.ar\/2021\/gustavo-trankels-nuestra-candidata-es-marcela-gimenez\/#primaryimage","url":"https:\/\/www.noticiasradioreflejos.com.ar\/2021\/wp-content\/uploads\/2022\/12\/marcela-gimenez.jpg_2000.jpg","contentUrl":"https:\/\/www.noticiasradioreflejos.com.ar\/2021\/wp-content\/uploads\/2022\/12\/marcela-gimenez.jpg_2000.jpg","width":2000,"height":1410},{"@type":"BreadcrumbList","@id":"https:\/\/www.noticiasradioreflejos.com.ar\/2021\/gustavo-trankels-nuestra-candidata-es-marcela-gimenez\/#breadcrumb","itemListElement":[{"@type":"ListItem","position":1,"name":"Portada","item":"https:\/\/www.noticiasradioreflejos.com.ar\/2021\/"},{"@type":"ListItem","position":2,"name":"Gustavo Trankels: \u201cNuestra candidata es Marcela Gim\u00e9nez\u201d"}]},{"@type":"WebSite","@id":"https:\/\/www.noticiasradioreflejos.com.ar\/2021\/#website","url":"https:\/\/www.noticiasradioreflejos.com.ar\/2021\/","name":"Noticias Radio Reflejos","description":"Las noticias de mi comarca","potentialAction":[{"@type":"SearchAction","target":{"@type":"EntryPoint","urlTemplate":"https:\/\/www.noticiasradioreflejos.com.ar\/2021\/?s={search_term_string}"},"query-input":{"@type":"PropertyValueSpecification","valueRequired":true,"valueName":"search_term_string"}}],"inLanguage":"es"},{"@type":"Person","@id":"https:\/\/www.noticiasradioreflejos.com.ar\/2021\/#\/schema\/person\/ad82545263dcc5ec0996818884fd5fb1","name":"Arnaldo Botto","image":{"@type":"ImageObject","inLanguage":"es","@id":"https:\/\/www.noticiasradioreflejos.com.ar\/2021\/#\/schema\/person\/image\/","url":"https:\/\/secure.gravatar.com\/avatar\/55cb5e37c1efa326397366e6974cb338056df65cb50e7d64d1cf314e87504837?s=96&d=mm&r=g","contentUrl":"https:\/\/secure.gravatar.com\/avatar\/55cb5e37c1efa326397366e6974cb338056df65cb50e7d64d1cf314e87504837?s=96&d=mm&r=g","caption":"Arnaldo Botto"},"url":"https:\/\/www.noticiasradioreflejos.com.ar\/2021\/author\/arnaldo\/"}]}},"_links":{"self":[{"href":"https:\/\/www.noticiasradioreflejos.com.ar\/2021\/wp-json\/wp\/v2\/posts\/88505","targetHints":{"allow":["GET"]}}],"collection":[{"href":"https:\/\/www.noticiasradioreflejos.com.ar\/2021\/wp-json\/wp\/v2\/posts"}],"about":[{"href":"https:\/\/www.noticiasradioreflejos.com.ar\/2021\/wp-json\/wp\/v2\/types\/post"}],"author":[{"embeddable":true,"href":"https:\/\/www.noticiasradioreflejos.com.ar\/2021\/wp-json\/wp\/v2\/users\/3"}],"replies":[{"embeddable":true,"href":"https:\/\/www.noticiasradioreflejos.com.ar\/2021\/wp-json\/wp\/v2\/comments?post=88505"}],"version-history":[{"count":2,"href":"https:\/\/www.noticiasradioreflejos.com.ar\/2021\/wp-json\/wp\/v2\/posts\/88505\/revisions"}],"predecessor-version":[{"id":88513,"href":"https:\/\/www.noticiasradioreflejos.com.ar\/2021\/wp-json\/wp\/v2\/posts\/88505\/revisions\/88513"}],"wp:featuredmedia":[{"embeddable":true,"href":"https:\/\/www.noticiasradioreflejos.com.ar\/2021\/wp-json\/wp\/v2\/media\/82005"}],"wp:attachment":[{"href":"https:\/\/www.noticiasradioreflejos.com.ar\/2021\/wp-json\/wp\/v2\/media?parent=88505"}],"wp:term":[{"taxonomy":"category","embeddable":true,"href":"https:\/\/www.noticiasradioreflejos.com.ar\/2021\/wp-json\/wp\/v2\/categories?post=88505"},{"taxonomy":"post_tag","embeddable":true,"href":"https:\/\/www.noticiasradioreflejos.com.ar\/2021\/wp-json\/wp\/v2\/tags?post=88505"}],"curies":[{"name":"wp","href":"https:\/\/api.w.org\/{rel}","templated":true}]}}