{"id":88503,"date":"2023-05-29T18:11:31","date_gmt":"2023-05-29T18:11:31","guid":{"rendered":"https:\/\/www.noticiasradioreflejos.com.ar\/2021\/?p=88503"},"modified":"2023-05-29T18:11:31","modified_gmt":"2023-05-29T18:11:31","slug":"convocan-para-el-miercoles-a-un-plenario-comisiones-en-diputados-por-el-tema-tarjetas-de-credito","status":"publish","type":"post","link":"https:\/\/www.noticiasradioreflejos.com.ar\/2021\/convocan-para-el-miercoles-a-un-plenario-comisiones-en-diputados-por-el-tema-tarjetas-de-credito\/","title":{"rendered":"Convocan para el mi\u00e9rcoles a un plenario comisiones en Diputados por el tema tarjetas de cr\u00e9dito"},"content":{"rendered":"<p>Un plenario de comisiones de la C\u00e1mara de Diputados se reunir\u00e1 el mi\u00e9rcoles pr\u00f3ximo para continuar con el an\u00e1lisis de la problem\u00e1tica existente en torno a la comercializaci\u00f3n con tarjetas de cr\u00e9dito por parte de algunos sectores del comercio.<!--more--><\/p>\n<p>Se trata de un plenario informativo de las comisiones de Comercio, que preside la diputada radical Gabriela Lena; y de Defensa del Consumidor, encabezado por V\u00edctor Romero (UCR-C\u00f3rdoba), convocado para el mi\u00e9rcoles a las 11.<\/p>\n<p>En su \u00faltima reuni\u00f3n, el plenario de ambas comisiones debati\u00f3 con la presencia de invitados la problem\u00e1tica existente relacionada con la comercializaci\u00f3n con tarjetas de cr\u00e9dito para acortar los plazos de acreditaci\u00f3n, y reducir comisiones de transacciones realizadas por esa v\u00eda en estaciones de servicios.<\/p>\n<p>En el marco de este debate, se analiza un proyecto impulsado por la diputada nacional Victoria Tejeda (Evoluci\u00f3n Radical-Santa Fe), elaborado en base a los reclamos del sector estacionero, sobre el cual se propuso trabajar para buscar una soluci\u00f3n.<\/p>\n<p>El proyecto prev\u00e9 que el emisor de tarjetas de compra y cr\u00e9dito en ning\u00fan caso efectuar\u00e1 descuentos ni aplicar\u00e1 cargos superiores a un 3% sobre las liquidaciones presentadas por el proveedor, en tanto que establece que la acreditaci\u00f3n de los importes correspondientes a las ventas mediante tarjetas de cr\u00e9dito en las cuentas de los establecimientos adheridos se har\u00e1 en un plazo m\u00e1ximo de 3 d\u00edas h\u00e1biles.<\/p>\n<p>Asimismo, plantea que para las tarjetas de d\u00e9bito bancario, este porcentaje m\u00e1ximo ser\u00e1 de 1,5%, mientras que la acreditaci\u00f3n de los importes correspondientes en las cuentas de los establecimientos adheridos se har\u00e1 en un plazo m\u00e1ximo de 2 d\u00edas h\u00e1biles.<\/p>\n<p>Por otro lado, y en torno a las estaciones de servicio, el proyecto propone que el emisor de tarjetas en ning\u00fan caso ning\u00fan caso efectuar\u00e1 descuentos ni aplicar\u00e1 cargos, por todo concepto, superiores al 0,5% sobre las liquidaciones presentadas.<\/p>\n","protected":false},"excerpt":{"rendered":"<p>Un plenario de comisiones de la C\u00e1mara de Diputados se reunir\u00e1 el mi\u00e9rcoles pr\u00f3ximo para continuar con el an\u00e1lisis de la problem\u00e1tica existente en torno a la comercializaci\u00f3n con tarjetas de cr\u00e9dito por parte de algunos sectores del comercio.<\/p>\n","protected":false},"author":3,"featured_media":73794,"comment_status":"closed","ping_status":"closed","sticky":false,"template":"","format":"standard","meta":{"footnotes":""},"categories":[36,24],"tags":[],"class_list":["post-88503","post","type-post","status-publish","format-standard","has-post-thumbnail","hentry","category-economia","category-politica"],"yoast_head":"<!-- This site is optimized with the Yoast SEO plugin v25.9 - https:\/\/yoast.com\/wordpress\/plugins\/seo\/ -->\n<title>Convocan para el mi\u00e9rcoles a un plenario comisiones en Diputados por el tema tarjetas de cr\u00e9dito - Noticias Radio Reflejos<\/title>\n<meta name=\"robots\" content=\"index, follow, max-snippet:-1, max-image-preview:large, max-video-preview:-1\" \/>\n<link rel=\"canonical\" href=\"https:\/\/www.noticiasradioreflejos.com.ar\/2021\/convocan-para-el-miercoles-a-un-plenario-comisiones-en-diputados-por-el-tema-tarjetas-de-credito\/\" \/>\n<meta property=\"og:locale\" content=\"es_ES\" \/>\n<meta property=\"og:type\" content=\"article\" \/>\n<meta property=\"og:title\" content=\"Convocan para el mi\u00e9rcoles a un plenario comisiones en Diputados por el tema tarjetas de cr\u00e9dito - Noticias Radio Reflejos\" \/>\n<meta property=\"og:description\" content=\"Un plenario de comisiones de la C\u00e1mara de Diputados se reunir\u00e1 el mi\u00e9rcoles pr\u00f3ximo para continuar con el an\u00e1lisis de la problem\u00e1tica existente en torno a la comercializaci\u00f3n con tarjetas de cr\u00e9dito por parte de algunos sectores del comercio.\" \/>\n<meta property=\"og:url\" content=\"https:\/\/www.noticiasradioreflejos.com.ar\/2021\/convocan-para-el-miercoles-a-un-plenario-comisiones-en-diputados-por-el-tema-tarjetas-de-credito\/\" \/>\n<meta property=\"og:site_name\" content=\"Noticias Radio Reflejos\" \/>\n<meta property=\"article:published_time\" content=\"2023-05-29T18:11:31+00:00\" \/>\n<meta property=\"og:image\" content=\"https:\/\/www.noticiasradioreflejos.com.ar\/2021\/wp-content\/uploads\/2022\/06\/Tarjeta-de-credito.jpg\" \/>\n\t<meta property=\"og:image:width\" content=\"900\" \/>\n\t<meta property=\"og:image:height\" content=\"506\" \/>\n\t<meta property=\"og:image:type\" content=\"image\/jpeg\" \/>\n<meta name=\"author\" content=\"Arnaldo Botto\" \/>\n<meta name=\"twitter:card\" content=\"summary_large_image\" \/>\n<script type=\"application\/ld+json\" class=\"yoast-schema-graph\">{\"@context\":\"https:\/\/schema.org\",\"@graph\":[{\"@type\":\"WebPage\",\"@id\":\"https:\/\/www.noticiasradioreflejos.com.ar\/2021\/convocan-para-el-miercoles-a-un-plenario-comisiones-en-diputados-por-el-tema-tarjetas-de-credito\/\",\"url\":\"https:\/\/www.noticiasradioreflejos.com.ar\/2021\/convocan-para-el-miercoles-a-un-plenario-comisiones-en-diputados-por-el-tema-tarjetas-de-credito\/\",\"name\":\"Convocan para el mi\u00e9rcoles a un plenario comisiones en Diputados por el tema tarjetas de cr\u00e9dito - Noticias Radio Reflejos\",\"isPartOf\":{\"@id\":\"https:\/\/www.noticiasradioreflejos.com.ar\/2021\/#website\"},\"primaryImageOfPage\":{\"@id\":\"https:\/\/www.noticiasradioreflejos.com.ar\/2021\/convocan-para-el-miercoles-a-un-plenario-comisiones-en-diputados-por-el-tema-tarjetas-de-credito\/#primaryimage\"},\"image\":{\"@id\":\"https:\/\/www.noticiasradioreflejos.com.ar\/2021\/convocan-para-el-miercoles-a-un-plenario-comisiones-en-diputados-por-el-tema-tarjetas-de-credito\/#primaryimage\"},\"thumbnailUrl\":\"https:\/\/www.noticiasradioreflejos.com.ar\/2021\/wp-content\/uploads\/2022\/06\/Tarjeta-de-credito.jpg\",\"datePublished\":\"2023-05-29T18:11:31+00:00\",\"author\":{\"@id\":\"https:\/\/www.noticiasradioreflejos.com.ar\/2021\/#\/schema\/person\/ad82545263dcc5ec0996818884fd5fb1\"},\"breadcrumb\":{\"@id\":\"https:\/\/www.noticiasradioreflejos.com.ar\/2021\/convocan-para-el-miercoles-a-un-plenario-comisiones-en-diputados-por-el-tema-tarjetas-de-credito\/#breadcrumb\"},\"inLanguage\":\"es\",\"potentialAction\":[{\"@type\":\"ReadAction\",\"target\":[\"https:\/\/www.noticiasradioreflejos.com.ar\/2021\/convocan-para-el-miercoles-a-un-plenario-comisiones-en-diputados-por-el-tema-tarjetas-de-credito\/\"]}]},{\"@type\":\"ImageObject\",\"inLanguage\":\"es\",\"@id\":\"https:\/\/www.noticiasradioreflejos.com.ar\/2021\/convocan-para-el-miercoles-a-un-plenario-comisiones-en-diputados-por-el-tema-tarjetas-de-credito\/#primaryimage\",\"url\":\"https:\/\/www.noticiasradioreflejos.com.ar\/2021\/wp-content\/uploads\/2022\/06\/Tarjeta-de-credito.jpg\",\"contentUrl\":\"https:\/\/www.noticiasradioreflejos.com.ar\/2021\/wp-content\/uploads\/2022\/06\/Tarjeta-de-credito.jpg\",\"width\":900,\"height\":506},{\"@type\":\"BreadcrumbList\",\"@id\":\"https:\/\/www.noticiasradioreflejos.com.ar\/2021\/convocan-para-el-miercoles-a-un-plenario-comisiones-en-diputados-por-el-tema-tarjetas-de-credito\/#breadcrumb\",\"itemListElement\":[{\"@type\":\"ListItem\",\"position\":1,\"name\":\"Portada\",\"item\":\"https:\/\/www.noticiasradioreflejos.com.ar\/2021\/\"},{\"@type\":\"ListItem\",\"position\":2,\"name\":\"Convocan para el mi\u00e9rcoles a un plenario comisiones en Diputados por el tema tarjetas de cr\u00e9dito\"}]},{\"@type\":\"WebSite\",\"@id\":\"https:\/\/www.noticiasradioreflejos.com.ar\/2021\/#website\",\"url\":\"https:\/\/www.noticiasradioreflejos.com.ar\/2021\/\",\"name\":\"Noticias Radio Reflejos\",\"description\":\"Las noticias de mi comarca\",\"potentialAction\":[{\"@type\":\"SearchAction\",\"target\":{\"@type\":\"EntryPoint\",\"urlTemplate\":\"https:\/\/www.noticiasradioreflejos.com.ar\/2021\/?s={search_term_string}\"},\"query-input\":{\"@type\":\"PropertyValueSpecification\",\"valueRequired\":true,\"valueName\":\"search_term_string\"}}],\"inLanguage\":\"es\"},{\"@type\":\"Person\",\"@id\":\"https:\/\/www.noticiasradioreflejos.com.ar\/2021\/#\/schema\/person\/ad82545263dcc5ec0996818884fd5fb1\",\"name\":\"Arnaldo Botto\",\"image\":{\"@type\":\"ImageObject\",\"inLanguage\":\"es\",\"@id\":\"https:\/\/www.noticiasradioreflejos.com.ar\/2021\/#\/schema\/person\/image\/\",\"url\":\"https:\/\/secure.gravatar.com\/avatar\/55cb5e37c1efa326397366e6974cb338056df65cb50e7d64d1cf314e87504837?s=96&d=mm&r=g\",\"contentUrl\":\"https:\/\/secure.gravatar.com\/avatar\/55cb5e37c1efa326397366e6974cb338056df65cb50e7d64d1cf314e87504837?s=96&d=mm&r=g\",\"caption\":\"Arnaldo Botto\"},\"url\":\"https:\/\/www.noticiasradioreflejos.com.ar\/2021\/author\/arnaldo\/\"}]}<\/script>\n<!-- \/ Yoast SEO plugin. -->","yoast_head_json":{"title":"Convocan para el mi\u00e9rcoles a un plenario comisiones en Diputados por el tema tarjetas de cr\u00e9dito - Noticias Radio Reflejos","robots":{"index":"index","follow":"follow","max-snippet":"max-snippet:-1","max-image-preview":"max-image-preview:large","max-video-preview":"max-video-preview:-1"},"canonical":"https:\/\/www.noticiasradioreflejos.com.ar\/2021\/convocan-para-el-miercoles-a-un-plenario-comisiones-en-diputados-por-el-tema-tarjetas-de-credito\/","og_locale":"es_ES","og_type":"article","og_title":"Convocan para el mi\u00e9rcoles a un plenario comisiones en Diputados por el tema tarjetas de cr\u00e9dito - Noticias Radio Reflejos","og_description":"Un plenario de comisiones de la C\u00e1mara de Diputados se reunir\u00e1 el mi\u00e9rcoles pr\u00f3ximo para continuar con el an\u00e1lisis de la problem\u00e1tica existente en torno a la comercializaci\u00f3n con tarjetas de cr\u00e9dito por parte de algunos sectores del comercio.","og_url":"https:\/\/www.noticiasradioreflejos.com.ar\/2021\/convocan-para-el-miercoles-a-un-plenario-comisiones-en-diputados-por-el-tema-tarjetas-de-credito\/","og_site_name":"Noticias Radio Reflejos","article_published_time":"2023-05-29T18:11:31+00:00","og_image":[{"width":900,"height":506,"url":"https:\/\/www.noticiasradioreflejos.com.ar\/2021\/wp-content\/uploads\/2022\/06\/Tarjeta-de-credito.jpg","type":"image\/jpeg"}],"author":"Arnaldo Botto","twitter_card":"summary_large_image","schema":{"@context":"https:\/\/schema.org","@graph":[{"@type":"WebPage","@id":"https:\/\/www.noticiasradioreflejos.com.ar\/2021\/convocan-para-el-miercoles-a-un-plenario-comisiones-en-diputados-por-el-tema-tarjetas-de-credito\/","url":"https:\/\/www.noticiasradioreflejos.com.ar\/2021\/convocan-para-el-miercoles-a-un-plenario-comisiones-en-diputados-por-el-tema-tarjetas-de-credito\/","name":"Convocan para el mi\u00e9rcoles a un plenario comisiones en Diputados por el tema tarjetas de cr\u00e9dito - Noticias Radio Reflejos","isPartOf":{"@id":"https:\/\/www.noticiasradioreflejos.com.ar\/2021\/#website"},"primaryImageOfPage":{"@id":"https:\/\/www.noticiasradioreflejos.com.ar\/2021\/convocan-para-el-miercoles-a-un-plenario-comisiones-en-diputados-por-el-tema-tarjetas-de-credito\/#primaryimage"},"image":{"@id":"https:\/\/www.noticiasradioreflejos.com.ar\/2021\/convocan-para-el-miercoles-a-un-plenario-comisiones-en-diputados-por-el-tema-tarjetas-de-credito\/#primaryimage"},"thumbnailUrl":"https:\/\/www.noticiasradioreflejos.com.ar\/2021\/wp-content\/uploads\/2022\/06\/Tarjeta-de-credito.jpg","datePublished":"2023-05-29T18:11:31+00:00","author":{"@id":"https:\/\/www.noticiasradioreflejos.com.ar\/2021\/#\/schema\/person\/ad82545263dcc5ec0996818884fd5fb1"},"breadcrumb":{"@id":"https:\/\/www.noticiasradioreflejos.com.ar\/2021\/convocan-para-el-miercoles-a-un-plenario-comisiones-en-diputados-por-el-tema-tarjetas-de-credito\/#breadcrumb"},"inLanguage":"es","potentialAction":[{"@type":"ReadAction","target":["https:\/\/www.noticiasradioreflejos.com.ar\/2021\/convocan-para-el-miercoles-a-un-plenario-comisiones-en-diputados-por-el-tema-tarjetas-de-credito\/"]}]},{"@type":"ImageObject","inLanguage":"es","@id":"https:\/\/www.noticiasradioreflejos.com.ar\/2021\/convocan-para-el-miercoles-a-un-plenario-comisiones-en-diputados-por-el-tema-tarjetas-de-credito\/#primaryimage","url":"https:\/\/www.noticiasradioreflejos.com.ar\/2021\/wp-content\/uploads\/2022\/06\/Tarjeta-de-credito.jpg","contentUrl":"https:\/\/www.noticiasradioreflejos.com.ar\/2021\/wp-content\/uploads\/2022\/06\/Tarjeta-de-credito.jpg","width":900,"height":506},{"@type":"BreadcrumbList","@id":"https:\/\/www.noticiasradioreflejos.com.ar\/2021\/convocan-para-el-miercoles-a-un-plenario-comisiones-en-diputados-por-el-tema-tarjetas-de-credito\/#breadcrumb","itemListElement":[{"@type":"ListItem","position":1,"name":"Portada","item":"https:\/\/www.noticiasradioreflejos.com.ar\/2021\/"},{"@type":"ListItem","position":2,"name":"Convocan para el mi\u00e9rcoles a un plenario comisiones en Diputados por el tema tarjetas de cr\u00e9dito"}]},{"@type":"WebSite","@id":"https:\/\/www.noticiasradioreflejos.com.ar\/2021\/#website","url":"https:\/\/www.noticiasradioreflejos.com.ar\/2021\/","name":"Noticias Radio Reflejos","description":"Las noticias de mi comarca","potentialAction":[{"@type":"SearchAction","target":{"@type":"EntryPoint","urlTemplate":"https:\/\/www.noticiasradioreflejos.com.ar\/2021\/?s={search_term_string}"},"query-input":{"@type":"PropertyValueSpecification","valueRequired":true,"valueName":"search_term_string"}}],"inLanguage":"es"},{"@type":"Person","@id":"https:\/\/www.noticiasradioreflejos.com.ar\/2021\/#\/schema\/person\/ad82545263dcc5ec0996818884fd5fb1","name":"Arnaldo Botto","image":{"@type":"ImageObject","inLanguage":"es","@id":"https:\/\/www.noticiasradioreflejos.com.ar\/2021\/#\/schema\/person\/image\/","url":"https:\/\/secure.gravatar.com\/avatar\/55cb5e37c1efa326397366e6974cb338056df65cb50e7d64d1cf314e87504837?s=96&d=mm&r=g","contentUrl":"https:\/\/secure.gravatar.com\/avatar\/55cb5e37c1efa326397366e6974cb338056df65cb50e7d64d1cf314e87504837?s=96&d=mm&r=g","caption":"Arnaldo Botto"},"url":"https:\/\/www.noticiasradioreflejos.com.ar\/2021\/author\/arnaldo\/"}]}},"_links":{"self":[{"href":"https:\/\/www.noticiasradioreflejos.com.ar\/2021\/wp-json\/wp\/v2\/posts\/88503","targetHints":{"allow":["GET"]}}],"collection":[{"href":"https:\/\/www.noticiasradioreflejos.com.ar\/2021\/wp-json\/wp\/v2\/posts"}],"about":[{"href":"https:\/\/www.noticiasradioreflejos.com.ar\/2021\/wp-json\/wp\/v2\/types\/post"}],"author":[{"embeddable":true,"href":"https:\/\/www.noticiasradioreflejos.com.ar\/2021\/wp-json\/wp\/v2\/users\/3"}],"replies":[{"embeddable":true,"href":"https:\/\/www.noticiasradioreflejos.com.ar\/2021\/wp-json\/wp\/v2\/comments?post=88503"}],"version-history":[{"count":1,"href":"https:\/\/www.noticiasradioreflejos.com.ar\/2021\/wp-json\/wp\/v2\/posts\/88503\/revisions"}],"predecessor-version":[{"id":88504,"href":"https:\/\/www.noticiasradioreflejos.com.ar\/2021\/wp-json\/wp\/v2\/posts\/88503\/revisions\/88504"}],"wp:featuredmedia":[{"embeddable":true,"href":"https:\/\/www.noticiasradioreflejos.com.ar\/2021\/wp-json\/wp\/v2\/media\/73794"}],"wp:attachment":[{"href":"https:\/\/www.noticiasradioreflejos.com.ar\/2021\/wp-json\/wp\/v2\/media?parent=88503"}],"wp:term":[{"taxonomy":"category","embeddable":true,"href":"https:\/\/www.noticiasradioreflejos.com.ar\/2021\/wp-json\/wp\/v2\/categories?post=88503"},{"taxonomy":"post_tag","embeddable":true,"href":"https:\/\/www.noticiasradioreflejos.com.ar\/2021\/wp-json\/wp\/v2\/tags?post=88503"}],"curies":[{"name":"wp","href":"https:\/\/api.w.org\/{rel}","templated":true}]}}