{"id":88491,"date":"2023-05-29T17:38:22","date_gmt":"2023-05-29T17:38:22","guid":{"rendered":"https:\/\/www.noticiasradioreflejos.com.ar\/2021\/?p=88491"},"modified":"2023-05-29T17:38:22","modified_gmt":"2023-05-29T17:38:22","slug":"detienen-a-un-agente-del-servicio-penitenciario-por-ingresar-marihuana-y-cocaina-al-penal","status":"publish","type":"post","link":"https:\/\/www.noticiasradioreflejos.com.ar\/2021\/detienen-a-un-agente-del-servicio-penitenciario-por-ingresar-marihuana-y-cocaina-al-penal\/","title":{"rendered":"Detienen a un agente del servicio penitenciario por ingresar marihuana y coca\u00edna al penal"},"content":{"rendered":"<p>Durante una requisa de control, implementada por el Servicio Penitenciario Bonaerense mediante la cual se realizan revisiones sobre las pertenencias de los efectivos que ingresan de servicio, el personal de la Unidad N\u00b0 4 de Villa Floresta encontr\u00f3 droga en poder del suboficial principal Cristian Adri\u00e1n Conte, quien ingresaba al establecimiento para cumplir con su turno laboral.<!--more--><br \/>\nEntre sus pertenencias se encontr\u00f3 un envoltorio con coca\u00edna y un trozo de \u201cladrillo\u201d de marihuana de m\u00e1s de 200 gramos, adem\u00e1s de bebidas alcoh\u00f3licas como whisky y fernet. Esa situaci\u00f3n se comunic\u00f3 a la\u00a0<strong>UFIJ N\u00b0 19<\/strong>\u00a0por lo que el<strong>\u00a0fiscal Mauricio Del Cero\u00a0<\/strong>orden\u00f3 la intervenci\u00f3n inmediata de personal de Polic\u00eda Federal Argentina, procediendo al secuestro de la droga y la aprehensi\u00f3n de Conte.<br \/>\nEl hombre fue indagado e hizo uso de su derecho a no prestar declaraci\u00f3n, luego de lo cual se solicit\u00f3 su detenci\u00f3n, la que fue otorgada por el Juzgado de Garant\u00edas N.\u00ba 3.<\/p>\n<p>Se le imput\u00f3 el delito de entrega o suministro de estupefacientes doblemente agravada (por ser funcionario p\u00fablico y por ser cometido en un lugar de detenci\u00f3n), a t\u00edtulo gratuito, en grado de tentativa.<\/p>\n<p>&nbsp;<\/p>\n<figure class=\"wp-block-image size-full\"><img loading=\"lazy\" decoding=\"async\" class=\"wp-image-10770\" src=\"https:\/\/agenciadenoticiasjudiciales.com\/wp-content\/uploads\/2023\/05\/droga-penal-2.jpg\" sizes=\"auto, (max-width: 639px) 100vw, 639px\" srcset=\"https:\/\/agenciadenoticiasjudiciales.com\/wp-content\/uploads\/2023\/05\/droga-penal-2.jpg 639w, https:\/\/agenciadenoticiasjudiciales.com\/wp-content\/uploads\/2023\/05\/droga-penal-2-224x300.jpg 224w\" alt=\"\" width=\"639\" height=\"855\" \/><\/figure>\n<p>&nbsp;<\/p>\n<p>Fuente Agencia de Noticias Judiciales<\/p>\n","protected":false},"excerpt":{"rendered":"<p>Durante una requisa de control, implementada por el Servicio Penitenciario Bonaerense mediante la cual se realizan revisiones sobre las pertenencias de los efectivos que ingresan de servicio, el personal de la Unidad N\u00b0 4 de Villa Floresta encontr\u00f3 droga en poder del suboficial principal Cristian Adri\u00e1n Conte, quien ingresaba al establecimiento para cumplir con su [&hellip;]<\/p>\n","protected":false},"author":3,"featured_media":88492,"comment_status":"closed","ping_status":"closed","sticky":false,"template":"","format":"standard","meta":{"footnotes":""},"categories":[57],"tags":[],"class_list":["post-88491","post","type-post","status-publish","format-standard","has-post-thumbnail","hentry","category-judiciales"],"yoast_head":"<!-- This site is optimized with the Yoast SEO plugin v25.9 - https:\/\/yoast.com\/wordpress\/plugins\/seo\/ -->\n<title>Detienen a un agente del servicio penitenciario por ingresar marihuana y coca\u00edna al penal - Noticias Radio Reflejos<\/title>\n<meta name=\"robots\" content=\"index, follow, max-snippet:-1, max-image-preview:large, max-video-preview:-1\" \/>\n<link rel=\"canonical\" href=\"https:\/\/www.noticiasradioreflejos.com.ar\/2021\/detienen-a-un-agente-del-servicio-penitenciario-por-ingresar-marihuana-y-cocaina-al-penal\/\" \/>\n<meta property=\"og:locale\" content=\"es_ES\" \/>\n<meta property=\"og:type\" content=\"article\" \/>\n<meta property=\"og:title\" content=\"Detienen a un agente del servicio penitenciario por ingresar marihuana y coca\u00edna al penal - Noticias Radio Reflejos\" \/>\n<meta property=\"og:description\" content=\"Durante una requisa de control, implementada por el Servicio Penitenciario Bonaerense mediante la cual se realizan revisiones sobre las pertenencias de los efectivos que ingresan de servicio, el personal de la Unidad N\u00b0 4 de Villa Floresta encontr\u00f3 droga en poder del suboficial principal Cristian Adri\u00e1n Conte, quien ingresaba al establecimiento para cumplir con su [&hellip;]\" \/>\n<meta property=\"og:url\" content=\"https:\/\/www.noticiasradioreflejos.com.ar\/2021\/detienen-a-un-agente-del-servicio-penitenciario-por-ingresar-marihuana-y-cocaina-al-penal\/\" \/>\n<meta property=\"og:site_name\" content=\"Noticias Radio Reflejos\" \/>\n<meta property=\"article:published_time\" content=\"2023-05-29T17:38:22+00:00\" \/>\n<meta property=\"og:image\" content=\"https:\/\/www.noticiasradioreflejos.com.ar\/2021\/wp-content\/uploads\/2023\/05\/droga-penal-1-e1685360931610.jpg\" \/>\n\t<meta property=\"og:image:width\" content=\"1000\" \/>\n\t<meta property=\"og:image:height\" content=\"751\" \/>\n\t<meta property=\"og:image:type\" content=\"image\/jpeg\" \/>\n<meta name=\"author\" content=\"Arnaldo Botto\" \/>\n<meta name=\"twitter:card\" content=\"summary_large_image\" \/>\n<script type=\"application\/ld+json\" class=\"yoast-schema-graph\">{\"@context\":\"https:\/\/schema.org\",\"@graph\":[{\"@type\":\"WebPage\",\"@id\":\"https:\/\/www.noticiasradioreflejos.com.ar\/2021\/detienen-a-un-agente-del-servicio-penitenciario-por-ingresar-marihuana-y-cocaina-al-penal\/\",\"url\":\"https:\/\/www.noticiasradioreflejos.com.ar\/2021\/detienen-a-un-agente-del-servicio-penitenciario-por-ingresar-marihuana-y-cocaina-al-penal\/\",\"name\":\"Detienen a un agente del servicio penitenciario por ingresar marihuana y coca\u00edna al penal - Noticias Radio Reflejos\",\"isPartOf\":{\"@id\":\"https:\/\/www.noticiasradioreflejos.com.ar\/2021\/#website\"},\"primaryImageOfPage\":{\"@id\":\"https:\/\/www.noticiasradioreflejos.com.ar\/2021\/detienen-a-un-agente-del-servicio-penitenciario-por-ingresar-marihuana-y-cocaina-al-penal\/#primaryimage\"},\"image\":{\"@id\":\"https:\/\/www.noticiasradioreflejos.com.ar\/2021\/detienen-a-un-agente-del-servicio-penitenciario-por-ingresar-marihuana-y-cocaina-al-penal\/#primaryimage\"},\"thumbnailUrl\":\"https:\/\/www.noticiasradioreflejos.com.ar\/2021\/wp-content\/uploads\/2023\/05\/droga-penal-1-e1685360931610.jpg\",\"datePublished\":\"2023-05-29T17:38:22+00:00\",\"author\":{\"@id\":\"https:\/\/www.noticiasradioreflejos.com.ar\/2021\/#\/schema\/person\/ad82545263dcc5ec0996818884fd5fb1\"},\"breadcrumb\":{\"@id\":\"https:\/\/www.noticiasradioreflejos.com.ar\/2021\/detienen-a-un-agente-del-servicio-penitenciario-por-ingresar-marihuana-y-cocaina-al-penal\/#breadcrumb\"},\"inLanguage\":\"es\",\"potentialAction\":[{\"@type\":\"ReadAction\",\"target\":[\"https:\/\/www.noticiasradioreflejos.com.ar\/2021\/detienen-a-un-agente-del-servicio-penitenciario-por-ingresar-marihuana-y-cocaina-al-penal\/\"]}]},{\"@type\":\"ImageObject\",\"inLanguage\":\"es\",\"@id\":\"https:\/\/www.noticiasradioreflejos.com.ar\/2021\/detienen-a-un-agente-del-servicio-penitenciario-por-ingresar-marihuana-y-cocaina-al-penal\/#primaryimage\",\"url\":\"https:\/\/www.noticiasradioreflejos.com.ar\/2021\/wp-content\/uploads\/2023\/05\/droga-penal-1-e1685360931610.jpg\",\"contentUrl\":\"https:\/\/www.noticiasradioreflejos.com.ar\/2021\/wp-content\/uploads\/2023\/05\/droga-penal-1-e1685360931610.jpg\",\"width\":1000,\"height\":751},{\"@type\":\"BreadcrumbList\",\"@id\":\"https:\/\/www.noticiasradioreflejos.com.ar\/2021\/detienen-a-un-agente-del-servicio-penitenciario-por-ingresar-marihuana-y-cocaina-al-penal\/#breadcrumb\",\"itemListElement\":[{\"@type\":\"ListItem\",\"position\":1,\"name\":\"Portada\",\"item\":\"https:\/\/www.noticiasradioreflejos.com.ar\/2021\/\"},{\"@type\":\"ListItem\",\"position\":2,\"name\":\"Detienen a un agente del servicio penitenciario por ingresar marihuana y coca\u00edna al penal\"}]},{\"@type\":\"WebSite\",\"@id\":\"https:\/\/www.noticiasradioreflejos.com.ar\/2021\/#website\",\"url\":\"https:\/\/www.noticiasradioreflejos.com.ar\/2021\/\",\"name\":\"Noticias Radio Reflejos\",\"description\":\"Las noticias de mi comarca\",\"potentialAction\":[{\"@type\":\"SearchAction\",\"target\":{\"@type\":\"EntryPoint\",\"urlTemplate\":\"https:\/\/www.noticiasradioreflejos.com.ar\/2021\/?s={search_term_string}\"},\"query-input\":{\"@type\":\"PropertyValueSpecification\",\"valueRequired\":true,\"valueName\":\"search_term_string\"}}],\"inLanguage\":\"es\"},{\"@type\":\"Person\",\"@id\":\"https:\/\/www.noticiasradioreflejos.com.ar\/2021\/#\/schema\/person\/ad82545263dcc5ec0996818884fd5fb1\",\"name\":\"Arnaldo Botto\",\"image\":{\"@type\":\"ImageObject\",\"inLanguage\":\"es\",\"@id\":\"https:\/\/www.noticiasradioreflejos.com.ar\/2021\/#\/schema\/person\/image\/\",\"url\":\"https:\/\/secure.gravatar.com\/avatar\/55cb5e37c1efa326397366e6974cb338056df65cb50e7d64d1cf314e87504837?s=96&d=mm&r=g\",\"contentUrl\":\"https:\/\/secure.gravatar.com\/avatar\/55cb5e37c1efa326397366e6974cb338056df65cb50e7d64d1cf314e87504837?s=96&d=mm&r=g\",\"caption\":\"Arnaldo Botto\"},\"url\":\"https:\/\/www.noticiasradioreflejos.com.ar\/2021\/author\/arnaldo\/\"}]}<\/script>\n<!-- \/ Yoast SEO plugin. -->","yoast_head_json":{"title":"Detienen a un agente del servicio penitenciario por ingresar marihuana y coca\u00edna al penal - Noticias Radio Reflejos","robots":{"index":"index","follow":"follow","max-snippet":"max-snippet:-1","max-image-preview":"max-image-preview:large","max-video-preview":"max-video-preview:-1"},"canonical":"https:\/\/www.noticiasradioreflejos.com.ar\/2021\/detienen-a-un-agente-del-servicio-penitenciario-por-ingresar-marihuana-y-cocaina-al-penal\/","og_locale":"es_ES","og_type":"article","og_title":"Detienen a un agente del servicio penitenciario por ingresar marihuana y coca\u00edna al penal - Noticias Radio Reflejos","og_description":"Durante una requisa de control, implementada por el Servicio Penitenciario Bonaerense mediante la cual se realizan revisiones sobre las pertenencias de los efectivos que ingresan de servicio, el personal de la Unidad N\u00b0 4 de Villa Floresta encontr\u00f3 droga en poder del suboficial principal Cristian Adri\u00e1n Conte, quien ingresaba al establecimiento para cumplir con su [&hellip;]","og_url":"https:\/\/www.noticiasradioreflejos.com.ar\/2021\/detienen-a-un-agente-del-servicio-penitenciario-por-ingresar-marihuana-y-cocaina-al-penal\/","og_site_name":"Noticias Radio Reflejos","article_published_time":"2023-05-29T17:38:22+00:00","og_image":[{"width":1000,"height":751,"url":"https:\/\/www.noticiasradioreflejos.com.ar\/2021\/wp-content\/uploads\/2023\/05\/droga-penal-1-e1685360931610.jpg","type":"image\/jpeg"}],"author":"Arnaldo Botto","twitter_card":"summary_large_image","schema":{"@context":"https:\/\/schema.org","@graph":[{"@type":"WebPage","@id":"https:\/\/www.noticiasradioreflejos.com.ar\/2021\/detienen-a-un-agente-del-servicio-penitenciario-por-ingresar-marihuana-y-cocaina-al-penal\/","url":"https:\/\/www.noticiasradioreflejos.com.ar\/2021\/detienen-a-un-agente-del-servicio-penitenciario-por-ingresar-marihuana-y-cocaina-al-penal\/","name":"Detienen a un agente del servicio penitenciario por ingresar marihuana y coca\u00edna al penal - Noticias Radio Reflejos","isPartOf":{"@id":"https:\/\/www.noticiasradioreflejos.com.ar\/2021\/#website"},"primaryImageOfPage":{"@id":"https:\/\/www.noticiasradioreflejos.com.ar\/2021\/detienen-a-un-agente-del-servicio-penitenciario-por-ingresar-marihuana-y-cocaina-al-penal\/#primaryimage"},"image":{"@id":"https:\/\/www.noticiasradioreflejos.com.ar\/2021\/detienen-a-un-agente-del-servicio-penitenciario-por-ingresar-marihuana-y-cocaina-al-penal\/#primaryimage"},"thumbnailUrl":"https:\/\/www.noticiasradioreflejos.com.ar\/2021\/wp-content\/uploads\/2023\/05\/droga-penal-1-e1685360931610.jpg","datePublished":"2023-05-29T17:38:22+00:00","author":{"@id":"https:\/\/www.noticiasradioreflejos.com.ar\/2021\/#\/schema\/person\/ad82545263dcc5ec0996818884fd5fb1"},"breadcrumb":{"@id":"https:\/\/www.noticiasradioreflejos.com.ar\/2021\/detienen-a-un-agente-del-servicio-penitenciario-por-ingresar-marihuana-y-cocaina-al-penal\/#breadcrumb"},"inLanguage":"es","potentialAction":[{"@type":"ReadAction","target":["https:\/\/www.noticiasradioreflejos.com.ar\/2021\/detienen-a-un-agente-del-servicio-penitenciario-por-ingresar-marihuana-y-cocaina-al-penal\/"]}]},{"@type":"ImageObject","inLanguage":"es","@id":"https:\/\/www.noticiasradioreflejos.com.ar\/2021\/detienen-a-un-agente-del-servicio-penitenciario-por-ingresar-marihuana-y-cocaina-al-penal\/#primaryimage","url":"https:\/\/www.noticiasradioreflejos.com.ar\/2021\/wp-content\/uploads\/2023\/05\/droga-penal-1-e1685360931610.jpg","contentUrl":"https:\/\/www.noticiasradioreflejos.com.ar\/2021\/wp-content\/uploads\/2023\/05\/droga-penal-1-e1685360931610.jpg","width":1000,"height":751},{"@type":"BreadcrumbList","@id":"https:\/\/www.noticiasradioreflejos.com.ar\/2021\/detienen-a-un-agente-del-servicio-penitenciario-por-ingresar-marihuana-y-cocaina-al-penal\/#breadcrumb","itemListElement":[{"@type":"ListItem","position":1,"name":"Portada","item":"https:\/\/www.noticiasradioreflejos.com.ar\/2021\/"},{"@type":"ListItem","position":2,"name":"Detienen a un agente del servicio penitenciario por ingresar marihuana y coca\u00edna al penal"}]},{"@type":"WebSite","@id":"https:\/\/www.noticiasradioreflejos.com.ar\/2021\/#website","url":"https:\/\/www.noticiasradioreflejos.com.ar\/2021\/","name":"Noticias Radio Reflejos","description":"Las noticias de mi comarca","potentialAction":[{"@type":"SearchAction","target":{"@type":"EntryPoint","urlTemplate":"https:\/\/www.noticiasradioreflejos.com.ar\/2021\/?s={search_term_string}"},"query-input":{"@type":"PropertyValueSpecification","valueRequired":true,"valueName":"search_term_string"}}],"inLanguage":"es"},{"@type":"Person","@id":"https:\/\/www.noticiasradioreflejos.com.ar\/2021\/#\/schema\/person\/ad82545263dcc5ec0996818884fd5fb1","name":"Arnaldo Botto","image":{"@type":"ImageObject","inLanguage":"es","@id":"https:\/\/www.noticiasradioreflejos.com.ar\/2021\/#\/schema\/person\/image\/","url":"https:\/\/secure.gravatar.com\/avatar\/55cb5e37c1efa326397366e6974cb338056df65cb50e7d64d1cf314e87504837?s=96&d=mm&r=g","contentUrl":"https:\/\/secure.gravatar.com\/avatar\/55cb5e37c1efa326397366e6974cb338056df65cb50e7d64d1cf314e87504837?s=96&d=mm&r=g","caption":"Arnaldo Botto"},"url":"https:\/\/www.noticiasradioreflejos.com.ar\/2021\/author\/arnaldo\/"}]}},"_links":{"self":[{"href":"https:\/\/www.noticiasradioreflejos.com.ar\/2021\/wp-json\/wp\/v2\/posts\/88491","targetHints":{"allow":["GET"]}}],"collection":[{"href":"https:\/\/www.noticiasradioreflejos.com.ar\/2021\/wp-json\/wp\/v2\/posts"}],"about":[{"href":"https:\/\/www.noticiasradioreflejos.com.ar\/2021\/wp-json\/wp\/v2\/types\/post"}],"author":[{"embeddable":true,"href":"https:\/\/www.noticiasradioreflejos.com.ar\/2021\/wp-json\/wp\/v2\/users\/3"}],"replies":[{"embeddable":true,"href":"https:\/\/www.noticiasradioreflejos.com.ar\/2021\/wp-json\/wp\/v2\/comments?post=88491"}],"version-history":[{"count":1,"href":"https:\/\/www.noticiasradioreflejos.com.ar\/2021\/wp-json\/wp\/v2\/posts\/88491\/revisions"}],"predecessor-version":[{"id":88493,"href":"https:\/\/www.noticiasradioreflejos.com.ar\/2021\/wp-json\/wp\/v2\/posts\/88491\/revisions\/88493"}],"wp:featuredmedia":[{"embeddable":true,"href":"https:\/\/www.noticiasradioreflejos.com.ar\/2021\/wp-json\/wp\/v2\/media\/88492"}],"wp:attachment":[{"href":"https:\/\/www.noticiasradioreflejos.com.ar\/2021\/wp-json\/wp\/v2\/media?parent=88491"}],"wp:term":[{"taxonomy":"category","embeddable":true,"href":"https:\/\/www.noticiasradioreflejos.com.ar\/2021\/wp-json\/wp\/v2\/categories?post=88491"},{"taxonomy":"post_tag","embeddable":true,"href":"https:\/\/www.noticiasradioreflejos.com.ar\/2021\/wp-json\/wp\/v2\/tags?post=88491"}],"curies":[{"name":"wp","href":"https:\/\/api.w.org\/{rel}","templated":true}]}}