{"id":88474,"date":"2023-05-29T17:14:39","date_gmt":"2023-05-29T17:14:39","guid":{"rendered":"https:\/\/www.noticiasradioreflejos.com.ar\/2021\/?p=88474"},"modified":"2023-05-29T17:19:47","modified_gmt":"2023-05-29T17:19:47","slug":"hcd-reconocimiento-a-bomberas-voluntarias","status":"publish","type":"post","link":"https:\/\/www.noticiasradioreflejos.com.ar\/2021\/hcd-reconocimiento-a-bomberas-voluntarias\/","title":{"rendered":"HCD: Reconocimiento a bomberas voluntarias"},"content":{"rendered":"<p>El Honorable Concejo Deliberante comparte el acta de reconocimiento a las bomberas voluntarias del distrito de Tornquist.<!--more--><\/p>\n<p>VISTO: <\/p>\n<p>En el marco del mes del D\u00eda Internacional de la Mujer, y;<\/p>\n<p>CONSIDERANDO:<\/p>\n<p>Que el  8 de marzo, en que conmemoramos el D\u00eda Internacional de la Mujer en pro de la igualdad, la justicia, la paz y el desarrollo.<br \/>\nQue es importante reconocer a cada mujer, que desde su lugar y su realidad, cumple a diario su invalorable servicio a la sociedad, con su entrega desinteresada como Bomberas V<br \/>\noluntarias.<br \/>\nQue ellas, dan muestras de integraci\u00f3n e inclusi\u00f3n, en un trabajo orientado hacia el respeto, la solidaridad y la igualdad de oportunidades.<br \/>\n \t Que las Bomberas Voluntarias d\u00eda a d\u00eda ofrecen a sus comunidades su tiempo y sus conocimientos en cada servicio de primera respuesta a emergencia al que acuden con profesionalismo y pasi\u00f3n.<br \/>\nQue  no hicieron caso de los prejuicios, etiquetas y se animaron a ser parte del  espacio de los Bomberos Voluntarios a pesar de la contrariedad a su alrededor.<br \/>\nQue en el a\u00f1o 1981 se cre\u00f3 el Cuerpo Auxiliar Femenino de Tornquist ingresando m\u00e1s de 30 postulantes, llegando al cumplimento de los 25 a\u00f1os de servicio 7 bomberas, las cuales 6 de ellas pasaron  a la Escuadra de Reserva.<br \/>\nQue el cuartel de Bomberos N\u00b0279 de la localidad de Chasic\u00f3, es un sue\u00f1o cumplido desde hace 6 a\u00f1os con la llegada del primer autobomba. Actualmente cuenta con  11 Bomberos activos, 5 mujeres,  6 hombres y 4 aspirantes rindiendo sus respectivos m\u00f3dulos para ingresar.<br \/>\nQue en el a\u00f1o 2005 la Asociaci\u00f3n de Bomberos Voluntarios de Villa Ventana  hizo la convocatoria para mujeres e ingresaron  como bomberas tres. En la actualidad cuenta con  10 mujeres en el cuerpo activo.<br \/>\nQue el 12 de octubre del a\u00f1o 2005 se cre\u00f3 la escuela de cadetes que cont\u00f3 con 20 chicos y chicas, y en el a\u00f1o 2010 ingresa la primer Bombera Voluntaria al Cuerpo activo de la localidad de Sierra de la Ventana. En la actualidad hay 5 mujeres en el cuerpo activo.<br \/>\nQue en el a\u00f1o 2014 se crea el Cuerpo de Bomberos Voluntarios de Saldungaray y en abril del 2021 ingresa la primera mujer a formar parte del mismo. En la actualidad son 3 mujeres que formar parte del cuerpo activo. <\/p>\n<p>POR ELLO:<br \/>\nEL HONORABLE CONCEJO DELIBERANTE<br \/>\nEn uso de sus facultades, sanciona con fuerza de<br \/>\nRESOLUCION N\u00ba 05\/23<\/p>\n<p>ARTICULO 1\u00b0. Reconocer  e invitar a todas las Bomberas Voluntarias del Distrito de Tornquist, mediante  un  acto a llevarse a cabo en el Honorable Concejo Deliberante en d\u00eda y horario a confirmar.<\/p>\n<p>ART\u00cdCULO 2: Enviar copia de la Presente Resoluci\u00f3n a la Asociaci\u00f3n  de los distintos Cuerpos de Bomberos Voluntarios de nuestro distrito. <\/p>\n<p>ART\u00cdCULO 3: Comun\u00edquese, Publ\u00edquese, Reg\u00edstrese y Cumplido: ARCH\u00cdVESE.-<\/p>\n<p>APROBADO POR UNANIMIDAD, EN LA SALA DE SESIONES DEL H.C.D DE TORNQUIST, A LOS VEINTI\u00daN D\u00cdAS DEL MES DE MARZO DEL A\u00d1O DOS MIL VEINTITR\u00c9S.-<\/p>\n","protected":false},"excerpt":{"rendered":"<p>El Honorable Concejo Deliberante comparte el acta de reconocimiento a las bomberas voluntarias del distrito de Tornquist.<\/p>\n","protected":false},"author":3,"featured_media":0,"comment_status":"closed","ping_status":"closed","sticky":false,"template":"","format":"standard","meta":{"footnotes":""},"categories":[59],"tags":[],"class_list":["post-88474","post","type-post","status-publish","format-standard","hentry","category-concejo-deliberante"],"yoast_head":"<!-- This site is optimized with the Yoast SEO plugin v25.9 - https:\/\/yoast.com\/wordpress\/plugins\/seo\/ -->\n<title>HCD: Reconocimiento a bomberas voluntarias - Noticias Radio Reflejos<\/title>\n<meta name=\"robots\" content=\"index, follow, max-snippet:-1, max-image-preview:large, max-video-preview:-1\" \/>\n<link rel=\"canonical\" href=\"https:\/\/www.noticiasradioreflejos.com.ar\/2021\/hcd-reconocimiento-a-bomberas-voluntarias\/\" \/>\n<meta property=\"og:locale\" content=\"es_ES\" \/>\n<meta property=\"og:type\" content=\"article\" \/>\n<meta property=\"og:title\" content=\"HCD: Reconocimiento a bomberas voluntarias - Noticias Radio Reflejos\" \/>\n<meta property=\"og:description\" content=\"El Honorable Concejo Deliberante comparte el acta de reconocimiento a las bomberas voluntarias del distrito de Tornquist.\" \/>\n<meta property=\"og:url\" content=\"https:\/\/www.noticiasradioreflejos.com.ar\/2021\/hcd-reconocimiento-a-bomberas-voluntarias\/\" \/>\n<meta property=\"og:site_name\" content=\"Noticias Radio Reflejos\" \/>\n<meta property=\"article:published_time\" content=\"2023-05-29T17:14:39+00:00\" \/>\n<meta property=\"article:modified_time\" content=\"2023-05-29T17:19:47+00:00\" \/>\n<meta property=\"og:image\" content=\"https:\/\/www.noticiasradioreflejos.com.ar\/2021\/wp-content\/uploads\/2021\/07\/logosol300x200.png\" \/>\n\t<meta property=\"og:image:width\" content=\"300\" \/>\n\t<meta property=\"og:image:height\" content=\"200\" \/>\n\t<meta property=\"og:image:type\" content=\"image\/png\" \/>\n<meta name=\"author\" content=\"Arnaldo Botto\" \/>\n<meta name=\"twitter:card\" content=\"summary_large_image\" \/>\n<script type=\"application\/ld+json\" class=\"yoast-schema-graph\">{\"@context\":\"https:\/\/schema.org\",\"@graph\":[{\"@type\":\"WebPage\",\"@id\":\"https:\/\/www.noticiasradioreflejos.com.ar\/2021\/hcd-reconocimiento-a-bomberas-voluntarias\/\",\"url\":\"https:\/\/www.noticiasradioreflejos.com.ar\/2021\/hcd-reconocimiento-a-bomberas-voluntarias\/\",\"name\":\"HCD: Reconocimiento a bomberas voluntarias - Noticias Radio Reflejos\",\"isPartOf\":{\"@id\":\"https:\/\/www.noticiasradioreflejos.com.ar\/2021\/#website\"},\"datePublished\":\"2023-05-29T17:14:39+00:00\",\"dateModified\":\"2023-05-29T17:19:47+00:00\",\"author\":{\"@id\":\"https:\/\/www.noticiasradioreflejos.com.ar\/2021\/#\/schema\/person\/ad82545263dcc5ec0996818884fd5fb1\"},\"breadcrumb\":{\"@id\":\"https:\/\/www.noticiasradioreflejos.com.ar\/2021\/hcd-reconocimiento-a-bomberas-voluntarias\/#breadcrumb\"},\"inLanguage\":\"es\",\"potentialAction\":[{\"@type\":\"ReadAction\",\"target\":[\"https:\/\/www.noticiasradioreflejos.com.ar\/2021\/hcd-reconocimiento-a-bomberas-voluntarias\/\"]}]},{\"@type\":\"BreadcrumbList\",\"@id\":\"https:\/\/www.noticiasradioreflejos.com.ar\/2021\/hcd-reconocimiento-a-bomberas-voluntarias\/#breadcrumb\",\"itemListElement\":[{\"@type\":\"ListItem\",\"position\":1,\"name\":\"Portada\",\"item\":\"https:\/\/www.noticiasradioreflejos.com.ar\/2021\/\"},{\"@type\":\"ListItem\",\"position\":2,\"name\":\"HCD: Reconocimiento a bomberas voluntarias\"}]},{\"@type\":\"WebSite\",\"@id\":\"https:\/\/www.noticiasradioreflejos.com.ar\/2021\/#website\",\"url\":\"https:\/\/www.noticiasradioreflejos.com.ar\/2021\/\",\"name\":\"Noticias Radio Reflejos\",\"description\":\"Las noticias de mi comarca\",\"potentialAction\":[{\"@type\":\"SearchAction\",\"target\":{\"@type\":\"EntryPoint\",\"urlTemplate\":\"https:\/\/www.noticiasradioreflejos.com.ar\/2021\/?s={search_term_string}\"},\"query-input\":{\"@type\":\"PropertyValueSpecification\",\"valueRequired\":true,\"valueName\":\"search_term_string\"}}],\"inLanguage\":\"es\"},{\"@type\":\"Person\",\"@id\":\"https:\/\/www.noticiasradioreflejos.com.ar\/2021\/#\/schema\/person\/ad82545263dcc5ec0996818884fd5fb1\",\"name\":\"Arnaldo Botto\",\"image\":{\"@type\":\"ImageObject\",\"inLanguage\":\"es\",\"@id\":\"https:\/\/www.noticiasradioreflejos.com.ar\/2021\/#\/schema\/person\/image\/\",\"url\":\"https:\/\/secure.gravatar.com\/avatar\/55cb5e37c1efa326397366e6974cb338056df65cb50e7d64d1cf314e87504837?s=96&d=mm&r=g\",\"contentUrl\":\"https:\/\/secure.gravatar.com\/avatar\/55cb5e37c1efa326397366e6974cb338056df65cb50e7d64d1cf314e87504837?s=96&d=mm&r=g\",\"caption\":\"Arnaldo Botto\"},\"url\":\"https:\/\/www.noticiasradioreflejos.com.ar\/2021\/author\/arnaldo\/\"}]}<\/script>\n<!-- \/ Yoast SEO plugin. -->","yoast_head_json":{"title":"HCD: Reconocimiento a bomberas voluntarias - Noticias Radio Reflejos","robots":{"index":"index","follow":"follow","max-snippet":"max-snippet:-1","max-image-preview":"max-image-preview:large","max-video-preview":"max-video-preview:-1"},"canonical":"https:\/\/www.noticiasradioreflejos.com.ar\/2021\/hcd-reconocimiento-a-bomberas-voluntarias\/","og_locale":"es_ES","og_type":"article","og_title":"HCD: Reconocimiento a bomberas voluntarias - Noticias Radio Reflejos","og_description":"El Honorable Concejo Deliberante comparte el acta de reconocimiento a las bomberas voluntarias del distrito de Tornquist.","og_url":"https:\/\/www.noticiasradioreflejos.com.ar\/2021\/hcd-reconocimiento-a-bomberas-voluntarias\/","og_site_name":"Noticias Radio Reflejos","article_published_time":"2023-05-29T17:14:39+00:00","article_modified_time":"2023-05-29T17:19:47+00:00","og_image":[{"width":300,"height":200,"url":"https:\/\/www.noticiasradioreflejos.com.ar\/2021\/wp-content\/uploads\/2021\/07\/logosol300x200.png","type":"image\/png"}],"author":"Arnaldo Botto","twitter_card":"summary_large_image","schema":{"@context":"https:\/\/schema.org","@graph":[{"@type":"WebPage","@id":"https:\/\/www.noticiasradioreflejos.com.ar\/2021\/hcd-reconocimiento-a-bomberas-voluntarias\/","url":"https:\/\/www.noticiasradioreflejos.com.ar\/2021\/hcd-reconocimiento-a-bomberas-voluntarias\/","name":"HCD: Reconocimiento a bomberas voluntarias - Noticias Radio Reflejos","isPartOf":{"@id":"https:\/\/www.noticiasradioreflejos.com.ar\/2021\/#website"},"datePublished":"2023-05-29T17:14:39+00:00","dateModified":"2023-05-29T17:19:47+00:00","author":{"@id":"https:\/\/www.noticiasradioreflejos.com.ar\/2021\/#\/schema\/person\/ad82545263dcc5ec0996818884fd5fb1"},"breadcrumb":{"@id":"https:\/\/www.noticiasradioreflejos.com.ar\/2021\/hcd-reconocimiento-a-bomberas-voluntarias\/#breadcrumb"},"inLanguage":"es","potentialAction":[{"@type":"ReadAction","target":["https:\/\/www.noticiasradioreflejos.com.ar\/2021\/hcd-reconocimiento-a-bomberas-voluntarias\/"]}]},{"@type":"BreadcrumbList","@id":"https:\/\/www.noticiasradioreflejos.com.ar\/2021\/hcd-reconocimiento-a-bomberas-voluntarias\/#breadcrumb","itemListElement":[{"@type":"ListItem","position":1,"name":"Portada","item":"https:\/\/www.noticiasradioreflejos.com.ar\/2021\/"},{"@type":"ListItem","position":2,"name":"HCD: Reconocimiento a bomberas voluntarias"}]},{"@type":"WebSite","@id":"https:\/\/www.noticiasradioreflejos.com.ar\/2021\/#website","url":"https:\/\/www.noticiasradioreflejos.com.ar\/2021\/","name":"Noticias Radio Reflejos","description":"Las noticias de mi comarca","potentialAction":[{"@type":"SearchAction","target":{"@type":"EntryPoint","urlTemplate":"https:\/\/www.noticiasradioreflejos.com.ar\/2021\/?s={search_term_string}"},"query-input":{"@type":"PropertyValueSpecification","valueRequired":true,"valueName":"search_term_string"}}],"inLanguage":"es"},{"@type":"Person","@id":"https:\/\/www.noticiasradioreflejos.com.ar\/2021\/#\/schema\/person\/ad82545263dcc5ec0996818884fd5fb1","name":"Arnaldo Botto","image":{"@type":"ImageObject","inLanguage":"es","@id":"https:\/\/www.noticiasradioreflejos.com.ar\/2021\/#\/schema\/person\/image\/","url":"https:\/\/secure.gravatar.com\/avatar\/55cb5e37c1efa326397366e6974cb338056df65cb50e7d64d1cf314e87504837?s=96&d=mm&r=g","contentUrl":"https:\/\/secure.gravatar.com\/avatar\/55cb5e37c1efa326397366e6974cb338056df65cb50e7d64d1cf314e87504837?s=96&d=mm&r=g","caption":"Arnaldo Botto"},"url":"https:\/\/www.noticiasradioreflejos.com.ar\/2021\/author\/arnaldo\/"}]}},"_links":{"self":[{"href":"https:\/\/www.noticiasradioreflejos.com.ar\/2021\/wp-json\/wp\/v2\/posts\/88474","targetHints":{"allow":["GET"]}}],"collection":[{"href":"https:\/\/www.noticiasradioreflejos.com.ar\/2021\/wp-json\/wp\/v2\/posts"}],"about":[{"href":"https:\/\/www.noticiasradioreflejos.com.ar\/2021\/wp-json\/wp\/v2\/types\/post"}],"author":[{"embeddable":true,"href":"https:\/\/www.noticiasradioreflejos.com.ar\/2021\/wp-json\/wp\/v2\/users\/3"}],"replies":[{"embeddable":true,"href":"https:\/\/www.noticiasradioreflejos.com.ar\/2021\/wp-json\/wp\/v2\/comments?post=88474"}],"version-history":[{"count":1,"href":"https:\/\/www.noticiasradioreflejos.com.ar\/2021\/wp-json\/wp\/v2\/posts\/88474\/revisions"}],"predecessor-version":[{"id":88477,"href":"https:\/\/www.noticiasradioreflejos.com.ar\/2021\/wp-json\/wp\/v2\/posts\/88474\/revisions\/88477"}],"wp:attachment":[{"href":"https:\/\/www.noticiasradioreflejos.com.ar\/2021\/wp-json\/wp\/v2\/media?parent=88474"}],"wp:term":[{"taxonomy":"category","embeddable":true,"href":"https:\/\/www.noticiasradioreflejos.com.ar\/2021\/wp-json\/wp\/v2\/categories?post=88474"},{"taxonomy":"post_tag","embeddable":true,"href":"https:\/\/www.noticiasradioreflejos.com.ar\/2021\/wp-json\/wp\/v2\/tags?post=88474"}],"curies":[{"name":"wp","href":"https:\/\/api.w.org\/{rel}","templated":true}]}}