{"id":88472,"date":"2023-05-29T17:49:59","date_gmt":"2023-05-29T17:49:59","guid":{"rendered":"https:\/\/www.noticiasradioreflejos.com.ar\/2021\/?p=88472"},"modified":"2023-05-29T17:49:59","modified_gmt":"2023-05-29T17:49:59","slug":"seria-inminente-el-desalojo-de-la-escuela-el-junquero","status":"publish","type":"post","link":"https:\/\/www.noticiasradioreflejos.com.ar\/2021\/seria-inminente-el-desalojo-de-la-escuela-el-junquero\/","title":{"rendered":"Ser\u00eda inminente el desalojo de la escuela El Junquero"},"content":{"rendered":"<p>El espacio educacional estar\u00eda viviendo sus horas m\u00e1s complicadas desde su fundaci\u00f3n. La justicia determin\u00f3 a los leg\u00edtimos due\u00f1os de esa tierra y estos exigir\u00edan que la liberen.<!--more--><\/p>\n<p>Angustia y nerviosismo vive por estas horas las familias que forman parte del espacio educativo El Junquero. Es que de ser ciertos los rumores, ser\u00eda inminente la p\u00e9rdida del espacio.<\/p>\n<p>Todo esto se resolvi\u00f3 en la justicia, por un litigio entre quien alquilaba hace un par de d\u00e9cadas el predio, Ra\u00fal P\u00e9rez Santell\u00e1n, y los leg\u00edtimos due\u00f1os del lugar.<\/p>\n<p>Al parecer el fallo favoreci\u00f3 a estos \u00faltimos, y entre las resoluciones dadas, estar\u00eda la liberaci\u00f3n plena del espacio situado en Villa La Arcadia, en donde funciona el colegio.<\/p>\n<p>Vale recordar que fue P\u00e9rez Santell\u00e1n quien le cedi\u00f3 parte de lo que alquilaba a El Junquero, y ahora el ambiente educacional qued\u00f3 en medio de esta compulsa judicial.<\/p>\n<p>De concretarse lo que hasta aqu\u00ed son rumores, toda esa matr\u00edcula, junto con los avances edilicios y dem\u00e1s proyectos que llevan adelante se perder\u00edan, y de forma urgente deber\u00edan buscar una reubicaci\u00f3n.<\/p>\n","protected":false},"excerpt":{"rendered":"<p>El espacio educacional estar\u00eda viviendo sus horas m\u00e1s complicadas desde su fundaci\u00f3n. La justicia determin\u00f3 a los leg\u00edtimos due\u00f1os de esa tierra y estos exigir\u00edan que la liberen.<\/p>\n","protected":false},"author":3,"featured_media":88495,"comment_status":"closed","ping_status":"closed","sticky":false,"template":"","format":"standard","meta":{"footnotes":""},"categories":[57],"tags":[],"class_list":["post-88472","post","type-post","status-publish","format-standard","has-post-thumbnail","hentry","category-judiciales"],"yoast_head":"<!-- This site is optimized with the Yoast SEO plugin v25.9 - https:\/\/yoast.com\/wordpress\/plugins\/seo\/ -->\n<title>Ser\u00eda inminente el desalojo de la escuela El Junquero - Noticias Radio Reflejos<\/title>\n<meta name=\"robots\" content=\"index, follow, max-snippet:-1, max-image-preview:large, max-video-preview:-1\" \/>\n<link rel=\"canonical\" href=\"https:\/\/www.noticiasradioreflejos.com.ar\/2021\/seria-inminente-el-desalojo-de-la-escuela-el-junquero\/\" \/>\n<meta property=\"og:locale\" content=\"es_ES\" \/>\n<meta property=\"og:type\" content=\"article\" \/>\n<meta property=\"og:title\" content=\"Ser\u00eda inminente el desalojo de la escuela El Junquero - Noticias Radio Reflejos\" \/>\n<meta property=\"og:description\" content=\"El espacio educacional estar\u00eda viviendo sus horas m\u00e1s complicadas desde su fundaci\u00f3n. La justicia determin\u00f3 a los leg\u00edtimos due\u00f1os de esa tierra y estos exigir\u00edan que la liberen.\" \/>\n<meta property=\"og:url\" content=\"https:\/\/www.noticiasradioreflejos.com.ar\/2021\/seria-inminente-el-desalojo-de-la-escuela-el-junquero\/\" \/>\n<meta property=\"og:site_name\" content=\"Noticias Radio Reflejos\" \/>\n<meta property=\"article:published_time\" content=\"2023-05-29T17:49:59+00:00\" \/>\n<meta property=\"og:image\" content=\"https:\/\/www.noticiasradioreflejos.com.ar\/2021\/wp-content\/uploads\/2023\/05\/Hotel-Pillahuinco.jpg\" \/>\n\t<meta property=\"og:image:width\" content=\"550\" \/>\n\t<meta property=\"og:image:height\" content=\"412\" \/>\n\t<meta property=\"og:image:type\" content=\"image\/jpeg\" \/>\n<meta name=\"author\" content=\"Arnaldo Botto\" \/>\n<meta name=\"twitter:card\" content=\"summary_large_image\" \/>\n<script type=\"application\/ld+json\" class=\"yoast-schema-graph\">{\"@context\":\"https:\/\/schema.org\",\"@graph\":[{\"@type\":\"WebPage\",\"@id\":\"https:\/\/www.noticiasradioreflejos.com.ar\/2021\/seria-inminente-el-desalojo-de-la-escuela-el-junquero\/\",\"url\":\"https:\/\/www.noticiasradioreflejos.com.ar\/2021\/seria-inminente-el-desalojo-de-la-escuela-el-junquero\/\",\"name\":\"Ser\u00eda inminente el desalojo de la escuela El Junquero - Noticias Radio Reflejos\",\"isPartOf\":{\"@id\":\"https:\/\/www.noticiasradioreflejos.com.ar\/2021\/#website\"},\"primaryImageOfPage\":{\"@id\":\"https:\/\/www.noticiasradioreflejos.com.ar\/2021\/seria-inminente-el-desalojo-de-la-escuela-el-junquero\/#primaryimage\"},\"image\":{\"@id\":\"https:\/\/www.noticiasradioreflejos.com.ar\/2021\/seria-inminente-el-desalojo-de-la-escuela-el-junquero\/#primaryimage\"},\"thumbnailUrl\":\"https:\/\/www.noticiasradioreflejos.com.ar\/2021\/wp-content\/uploads\/2023\/05\/Hotel-Pillahuinco.jpg\",\"datePublished\":\"2023-05-29T17:49:59+00:00\",\"author\":{\"@id\":\"https:\/\/www.noticiasradioreflejos.com.ar\/2021\/#\/schema\/person\/ad82545263dcc5ec0996818884fd5fb1\"},\"breadcrumb\":{\"@id\":\"https:\/\/www.noticiasradioreflejos.com.ar\/2021\/seria-inminente-el-desalojo-de-la-escuela-el-junquero\/#breadcrumb\"},\"inLanguage\":\"es\",\"potentialAction\":[{\"@type\":\"ReadAction\",\"target\":[\"https:\/\/www.noticiasradioreflejos.com.ar\/2021\/seria-inminente-el-desalojo-de-la-escuela-el-junquero\/\"]}]},{\"@type\":\"ImageObject\",\"inLanguage\":\"es\",\"@id\":\"https:\/\/www.noticiasradioreflejos.com.ar\/2021\/seria-inminente-el-desalojo-de-la-escuela-el-junquero\/#primaryimage\",\"url\":\"https:\/\/www.noticiasradioreflejos.com.ar\/2021\/wp-content\/uploads\/2023\/05\/Hotel-Pillahuinco.jpg\",\"contentUrl\":\"https:\/\/www.noticiasradioreflejos.com.ar\/2021\/wp-content\/uploads\/2023\/05\/Hotel-Pillahuinco.jpg\",\"width\":550,\"height\":412},{\"@type\":\"BreadcrumbList\",\"@id\":\"https:\/\/www.noticiasradioreflejos.com.ar\/2021\/seria-inminente-el-desalojo-de-la-escuela-el-junquero\/#breadcrumb\",\"itemListElement\":[{\"@type\":\"ListItem\",\"position\":1,\"name\":\"Portada\",\"item\":\"https:\/\/www.noticiasradioreflejos.com.ar\/2021\/\"},{\"@type\":\"ListItem\",\"position\":2,\"name\":\"Ser\u00eda inminente el desalojo de la escuela El Junquero\"}]},{\"@type\":\"WebSite\",\"@id\":\"https:\/\/www.noticiasradioreflejos.com.ar\/2021\/#website\",\"url\":\"https:\/\/www.noticiasradioreflejos.com.ar\/2021\/\",\"name\":\"Noticias Radio Reflejos\",\"description\":\"Las noticias de mi comarca\",\"potentialAction\":[{\"@type\":\"SearchAction\",\"target\":{\"@type\":\"EntryPoint\",\"urlTemplate\":\"https:\/\/www.noticiasradioreflejos.com.ar\/2021\/?s={search_term_string}\"},\"query-input\":{\"@type\":\"PropertyValueSpecification\",\"valueRequired\":true,\"valueName\":\"search_term_string\"}}],\"inLanguage\":\"es\"},{\"@type\":\"Person\",\"@id\":\"https:\/\/www.noticiasradioreflejos.com.ar\/2021\/#\/schema\/person\/ad82545263dcc5ec0996818884fd5fb1\",\"name\":\"Arnaldo Botto\",\"image\":{\"@type\":\"ImageObject\",\"inLanguage\":\"es\",\"@id\":\"https:\/\/www.noticiasradioreflejos.com.ar\/2021\/#\/schema\/person\/image\/\",\"url\":\"https:\/\/secure.gravatar.com\/avatar\/55cb5e37c1efa326397366e6974cb338056df65cb50e7d64d1cf314e87504837?s=96&d=mm&r=g\",\"contentUrl\":\"https:\/\/secure.gravatar.com\/avatar\/55cb5e37c1efa326397366e6974cb338056df65cb50e7d64d1cf314e87504837?s=96&d=mm&r=g\",\"caption\":\"Arnaldo Botto\"},\"url\":\"https:\/\/www.noticiasradioreflejos.com.ar\/2021\/author\/arnaldo\/\"}]}<\/script>\n<!-- \/ Yoast SEO plugin. -->","yoast_head_json":{"title":"Ser\u00eda inminente el desalojo de la escuela El Junquero - Noticias Radio Reflejos","robots":{"index":"index","follow":"follow","max-snippet":"max-snippet:-1","max-image-preview":"max-image-preview:large","max-video-preview":"max-video-preview:-1"},"canonical":"https:\/\/www.noticiasradioreflejos.com.ar\/2021\/seria-inminente-el-desalojo-de-la-escuela-el-junquero\/","og_locale":"es_ES","og_type":"article","og_title":"Ser\u00eda inminente el desalojo de la escuela El Junquero - Noticias Radio Reflejos","og_description":"El espacio educacional estar\u00eda viviendo sus horas m\u00e1s complicadas desde su fundaci\u00f3n. La justicia determin\u00f3 a los leg\u00edtimos due\u00f1os de esa tierra y estos exigir\u00edan que la liberen.","og_url":"https:\/\/www.noticiasradioreflejos.com.ar\/2021\/seria-inminente-el-desalojo-de-la-escuela-el-junquero\/","og_site_name":"Noticias Radio Reflejos","article_published_time":"2023-05-29T17:49:59+00:00","og_image":[{"width":550,"height":412,"url":"https:\/\/www.noticiasradioreflejos.com.ar\/2021\/wp-content\/uploads\/2023\/05\/Hotel-Pillahuinco.jpg","type":"image\/jpeg"}],"author":"Arnaldo Botto","twitter_card":"summary_large_image","schema":{"@context":"https:\/\/schema.org","@graph":[{"@type":"WebPage","@id":"https:\/\/www.noticiasradioreflejos.com.ar\/2021\/seria-inminente-el-desalojo-de-la-escuela-el-junquero\/","url":"https:\/\/www.noticiasradioreflejos.com.ar\/2021\/seria-inminente-el-desalojo-de-la-escuela-el-junquero\/","name":"Ser\u00eda inminente el desalojo de la escuela El Junquero - Noticias Radio Reflejos","isPartOf":{"@id":"https:\/\/www.noticiasradioreflejos.com.ar\/2021\/#website"},"primaryImageOfPage":{"@id":"https:\/\/www.noticiasradioreflejos.com.ar\/2021\/seria-inminente-el-desalojo-de-la-escuela-el-junquero\/#primaryimage"},"image":{"@id":"https:\/\/www.noticiasradioreflejos.com.ar\/2021\/seria-inminente-el-desalojo-de-la-escuela-el-junquero\/#primaryimage"},"thumbnailUrl":"https:\/\/www.noticiasradioreflejos.com.ar\/2021\/wp-content\/uploads\/2023\/05\/Hotel-Pillahuinco.jpg","datePublished":"2023-05-29T17:49:59+00:00","author":{"@id":"https:\/\/www.noticiasradioreflejos.com.ar\/2021\/#\/schema\/person\/ad82545263dcc5ec0996818884fd5fb1"},"breadcrumb":{"@id":"https:\/\/www.noticiasradioreflejos.com.ar\/2021\/seria-inminente-el-desalojo-de-la-escuela-el-junquero\/#breadcrumb"},"inLanguage":"es","potentialAction":[{"@type":"ReadAction","target":["https:\/\/www.noticiasradioreflejos.com.ar\/2021\/seria-inminente-el-desalojo-de-la-escuela-el-junquero\/"]}]},{"@type":"ImageObject","inLanguage":"es","@id":"https:\/\/www.noticiasradioreflejos.com.ar\/2021\/seria-inminente-el-desalojo-de-la-escuela-el-junquero\/#primaryimage","url":"https:\/\/www.noticiasradioreflejos.com.ar\/2021\/wp-content\/uploads\/2023\/05\/Hotel-Pillahuinco.jpg","contentUrl":"https:\/\/www.noticiasradioreflejos.com.ar\/2021\/wp-content\/uploads\/2023\/05\/Hotel-Pillahuinco.jpg","width":550,"height":412},{"@type":"BreadcrumbList","@id":"https:\/\/www.noticiasradioreflejos.com.ar\/2021\/seria-inminente-el-desalojo-de-la-escuela-el-junquero\/#breadcrumb","itemListElement":[{"@type":"ListItem","position":1,"name":"Portada","item":"https:\/\/www.noticiasradioreflejos.com.ar\/2021\/"},{"@type":"ListItem","position":2,"name":"Ser\u00eda inminente el desalojo de la escuela El Junquero"}]},{"@type":"WebSite","@id":"https:\/\/www.noticiasradioreflejos.com.ar\/2021\/#website","url":"https:\/\/www.noticiasradioreflejos.com.ar\/2021\/","name":"Noticias Radio Reflejos","description":"Las noticias de mi comarca","potentialAction":[{"@type":"SearchAction","target":{"@type":"EntryPoint","urlTemplate":"https:\/\/www.noticiasradioreflejos.com.ar\/2021\/?s={search_term_string}"},"query-input":{"@type":"PropertyValueSpecification","valueRequired":true,"valueName":"search_term_string"}}],"inLanguage":"es"},{"@type":"Person","@id":"https:\/\/www.noticiasradioreflejos.com.ar\/2021\/#\/schema\/person\/ad82545263dcc5ec0996818884fd5fb1","name":"Arnaldo Botto","image":{"@type":"ImageObject","inLanguage":"es","@id":"https:\/\/www.noticiasradioreflejos.com.ar\/2021\/#\/schema\/person\/image\/","url":"https:\/\/secure.gravatar.com\/avatar\/55cb5e37c1efa326397366e6974cb338056df65cb50e7d64d1cf314e87504837?s=96&d=mm&r=g","contentUrl":"https:\/\/secure.gravatar.com\/avatar\/55cb5e37c1efa326397366e6974cb338056df65cb50e7d64d1cf314e87504837?s=96&d=mm&r=g","caption":"Arnaldo Botto"},"url":"https:\/\/www.noticiasradioreflejos.com.ar\/2021\/author\/arnaldo\/"}]}},"_links":{"self":[{"href":"https:\/\/www.noticiasradioreflejos.com.ar\/2021\/wp-json\/wp\/v2\/posts\/88472","targetHints":{"allow":["GET"]}}],"collection":[{"href":"https:\/\/www.noticiasradioreflejos.com.ar\/2021\/wp-json\/wp\/v2\/posts"}],"about":[{"href":"https:\/\/www.noticiasradioreflejos.com.ar\/2021\/wp-json\/wp\/v2\/types\/post"}],"author":[{"embeddable":true,"href":"https:\/\/www.noticiasradioreflejos.com.ar\/2021\/wp-json\/wp\/v2\/users\/3"}],"replies":[{"embeddable":true,"href":"https:\/\/www.noticiasradioreflejos.com.ar\/2021\/wp-json\/wp\/v2\/comments?post=88472"}],"version-history":[{"count":3,"href":"https:\/\/www.noticiasradioreflejos.com.ar\/2021\/wp-json\/wp\/v2\/posts\/88472\/revisions"}],"predecessor-version":[{"id":88497,"href":"https:\/\/www.noticiasradioreflejos.com.ar\/2021\/wp-json\/wp\/v2\/posts\/88472\/revisions\/88497"}],"wp:featuredmedia":[{"embeddable":true,"href":"https:\/\/www.noticiasradioreflejos.com.ar\/2021\/wp-json\/wp\/v2\/media\/88495"}],"wp:attachment":[{"href":"https:\/\/www.noticiasradioreflejos.com.ar\/2021\/wp-json\/wp\/v2\/media?parent=88472"}],"wp:term":[{"taxonomy":"category","embeddable":true,"href":"https:\/\/www.noticiasradioreflejos.com.ar\/2021\/wp-json\/wp\/v2\/categories?post=88472"},{"taxonomy":"post_tag","embeddable":true,"href":"https:\/\/www.noticiasradioreflejos.com.ar\/2021\/wp-json\/wp\/v2\/tags?post=88472"}],"curies":[{"name":"wp","href":"https:\/\/api.w.org\/{rel}","templated":true}]}}