{"id":88467,"date":"2023-05-29T17:16:48","date_gmt":"2023-05-29T17:16:48","guid":{"rendered":"https:\/\/www.noticiasradioreflejos.com.ar\/2021\/?p=88467"},"modified":"2023-05-29T17:16:48","modified_gmt":"2023-05-29T17:16:48","slug":"sofia-urriaga-es-un-orgullo-tremendo-inaugurar-una-obra-tan-importante-para-todo-el-distrito","status":"publish","type":"post","link":"https:\/\/www.noticiasradioreflejos.com.ar\/2021\/sofia-urriaga-es-un-orgullo-tremendo-inaugurar-una-obra-tan-importante-para-todo-el-distrito\/","title":{"rendered":"Sof\u00eda Urriaga: \u00abEs un orgullo tremendo inaugurar una obra tan importante para todo el distrito\u00bb"},"content":{"rendered":"<p>El 25 de Mayo qued\u00f3 inaugurado el Natatorio Climatizado Municipal de Tornquist.<!--more--><br \/>\nEn Se nos viene la Noche por FM Reflejos entrevistamos a la Subsecretaria de Deportes Sofia Urriaga quien expres\u00f3 estar muy emocionada despu\u00e9s de la inauguraci\u00f3n \u00bb es un orgullo tremendo inaugurar una obra\u00a0 hist\u00f3rica y tan importante para todo el distrito\u00bb.<\/p>\n<p><a data-flickr-embed=\"true\" href=\"https:\/\/www.flickr.com\/photos\/182279889@N02\/52925346942\/in\/dateposted-public\/\" title=\"Inauguracion Natatorio Municipal (2)\"><img loading=\"lazy\" decoding=\"async\" src=\"https:\/\/live.staticflickr.com\/65535\/52925346942_e2c0c74a61_c.jpg\" width=\"800\" height=\"568\" alt=\"Inauguracion Natatorio Municipal (2)\"\/><\/a><script async src=\"\/\/embedr.flickr.com\/assets\/client-code.js\" charset=\"utf-8\"><\/script><\/p>\n<p>Con una inversi\u00f3n de $105 millones de pesos las nuevas instalaciones, ubicadas en el Complejo Deportivo Municipal \u2018Eva Per\u00f3n\u2019, est\u00e1n compuestas por la piscina semiol\u00edmpica de 25 metros de largo por 12 de ancho, una sala de m\u00e1quinas y un ba\u00f1o para personas con discapacidad, y fueron conectadas a los vestuarios y sanitarios del Gimnasio Municipal, totalmente reacondicionados. \u00abHoy el natatorio est\u00e1 anexado a lo que son los vestuarios del gimnasio, que ya estaban contruidos, la idea es continuar con la segunda etapa, con vestuarios exclusivos para el natatorio\u00bb.<\/p>\n<p>Desde hoy, de 8 a 16 hs en la pileta, estar\u00e1n abiertas las inscripciones para las diferentes actividades que se dictar\u00e1n: nataci\u00f3n para todos los niveles y edades, matronataci\u00f3n, aquagym y pileta libre o comunic\u00e1ndose al 2915391088.<\/p>\n<p>Consultada sobre las piles de Sierra y Saldungaray la funcionaria destac\u00f3 que son objetivos por cumplir \u00abla de Sierra es ponerla a punto, ya los t\u00e9cnicos revisaron las instalaciones y detallaron en el informe, faltar\u00eda la cubierta y las calderas nuevas, con eso podr\u00edamos comenzar a funcionar. Los proyectos est\u00e1n presentados en Naci\u00f3n\u00bb .<\/p>\n<p>Ante la apreciaci\u00f3n del crecimiento deportivo en el distrito Sofia sostuvo\u00a0 \u00aba pesar de no tener una estad\u00edstica real, el deporte en el distrito creci\u00f3 much\u00edsimo, m\u00e1s a\u00fan despu\u00e9s de la pandemia, el aumento ha sido considerable\u00bb, finaliz\u00f3 la funcionaria.<\/p>\n<p>&nbsp;<\/p>\n<p><iframe loading=\"lazy\" title=\"NATATORIO CLIMATIZADO MUNICIPAL DE TORNQUIST - SOF\u00cdA URRIAGA\" src=\"https:\/\/www.youtube.com\/embed\/WuB9HalFooA\" width=\"881\" height=\"493\" frameborder=\"0\" allowfullscreen=\"allowfullscreen\"><\/iframe><\/p>\n<p>Por Matias Ercoli.<\/p>\n<div class=\"yj6qo\"><\/div>\n<div class=\"adL\"><\/div>\n<p><!--more--><\/p>\n<div id=\":eu\" class=\"hq gt\"><\/div>\n","protected":false},"excerpt":{"rendered":"<p>El 25 de Mayo qued\u00f3 inaugurado el Natatorio Climatizado Municipal de Tornquist.<\/p>\n","protected":false},"author":3,"featured_media":88478,"comment_status":"closed","ping_status":"closed","sticky":false,"template":"","format":"standard","meta":{"footnotes":""},"categories":[60],"tags":[],"class_list":["post-88467","post","type-post","status-publish","format-standard","has-post-thumbnail","hentry","category-programas-radiales"],"yoast_head":"<!-- This site is optimized with the Yoast SEO plugin v25.9 - https:\/\/yoast.com\/wordpress\/plugins\/seo\/ -->\n<title>Sof\u00eda Urriaga: &quot;Es un orgullo tremendo inaugurar una obra tan importante para todo el distrito&quot; - Noticias Radio Reflejos<\/title>\n<meta name=\"robots\" content=\"index, follow, max-snippet:-1, max-image-preview:large, max-video-preview:-1\" \/>\n<link rel=\"canonical\" href=\"https:\/\/www.noticiasradioreflejos.com.ar\/2021\/sofia-urriaga-es-un-orgullo-tremendo-inaugurar-una-obra-tan-importante-para-todo-el-distrito\/\" \/>\n<meta property=\"og:locale\" content=\"es_ES\" \/>\n<meta property=\"og:type\" content=\"article\" \/>\n<meta property=\"og:title\" content=\"Sof\u00eda Urriaga: &quot;Es un orgullo tremendo inaugurar una obra tan importante para todo el distrito&quot; - Noticias Radio Reflejos\" \/>\n<meta property=\"og:description\" content=\"El 25 de Mayo qued\u00f3 inaugurado el Natatorio Climatizado Municipal de Tornquist.\" \/>\n<meta property=\"og:url\" content=\"https:\/\/www.noticiasradioreflejos.com.ar\/2021\/sofia-urriaga-es-un-orgullo-tremendo-inaugurar-una-obra-tan-importante-para-todo-el-distrito\/\" \/>\n<meta property=\"og:site_name\" content=\"Noticias Radio Reflejos\" \/>\n<meta property=\"article:published_time\" content=\"2023-05-29T17:16:48+00:00\" \/>\n<meta property=\"og:image\" content=\"https:\/\/www.noticiasradioreflejos.com.ar\/2021\/wp-content\/uploads\/2023\/05\/Sofia-Urriaga.png\" \/>\n\t<meta property=\"og:image:width\" content=\"1600\" \/>\n\t<meta property=\"og:image:height\" content=\"900\" \/>\n\t<meta property=\"og:image:type\" content=\"image\/png\" \/>\n<meta name=\"author\" content=\"Arnaldo Botto\" \/>\n<meta name=\"twitter:card\" content=\"summary_large_image\" \/>\n<script type=\"application\/ld+json\" class=\"yoast-schema-graph\">{\"@context\":\"https:\/\/schema.org\",\"@graph\":[{\"@type\":\"WebPage\",\"@id\":\"https:\/\/www.noticiasradioreflejos.com.ar\/2021\/sofia-urriaga-es-un-orgullo-tremendo-inaugurar-una-obra-tan-importante-para-todo-el-distrito\/\",\"url\":\"https:\/\/www.noticiasradioreflejos.com.ar\/2021\/sofia-urriaga-es-un-orgullo-tremendo-inaugurar-una-obra-tan-importante-para-todo-el-distrito\/\",\"name\":\"Sof\u00eda Urriaga: \\\"Es un orgullo tremendo inaugurar una obra tan importante para todo el distrito\\\" - Noticias Radio Reflejos\",\"isPartOf\":{\"@id\":\"https:\/\/www.noticiasradioreflejos.com.ar\/2021\/#website\"},\"primaryImageOfPage\":{\"@id\":\"https:\/\/www.noticiasradioreflejos.com.ar\/2021\/sofia-urriaga-es-un-orgullo-tremendo-inaugurar-una-obra-tan-importante-para-todo-el-distrito\/#primaryimage\"},\"image\":{\"@id\":\"https:\/\/www.noticiasradioreflejos.com.ar\/2021\/sofia-urriaga-es-un-orgullo-tremendo-inaugurar-una-obra-tan-importante-para-todo-el-distrito\/#primaryimage\"},\"thumbnailUrl\":\"https:\/\/www.noticiasradioreflejos.com.ar\/2021\/wp-content\/uploads\/2023\/05\/Sofia-Urriaga.png\",\"datePublished\":\"2023-05-29T17:16:48+00:00\",\"author\":{\"@id\":\"https:\/\/www.noticiasradioreflejos.com.ar\/2021\/#\/schema\/person\/ad82545263dcc5ec0996818884fd5fb1\"},\"breadcrumb\":{\"@id\":\"https:\/\/www.noticiasradioreflejos.com.ar\/2021\/sofia-urriaga-es-un-orgullo-tremendo-inaugurar-una-obra-tan-importante-para-todo-el-distrito\/#breadcrumb\"},\"inLanguage\":\"es\",\"potentialAction\":[{\"@type\":\"ReadAction\",\"target\":[\"https:\/\/www.noticiasradioreflejos.com.ar\/2021\/sofia-urriaga-es-un-orgullo-tremendo-inaugurar-una-obra-tan-importante-para-todo-el-distrito\/\"]}]},{\"@type\":\"ImageObject\",\"inLanguage\":\"es\",\"@id\":\"https:\/\/www.noticiasradioreflejos.com.ar\/2021\/sofia-urriaga-es-un-orgullo-tremendo-inaugurar-una-obra-tan-importante-para-todo-el-distrito\/#primaryimage\",\"url\":\"https:\/\/www.noticiasradioreflejos.com.ar\/2021\/wp-content\/uploads\/2023\/05\/Sofia-Urriaga.png\",\"contentUrl\":\"https:\/\/www.noticiasradioreflejos.com.ar\/2021\/wp-content\/uploads\/2023\/05\/Sofia-Urriaga.png\",\"width\":1600,\"height\":900},{\"@type\":\"BreadcrumbList\",\"@id\":\"https:\/\/www.noticiasradioreflejos.com.ar\/2021\/sofia-urriaga-es-un-orgullo-tremendo-inaugurar-una-obra-tan-importante-para-todo-el-distrito\/#breadcrumb\",\"itemListElement\":[{\"@type\":\"ListItem\",\"position\":1,\"name\":\"Portada\",\"item\":\"https:\/\/www.noticiasradioreflejos.com.ar\/2021\/\"},{\"@type\":\"ListItem\",\"position\":2,\"name\":\"Sof\u00eda Urriaga: \u00abEs un orgullo tremendo inaugurar una obra tan importante para todo el distrito\u00bb\"}]},{\"@type\":\"WebSite\",\"@id\":\"https:\/\/www.noticiasradioreflejos.com.ar\/2021\/#website\",\"url\":\"https:\/\/www.noticiasradioreflejos.com.ar\/2021\/\",\"name\":\"Noticias Radio Reflejos\",\"description\":\"Las noticias de mi comarca\",\"potentialAction\":[{\"@type\":\"SearchAction\",\"target\":{\"@type\":\"EntryPoint\",\"urlTemplate\":\"https:\/\/www.noticiasradioreflejos.com.ar\/2021\/?s={search_term_string}\"},\"query-input\":{\"@type\":\"PropertyValueSpecification\",\"valueRequired\":true,\"valueName\":\"search_term_string\"}}],\"inLanguage\":\"es\"},{\"@type\":\"Person\",\"@id\":\"https:\/\/www.noticiasradioreflejos.com.ar\/2021\/#\/schema\/person\/ad82545263dcc5ec0996818884fd5fb1\",\"name\":\"Arnaldo Botto\",\"image\":{\"@type\":\"ImageObject\",\"inLanguage\":\"es\",\"@id\":\"https:\/\/www.noticiasradioreflejos.com.ar\/2021\/#\/schema\/person\/image\/\",\"url\":\"https:\/\/secure.gravatar.com\/avatar\/55cb5e37c1efa326397366e6974cb338056df65cb50e7d64d1cf314e87504837?s=96&d=mm&r=g\",\"contentUrl\":\"https:\/\/secure.gravatar.com\/avatar\/55cb5e37c1efa326397366e6974cb338056df65cb50e7d64d1cf314e87504837?s=96&d=mm&r=g\",\"caption\":\"Arnaldo Botto\"},\"url\":\"https:\/\/www.noticiasradioreflejos.com.ar\/2021\/author\/arnaldo\/\"}]}<\/script>\n<!-- \/ Yoast SEO plugin. -->","yoast_head_json":{"title":"Sof\u00eda Urriaga: \"Es un orgullo tremendo inaugurar una obra tan importante para todo el distrito\" - Noticias Radio Reflejos","robots":{"index":"index","follow":"follow","max-snippet":"max-snippet:-1","max-image-preview":"max-image-preview:large","max-video-preview":"max-video-preview:-1"},"canonical":"https:\/\/www.noticiasradioreflejos.com.ar\/2021\/sofia-urriaga-es-un-orgullo-tremendo-inaugurar-una-obra-tan-importante-para-todo-el-distrito\/","og_locale":"es_ES","og_type":"article","og_title":"Sof\u00eda Urriaga: \"Es un orgullo tremendo inaugurar una obra tan importante para todo el distrito\" - Noticias Radio Reflejos","og_description":"El 25 de Mayo qued\u00f3 inaugurado el Natatorio Climatizado Municipal de Tornquist.","og_url":"https:\/\/www.noticiasradioreflejos.com.ar\/2021\/sofia-urriaga-es-un-orgullo-tremendo-inaugurar-una-obra-tan-importante-para-todo-el-distrito\/","og_site_name":"Noticias Radio Reflejos","article_published_time":"2023-05-29T17:16:48+00:00","og_image":[{"width":1600,"height":900,"url":"https:\/\/www.noticiasradioreflejos.com.ar\/2021\/wp-content\/uploads\/2023\/05\/Sofia-Urriaga.png","type":"image\/png"}],"author":"Arnaldo Botto","twitter_card":"summary_large_image","schema":{"@context":"https:\/\/schema.org","@graph":[{"@type":"WebPage","@id":"https:\/\/www.noticiasradioreflejos.com.ar\/2021\/sofia-urriaga-es-un-orgullo-tremendo-inaugurar-una-obra-tan-importante-para-todo-el-distrito\/","url":"https:\/\/www.noticiasradioreflejos.com.ar\/2021\/sofia-urriaga-es-un-orgullo-tremendo-inaugurar-una-obra-tan-importante-para-todo-el-distrito\/","name":"Sof\u00eda Urriaga: \"Es un orgullo tremendo inaugurar una obra tan importante para todo el distrito\" - Noticias Radio Reflejos","isPartOf":{"@id":"https:\/\/www.noticiasradioreflejos.com.ar\/2021\/#website"},"primaryImageOfPage":{"@id":"https:\/\/www.noticiasradioreflejos.com.ar\/2021\/sofia-urriaga-es-un-orgullo-tremendo-inaugurar-una-obra-tan-importante-para-todo-el-distrito\/#primaryimage"},"image":{"@id":"https:\/\/www.noticiasradioreflejos.com.ar\/2021\/sofia-urriaga-es-un-orgullo-tremendo-inaugurar-una-obra-tan-importante-para-todo-el-distrito\/#primaryimage"},"thumbnailUrl":"https:\/\/www.noticiasradioreflejos.com.ar\/2021\/wp-content\/uploads\/2023\/05\/Sofia-Urriaga.png","datePublished":"2023-05-29T17:16:48+00:00","author":{"@id":"https:\/\/www.noticiasradioreflejos.com.ar\/2021\/#\/schema\/person\/ad82545263dcc5ec0996818884fd5fb1"},"breadcrumb":{"@id":"https:\/\/www.noticiasradioreflejos.com.ar\/2021\/sofia-urriaga-es-un-orgullo-tremendo-inaugurar-una-obra-tan-importante-para-todo-el-distrito\/#breadcrumb"},"inLanguage":"es","potentialAction":[{"@type":"ReadAction","target":["https:\/\/www.noticiasradioreflejos.com.ar\/2021\/sofia-urriaga-es-un-orgullo-tremendo-inaugurar-una-obra-tan-importante-para-todo-el-distrito\/"]}]},{"@type":"ImageObject","inLanguage":"es","@id":"https:\/\/www.noticiasradioreflejos.com.ar\/2021\/sofia-urriaga-es-un-orgullo-tremendo-inaugurar-una-obra-tan-importante-para-todo-el-distrito\/#primaryimage","url":"https:\/\/www.noticiasradioreflejos.com.ar\/2021\/wp-content\/uploads\/2023\/05\/Sofia-Urriaga.png","contentUrl":"https:\/\/www.noticiasradioreflejos.com.ar\/2021\/wp-content\/uploads\/2023\/05\/Sofia-Urriaga.png","width":1600,"height":900},{"@type":"BreadcrumbList","@id":"https:\/\/www.noticiasradioreflejos.com.ar\/2021\/sofia-urriaga-es-un-orgullo-tremendo-inaugurar-una-obra-tan-importante-para-todo-el-distrito\/#breadcrumb","itemListElement":[{"@type":"ListItem","position":1,"name":"Portada","item":"https:\/\/www.noticiasradioreflejos.com.ar\/2021\/"},{"@type":"ListItem","position":2,"name":"Sof\u00eda Urriaga: \u00abEs un orgullo tremendo inaugurar una obra tan importante para todo el distrito\u00bb"}]},{"@type":"WebSite","@id":"https:\/\/www.noticiasradioreflejos.com.ar\/2021\/#website","url":"https:\/\/www.noticiasradioreflejos.com.ar\/2021\/","name":"Noticias Radio Reflejos","description":"Las noticias de mi comarca","potentialAction":[{"@type":"SearchAction","target":{"@type":"EntryPoint","urlTemplate":"https:\/\/www.noticiasradioreflejos.com.ar\/2021\/?s={search_term_string}"},"query-input":{"@type":"PropertyValueSpecification","valueRequired":true,"valueName":"search_term_string"}}],"inLanguage":"es"},{"@type":"Person","@id":"https:\/\/www.noticiasradioreflejos.com.ar\/2021\/#\/schema\/person\/ad82545263dcc5ec0996818884fd5fb1","name":"Arnaldo Botto","image":{"@type":"ImageObject","inLanguage":"es","@id":"https:\/\/www.noticiasradioreflejos.com.ar\/2021\/#\/schema\/person\/image\/","url":"https:\/\/secure.gravatar.com\/avatar\/55cb5e37c1efa326397366e6974cb338056df65cb50e7d64d1cf314e87504837?s=96&d=mm&r=g","contentUrl":"https:\/\/secure.gravatar.com\/avatar\/55cb5e37c1efa326397366e6974cb338056df65cb50e7d64d1cf314e87504837?s=96&d=mm&r=g","caption":"Arnaldo Botto"},"url":"https:\/\/www.noticiasradioreflejos.com.ar\/2021\/author\/arnaldo\/"}]}},"_links":{"self":[{"href":"https:\/\/www.noticiasradioreflejos.com.ar\/2021\/wp-json\/wp\/v2\/posts\/88467","targetHints":{"allow":["GET"]}}],"collection":[{"href":"https:\/\/www.noticiasradioreflejos.com.ar\/2021\/wp-json\/wp\/v2\/posts"}],"about":[{"href":"https:\/\/www.noticiasradioreflejos.com.ar\/2021\/wp-json\/wp\/v2\/types\/post"}],"author":[{"embeddable":true,"href":"https:\/\/www.noticiasradioreflejos.com.ar\/2021\/wp-json\/wp\/v2\/users\/3"}],"replies":[{"embeddable":true,"href":"https:\/\/www.noticiasradioreflejos.com.ar\/2021\/wp-json\/wp\/v2\/comments?post=88467"}],"version-history":[{"count":1,"href":"https:\/\/www.noticiasradioreflejos.com.ar\/2021\/wp-json\/wp\/v2\/posts\/88467\/revisions"}],"predecessor-version":[{"id":88481,"href":"https:\/\/www.noticiasradioreflejos.com.ar\/2021\/wp-json\/wp\/v2\/posts\/88467\/revisions\/88481"}],"wp:featuredmedia":[{"embeddable":true,"href":"https:\/\/www.noticiasradioreflejos.com.ar\/2021\/wp-json\/wp\/v2\/media\/88478"}],"wp:attachment":[{"href":"https:\/\/www.noticiasradioreflejos.com.ar\/2021\/wp-json\/wp\/v2\/media?parent=88467"}],"wp:term":[{"taxonomy":"category","embeddable":true,"href":"https:\/\/www.noticiasradioreflejos.com.ar\/2021\/wp-json\/wp\/v2\/categories?post=88467"},{"taxonomy":"post_tag","embeddable":true,"href":"https:\/\/www.noticiasradioreflejos.com.ar\/2021\/wp-json\/wp\/v2\/tags?post=88467"}],"curies":[{"name":"wp","href":"https:\/\/api.w.org\/{rel}","templated":true}]}}