{"id":88382,"date":"2023-05-25T12:29:15","date_gmt":"2023-05-25T12:29:15","guid":{"rendered":"https:\/\/www.noticiasradioreflejos.com.ar\/2021\/?p=88382"},"modified":"2023-05-25T12:29:15","modified_gmt":"2023-05-25T12:29:15","slug":"se-fugan-en-una-camioneta-dos-presos-de-una-carcel-de-sierra-chica","status":"publish","type":"post","link":"https:\/\/www.noticiasradioreflejos.com.ar\/2021\/se-fugan-en-una-camioneta-dos-presos-de-una-carcel-de-sierra-chica\/","title":{"rendered":"Se fugan en una camioneta dos presos de una c\u00e1rcel de Sierra Chica"},"content":{"rendered":"<p>Dos presos que estaban alojados en una c\u00e1rcel del complejo penitenciario de Sierra Chica se fugaron esta tarde en una camioneta, tras lo cual se mont\u00f3 un operativo cerrojo en esa zona del partido bonaerense de Olavarr\u00eda para dar con los evadidos, informaron fuentes policiales.<!--more--><\/p>\n<p>El hecho ocurri\u00f3 alrededor de las 17.30 en la Unidad Penal 27 del Servicio Penitenciario Bonaerense (SPB), ubicado en el cruce de Legourburu P. Iriarte y avenida Centenario, en el centro de la provincia de Buenos Aires.<\/p>\n<p>Voceros policiales informaron que dos internos se fugaron en una camioneta Toyota Hilux de color bord\u00f3, en la que los aguardaba un conductor, y escaparon en direcci\u00f3n a la ruta provincial 226.<\/p>\n<p>A ra\u00edz de la fuga, efectivos de la subcomisar\u00eda de Sierra Chica montaron un operativo cerrojo en la zona con el objetivo de dar con los evadidos, a quienes identificaron como Mat\u00edas Joaqu\u00edn S\u00e1nchez Honores y Cristian Leonel Sosa Mazurik.<\/p>\n<p>S\u00e1nchez Honores se encontraba detenido por el delito de \u201ctentativa de homicidio simple\u201d, mientras que Sosa Mazurik por \u201crobo agravado por el uso de arma de fuego\u201d y \u201cportaci\u00f3n ilegal de arma de guerra\u201d.<\/p>\n<p>La Unidad Penal 27 de Sierra Chica fue inaugurada en septiembre de 1993 y tiene un r\u00e9gimen semiabierto y abierto, de acuerdo a lo informado por el SPB.<\/p>\n<p>Fuentes del SPB explicaron a T\u00e9lam que a ese penal son trasladados internos que est\u00e1n pr\u00f3ximos a cumplir sus condenas.<\/p>\n<p>En tanto, de acuerdo al art\u00edculo 121 de la Ley 12.256, de Ejecuci\u00f3n Penal de la provincia de Buenos Aires, \u201clas dependencias propias del r\u00e9gimen abierto tendr\u00e1n caracter\u00edsticas habitacionales que garanticen un nivel adecuado de privacidad, careciendo de las siguientes medidas de seguridad: guardia armada uniformada, muros perimetrales, rejas u otras formas de contenci\u00f3n\u201d.<\/p>\n","protected":false},"excerpt":{"rendered":"<p>Dos presos que estaban alojados en una c\u00e1rcel del complejo penitenciario de Sierra Chica se fugaron esta tarde en una camioneta, tras lo cual se mont\u00f3 un operativo cerrojo en esa zona del partido bonaerense de Olavarr\u00eda para dar con los evadidos, informaron fuentes policiales.<\/p>\n","protected":false},"author":3,"featured_media":88383,"comment_status":"closed","ping_status":"closed","sticky":false,"template":"","format":"standard","meta":{"footnotes":""},"categories":[29],"tags":[],"class_list":["post-88382","post","type-post","status-publish","format-standard","has-post-thumbnail","hentry","category-policiales"],"yoast_head":"<!-- This site is optimized with the Yoast SEO plugin v25.9 - https:\/\/yoast.com\/wordpress\/plugins\/seo\/ -->\n<title>Se fugan en una camioneta dos presos de una c\u00e1rcel de Sierra Chica - Noticias Radio Reflejos<\/title>\n<meta name=\"robots\" content=\"index, follow, max-snippet:-1, max-image-preview:large, max-video-preview:-1\" \/>\n<link rel=\"canonical\" href=\"https:\/\/www.noticiasradioreflejos.com.ar\/2021\/se-fugan-en-una-camioneta-dos-presos-de-una-carcel-de-sierra-chica\/\" \/>\n<meta property=\"og:locale\" content=\"es_ES\" \/>\n<meta property=\"og:type\" content=\"article\" \/>\n<meta property=\"og:title\" content=\"Se fugan en una camioneta dos presos de una c\u00e1rcel de Sierra Chica - Noticias Radio Reflejos\" \/>\n<meta property=\"og:description\" content=\"Dos presos que estaban alojados en una c\u00e1rcel del complejo penitenciario de Sierra Chica se fugaron esta tarde en una camioneta, tras lo cual se mont\u00f3 un operativo cerrojo en esa zona del partido bonaerense de Olavarr\u00eda para dar con los evadidos, informaron fuentes policiales.\" \/>\n<meta property=\"og:url\" content=\"https:\/\/www.noticiasradioreflejos.com.ar\/2021\/se-fugan-en-una-camioneta-dos-presos-de-una-carcel-de-sierra-chica\/\" \/>\n<meta property=\"og:site_name\" content=\"Noticias Radio Reflejos\" \/>\n<meta property=\"article:published_time\" content=\"2023-05-25T12:29:15+00:00\" \/>\n<meta property=\"og:image\" content=\"https:\/\/www.noticiasradioreflejos.com.ar\/2021\/wp-content\/uploads\/2023\/05\/sierra-chica.jpg\" \/>\n\t<meta property=\"og:image:width\" content=\"929\" \/>\n\t<meta property=\"og:image:height\" content=\"523\" \/>\n\t<meta property=\"og:image:type\" content=\"image\/jpeg\" \/>\n<meta name=\"author\" content=\"Arnaldo Botto\" \/>\n<meta name=\"twitter:card\" content=\"summary_large_image\" \/>\n<script type=\"application\/ld+json\" class=\"yoast-schema-graph\">{\"@context\":\"https:\/\/schema.org\",\"@graph\":[{\"@type\":\"WebPage\",\"@id\":\"https:\/\/www.noticiasradioreflejos.com.ar\/2021\/se-fugan-en-una-camioneta-dos-presos-de-una-carcel-de-sierra-chica\/\",\"url\":\"https:\/\/www.noticiasradioreflejos.com.ar\/2021\/se-fugan-en-una-camioneta-dos-presos-de-una-carcel-de-sierra-chica\/\",\"name\":\"Se fugan en una camioneta dos presos de una c\u00e1rcel de Sierra Chica - Noticias Radio Reflejos\",\"isPartOf\":{\"@id\":\"https:\/\/www.noticiasradioreflejos.com.ar\/2021\/#website\"},\"primaryImageOfPage\":{\"@id\":\"https:\/\/www.noticiasradioreflejos.com.ar\/2021\/se-fugan-en-una-camioneta-dos-presos-de-una-carcel-de-sierra-chica\/#primaryimage\"},\"image\":{\"@id\":\"https:\/\/www.noticiasradioreflejos.com.ar\/2021\/se-fugan-en-una-camioneta-dos-presos-de-una-carcel-de-sierra-chica\/#primaryimage\"},\"thumbnailUrl\":\"https:\/\/www.noticiasradioreflejos.com.ar\/2021\/wp-content\/uploads\/2023\/05\/sierra-chica.jpg\",\"datePublished\":\"2023-05-25T12:29:15+00:00\",\"author\":{\"@id\":\"https:\/\/www.noticiasradioreflejos.com.ar\/2021\/#\/schema\/person\/ad82545263dcc5ec0996818884fd5fb1\"},\"breadcrumb\":{\"@id\":\"https:\/\/www.noticiasradioreflejos.com.ar\/2021\/se-fugan-en-una-camioneta-dos-presos-de-una-carcel-de-sierra-chica\/#breadcrumb\"},\"inLanguage\":\"es\",\"potentialAction\":[{\"@type\":\"ReadAction\",\"target\":[\"https:\/\/www.noticiasradioreflejos.com.ar\/2021\/se-fugan-en-una-camioneta-dos-presos-de-una-carcel-de-sierra-chica\/\"]}]},{\"@type\":\"ImageObject\",\"inLanguage\":\"es\",\"@id\":\"https:\/\/www.noticiasradioreflejos.com.ar\/2021\/se-fugan-en-una-camioneta-dos-presos-de-una-carcel-de-sierra-chica\/#primaryimage\",\"url\":\"https:\/\/www.noticiasradioreflejos.com.ar\/2021\/wp-content\/uploads\/2023\/05\/sierra-chica.jpg\",\"contentUrl\":\"https:\/\/www.noticiasradioreflejos.com.ar\/2021\/wp-content\/uploads\/2023\/05\/sierra-chica.jpg\",\"width\":929,\"height\":523},{\"@type\":\"BreadcrumbList\",\"@id\":\"https:\/\/www.noticiasradioreflejos.com.ar\/2021\/se-fugan-en-una-camioneta-dos-presos-de-una-carcel-de-sierra-chica\/#breadcrumb\",\"itemListElement\":[{\"@type\":\"ListItem\",\"position\":1,\"name\":\"Portada\",\"item\":\"https:\/\/www.noticiasradioreflejos.com.ar\/2021\/\"},{\"@type\":\"ListItem\",\"position\":2,\"name\":\"Se fugan en una camioneta dos presos de una c\u00e1rcel de Sierra Chica\"}]},{\"@type\":\"WebSite\",\"@id\":\"https:\/\/www.noticiasradioreflejos.com.ar\/2021\/#website\",\"url\":\"https:\/\/www.noticiasradioreflejos.com.ar\/2021\/\",\"name\":\"Noticias Radio Reflejos\",\"description\":\"Las noticias de mi comarca\",\"potentialAction\":[{\"@type\":\"SearchAction\",\"target\":{\"@type\":\"EntryPoint\",\"urlTemplate\":\"https:\/\/www.noticiasradioreflejos.com.ar\/2021\/?s={search_term_string}\"},\"query-input\":{\"@type\":\"PropertyValueSpecification\",\"valueRequired\":true,\"valueName\":\"search_term_string\"}}],\"inLanguage\":\"es\"},{\"@type\":\"Person\",\"@id\":\"https:\/\/www.noticiasradioreflejos.com.ar\/2021\/#\/schema\/person\/ad82545263dcc5ec0996818884fd5fb1\",\"name\":\"Arnaldo Botto\",\"image\":{\"@type\":\"ImageObject\",\"inLanguage\":\"es\",\"@id\":\"https:\/\/www.noticiasradioreflejos.com.ar\/2021\/#\/schema\/person\/image\/\",\"url\":\"https:\/\/secure.gravatar.com\/avatar\/55cb5e37c1efa326397366e6974cb338056df65cb50e7d64d1cf314e87504837?s=96&d=mm&r=g\",\"contentUrl\":\"https:\/\/secure.gravatar.com\/avatar\/55cb5e37c1efa326397366e6974cb338056df65cb50e7d64d1cf314e87504837?s=96&d=mm&r=g\",\"caption\":\"Arnaldo Botto\"},\"url\":\"https:\/\/www.noticiasradioreflejos.com.ar\/2021\/author\/arnaldo\/\"}]}<\/script>\n<!-- \/ Yoast SEO plugin. -->","yoast_head_json":{"title":"Se fugan en una camioneta dos presos de una c\u00e1rcel de Sierra Chica - Noticias Radio Reflejos","robots":{"index":"index","follow":"follow","max-snippet":"max-snippet:-1","max-image-preview":"max-image-preview:large","max-video-preview":"max-video-preview:-1"},"canonical":"https:\/\/www.noticiasradioreflejos.com.ar\/2021\/se-fugan-en-una-camioneta-dos-presos-de-una-carcel-de-sierra-chica\/","og_locale":"es_ES","og_type":"article","og_title":"Se fugan en una camioneta dos presos de una c\u00e1rcel de Sierra Chica - Noticias Radio Reflejos","og_description":"Dos presos que estaban alojados en una c\u00e1rcel del complejo penitenciario de Sierra Chica se fugaron esta tarde en una camioneta, tras lo cual se mont\u00f3 un operativo cerrojo en esa zona del partido bonaerense de Olavarr\u00eda para dar con los evadidos, informaron fuentes policiales.","og_url":"https:\/\/www.noticiasradioreflejos.com.ar\/2021\/se-fugan-en-una-camioneta-dos-presos-de-una-carcel-de-sierra-chica\/","og_site_name":"Noticias Radio Reflejos","article_published_time":"2023-05-25T12:29:15+00:00","og_image":[{"width":929,"height":523,"url":"https:\/\/www.noticiasradioreflejos.com.ar\/2021\/wp-content\/uploads\/2023\/05\/sierra-chica.jpg","type":"image\/jpeg"}],"author":"Arnaldo Botto","twitter_card":"summary_large_image","schema":{"@context":"https:\/\/schema.org","@graph":[{"@type":"WebPage","@id":"https:\/\/www.noticiasradioreflejos.com.ar\/2021\/se-fugan-en-una-camioneta-dos-presos-de-una-carcel-de-sierra-chica\/","url":"https:\/\/www.noticiasradioreflejos.com.ar\/2021\/se-fugan-en-una-camioneta-dos-presos-de-una-carcel-de-sierra-chica\/","name":"Se fugan en una camioneta dos presos de una c\u00e1rcel de Sierra Chica - Noticias Radio Reflejos","isPartOf":{"@id":"https:\/\/www.noticiasradioreflejos.com.ar\/2021\/#website"},"primaryImageOfPage":{"@id":"https:\/\/www.noticiasradioreflejos.com.ar\/2021\/se-fugan-en-una-camioneta-dos-presos-de-una-carcel-de-sierra-chica\/#primaryimage"},"image":{"@id":"https:\/\/www.noticiasradioreflejos.com.ar\/2021\/se-fugan-en-una-camioneta-dos-presos-de-una-carcel-de-sierra-chica\/#primaryimage"},"thumbnailUrl":"https:\/\/www.noticiasradioreflejos.com.ar\/2021\/wp-content\/uploads\/2023\/05\/sierra-chica.jpg","datePublished":"2023-05-25T12:29:15+00:00","author":{"@id":"https:\/\/www.noticiasradioreflejos.com.ar\/2021\/#\/schema\/person\/ad82545263dcc5ec0996818884fd5fb1"},"breadcrumb":{"@id":"https:\/\/www.noticiasradioreflejos.com.ar\/2021\/se-fugan-en-una-camioneta-dos-presos-de-una-carcel-de-sierra-chica\/#breadcrumb"},"inLanguage":"es","potentialAction":[{"@type":"ReadAction","target":["https:\/\/www.noticiasradioreflejos.com.ar\/2021\/se-fugan-en-una-camioneta-dos-presos-de-una-carcel-de-sierra-chica\/"]}]},{"@type":"ImageObject","inLanguage":"es","@id":"https:\/\/www.noticiasradioreflejos.com.ar\/2021\/se-fugan-en-una-camioneta-dos-presos-de-una-carcel-de-sierra-chica\/#primaryimage","url":"https:\/\/www.noticiasradioreflejos.com.ar\/2021\/wp-content\/uploads\/2023\/05\/sierra-chica.jpg","contentUrl":"https:\/\/www.noticiasradioreflejos.com.ar\/2021\/wp-content\/uploads\/2023\/05\/sierra-chica.jpg","width":929,"height":523},{"@type":"BreadcrumbList","@id":"https:\/\/www.noticiasradioreflejos.com.ar\/2021\/se-fugan-en-una-camioneta-dos-presos-de-una-carcel-de-sierra-chica\/#breadcrumb","itemListElement":[{"@type":"ListItem","position":1,"name":"Portada","item":"https:\/\/www.noticiasradioreflejos.com.ar\/2021\/"},{"@type":"ListItem","position":2,"name":"Se fugan en una camioneta dos presos de una c\u00e1rcel de Sierra Chica"}]},{"@type":"WebSite","@id":"https:\/\/www.noticiasradioreflejos.com.ar\/2021\/#website","url":"https:\/\/www.noticiasradioreflejos.com.ar\/2021\/","name":"Noticias Radio Reflejos","description":"Las noticias de mi comarca","potentialAction":[{"@type":"SearchAction","target":{"@type":"EntryPoint","urlTemplate":"https:\/\/www.noticiasradioreflejos.com.ar\/2021\/?s={search_term_string}"},"query-input":{"@type":"PropertyValueSpecification","valueRequired":true,"valueName":"search_term_string"}}],"inLanguage":"es"},{"@type":"Person","@id":"https:\/\/www.noticiasradioreflejos.com.ar\/2021\/#\/schema\/person\/ad82545263dcc5ec0996818884fd5fb1","name":"Arnaldo Botto","image":{"@type":"ImageObject","inLanguage":"es","@id":"https:\/\/www.noticiasradioreflejos.com.ar\/2021\/#\/schema\/person\/image\/","url":"https:\/\/secure.gravatar.com\/avatar\/55cb5e37c1efa326397366e6974cb338056df65cb50e7d64d1cf314e87504837?s=96&d=mm&r=g","contentUrl":"https:\/\/secure.gravatar.com\/avatar\/55cb5e37c1efa326397366e6974cb338056df65cb50e7d64d1cf314e87504837?s=96&d=mm&r=g","caption":"Arnaldo Botto"},"url":"https:\/\/www.noticiasradioreflejos.com.ar\/2021\/author\/arnaldo\/"}]}},"_links":{"self":[{"href":"https:\/\/www.noticiasradioreflejos.com.ar\/2021\/wp-json\/wp\/v2\/posts\/88382","targetHints":{"allow":["GET"]}}],"collection":[{"href":"https:\/\/www.noticiasradioreflejos.com.ar\/2021\/wp-json\/wp\/v2\/posts"}],"about":[{"href":"https:\/\/www.noticiasradioreflejos.com.ar\/2021\/wp-json\/wp\/v2\/types\/post"}],"author":[{"embeddable":true,"href":"https:\/\/www.noticiasradioreflejos.com.ar\/2021\/wp-json\/wp\/v2\/users\/3"}],"replies":[{"embeddable":true,"href":"https:\/\/www.noticiasradioreflejos.com.ar\/2021\/wp-json\/wp\/v2\/comments?post=88382"}],"version-history":[{"count":1,"href":"https:\/\/www.noticiasradioreflejos.com.ar\/2021\/wp-json\/wp\/v2\/posts\/88382\/revisions"}],"predecessor-version":[{"id":88384,"href":"https:\/\/www.noticiasradioreflejos.com.ar\/2021\/wp-json\/wp\/v2\/posts\/88382\/revisions\/88384"}],"wp:featuredmedia":[{"embeddable":true,"href":"https:\/\/www.noticiasradioreflejos.com.ar\/2021\/wp-json\/wp\/v2\/media\/88383"}],"wp:attachment":[{"href":"https:\/\/www.noticiasradioreflejos.com.ar\/2021\/wp-json\/wp\/v2\/media?parent=88382"}],"wp:term":[{"taxonomy":"category","embeddable":true,"href":"https:\/\/www.noticiasradioreflejos.com.ar\/2021\/wp-json\/wp\/v2\/categories?post=88382"},{"taxonomy":"post_tag","embeddable":true,"href":"https:\/\/www.noticiasradioreflejos.com.ar\/2021\/wp-json\/wp\/v2\/tags?post=88382"}],"curies":[{"name":"wp","href":"https:\/\/api.w.org\/{rel}","templated":true}]}}