{"id":88324,"date":"2023-05-24T12:53:28","date_gmt":"2023-05-24T12:53:28","guid":{"rendered":"https:\/\/www.noticiasradioreflejos.com.ar\/2021\/?p=88324"},"modified":"2023-05-24T12:53:28","modified_gmt":"2023-05-24T12:53:28","slug":"denuncia-por-sobrefacturacion-en-importacion-para-parques-eolicos-por-us-14-millones","status":"publish","type":"post","link":"https:\/\/www.noticiasradioreflejos.com.ar\/2021\/denuncia-por-sobrefacturacion-en-importacion-para-parques-eolicos-por-us-14-millones\/","title":{"rendered":"Denuncia por sobrefacturaci\u00f3n en importaci\u00f3n para parques e\u00f3licos por US$ 14 millones"},"content":{"rendered":"<p>La Direcci\u00f3n General de Aduanas (DGA) denunci\u00f3 una maniobra de sobrefacturaci\u00f3n de importaciones para la instalaci\u00f3n de un parque e\u00f3lico en el norte de la provincia de Santa Cruz, por US$ 14 millones.<!--more--><\/p>\n<p>La causa penal se tramita en el Juzgado Federal de Caleta Olivia, y se origin\u00f3 luego de que la Aduana detectara irregularidades en la importaci\u00f3n de 27 generadores e\u00f3licos completos, provenientes de Alemania, para el emplazamiento del parque mencionado.<\/p>\n<p>La Aduana requiri\u00f3 informaci\u00f3n a su par de Alemania y, a partir de la documentaci\u00f3n remitida por la oficina de delitos del servicio aduanero de ese pa\u00eds, se comprob\u00f3 \u00abuna diferencia sustancial entre los valores declarados\u00bb, se\u00f1al\u00f3 el organismo dirigido por Guillermo Michel en un comunicado.<\/p>\n<p>\u00abMientras que la documentaci\u00f3n presentada en la Argentina aseguraba que el monto de la importaci\u00f3n llegaba a los US$ 46 millones, la informaci\u00f3n aportada por Alemania demostraba que se hab\u00eda concretado por 27 millones de euros (equivalentes a US$ 32 millones), una diferencia de sobrefacturaci\u00f3n de US$ 14 millones\u00bb, precis\u00f3.<\/p>\n<p>Adem\u00e1s, la oficina de delitos aduaneros de Alemania inform\u00f3 que, \u00abllamativamente, luego de estas operaciones la empresa fue disuelta en dicho pa\u00eds\u00bb, indic\u00f3 la DGA.<\/p>\n<p>La Aduana denunci\u00f3 a la empresa argentina por contrabando agravado y por la utilizaci\u00f3n de documentos adulterados o ap\u00f3crifos en el Juzgado Federal de Caleta Olivia.<\/p>\n<p>Asimismo, en su car\u00e1cter de querellante, reiter\u00f3 el pedido de indagatoria de los directivos de la empresa local, y pidi\u00f3 el embargo preventivo de los parques e\u00f3licos para asegurar el cr\u00e9dito fiscal.<\/p>\n<p>Por \u00faltimo, las medidas solicitadas fueron puestas en conocimiento de la Secretar\u00eda de Energ\u00eda para que, en el marco de sus competencias, accione administrativamente respecto de la empresa.<\/p>\n<p>En ese marco, la DGA inform\u00f3 que del an\u00e1lisis de las importaciones de parques e\u00f3licos desde 2017 hasta el presente \u00absurge que, de US$ 1.856 millones de importaciones de parques e\u00f3licos, US$ 1.120 fueron operaciones refacturadas desde un tercer pa\u00eds, el equivalente al 60%\u00bb.<\/p>\n<p>Las principales jurisdicciones desde donde se refacturaron las importaciones fueron Dinamarca, Hong Kong, Alemania y Uruguay (96%), asegur\u00f3 el organismo.<\/p><\/div>\n","protected":false},"excerpt":{"rendered":"<p>La Direcci\u00f3n General de Aduanas (DGA) denunci\u00f3 una maniobra de sobrefacturaci\u00f3n de importaciones para la instalaci\u00f3n de un parque e\u00f3lico en el norte de la provincia de Santa Cruz, por US$ 14 millones.<\/p>\n","protected":false},"author":3,"featured_media":74904,"comment_status":"closed","ping_status":"closed","sticky":false,"template":"","format":"standard","meta":{"footnotes":""},"categories":[29],"tags":[],"class_list":["post-88324","post","type-post","status-publish","format-standard","has-post-thumbnail","hentry","category-policiales"],"yoast_head":"<!-- This site is optimized with the Yoast SEO plugin v25.9 - https:\/\/yoast.com\/wordpress\/plugins\/seo\/ -->\n<title>Denuncia por sobrefacturaci\u00f3n en importaci\u00f3n para parques e\u00f3licos por US$ 14 millones - Noticias Radio Reflejos<\/title>\n<meta name=\"robots\" content=\"index, follow, max-snippet:-1, max-image-preview:large, max-video-preview:-1\" \/>\n<link rel=\"canonical\" href=\"https:\/\/www.noticiasradioreflejos.com.ar\/2021\/denuncia-por-sobrefacturacion-en-importacion-para-parques-eolicos-por-us-14-millones\/\" \/>\n<meta property=\"og:locale\" content=\"es_ES\" \/>\n<meta property=\"og:type\" content=\"article\" \/>\n<meta property=\"og:title\" content=\"Denuncia por sobrefacturaci\u00f3n en importaci\u00f3n para parques e\u00f3licos por US$ 14 millones - Noticias Radio Reflejos\" \/>\n<meta property=\"og:description\" content=\"La Direcci\u00f3n General de Aduanas (DGA) denunci\u00f3 una maniobra de sobrefacturaci\u00f3n de importaciones para la instalaci\u00f3n de un parque e\u00f3lico en el norte de la provincia de Santa Cruz, por US$ 14 millones.\" \/>\n<meta property=\"og:url\" content=\"https:\/\/www.noticiasradioreflejos.com.ar\/2021\/denuncia-por-sobrefacturacion-en-importacion-para-parques-eolicos-por-us-14-millones\/\" \/>\n<meta property=\"og:site_name\" content=\"Noticias Radio Reflejos\" \/>\n<meta property=\"article:published_time\" content=\"2023-05-24T12:53:28+00:00\" \/>\n<meta property=\"og:image\" content=\"https:\/\/www.noticiasradioreflejos.com.ar\/2021\/wp-content\/uploads\/2022\/07\/Parque-eolico.jpeg\" \/>\n\t<meta property=\"og:image:width\" content=\"960\" \/>\n\t<meta property=\"og:image:height\" content=\"640\" \/>\n\t<meta property=\"og:image:type\" content=\"image\/jpeg\" \/>\n<meta name=\"author\" content=\"Arnaldo Botto\" \/>\n<meta name=\"twitter:card\" content=\"summary_large_image\" \/>\n<script type=\"application\/ld+json\" class=\"yoast-schema-graph\">{\"@context\":\"https:\/\/schema.org\",\"@graph\":[{\"@type\":\"WebPage\",\"@id\":\"https:\/\/www.noticiasradioreflejos.com.ar\/2021\/denuncia-por-sobrefacturacion-en-importacion-para-parques-eolicos-por-us-14-millones\/\",\"url\":\"https:\/\/www.noticiasradioreflejos.com.ar\/2021\/denuncia-por-sobrefacturacion-en-importacion-para-parques-eolicos-por-us-14-millones\/\",\"name\":\"Denuncia por sobrefacturaci\u00f3n en importaci\u00f3n para parques e\u00f3licos por US$ 14 millones - Noticias Radio Reflejos\",\"isPartOf\":{\"@id\":\"https:\/\/www.noticiasradioreflejos.com.ar\/2021\/#website\"},\"primaryImageOfPage\":{\"@id\":\"https:\/\/www.noticiasradioreflejos.com.ar\/2021\/denuncia-por-sobrefacturacion-en-importacion-para-parques-eolicos-por-us-14-millones\/#primaryimage\"},\"image\":{\"@id\":\"https:\/\/www.noticiasradioreflejos.com.ar\/2021\/denuncia-por-sobrefacturacion-en-importacion-para-parques-eolicos-por-us-14-millones\/#primaryimage\"},\"thumbnailUrl\":\"https:\/\/www.noticiasradioreflejos.com.ar\/2021\/wp-content\/uploads\/2022\/07\/Parque-eolico.jpeg\",\"datePublished\":\"2023-05-24T12:53:28+00:00\",\"author\":{\"@id\":\"https:\/\/www.noticiasradioreflejos.com.ar\/2021\/#\/schema\/person\/ad82545263dcc5ec0996818884fd5fb1\"},\"breadcrumb\":{\"@id\":\"https:\/\/www.noticiasradioreflejos.com.ar\/2021\/denuncia-por-sobrefacturacion-en-importacion-para-parques-eolicos-por-us-14-millones\/#breadcrumb\"},\"inLanguage\":\"es\",\"potentialAction\":[{\"@type\":\"ReadAction\",\"target\":[\"https:\/\/www.noticiasradioreflejos.com.ar\/2021\/denuncia-por-sobrefacturacion-en-importacion-para-parques-eolicos-por-us-14-millones\/\"]}]},{\"@type\":\"ImageObject\",\"inLanguage\":\"es\",\"@id\":\"https:\/\/www.noticiasradioreflejos.com.ar\/2021\/denuncia-por-sobrefacturacion-en-importacion-para-parques-eolicos-por-us-14-millones\/#primaryimage\",\"url\":\"https:\/\/www.noticiasradioreflejos.com.ar\/2021\/wp-content\/uploads\/2022\/07\/Parque-eolico.jpeg\",\"contentUrl\":\"https:\/\/www.noticiasradioreflejos.com.ar\/2021\/wp-content\/uploads\/2022\/07\/Parque-eolico.jpeg\",\"width\":960,\"height\":640},{\"@type\":\"BreadcrumbList\",\"@id\":\"https:\/\/www.noticiasradioreflejos.com.ar\/2021\/denuncia-por-sobrefacturacion-en-importacion-para-parques-eolicos-por-us-14-millones\/#breadcrumb\",\"itemListElement\":[{\"@type\":\"ListItem\",\"position\":1,\"name\":\"Portada\",\"item\":\"https:\/\/www.noticiasradioreflejos.com.ar\/2021\/\"},{\"@type\":\"ListItem\",\"position\":2,\"name\":\"Denuncia por sobrefacturaci\u00f3n en importaci\u00f3n para parques e\u00f3licos por US$ 14 millones\"}]},{\"@type\":\"WebSite\",\"@id\":\"https:\/\/www.noticiasradioreflejos.com.ar\/2021\/#website\",\"url\":\"https:\/\/www.noticiasradioreflejos.com.ar\/2021\/\",\"name\":\"Noticias Radio Reflejos\",\"description\":\"Las noticias de mi comarca\",\"potentialAction\":[{\"@type\":\"SearchAction\",\"target\":{\"@type\":\"EntryPoint\",\"urlTemplate\":\"https:\/\/www.noticiasradioreflejos.com.ar\/2021\/?s={search_term_string}\"},\"query-input\":{\"@type\":\"PropertyValueSpecification\",\"valueRequired\":true,\"valueName\":\"search_term_string\"}}],\"inLanguage\":\"es\"},{\"@type\":\"Person\",\"@id\":\"https:\/\/www.noticiasradioreflejos.com.ar\/2021\/#\/schema\/person\/ad82545263dcc5ec0996818884fd5fb1\",\"name\":\"Arnaldo Botto\",\"image\":{\"@type\":\"ImageObject\",\"inLanguage\":\"es\",\"@id\":\"https:\/\/www.noticiasradioreflejos.com.ar\/2021\/#\/schema\/person\/image\/\",\"url\":\"https:\/\/secure.gravatar.com\/avatar\/55cb5e37c1efa326397366e6974cb338056df65cb50e7d64d1cf314e87504837?s=96&d=mm&r=g\",\"contentUrl\":\"https:\/\/secure.gravatar.com\/avatar\/55cb5e37c1efa326397366e6974cb338056df65cb50e7d64d1cf314e87504837?s=96&d=mm&r=g\",\"caption\":\"Arnaldo Botto\"},\"url\":\"https:\/\/www.noticiasradioreflejos.com.ar\/2021\/author\/arnaldo\/\"}]}<\/script>\n<!-- \/ Yoast SEO plugin. -->","yoast_head_json":{"title":"Denuncia por sobrefacturaci\u00f3n en importaci\u00f3n para parques e\u00f3licos por US$ 14 millones - Noticias Radio Reflejos","robots":{"index":"index","follow":"follow","max-snippet":"max-snippet:-1","max-image-preview":"max-image-preview:large","max-video-preview":"max-video-preview:-1"},"canonical":"https:\/\/www.noticiasradioreflejos.com.ar\/2021\/denuncia-por-sobrefacturacion-en-importacion-para-parques-eolicos-por-us-14-millones\/","og_locale":"es_ES","og_type":"article","og_title":"Denuncia por sobrefacturaci\u00f3n en importaci\u00f3n para parques e\u00f3licos por US$ 14 millones - Noticias Radio Reflejos","og_description":"La Direcci\u00f3n General de Aduanas (DGA) denunci\u00f3 una maniobra de sobrefacturaci\u00f3n de importaciones para la instalaci\u00f3n de un parque e\u00f3lico en el norte de la provincia de Santa Cruz, por US$ 14 millones.","og_url":"https:\/\/www.noticiasradioreflejos.com.ar\/2021\/denuncia-por-sobrefacturacion-en-importacion-para-parques-eolicos-por-us-14-millones\/","og_site_name":"Noticias Radio Reflejos","article_published_time":"2023-05-24T12:53:28+00:00","og_image":[{"width":960,"height":640,"url":"https:\/\/www.noticiasradioreflejos.com.ar\/2021\/wp-content\/uploads\/2022\/07\/Parque-eolico.jpeg","type":"image\/jpeg"}],"author":"Arnaldo Botto","twitter_card":"summary_large_image","schema":{"@context":"https:\/\/schema.org","@graph":[{"@type":"WebPage","@id":"https:\/\/www.noticiasradioreflejos.com.ar\/2021\/denuncia-por-sobrefacturacion-en-importacion-para-parques-eolicos-por-us-14-millones\/","url":"https:\/\/www.noticiasradioreflejos.com.ar\/2021\/denuncia-por-sobrefacturacion-en-importacion-para-parques-eolicos-por-us-14-millones\/","name":"Denuncia por sobrefacturaci\u00f3n en importaci\u00f3n para parques e\u00f3licos por US$ 14 millones - Noticias Radio Reflejos","isPartOf":{"@id":"https:\/\/www.noticiasradioreflejos.com.ar\/2021\/#website"},"primaryImageOfPage":{"@id":"https:\/\/www.noticiasradioreflejos.com.ar\/2021\/denuncia-por-sobrefacturacion-en-importacion-para-parques-eolicos-por-us-14-millones\/#primaryimage"},"image":{"@id":"https:\/\/www.noticiasradioreflejos.com.ar\/2021\/denuncia-por-sobrefacturacion-en-importacion-para-parques-eolicos-por-us-14-millones\/#primaryimage"},"thumbnailUrl":"https:\/\/www.noticiasradioreflejos.com.ar\/2021\/wp-content\/uploads\/2022\/07\/Parque-eolico.jpeg","datePublished":"2023-05-24T12:53:28+00:00","author":{"@id":"https:\/\/www.noticiasradioreflejos.com.ar\/2021\/#\/schema\/person\/ad82545263dcc5ec0996818884fd5fb1"},"breadcrumb":{"@id":"https:\/\/www.noticiasradioreflejos.com.ar\/2021\/denuncia-por-sobrefacturacion-en-importacion-para-parques-eolicos-por-us-14-millones\/#breadcrumb"},"inLanguage":"es","potentialAction":[{"@type":"ReadAction","target":["https:\/\/www.noticiasradioreflejos.com.ar\/2021\/denuncia-por-sobrefacturacion-en-importacion-para-parques-eolicos-por-us-14-millones\/"]}]},{"@type":"ImageObject","inLanguage":"es","@id":"https:\/\/www.noticiasradioreflejos.com.ar\/2021\/denuncia-por-sobrefacturacion-en-importacion-para-parques-eolicos-por-us-14-millones\/#primaryimage","url":"https:\/\/www.noticiasradioreflejos.com.ar\/2021\/wp-content\/uploads\/2022\/07\/Parque-eolico.jpeg","contentUrl":"https:\/\/www.noticiasradioreflejos.com.ar\/2021\/wp-content\/uploads\/2022\/07\/Parque-eolico.jpeg","width":960,"height":640},{"@type":"BreadcrumbList","@id":"https:\/\/www.noticiasradioreflejos.com.ar\/2021\/denuncia-por-sobrefacturacion-en-importacion-para-parques-eolicos-por-us-14-millones\/#breadcrumb","itemListElement":[{"@type":"ListItem","position":1,"name":"Portada","item":"https:\/\/www.noticiasradioreflejos.com.ar\/2021\/"},{"@type":"ListItem","position":2,"name":"Denuncia por sobrefacturaci\u00f3n en importaci\u00f3n para parques e\u00f3licos por US$ 14 millones"}]},{"@type":"WebSite","@id":"https:\/\/www.noticiasradioreflejos.com.ar\/2021\/#website","url":"https:\/\/www.noticiasradioreflejos.com.ar\/2021\/","name":"Noticias Radio Reflejos","description":"Las noticias de mi comarca","potentialAction":[{"@type":"SearchAction","target":{"@type":"EntryPoint","urlTemplate":"https:\/\/www.noticiasradioreflejos.com.ar\/2021\/?s={search_term_string}"},"query-input":{"@type":"PropertyValueSpecification","valueRequired":true,"valueName":"search_term_string"}}],"inLanguage":"es"},{"@type":"Person","@id":"https:\/\/www.noticiasradioreflejos.com.ar\/2021\/#\/schema\/person\/ad82545263dcc5ec0996818884fd5fb1","name":"Arnaldo Botto","image":{"@type":"ImageObject","inLanguage":"es","@id":"https:\/\/www.noticiasradioreflejos.com.ar\/2021\/#\/schema\/person\/image\/","url":"https:\/\/secure.gravatar.com\/avatar\/55cb5e37c1efa326397366e6974cb338056df65cb50e7d64d1cf314e87504837?s=96&d=mm&r=g","contentUrl":"https:\/\/secure.gravatar.com\/avatar\/55cb5e37c1efa326397366e6974cb338056df65cb50e7d64d1cf314e87504837?s=96&d=mm&r=g","caption":"Arnaldo Botto"},"url":"https:\/\/www.noticiasradioreflejos.com.ar\/2021\/author\/arnaldo\/"}]}},"_links":{"self":[{"href":"https:\/\/www.noticiasradioreflejos.com.ar\/2021\/wp-json\/wp\/v2\/posts\/88324","targetHints":{"allow":["GET"]}}],"collection":[{"href":"https:\/\/www.noticiasradioreflejos.com.ar\/2021\/wp-json\/wp\/v2\/posts"}],"about":[{"href":"https:\/\/www.noticiasradioreflejos.com.ar\/2021\/wp-json\/wp\/v2\/types\/post"}],"author":[{"embeddable":true,"href":"https:\/\/www.noticiasradioreflejos.com.ar\/2021\/wp-json\/wp\/v2\/users\/3"}],"replies":[{"embeddable":true,"href":"https:\/\/www.noticiasradioreflejos.com.ar\/2021\/wp-json\/wp\/v2\/comments?post=88324"}],"version-history":[{"count":1,"href":"https:\/\/www.noticiasradioreflejos.com.ar\/2021\/wp-json\/wp\/v2\/posts\/88324\/revisions"}],"predecessor-version":[{"id":88325,"href":"https:\/\/www.noticiasradioreflejos.com.ar\/2021\/wp-json\/wp\/v2\/posts\/88324\/revisions\/88325"}],"wp:featuredmedia":[{"embeddable":true,"href":"https:\/\/www.noticiasradioreflejos.com.ar\/2021\/wp-json\/wp\/v2\/media\/74904"}],"wp:attachment":[{"href":"https:\/\/www.noticiasradioreflejos.com.ar\/2021\/wp-json\/wp\/v2\/media?parent=88324"}],"wp:term":[{"taxonomy":"category","embeddable":true,"href":"https:\/\/www.noticiasradioreflejos.com.ar\/2021\/wp-json\/wp\/v2\/categories?post=88324"},{"taxonomy":"post_tag","embeddable":true,"href":"https:\/\/www.noticiasradioreflejos.com.ar\/2021\/wp-json\/wp\/v2\/tags?post=88324"}],"curies":[{"name":"wp","href":"https:\/\/api.w.org\/{rel}","templated":true}]}}